{"id":7172,"date":"2019-06-02T00:31:20","date_gmt":"2019-06-01T22:31:20","guid":{"rendered":"https:\/\/www.dakarmania.cz\/?p=7172"},"modified":"2023-03-14T19:45:44","modified_gmt":"2023-03-14T18:45:44","slug":"kazachstan-reinaldo-varela-krucek-od-titulu","status":"publish","type":"post","link":"https:\/\/www.dakarmania.cz\/index.php\/2019\/06\/02\/kazachstan-reinaldo-varela-krucek-od-titulu\/","title":{"rendered":"Kazachst\u00e1n: Reinaldo Varela kr\u016f\u010dek od titulu"},"content":{"rendered":"<p>[vc_row][vc_column][vc_column_text]<\/p>\n<h4>Reinardo Varela si v Kazachst\u00e1nu p\u0159ipsal druhou v\u00fdhru sezony ve skupin\u011b T3 v r\u00e1mci Sv\u011btov\u00e9ho poh\u00e1ru FIA v cross-country rally 2019 a v\u00fdrazn\u011b si upevnil veden\u00ed v pr\u016fb\u011b\u017en\u00e9m hodnocen\u00ed poh\u00e1ru ve sv\u00e9 kategorii.<\/h4>\n<p>Hned po \u00favodn\u00ed etap\u011b <a href=\"\/index.php\/souteze\/rally-kazakhstan-2019\/\">Rally Kazakhstan 2019<\/a> se Reinaldo Varela a Gustavo Gugelmin usadili na prvn\u00ed pozici ve skupin\u011b T3. O den pozd\u011bji, po nejdel\u0161\u00ed speci\u00e1lce sout\u011b\u017ee, vedla pos\u00e1dka tov\u00e1rn\u00edho t\u00fdmu Monster Energy Can-Am u\u017e s t\u00e9m\u011b\u0159 hodinov\u00fdm n\u00e1skokem p\u0159ed Fjodorem Vorobjovem a Kirillem \u0160ubinem s dal\u0161\u00edm Maverickem X3.<\/p>\n<p>T\u0159et\u00ed a \u010dtvrt\u00fd den pat\u0159ily Vorobjovovi, kter\u00fd po dvou t\u0159etin\u00e1ch sout\u011b\u017ee ztr\u00e1cel necel\u00fdch dvacet minut. Jen\u017ee p\u00e1tou etapu nedokon\u010dil a v sout\u011b\u017ei mohl pokra\u010dovat pouze za cenu vysok\u00e9 penalizace, a tud\u00ed\u017e bez nad\u011bje na \u0161pi\u010dkov\u00e9 um\u00edst\u011bn\u00ed.[\/vc_column_text][vc_single_image image=&#8221;7170&#8243; img_size=&#8221;large&#8221; add_caption=&#8221;yes&#8221; alignment=&#8221;center&#8221;][vc_column_text]V p\u00e1tek se Varela radoval ze t\u0159et\u00edho etapov\u00e9ho v\u00edt\u011bzstv\u00ed a v sobotu kontroloval situaci druh\u00fdm \u010dasem na z\u00e1v\u011bre\u010dn\u00e9 speci\u00e1lce. V celkov\u00e9m sou\u010dtu porazil druh\u00e9ho \u0160pan\u011bla Jos\u00e9 Luise Pe\u00f1u Campa (Polaris) o v\u00edce ne\u017e 92 minut.<\/p>\n<p>Michele Cinotto (Polaris) byl po p\u011bti etap\u00e1ch t\u0159et\u00ed a na stejnou p\u0159\u00ed\u010dku mohl posko\u010dit i v tabulce \u0161ampion\u00e1tu. Ov\u0161em na p\u0159ejezdu na start posledn\u00edho m\u011b\u0159en\u00e9ho \u00faseku musel Ital odstoupit a v Kazachst\u00e1nu vy\u0161el bodov\u011b napr\u00e1zdno. Bronz z\u00edskala Ruska Marina Oparina (Can-Am), Vorobjov byl v c\u00edli klasifikov\u00e1n jako \u010dtvrt\u00fd.[\/vc_column_text][vc_single_image image=&#8221;7169&#8243; img_size=&#8221;large&#8221; add_caption=&#8221;yes&#8221; alignment=&#8221;center&#8221;][vc_column_text]Na \u010dele pr\u016fb\u011b\u017en\u00e9ho po\u0159ad\u00ed sv\u011btov\u00e9ho poh\u00e1ru ve t\u0159\u00edd\u011b T3 m\u00e1 nyn\u00ed Varela 23bodov\u00fd n\u00e1skok pr\u00e1v\u011b p\u0159ed Vorobjovem. I v p\u0159\u00edpad\u011b Rusova v\u00edt\u011bzstv\u00ed p\u0159i z\u00e1v\u011bre\u010dn\u00e9m podniku v Maroku sta\u010d\u00ed 60let\u00e9mu Brazilci k zisku titulu dva body za dev\u00e1t\u00e9 m\u00edsto.<\/p>\n<p>V\u00edt\u011bz Dakaru 2018 v kategorii SxS nav\u00edc z\u00edskal dal\u0161\u00ed body tak\u00e9 za um\u00edst\u011bn\u00ed v absolutn\u00ed klasifikaci Rally Kazakhstan a d\u00edky tomu si v celkov\u00e9m hodnocen\u00ed sv\u011btov\u00e9ho poh\u00e1ru v kategorii jezdc\u016f upevnil t\u0159et\u00ed p\u0159\u00ed\u010dku za dvojic\u00ed <a href=\"\/index.php\/osobnosti\/nasser-al-attiyah\/\">Al-Attiyah<\/a>, <a href=\"\/index.php\/osobnosti\/stephane-peterhansel\/\">Peterhansel<\/a>.<\/p>\n<p>Z\u00e1v\u011bre\u010dn\u00e1 Rallye du Maroc se uskute\u010dn\u00ed ve dnech 3. a\u017e 9. \u0159\u00edjna.[\/vc_column_text][vc_column_text]<\/p>\n<table style=\"width: 97.7654%;\" rules=\"rows\" cellpadding=\"4px\">\n<tbody>\n<tr style=\"background-color: #9e9d9d; color: white;\">\n<td style=\"text-align: center;\" colspan=\"4\"><span style=\"font-size: 10pt;\"><strong>V\u00fdsledky Rally Kazakhstan 2019<br \/>\nskupina T3<\/strong><\/span><\/td>\n<\/tr>\n<tr style=\"background-color: #dbd9d9;\">\n<td style=\"width: 6.4117%; height: 24px;\">1.<\/td>\n<td style=\"width: 44.3195%; height: 24px;\">Varela \/ Gugelmin<\/td>\n<td style=\"width: 33.6333%; height: 24px;\">Can-Am Maverick X3<\/td>\n<td style=\"width: 14.3982%; height: 24px; text-align: right;\">24:21:22<\/td>\n<\/tr>\n<tr style=\"background-color: #f2f2f2;\">\n<td style=\"width: 6.4117%; height: 24px;\">2.<\/td>\n<td style=\"width: 44.3195%; height: 24px;\">Pe\u00f1a Campo \/ Tornabell<\/td>\n<td style=\"width: 33.6333%; height: 24px;\">Polaris RZR 1000<\/td>\n<td style=\"width: 14.3982%; height: 24px; text-align: right;\">+1:32:10<\/td>\n<\/tr>\n<tr style=\"background-color: #dbd9d9;\">\n<td style=\"width: 6.4117%; height: 24px;\">3.<\/td>\n<td style=\"width: 44.3195%; height: 24px;\">Oparina \/ P\u011bt\u011bnko<\/td>\n<td style=\"width: 33.6333%; height: 24px;\">Can-Am Maverick X3<\/td>\n<td style=\"width: 14.3982%; height: 24px; text-align: right;\">+58:42:23<\/td>\n<\/tr>\n<tr style=\"background-color: #f2f2f2;\">\n<td style=\"width: 6.4117%; height: 24px;\">4.<\/td>\n<td style=\"width: 44.3195%; height: 24px;\">Vorobjov \/ \u0160ubin<\/td>\n<td style=\"width: 33.6333%; height: 24px;\">Can-Am Maverick X3<\/td>\n<td style=\"width: 14.3982%; height: 24px; text-align: right;\">+119:51:39<\/td>\n<\/tr>\n<\/tbody>\n<\/table>\n<p>[\/vc_column_text][\/vc_column][\/vc_row]<\/p>\n","protected":false},"excerpt":{"rendered":"<p>Reinardo Varela si v Kazachst\u00e1nu p\u0159ipsal druhou v\u00fdhru sezony ve skupin\u011b T3 a v\u00fdrazn\u011b si upevnil veden\u00ed v pr\u016fb\u011b\u017en\u00e9m hodnocen\u00ed sv\u011btov\u00e9ho poh\u00e1ru.<\/p>\n","protected":false},"author":1,"featured_media":7171,"comment_status":"closed","ping_status":"closed","sticky":false,"template":"","format":"standard","meta":{"footnotes":""},"categories":[97,947,90],"tags":[425,460,206,1121,1120,1122,316,457,572,1064,1063,205,458,573,105,413],"class_list":["post-7172","post","type-post","status-publish","format-standard","has-post-thumbnail","hentry","category-fia-ccr","category-rally-kazakhstan","category-sxs","tag-425","tag-fjodor-vorobjov","tag-gustavo-gugelmin","tag-jose-luis-pena-campo","tag-kirill-subin","tag-marina-oparina","tag-michele-cinotto","tag-monster-energy-can-am","tag-polaris","tag-rally-kazakhstan","tag-rally-kazakhstan-2019","tag-reinaldo-varela","tag-south-racing","tag-south-racing-can-am","tag-sp-fia-ccr","tag-sp-fia-ccr-2019"],"yoast_head":"<!-- This site is optimized with the Yoast SEO plugin v24.9 - https:\/\/yoast.com\/wordpress\/plugins\/seo\/ -->\n<title>Kazachst\u00e1n: Reinaldo Varela kr\u016f\u010dek od titulu - DAKARMANIA.cz<\/title>\n<meta name=\"description\" content=\"Reinardo Varela si v Kazachst\u00e1nu p\u0159ipsal druhou v\u00fdhru sezony ve skupin\u011b T3 a v\u00fdrazn\u011b si upevnil veden\u00ed v pr\u016fb\u011b\u017en\u00e9m hodnocen\u00ed sv\u011btov\u00e9ho poh\u00e1ru.\" \/>\n<meta name=\"robots\" content=\"index, follow, max-snippet:-1, max-image-preview:large, max-video-preview:-1\" \/>\n<link rel=\"canonical\" href=\"https:\/\/www.dakarmania.cz\/index.php\/2019\/06\/02\/kazachstan-reinaldo-varela-krucek-od-titulu\/\" \/>\n<meta property=\"og:locale\" content=\"cs_CZ\" \/>\n<meta property=\"og:type\" content=\"article\" \/>\n<meta property=\"og:title\" content=\"Kazachst\u00e1n: Reinaldo Varela kr\u016f\u010dek od titulu - DAKARMANIA.cz\" \/>\n<meta property=\"og:description\" content=\"Reinardo Varela si v Kazachst\u00e1nu p\u0159ipsal druhou v\u00fdhru sezony ve skupin\u011b T3 a v\u00fdrazn\u011b si upevnil veden\u00ed v pr\u016fb\u011b\u017en\u00e9m hodnocen\u00ed sv\u011btov\u00e9ho poh\u00e1ru.\" \/>\n<meta property=\"og:url\" content=\"https:\/\/www.dakarmania.cz\/index.php\/2019\/06\/02\/kazachstan-reinaldo-varela-krucek-od-titulu\/\" \/>\n<meta property=\"og:site_name\" content=\"DAKARMANIA.cz\" \/>\n<meta property=\"article:publisher\" content=\"https:\/\/www.facebook.com\/dakarmania\/\" \/>\n<meta property=\"article:published_time\" content=\"2019-06-01T22:31:20+00:00\" \/>\n<meta property=\"article:modified_time\" content=\"2023-03-14T18:45:44+00:00\" \/>\n<meta property=\"og:image\" content=\"https:\/\/www.dakarmania.cz\/wp-content\/uploads\/2019\/06\/19-kazakhstan-varela-01.jpg\" \/>\n\t<meta property=\"og:image:width\" content=\"1600\" \/>\n\t<meta property=\"og:image:height\" content=\"1066\" \/>\n\t<meta property=\"og:image:type\" content=\"image\/jpeg\" \/>\n<meta name=\"author\" content=\"Zden\u011bk Zelenka\" \/>\n<meta name=\"twitter:card\" content=\"summary_large_image\" \/>\n<meta name=\"twitter:label1\" content=\"Napsal(a)\" \/>\n\t<meta name=\"twitter:data1\" content=\"Zden\u011bk Zelenka\" \/>\n\t<meta name=\"twitter:label2\" content=\"Odhadovan\u00e1 doba \u010dten\u00ed\" \/>\n\t<meta name=\"twitter:data2\" content=\"2 minuty\" \/>\n<script type=\"application\/ld+json\" class=\"yoast-schema-graph\">{\"@context\":\"https:\/\/schema.org\",\"@graph\":[{\"@type\":\"Article\",\"@id\":\"https:\/\/www.dakarmania.cz\/index.php\/2019\/06\/02\/kazachstan-reinaldo-varela-krucek-od-titulu\/#article\",\"isPartOf\":{\"@id\":\"https:\/\/www.dakarmania.cz\/index.php\/2019\/06\/02\/kazachstan-reinaldo-varela-krucek-od-titulu\/\"},\"author\":{\"name\":\"Zden\u011bk Zelenka\",\"@id\":\"https:\/\/www.dakarmania.cz\/#\/schema\/person\/04eb0e87a389631c2169c0dddae7ff1e\"},\"headline\":\"Kazachst\u00e1n: Reinaldo Varela kr\u016f\u010dek od titulu\",\"datePublished\":\"2019-06-01T22:31:20+00:00\",\"dateModified\":\"2023-03-14T18:45:44+00:00\",\"mainEntityOfPage\":{\"@id\":\"https:\/\/www.dakarmania.cz\/index.php\/2019\/06\/02\/kazachstan-reinaldo-varela-krucek-od-titulu\/\"},\"wordCount\":488,\"publisher\":{\"@id\":\"https:\/\/www.dakarmania.cz\/#organization\"},\"image\":{\"@id\":\"https:\/\/www.dakarmania.cz\/index.php\/2019\/06\/02\/kazachstan-reinaldo-varela-krucek-od-titulu\/#primaryimage\"},\"thumbnailUrl\":\"https:\/\/www.dakarmania.cz\/wp-content\/uploads\/2019\/06\/19-kazakhstan-varela-01.jpg\",\"keywords\":[\"2019\",\"Fjodor Vorobjov\",\"Gustavo Gugelmin\",\"Jos\u00e9 Luis Pe\u00f1a Campo\",\"Kirill \u0160ubin\",\"Marina Oparina\",\"Michele Cinotto\",\"Monster Energy Can-Am\",\"Polaris\",\"Rally Kazakhstan\",\"Rally Kazakhstan 2019\",\"Reinaldo Varela\",\"South Racing\",\"South Racing Can-Am\",\"SP FIA CCR\",\"SP FIA CCR 2019\"],\"articleSection\":[\"FIA SP CCR\",\"Rally Kazakhstan\",\"S\u00d7S\"],\"inLanguage\":\"cs\"},{\"@type\":\"WebPage\",\"@id\":\"https:\/\/www.dakarmania.cz\/index.php\/2019\/06\/02\/kazachstan-reinaldo-varela-krucek-od-titulu\/\",\"url\":\"https:\/\/www.dakarmania.cz\/index.php\/2019\/06\/02\/kazachstan-reinaldo-varela-krucek-od-titulu\/\",\"name\":\"Kazachst\u00e1n: Reinaldo Varela kr\u016f\u010dek od titulu - DAKARMANIA.cz\",\"isPartOf\":{\"@id\":\"https:\/\/www.dakarmania.cz\/#website\"},\"primaryImageOfPage\":{\"@id\":\"https:\/\/www.dakarmania.cz\/index.php\/2019\/06\/02\/kazachstan-reinaldo-varela-krucek-od-titulu\/#primaryimage\"},\"image\":{\"@id\":\"https:\/\/www.dakarmania.cz\/index.php\/2019\/06\/02\/kazachstan-reinaldo-varela-krucek-od-titulu\/#primaryimage\"},\"thumbnailUrl\":\"https:\/\/www.dakarmania.cz\/wp-content\/uploads\/2019\/06\/19-kazakhstan-varela-01.jpg\",\"datePublished\":\"2019-06-01T22:31:20+00:00\",\"dateModified\":\"2023-03-14T18:45:44+00:00\",\"description\":\"Reinardo Varela si v Kazachst\u00e1nu p\u0159ipsal druhou v\u00fdhru sezony ve skupin\u011b T3 a v\u00fdrazn\u011b si upevnil veden\u00ed v pr\u016fb\u011b\u017en\u00e9m hodnocen\u00ed sv\u011btov\u00e9ho poh\u00e1ru.\",\"breadcrumb\":{\"@id\":\"https:\/\/www.dakarmania.cz\/index.php\/2019\/06\/02\/kazachstan-reinaldo-varela-krucek-od-titulu\/#breadcrumb\"},\"inLanguage\":\"cs\",\"potentialAction\":[{\"@type\":\"ReadAction\",\"target\":[\"https:\/\/www.dakarmania.cz\/index.php\/2019\/06\/02\/kazachstan-reinaldo-varela-krucek-od-titulu\/\"]}]},{\"@type\":\"ImageObject\",\"inLanguage\":\"cs\",\"@id\":\"https:\/\/www.dakarmania.cz\/index.php\/2019\/06\/02\/kazachstan-reinaldo-varela-krucek-od-titulu\/#primaryimage\",\"url\":\"https:\/\/www.dakarmania.cz\/wp-content\/uploads\/2019\/06\/19-kazakhstan-varela-01.jpg\",\"contentUrl\":\"https:\/\/www.dakarmania.cz\/wp-content\/uploads\/2019\/06\/19-kazakhstan-varela-01.jpg\",\"width\":1600,\"height\":1066,\"caption\":\"Reinaldo Varela\/Gustavo Gugelmin, Can-Am Maverick X3, Monster Energy Can-Am Team. Rally Kazakhstan 2019. \u00a9 South Racing\"},{\"@type\":\"BreadcrumbList\",\"@id\":\"https:\/\/www.dakarmania.cz\/index.php\/2019\/06\/02\/kazachstan-reinaldo-varela-krucek-od-titulu\/#breadcrumb\",\"itemListElement\":[{\"@type\":\"ListItem\",\"position\":1,\"name\":\"Dom\u016f\",\"item\":\"https:\/\/www.dakarmania.cz\/\"},{\"@type\":\"ListItem\",\"position\":2,\"name\":\"Kazachst\u00e1n: Reinaldo Varela kr\u016f\u010dek od titulu\"}]},{\"@type\":\"WebSite\",\"@id\":\"https:\/\/www.dakarmania.cz\/#website\",\"url\":\"https:\/\/www.dakarmania.cz\/\",\"name\":\"DAKARMANIA.cz\",\"description\":\"\u017dijeme Dakarem cel\u00fd rok\",\"publisher\":{\"@id\":\"https:\/\/www.dakarmania.cz\/#organization\"},\"potentialAction\":[{\"@type\":\"SearchAction\",\"target\":{\"@type\":\"EntryPoint\",\"urlTemplate\":\"https:\/\/www.dakarmania.cz\/?s={search_term_string}\"},\"query-input\":{\"@type\":\"PropertyValueSpecification\",\"valueRequired\":true,\"valueName\":\"search_term_string\"}}],\"inLanguage\":\"cs\"},{\"@type\":\"Organization\",\"@id\":\"https:\/\/www.dakarmania.cz\/#organization\",\"name\":\"DAKAR MANIA\",\"url\":\"https:\/\/www.dakarmania.cz\/\",\"logo\":{\"@type\":\"ImageObject\",\"inLanguage\":\"cs\",\"@id\":\"https:\/\/www.dakarmania.cz\/#\/schema\/logo\/image\/\",\"url\":\"https:\/\/www.dakarmania.cz\/wp-content\/uploads\/2018\/12\/Dakar-Mania-Logo-Square-Orange.png\",\"contentUrl\":\"https:\/\/www.dakarmania.cz\/wp-content\/uploads\/2018\/12\/Dakar-Mania-Logo-Square-Orange.png\",\"width\":992,\"height\":992,\"caption\":\"DAKAR MANIA\"},\"image\":{\"@id\":\"https:\/\/www.dakarmania.cz\/#\/schema\/logo\/image\/\"},\"sameAs\":[\"https:\/\/www.facebook.com\/dakarmania\/\"]},{\"@type\":\"Person\",\"@id\":\"https:\/\/www.dakarmania.cz\/#\/schema\/person\/04eb0e87a389631c2169c0dddae7ff1e\",\"name\":\"Zden\u011bk Zelenka\",\"image\":{\"@type\":\"ImageObject\",\"inLanguage\":\"cs\",\"@id\":\"https:\/\/www.dakarmania.cz\/#\/schema\/person\/image\/\",\"url\":\"https:\/\/secure.gravatar.com\/avatar\/2c80d5a4942fe0900b73cc7d3837a509d6ee0a276a2b76dac95c92bd0763a89b?s=96&d=mm&r=g\",\"contentUrl\":\"https:\/\/secure.gravatar.com\/avatar\/2c80d5a4942fe0900b73cc7d3837a509d6ee0a276a2b76dac95c92bd0763a89b?s=96&d=mm&r=g\",\"caption\":\"Zden\u011bk Zelenka\"},\"description\":\"Moji d\u011bt\u0161t\u00ed hrdinov\u00e9 se jmenovali Loprais, Moskal, Neveu, Vatanen, Rahier... A tihle borci, jejich n\u00e1sledovn\u00edci a jejich p\u0159\u00edb\u011bhy m\u011b nep\u0159estali fascinovat ani po letech, kdy jsem vyrostl a zam\u011bstn\u00e1valy m\u011b jin\u00e9 discipl\u00edny motorsportu. Proto se zrodila DAKARMANIA.\",\"url\":\"https:\/\/www.dakarmania.cz\/index.php\/author\/dakarmania\/\"}]}<\/script>\n<!-- \/ Yoast SEO plugin. -->","yoast_head_json":{"title":"Kazachst\u00e1n: Reinaldo Varela kr\u016f\u010dek od titulu - DAKARMANIA.cz","description":"Reinardo Varela si v Kazachst\u00e1nu p\u0159ipsal druhou v\u00fdhru sezony ve skupin\u011b T3 a v\u00fdrazn\u011b si upevnil veden\u00ed v pr\u016fb\u011b\u017en\u00e9m hodnocen\u00ed sv\u011btov\u00e9ho poh\u00e1ru.","robots":{"index":"index","follow":"follow","max-snippet":"max-snippet:-1","max-image-preview":"max-image-preview:large","max-video-preview":"max-video-preview:-1"},"canonical":"https:\/\/www.dakarmania.cz\/index.php\/2019\/06\/02\/kazachstan-reinaldo-varela-krucek-od-titulu\/","og_locale":"cs_CZ","og_type":"article","og_title":"Kazachst\u00e1n: Reinaldo Varela kr\u016f\u010dek od titulu - DAKARMANIA.cz","og_description":"Reinardo Varela si v Kazachst\u00e1nu p\u0159ipsal druhou v\u00fdhru sezony ve skupin\u011b T3 a v\u00fdrazn\u011b si upevnil veden\u00ed v pr\u016fb\u011b\u017en\u00e9m hodnocen\u00ed sv\u011btov\u00e9ho poh\u00e1ru.","og_url":"https:\/\/www.dakarmania.cz\/index.php\/2019\/06\/02\/kazachstan-reinaldo-varela-krucek-od-titulu\/","og_site_name":"DAKARMANIA.cz","article_publisher":"https:\/\/www.facebook.com\/dakarmania\/","article_published_time":"2019-06-01T22:31:20+00:00","article_modified_time":"2023-03-14T18:45:44+00:00","og_image":[{"width":1600,"height":1066,"url":"https:\/\/www.dakarmania.cz\/wp-content\/uploads\/2019\/06\/19-kazakhstan-varela-01.jpg","type":"image\/jpeg"}],"author":"Zden\u011bk Zelenka","twitter_card":"summary_large_image","twitter_misc":{"Napsal(a)":"Zden\u011bk Zelenka","Odhadovan\u00e1 doba \u010dten\u00ed":"2 minuty"},"schema":{"@context":"https:\/\/schema.org","@graph":[{"@type":"Article","@id":"https:\/\/www.dakarmania.cz\/index.php\/2019\/06\/02\/kazachstan-reinaldo-varela-krucek-od-titulu\/#article","isPartOf":{"@id":"https:\/\/www.dakarmania.cz\/index.php\/2019\/06\/02\/kazachstan-reinaldo-varela-krucek-od-titulu\/"},"author":{"name":"Zden\u011bk Zelenka","@id":"https:\/\/www.dakarmania.cz\/#\/schema\/person\/04eb0e87a389631c2169c0dddae7ff1e"},"headline":"Kazachst\u00e1n: Reinaldo Varela kr\u016f\u010dek od titulu","datePublished":"2019-06-01T22:31:20+00:00","dateModified":"2023-03-14T18:45:44+00:00","mainEntityOfPage":{"@id":"https:\/\/www.dakarmania.cz\/index.php\/2019\/06\/02\/kazachstan-reinaldo-varela-krucek-od-titulu\/"},"wordCount":488,"publisher":{"@id":"https:\/\/www.dakarmania.cz\/#organization"},"image":{"@id":"https:\/\/www.dakarmania.cz\/index.php\/2019\/06\/02\/kazachstan-reinaldo-varela-krucek-od-titulu\/#primaryimage"},"thumbnailUrl":"https:\/\/www.dakarmania.cz\/wp-content\/uploads\/2019\/06\/19-kazakhstan-varela-01.jpg","keywords":["2019","Fjodor Vorobjov","Gustavo Gugelmin","Jos\u00e9 Luis Pe\u00f1a Campo","Kirill \u0160ubin","Marina Oparina","Michele Cinotto","Monster Energy Can-Am","Polaris","Rally Kazakhstan","Rally Kazakhstan 2019","Reinaldo Varela","South Racing","South Racing Can-Am","SP FIA CCR","SP FIA CCR 2019"],"articleSection":["FIA SP CCR","Rally Kazakhstan","S\u00d7S"],"inLanguage":"cs"},{"@type":"WebPage","@id":"https:\/\/www.dakarmania.cz\/index.php\/2019\/06\/02\/kazachstan-reinaldo-varela-krucek-od-titulu\/","url":"https:\/\/www.dakarmania.cz\/index.php\/2019\/06\/02\/kazachstan-reinaldo-varela-krucek-od-titulu\/","name":"Kazachst\u00e1n: Reinaldo Varela kr\u016f\u010dek od titulu - DAKARMANIA.cz","isPartOf":{"@id":"https:\/\/www.dakarmania.cz\/#website"},"primaryImageOfPage":{"@id":"https:\/\/www.dakarmania.cz\/index.php\/2019\/06\/02\/kazachstan-reinaldo-varela-krucek-od-titulu\/#primaryimage"},"image":{"@id":"https:\/\/www.dakarmania.cz\/index.php\/2019\/06\/02\/kazachstan-reinaldo-varela-krucek-od-titulu\/#primaryimage"},"thumbnailUrl":"https:\/\/www.dakarmania.cz\/wp-content\/uploads\/2019\/06\/19-kazakhstan-varela-01.jpg","datePublished":"2019-06-01T22:31:20+00:00","dateModified":"2023-03-14T18:45:44+00:00","description":"Reinardo Varela si v Kazachst\u00e1nu p\u0159ipsal druhou v\u00fdhru sezony ve skupin\u011b T3 a v\u00fdrazn\u011b si upevnil veden\u00ed v pr\u016fb\u011b\u017en\u00e9m hodnocen\u00ed sv\u011btov\u00e9ho poh\u00e1ru.","breadcrumb":{"@id":"https:\/\/www.dakarmania.cz\/index.php\/2019\/06\/02\/kazachstan-reinaldo-varela-krucek-od-titulu\/#breadcrumb"},"inLanguage":"cs","potentialAction":[{"@type":"ReadAction","target":["https:\/\/www.dakarmania.cz\/index.php\/2019\/06\/02\/kazachstan-reinaldo-varela-krucek-od-titulu\/"]}]},{"@type":"ImageObject","inLanguage":"cs","@id":"https:\/\/www.dakarmania.cz\/index.php\/2019\/06\/02\/kazachstan-reinaldo-varela-krucek-od-titulu\/#primaryimage","url":"https:\/\/www.dakarmania.cz\/wp-content\/uploads\/2019\/06\/19-kazakhstan-varela-01.jpg","contentUrl":"https:\/\/www.dakarmania.cz\/wp-content\/uploads\/2019\/06\/19-kazakhstan-varela-01.jpg","width":1600,"height":1066,"caption":"Reinaldo Varela\/Gustavo Gugelmin, Can-Am Maverick X3, Monster Energy Can-Am Team. Rally Kazakhstan 2019. \u00a9 South Racing"},{"@type":"BreadcrumbList","@id":"https:\/\/www.dakarmania.cz\/index.php\/2019\/06\/02\/kazachstan-reinaldo-varela-krucek-od-titulu\/#breadcrumb","itemListElement":[{"@type":"ListItem","position":1,"name":"Dom\u016f","item":"https:\/\/www.dakarmania.cz\/"},{"@type":"ListItem","position":2,"name":"Kazachst\u00e1n: Reinaldo Varela kr\u016f\u010dek od titulu"}]},{"@type":"WebSite","@id":"https:\/\/www.dakarmania.cz\/#website","url":"https:\/\/www.dakarmania.cz\/","name":"DAKARMANIA.cz","description":"\u017dijeme Dakarem cel\u00fd rok","publisher":{"@id":"https:\/\/www.dakarmania.cz\/#organization"},"potentialAction":[{"@type":"SearchAction","target":{"@type":"EntryPoint","urlTemplate":"https:\/\/www.dakarmania.cz\/?s={search_term_string}"},"query-input":{"@type":"PropertyValueSpecification","valueRequired":true,"valueName":"search_term_string"}}],"inLanguage":"cs"},{"@type":"Organization","@id":"https:\/\/www.dakarmania.cz\/#organization","name":"DAKAR MANIA","url":"https:\/\/www.dakarmania.cz\/","logo":{"@type":"ImageObject","inLanguage":"cs","@id":"https:\/\/www.dakarmania.cz\/#\/schema\/logo\/image\/","url":"https:\/\/www.dakarmania.cz\/wp-content\/uploads\/2018\/12\/Dakar-Mania-Logo-Square-Orange.png","contentUrl":"https:\/\/www.dakarmania.cz\/wp-content\/uploads\/2018\/12\/Dakar-Mania-Logo-Square-Orange.png","width":992,"height":992,"caption":"DAKAR MANIA"},"image":{"@id":"https:\/\/www.dakarmania.cz\/#\/schema\/logo\/image\/"},"sameAs":["https:\/\/www.facebook.com\/dakarmania\/"]},{"@type":"Person","@id":"https:\/\/www.dakarmania.cz\/#\/schema\/person\/04eb0e87a389631c2169c0dddae7ff1e","name":"Zden\u011bk Zelenka","image":{"@type":"ImageObject","inLanguage":"cs","@id":"https:\/\/www.dakarmania.cz\/#\/schema\/person\/image\/","url":"https:\/\/secure.gravatar.com\/avatar\/2c80d5a4942fe0900b73cc7d3837a509d6ee0a276a2b76dac95c92bd0763a89b?s=96&d=mm&r=g","contentUrl":"https:\/\/secure.gravatar.com\/avatar\/2c80d5a4942fe0900b73cc7d3837a509d6ee0a276a2b76dac95c92bd0763a89b?s=96&d=mm&r=g","caption":"Zden\u011bk Zelenka"},"description":"Moji d\u011bt\u0161t\u00ed hrdinov\u00e9 se jmenovali Loprais, Moskal, Neveu, Vatanen, Rahier... A tihle borci, jejich n\u00e1sledovn\u00edci a jejich p\u0159\u00edb\u011bhy m\u011b nep\u0159estali fascinovat ani po letech, kdy jsem vyrostl a zam\u011bstn\u00e1valy m\u011b jin\u00e9 discipl\u00edny motorsportu. Proto se zrodila DAKARMANIA.","url":"https:\/\/www.dakarmania.cz\/index.php\/author\/dakarmania\/"}]}},"amp_enabled":true,"_links":{"self":[{"href":"https:\/\/www.dakarmania.cz\/index.php\/wp-json\/wp\/v2\/posts\/7172","targetHints":{"allow":["GET"]}}],"collection":[{"href":"https:\/\/www.dakarmania.cz\/index.php\/wp-json\/wp\/v2\/posts"}],"about":[{"href":"https:\/\/www.dakarmania.cz\/index.php\/wp-json\/wp\/v2\/types\/post"}],"author":[{"embeddable":true,"href":"https:\/\/www.dakarmania.cz\/index.php\/wp-json\/wp\/v2\/users\/1"}],"replies":[{"embeddable":true,"href":"https:\/\/www.dakarmania.cz\/index.php\/wp-json\/wp\/v2\/comments?post=7172"}],"version-history":[{"count":4,"href":"https:\/\/www.dakarmania.cz\/index.php\/wp-json\/wp\/v2\/posts\/7172\/revisions"}],"predecessor-version":[{"id":13024,"href":"https:\/\/www.dakarmania.cz\/index.php\/wp-json\/wp\/v2\/posts\/7172\/revisions\/13024"}],"wp:featuredmedia":[{"embeddable":true,"href":"https:\/\/www.dakarmania.cz\/index.php\/wp-json\/wp\/v2\/media\/7171"}],"wp:attachment":[{"href":"https:\/\/www.dakarmania.cz\/index.php\/wp-json\/wp\/v2\/media?parent=7172"}],"wp:term":[{"taxonomy":"category","embeddable":true,"href":"https:\/\/www.dakarmania.cz\/index.php\/wp-json\/wp\/v2\/categories?post=7172"},{"taxonomy":"post_tag","embeddable":true,"href":"https:\/\/www.dakarmania.cz\/index.php\/wp-json\/wp\/v2\/tags?post=7172"}],"curies":[{"name":"wp","href":"https:\/\/api.w.org\/{rel}","templated":true}]}}