{"id":7394,"date":"2019-06-12T15:02:11","date_gmt":"2019-06-12T13:02:11","guid":{"rendered":"https:\/\/www.dakarmania.cz\/?p=7394"},"modified":"2023-02-13T19:08:56","modified_gmt":"2023-02-13T18:08:56","slug":"koloc-o-kolomem-opakovane-nerespektoval-dohody","status":"publish","type":"post","link":"https:\/\/www.dakarmania.cz\/index.php\/2019\/06\/12\/koloc-o-kolomem-opakovane-nerespektoval-dohody\/","title":{"rendered":"Koloc o Kolom\u00e9m: Opakovan\u011b nerespektoval dohody"},"content":{"rendered":"<p>[vc_row][vc_column][vc_column_text]<\/p>\n<h4>Tatra Buggyra Racing absolvoval testov\u00e1n\u00ed na Saha\u0159e v Tunisku. V jeho z\u00e1v\u011bru okomentovali David Vr\u0161eck\u00fd a mentor t\u00fdmu Martin Koloc aktu\u00e1ln\u00ed d\u011bn\u00ed v t\u00fdmu. Koloc se vyj\u00e1d\u0159il i k situaci Martina Kolom\u00e9ho, kter\u00fd byl v posledn\u00edch p\u011bti letech jezdeckou st\u00e1lic\u00ed roudnick\u00e9 st\u00e1je, ale v sou\u010dasnosti je suspendov\u00e1n.<\/h4>\n<p>Martin Kolom\u00fd z\u00e1vodil za Buggyra Racing od roku 2014, kdy t\u00fdm na Dakaru poprv\u00e9 nasadil vlastn\u00ed v\u016fz. V jeho barv\u00e1ch se z\u00fa\u010dastnil \u0161esti jihoamerick\u00fdch Dakar\u016f. Sedm\u00e9 m\u00edsto, kter\u00e9 Kolom\u00e9ho pos\u00e1dka vybojovala v roce 2015, z\u016fst\u00e1v\u00e1 pro Buggyru dodnes jej\u00edm dakarsk\u00fdm maximem. V\u00fdsledek od t\u00e9 doby nep\u0159ekonala, pouze jej v roce 2017 z\u00e1sluhou pos\u00e1dky Ale\u0161e Lopraise zopakovala.<\/p>\n<p>Vz\u00e1jemn\u00e1 spolupr\u00e1ce p\u0159inesla Kolom\u00e9mu a Buggy\u0159e tak\u00e9 n\u011bkolik prvn\u00edch m\u00edst v kategorii kamion\u016f v krat\u0161\u00edch baj\u00e1ch a t\u0159i etapov\u00e1 v\u00edt\u011bzstv\u00ed na Silk Way Rally 2017.[\/vc_column_text][vc_single_image image=&#8221;7397&#8243; img_size=&#8221;large&#8221; add_caption=&#8221;yes&#8221; alignment=&#8221;center&#8221;][vc_column_text]Nicm\u00e9n\u011b <a href=\"\/index.php\/souteze\/dakar-2019\/\">Dakar 2019<\/a> byl nejsp\u00ed\u0161 pro Kolom\u00e9ho a Buggyru posledn\u00edm spole\u010dn\u00fdm z\u00e1vodem. Po hav\u00e1rii, k n\u00ed\u017e do\u0161lo v dubnu p\u0159i akci pro partnery ve Zl\u00edn\u011b, t\u00fdm jezdce suspendoval.<\/p>\n<p><em>\u201eNehodu zp\u016fsobil svou nedisciplinovanost\u00ed a byla \u00fapln\u011b zbyte\u010dn\u00e1,\u201c<\/em> komentoval s v\u00edce ne\u017e m\u011bs\u00ed\u010dn\u00edm odstupem <strong>Martin Koloc<\/strong> (na tituln\u00ed fotografii), podle kter\u00e9ho se incident jen z\u00e1zrakem obe\u0161el bez zran\u011bn\u00ed spolujezdc\u016f. <em>\u201eMysl\u00edm si, \u017ee chyb\u011blo t\u0159icet pades\u00e1t centimetr\u016f a nehoda mohla b\u00fdt naprosto fat\u00e1ln\u00ed.\u201c<\/em><\/p>\n<h4>Pod smlouvou, ale suspendov\u00e1n<\/h4>\n<p><em>\u201eMartin Kolom\u00fd je smluvn\u00edm jezdcem t\u00fdmu Tatra Buggyra Racing. V t\u00e9to chv\u00edli m\u00e1 kompletn\u011b pozastavenou z\u00e1vodn\u00ed a marketingovou \u010dinnost,\u201c<\/em> potvrdil trv\u00e1n\u00ed smluvn\u00edho vztahu Koloc. <em>\u201eD\u016fvodem je opakovan\u00e9 nerespektov\u00e1n\u00ed dohod, kter\u00e9 jsme m\u011bli v t\u00fdmu. O discipl\u00edn\u011b nebudu mluvit. Vy\u00fast\u011bn\u00edm toho v\u0161eho byla<\/em> [v\u00fd\u0161e zm\u00edn\u011bn\u00e1] <em>nehoda. Ale nemysl\u00edm si, \u017ee by tohle byla hlavn\u00ed p\u0159\u00ed\u010dina. My pot\u0159ebujeme budovat t\u00fdm na siln\u00fdch z\u00e1kladech a m\u00edt jezdce, kte\u0159\u00ed za t\u00fdm d\u00fdchaj\u00ed. Ne jezdce, kte\u0159\u00ed t\u00fdm pomlouvaj\u00ed.\u201c<\/em><\/p>\n<p>Podle Koloce se rozch\u00e1zej\u00ed p\u0159edstavy obou stran v ot\u00e1zce profesionality jezdce.[\/vc_column_text][vc_raw_html css=&#8221;.vc_custom_1560346014165{padding-top: 10px !important;padding-right: 10px !important;padding-bottom: 10px !important;padding-left: 10px !important;background-color: #d8d8d8 !important;}&#8221;]JTNDaDQlM0VMaXZlc3RyZWFtJTIwdCVDMyVCRG11JTIwQnVnZ3lyYSUyMHolMjBUdW5pc2thJTIwcyUyMEQuJTIwVnIlQzUlQTFlY2slQzMlQkRtJTIwYSUyME0uJTIwS29sb2NlbSUzQyUyRmg0JTNFJTBBJTNDaWZyYW1lJTIwc3JjJTNEJTIyaHR0cHMlM0ElMkYlMkZ3d3cuZmFjZWJvb2suY29tJTJGcGx1Z2lucyUyRnZpZGVvLnBocCUzRmhyZWYlM0RodHRwcyUyNTNBJTI1MkYlMjUyRnd3dy5mYWNlYm9vay5jb20lMjUyRkJVR0dZUkElMjUyRnZpZGVvcyUyNTJGMjM1MjgxOTM4MTYwMjk4MiUyNTJGJTI2c2hvd190ZXh0JTNEMCUyNndpZHRoJTNENTYwJTIyJTIwd2lkdGglM0QlMjI1NjAlMjIlMjBoZWlnaHQlM0QlMjIzMTUlMjIlMjBzdHlsZSUzRCUyMmJvcmRlciUzQW5vbmUlM0JvdmVyZmxvdyUzQWhpZGRlbiUyMiUyMHNjcm9sbGluZyUzRCUyMm5vJTIyJTIwZnJhbWVib3JkZXIlM0QlMjIwJTIyJTIwYWxsb3dUcmFuc3BhcmVuY3klM0QlMjJ0cnVlJTIyJTIwYWxsb3dGdWxsU2NyZWVuJTNEJTIydHJ1ZSUyMiUzRSUzQyUyRmlmcmFtZSUzRQ==[\/vc_raw_html][vc_column_text]Existence st\u00e1le platn\u00e9 smlouvy je kl\u00ed\u010dov\u00e1, pokud jde o potvrzen\u00ed dal\u0161\u00ed p\u0159\u00edpadn\u00e9 spolupr\u00e1ce \u010di jej\u00edho ukon\u010den\u00ed. D\u00edky kontraktu veden\u00ed t\u00fdmu budoucnost v sou\u010dasnosti komentovat nepot\u0159ebuje a jezdec nem\u016f\u017ee. Zvl\u00e1\u0161\u0165, pokud by cht\u011bl s t\u00fdmem dosp\u011bt nap\u0159\u00edklad k dohod\u011b, kter\u00e1 by jej z\u00e1vazku zbavila d\u0159\u00edve.<\/p>\n<p>Proto nelze zcela vylou\u010dit, \u017ee si na ofici\u00e1ln\u00ed vyj\u00e1d\u0159en\u00ed budeme muset po\u010dkat a\u017e do podzimu. Kolom\u00e9ho sou\u010dasn\u00fd kontrakt by m\u011bl vypr\u0161et a\u017e v posledn\u00ed \u010dtvrtin\u011b roku.<\/p>\n<p>Otazn\u00edk tak vis\u00ed nad jezdcov\u00fdm startem na <a href=\"\/index.php\/souteze\/dakar-2020\/\">Dakaru 2020<\/a>. Pokud se ob\u011b strany nedohodnou na d\u0159\u00edv\u011bj\u0161\u00edm rozchodu, bude pro Kolom\u00e9ho p\u0159\u00edprava na prvn\u00ed saudskoarabsk\u00fd ro\u010dn\u00edk slavn\u00e9 rally p\u0159inejmen\u0161\u00edm komplikovan\u00e1.<\/p>\n<h4>Prioritou Dakar 2021 a n\u00e1sleduj\u00edc\u00ed ro\u010dn\u00edky<\/h4>\n<p>Minul\u00fd a tento t\u00fdden testoval Buggyra Racing v okol\u00ed tunisk\u00e9ho kempu Zmela Labrissa. Nen\u00ed bez zaj\u00edmavosti, \u017ee jen n\u011bkolik kilometr\u016f na sever le\u017e\u00ed o\u00e1za Ksar Ghilane, kde na p\u0159elomu kv\u011btna a \u010dervna <a href=\"\/index.php\/2019\/06\/06\/macik-v-africe-otestoval-karla\/\">tr\u00e9noval Big Shock Racing<\/a>.<\/p>\n<p>Buggyra se v Tunisku soust\u0159edila na vyzkou\u0161en\u00ed nov\u00fdch kardan\u016f, kter\u00e9 byly v posledn\u00edch letech Achillovou patou jej\u00edch Tater, ale prov\u011b\u0159ovala i dal\u0161\u00ed technick\u00e1 \u0159e\u0161en\u00ed a komponenty.[\/vc_column_text][vc_single_image image=&#8221;7400&#8243; img_size=&#8221;large&#8221; add_caption=&#8221;yes&#8221; alignment=&#8221;center&#8221;][vc_column_text]<em>\u201eS kardany to vypad\u00e1 pom\u011brn\u011b dob\u0159e. M\u00e1me novou zes\u00edlenou konfiguraci,\u201c<\/em> prozradil \u0161\u00e9fkonstrukt\u00e9r <strong>David Vr\u0161eck\u00fd<\/strong>. <em>\u201ePro kardany je v podstat\u011b nejhor\u0161\u00ed mal\u00e1 \u0159ada, mal\u00e9 \u201akvalty\u2018, sypk\u00fd p\u00edsek, kde se s \u201akrou\u0165\u00e1kem\u2018 dost\u00e1v\u00e1me opravdu hodn\u011b vysoko. V tuto chv\u00edli m\u00e1me natestov\u00e1no n\u011bkolik set kilometr\u016f opravdu v kritick\u00fdch podm\u00ednk\u00e1ch. Tak jako tady to nikde v Evrop\u011b rozhodn\u011b neotestujeme.\u201c<\/em><\/p>\n<p>P\u0159i velmi vysok\u00fdch teplot\u00e1ch, kter\u00e9 v oblasti b\u011bhem posledn\u00edch dn\u016f panovaly, zkou\u0161el t\u00fdm tak\u00e9 pneumatiky a chlazen\u00ed cel\u00e9ho syst\u00e9mu.<\/p>\n<p>Podle veden\u00ed t\u00fdmu zat\u00edm nen\u00ed rozhodnuto, kolik z\u00e1vodn\u00edch kamion\u016f se v barv\u00e1ch Buggyra Racingu postav\u00ed 4. ledna v D\u017eidd\u011b na start 42. ro\u010dn\u00edku dakarsk\u00e9 rally.<\/p>\n<p><em>\u201eDneska v\u00edme, \u017ee na Dakar 2020 pojede pos\u00e1dka Martina \u0160oltyse. V t\u00e9to chv\u00edli nen\u00ed rozhodnuto, jestli pojede druh\u00e9 auto nebo ne, proto\u017ee n\u00e1s dneska zaj\u00edm\u00e1 hlavn\u011b Dakar 2021, 22, 23 a d\u00e1l. P\u0159ipravujeme z\u00e1sadn\u00ed upgrade a posun t\u00fdmu na rok 2021,\u201c<\/em> uzav\u0159el <strong>Martin Koloc<\/strong>.[\/vc_column_text][\/vc_column][\/vc_row]<\/p>\n","protected":false},"excerpt":{"rendered":"<p>Mentor t\u00fdmu Tatra Buggyra Racing Martin Koloc se vyj\u00e1d\u0159il i k situaci Martina Kolom\u00e9ho, kter\u00fd je v sou\u010dasnosti suspendov\u00e1n.<\/p>\n","protected":false},"author":1,"featured_media":7393,"comment_status":"closed","ping_status":"closed","sticky":false,"template":"","format":"standard","meta":{"footnotes":""},"categories":[16],"tags":[425,132,1113,1151,133,68],"class_list":["post-7394","post","type-post","status-publish","format-standard","has-post-thumbnail","hentry","category-kamion","tag-425","tag-buggyra-racing","tag-david-vrsecky","tag-martin-koloc","tag-martin-kolomy","tag-tatra"],"yoast_head":"<!-- This site is optimized with the Yoast SEO plugin v24.9 - https:\/\/yoast.com\/wordpress\/plugins\/seo\/ -->\n<title>Koloc o Kolom\u00e9m: Opakovan\u011b nerespektoval dohody - DAKARMANIA.cz<\/title>\n<meta name=\"description\" content=\"Mentor t\u00fdmu Tatra Buggyra Racing Martin Koloc se vyj\u00e1d\u0159il i k situaci Martina Kolom\u00e9ho, kter\u00fd je v sou\u010dasnosti suspendov\u00e1n.\" \/>\n<meta name=\"robots\" content=\"index, follow, max-snippet:-1, max-image-preview:large, max-video-preview:-1\" \/>\n<link rel=\"canonical\" href=\"https:\/\/www.dakarmania.cz\/index.php\/2019\/06\/12\/koloc-o-kolomem-opakovane-nerespektoval-dohody\/\" \/>\n<meta property=\"og:locale\" content=\"cs_CZ\" \/>\n<meta property=\"og:type\" content=\"article\" \/>\n<meta property=\"og:title\" content=\"Koloc o Kolom\u00e9m: Opakovan\u011b nerespektoval dohody - DAKARMANIA.cz\" \/>\n<meta property=\"og:description\" content=\"Mentor t\u00fdmu Tatra Buggyra Racing Martin Koloc se vyj\u00e1d\u0159il i k situaci Martina Kolom\u00e9ho, kter\u00fd je v sou\u010dasnosti suspendov\u00e1n.\" \/>\n<meta property=\"og:url\" content=\"https:\/\/www.dakarmania.cz\/index.php\/2019\/06\/12\/koloc-o-kolomem-opakovane-nerespektoval-dohody\/\" \/>\n<meta property=\"og:site_name\" content=\"DAKARMANIA.cz\" \/>\n<meta property=\"article:publisher\" content=\"https:\/\/www.facebook.com\/dakarmania\/\" \/>\n<meta property=\"article:published_time\" content=\"2019-06-12T13:02:11+00:00\" \/>\n<meta property=\"article:modified_time\" content=\"2023-02-13T18:08:56+00:00\" \/>\n<meta property=\"og:image\" content=\"https:\/\/www.dakarmania.cz\/wp-content\/uploads\/2019\/06\/19-zmela-koloc-01.jpg\" \/>\n\t<meta property=\"og:image:width\" content=\"1200\" \/>\n\t<meta property=\"og:image:height\" content=\"800\" \/>\n\t<meta property=\"og:image:type\" content=\"image\/jpeg\" \/>\n<meta name=\"author\" content=\"Zden\u011bk Zelenka\" \/>\n<meta name=\"twitter:card\" content=\"summary_large_image\" \/>\n<meta name=\"twitter:label1\" content=\"Napsal(a)\" \/>\n\t<meta name=\"twitter:data1\" content=\"Zden\u011bk Zelenka\" \/>\n\t<meta name=\"twitter:label2\" content=\"Odhadovan\u00e1 doba \u010dten\u00ed\" \/>\n\t<meta name=\"twitter:data2\" content=\"4 minuty\" \/>\n<script type=\"application\/ld+json\" class=\"yoast-schema-graph\">{\"@context\":\"https:\/\/schema.org\",\"@graph\":[{\"@type\":\"Article\",\"@id\":\"https:\/\/www.dakarmania.cz\/index.php\/2019\/06\/12\/koloc-o-kolomem-opakovane-nerespektoval-dohody\/#article\",\"isPartOf\":{\"@id\":\"https:\/\/www.dakarmania.cz\/index.php\/2019\/06\/12\/koloc-o-kolomem-opakovane-nerespektoval-dohody\/\"},\"author\":{\"name\":\"Zden\u011bk Zelenka\",\"@id\":\"https:\/\/www.dakarmania.cz\/#\/schema\/person\/04eb0e87a389631c2169c0dddae7ff1e\"},\"headline\":\"Koloc o Kolom\u00e9m: Opakovan\u011b nerespektoval dohody\",\"datePublished\":\"2019-06-12T13:02:11+00:00\",\"dateModified\":\"2023-02-13T18:08:56+00:00\",\"mainEntityOfPage\":{\"@id\":\"https:\/\/www.dakarmania.cz\/index.php\/2019\/06\/12\/koloc-o-kolomem-opakovane-nerespektoval-dohody\/\"},\"wordCount\":937,\"publisher\":{\"@id\":\"https:\/\/www.dakarmania.cz\/#organization\"},\"image\":{\"@id\":\"https:\/\/www.dakarmania.cz\/index.php\/2019\/06\/12\/koloc-o-kolomem-opakovane-nerespektoval-dohody\/#primaryimage\"},\"thumbnailUrl\":\"https:\/\/www.dakarmania.cz\/wp-content\/uploads\/2019\/06\/19-zmela-koloc-01.jpg\",\"keywords\":[\"2019\",\"Buggyra Racing\",\"David Vr\u0161eck\u00fd\",\"Martin Koloc\",\"Martin Kolom\u00fd\",\"Tatra\"],\"articleSection\":[\"Kamiony\"],\"inLanguage\":\"cs\"},{\"@type\":\"WebPage\",\"@id\":\"https:\/\/www.dakarmania.cz\/index.php\/2019\/06\/12\/koloc-o-kolomem-opakovane-nerespektoval-dohody\/\",\"url\":\"https:\/\/www.dakarmania.cz\/index.php\/2019\/06\/12\/koloc-o-kolomem-opakovane-nerespektoval-dohody\/\",\"name\":\"Koloc o Kolom\u00e9m: Opakovan\u011b nerespektoval dohody - DAKARMANIA.cz\",\"isPartOf\":{\"@id\":\"https:\/\/www.dakarmania.cz\/#website\"},\"primaryImageOfPage\":{\"@id\":\"https:\/\/www.dakarmania.cz\/index.php\/2019\/06\/12\/koloc-o-kolomem-opakovane-nerespektoval-dohody\/#primaryimage\"},\"image\":{\"@id\":\"https:\/\/www.dakarmania.cz\/index.php\/2019\/06\/12\/koloc-o-kolomem-opakovane-nerespektoval-dohody\/#primaryimage\"},\"thumbnailUrl\":\"https:\/\/www.dakarmania.cz\/wp-content\/uploads\/2019\/06\/19-zmela-koloc-01.jpg\",\"datePublished\":\"2019-06-12T13:02:11+00:00\",\"dateModified\":\"2023-02-13T18:08:56+00:00\",\"description\":\"Mentor t\u00fdmu Tatra Buggyra Racing Martin Koloc se vyj\u00e1d\u0159il i k situaci Martina Kolom\u00e9ho, kter\u00fd je v sou\u010dasnosti suspendov\u00e1n.\",\"breadcrumb\":{\"@id\":\"https:\/\/www.dakarmania.cz\/index.php\/2019\/06\/12\/koloc-o-kolomem-opakovane-nerespektoval-dohody\/#breadcrumb\"},\"inLanguage\":\"cs\",\"potentialAction\":[{\"@type\":\"ReadAction\",\"target\":[\"https:\/\/www.dakarmania.cz\/index.php\/2019\/06\/12\/koloc-o-kolomem-opakovane-nerespektoval-dohody\/\"]}]},{\"@type\":\"ImageObject\",\"inLanguage\":\"cs\",\"@id\":\"https:\/\/www.dakarmania.cz\/index.php\/2019\/06\/12\/koloc-o-kolomem-opakovane-nerespektoval-dohody\/#primaryimage\",\"url\":\"https:\/\/www.dakarmania.cz\/wp-content\/uploads\/2019\/06\/19-zmela-koloc-01.jpg\",\"contentUrl\":\"https:\/\/www.dakarmania.cz\/wp-content\/uploads\/2019\/06\/19-zmela-koloc-01.jpg\",\"width\":1200,\"height\":800,\"caption\":\"Martin Koloc p\u0159i testov\u00e1n\u00ed t\u00fdmu Tatra Buggyra Racing v Tunisku v \u010dervnu 2019 \u00a9 Buggyra Media\"},{\"@type\":\"BreadcrumbList\",\"@id\":\"https:\/\/www.dakarmania.cz\/index.php\/2019\/06\/12\/koloc-o-kolomem-opakovane-nerespektoval-dohody\/#breadcrumb\",\"itemListElement\":[{\"@type\":\"ListItem\",\"position\":1,\"name\":\"Dom\u016f\",\"item\":\"https:\/\/www.dakarmania.cz\/\"},{\"@type\":\"ListItem\",\"position\":2,\"name\":\"Koloc o Kolom\u00e9m: Opakovan\u011b nerespektoval dohody\"}]},{\"@type\":\"WebSite\",\"@id\":\"https:\/\/www.dakarmania.cz\/#website\",\"url\":\"https:\/\/www.dakarmania.cz\/\",\"name\":\"DAKARMANIA.cz\",\"description\":\"\u017dijeme Dakarem cel\u00fd rok\",\"publisher\":{\"@id\":\"https:\/\/www.dakarmania.cz\/#organization\"},\"potentialAction\":[{\"@type\":\"SearchAction\",\"target\":{\"@type\":\"EntryPoint\",\"urlTemplate\":\"https:\/\/www.dakarmania.cz\/?s={search_term_string}\"},\"query-input\":{\"@type\":\"PropertyValueSpecification\",\"valueRequired\":true,\"valueName\":\"search_term_string\"}}],\"inLanguage\":\"cs\"},{\"@type\":\"Organization\",\"@id\":\"https:\/\/www.dakarmania.cz\/#organization\",\"name\":\"DAKAR MANIA\",\"url\":\"https:\/\/www.dakarmania.cz\/\",\"logo\":{\"@type\":\"ImageObject\",\"inLanguage\":\"cs\",\"@id\":\"https:\/\/www.dakarmania.cz\/#\/schema\/logo\/image\/\",\"url\":\"https:\/\/www.dakarmania.cz\/wp-content\/uploads\/2018\/12\/Dakar-Mania-Logo-Square-Orange.png\",\"contentUrl\":\"https:\/\/www.dakarmania.cz\/wp-content\/uploads\/2018\/12\/Dakar-Mania-Logo-Square-Orange.png\",\"width\":992,\"height\":992,\"caption\":\"DAKAR MANIA\"},\"image\":{\"@id\":\"https:\/\/www.dakarmania.cz\/#\/schema\/logo\/image\/\"},\"sameAs\":[\"https:\/\/www.facebook.com\/dakarmania\/\"]},{\"@type\":\"Person\",\"@id\":\"https:\/\/www.dakarmania.cz\/#\/schema\/person\/04eb0e87a389631c2169c0dddae7ff1e\",\"name\":\"Zden\u011bk Zelenka\",\"image\":{\"@type\":\"ImageObject\",\"inLanguage\":\"cs\",\"@id\":\"https:\/\/www.dakarmania.cz\/#\/schema\/person\/image\/\",\"url\":\"https:\/\/secure.gravatar.com\/avatar\/2c80d5a4942fe0900b73cc7d3837a509d6ee0a276a2b76dac95c92bd0763a89b?s=96&d=mm&r=g\",\"contentUrl\":\"https:\/\/secure.gravatar.com\/avatar\/2c80d5a4942fe0900b73cc7d3837a509d6ee0a276a2b76dac95c92bd0763a89b?s=96&d=mm&r=g\",\"caption\":\"Zden\u011bk Zelenka\"},\"description\":\"Moji d\u011bt\u0161t\u00ed hrdinov\u00e9 se jmenovali Loprais, Moskal, Neveu, Vatanen, Rahier... A tihle borci, jejich n\u00e1sledovn\u00edci a jejich p\u0159\u00edb\u011bhy m\u011b nep\u0159estali fascinovat ani po letech, kdy jsem vyrostl a zam\u011bstn\u00e1valy m\u011b jin\u00e9 discipl\u00edny motorsportu. Proto se zrodila DAKARMANIA.\",\"url\":\"https:\/\/www.dakarmania.cz\/index.php\/author\/dakarmania\/\"}]}<\/script>\n<!-- \/ Yoast SEO plugin. -->","yoast_head_json":{"title":"Koloc o Kolom\u00e9m: Opakovan\u011b nerespektoval dohody - DAKARMANIA.cz","description":"Mentor t\u00fdmu Tatra Buggyra Racing Martin Koloc se vyj\u00e1d\u0159il i k situaci Martina Kolom\u00e9ho, kter\u00fd je v sou\u010dasnosti suspendov\u00e1n.","robots":{"index":"index","follow":"follow","max-snippet":"max-snippet:-1","max-image-preview":"max-image-preview:large","max-video-preview":"max-video-preview:-1"},"canonical":"https:\/\/www.dakarmania.cz\/index.php\/2019\/06\/12\/koloc-o-kolomem-opakovane-nerespektoval-dohody\/","og_locale":"cs_CZ","og_type":"article","og_title":"Koloc o Kolom\u00e9m: Opakovan\u011b nerespektoval dohody - DAKARMANIA.cz","og_description":"Mentor t\u00fdmu Tatra Buggyra Racing Martin Koloc se vyj\u00e1d\u0159il i k situaci Martina Kolom\u00e9ho, kter\u00fd je v sou\u010dasnosti suspendov\u00e1n.","og_url":"https:\/\/www.dakarmania.cz\/index.php\/2019\/06\/12\/koloc-o-kolomem-opakovane-nerespektoval-dohody\/","og_site_name":"DAKARMANIA.cz","article_publisher":"https:\/\/www.facebook.com\/dakarmania\/","article_published_time":"2019-06-12T13:02:11+00:00","article_modified_time":"2023-02-13T18:08:56+00:00","og_image":[{"width":1200,"height":800,"url":"https:\/\/www.dakarmania.cz\/wp-content\/uploads\/2019\/06\/19-zmela-koloc-01.jpg","type":"image\/jpeg"}],"author":"Zden\u011bk Zelenka","twitter_card":"summary_large_image","twitter_misc":{"Napsal(a)":"Zden\u011bk Zelenka","Odhadovan\u00e1 doba \u010dten\u00ed":"4 minuty"},"schema":{"@context":"https:\/\/schema.org","@graph":[{"@type":"Article","@id":"https:\/\/www.dakarmania.cz\/index.php\/2019\/06\/12\/koloc-o-kolomem-opakovane-nerespektoval-dohody\/#article","isPartOf":{"@id":"https:\/\/www.dakarmania.cz\/index.php\/2019\/06\/12\/koloc-o-kolomem-opakovane-nerespektoval-dohody\/"},"author":{"name":"Zden\u011bk Zelenka","@id":"https:\/\/www.dakarmania.cz\/#\/schema\/person\/04eb0e87a389631c2169c0dddae7ff1e"},"headline":"Koloc o Kolom\u00e9m: Opakovan\u011b nerespektoval dohody","datePublished":"2019-06-12T13:02:11+00:00","dateModified":"2023-02-13T18:08:56+00:00","mainEntityOfPage":{"@id":"https:\/\/www.dakarmania.cz\/index.php\/2019\/06\/12\/koloc-o-kolomem-opakovane-nerespektoval-dohody\/"},"wordCount":937,"publisher":{"@id":"https:\/\/www.dakarmania.cz\/#organization"},"image":{"@id":"https:\/\/www.dakarmania.cz\/index.php\/2019\/06\/12\/koloc-o-kolomem-opakovane-nerespektoval-dohody\/#primaryimage"},"thumbnailUrl":"https:\/\/www.dakarmania.cz\/wp-content\/uploads\/2019\/06\/19-zmela-koloc-01.jpg","keywords":["2019","Buggyra Racing","David Vr\u0161eck\u00fd","Martin Koloc","Martin Kolom\u00fd","Tatra"],"articleSection":["Kamiony"],"inLanguage":"cs"},{"@type":"WebPage","@id":"https:\/\/www.dakarmania.cz\/index.php\/2019\/06\/12\/koloc-o-kolomem-opakovane-nerespektoval-dohody\/","url":"https:\/\/www.dakarmania.cz\/index.php\/2019\/06\/12\/koloc-o-kolomem-opakovane-nerespektoval-dohody\/","name":"Koloc o Kolom\u00e9m: Opakovan\u011b nerespektoval dohody - DAKARMANIA.cz","isPartOf":{"@id":"https:\/\/www.dakarmania.cz\/#website"},"primaryImageOfPage":{"@id":"https:\/\/www.dakarmania.cz\/index.php\/2019\/06\/12\/koloc-o-kolomem-opakovane-nerespektoval-dohody\/#primaryimage"},"image":{"@id":"https:\/\/www.dakarmania.cz\/index.php\/2019\/06\/12\/koloc-o-kolomem-opakovane-nerespektoval-dohody\/#primaryimage"},"thumbnailUrl":"https:\/\/www.dakarmania.cz\/wp-content\/uploads\/2019\/06\/19-zmela-koloc-01.jpg","datePublished":"2019-06-12T13:02:11+00:00","dateModified":"2023-02-13T18:08:56+00:00","description":"Mentor t\u00fdmu Tatra Buggyra Racing Martin Koloc se vyj\u00e1d\u0159il i k situaci Martina Kolom\u00e9ho, kter\u00fd je v sou\u010dasnosti suspendov\u00e1n.","breadcrumb":{"@id":"https:\/\/www.dakarmania.cz\/index.php\/2019\/06\/12\/koloc-o-kolomem-opakovane-nerespektoval-dohody\/#breadcrumb"},"inLanguage":"cs","potentialAction":[{"@type":"ReadAction","target":["https:\/\/www.dakarmania.cz\/index.php\/2019\/06\/12\/koloc-o-kolomem-opakovane-nerespektoval-dohody\/"]}]},{"@type":"ImageObject","inLanguage":"cs","@id":"https:\/\/www.dakarmania.cz\/index.php\/2019\/06\/12\/koloc-o-kolomem-opakovane-nerespektoval-dohody\/#primaryimage","url":"https:\/\/www.dakarmania.cz\/wp-content\/uploads\/2019\/06\/19-zmela-koloc-01.jpg","contentUrl":"https:\/\/www.dakarmania.cz\/wp-content\/uploads\/2019\/06\/19-zmela-koloc-01.jpg","width":1200,"height":800,"caption":"Martin Koloc p\u0159i testov\u00e1n\u00ed t\u00fdmu Tatra Buggyra Racing v Tunisku v \u010dervnu 2019 \u00a9 Buggyra Media"},{"@type":"BreadcrumbList","@id":"https:\/\/www.dakarmania.cz\/index.php\/2019\/06\/12\/koloc-o-kolomem-opakovane-nerespektoval-dohody\/#breadcrumb","itemListElement":[{"@type":"ListItem","position":1,"name":"Dom\u016f","item":"https:\/\/www.dakarmania.cz\/"},{"@type":"ListItem","position":2,"name":"Koloc o Kolom\u00e9m: Opakovan\u011b nerespektoval dohody"}]},{"@type":"WebSite","@id":"https:\/\/www.dakarmania.cz\/#website","url":"https:\/\/www.dakarmania.cz\/","name":"DAKARMANIA.cz","description":"\u017dijeme Dakarem cel\u00fd rok","publisher":{"@id":"https:\/\/www.dakarmania.cz\/#organization"},"potentialAction":[{"@type":"SearchAction","target":{"@type":"EntryPoint","urlTemplate":"https:\/\/www.dakarmania.cz\/?s={search_term_string}"},"query-input":{"@type":"PropertyValueSpecification","valueRequired":true,"valueName":"search_term_string"}}],"inLanguage":"cs"},{"@type":"Organization","@id":"https:\/\/www.dakarmania.cz\/#organization","name":"DAKAR MANIA","url":"https:\/\/www.dakarmania.cz\/","logo":{"@type":"ImageObject","inLanguage":"cs","@id":"https:\/\/www.dakarmania.cz\/#\/schema\/logo\/image\/","url":"https:\/\/www.dakarmania.cz\/wp-content\/uploads\/2018\/12\/Dakar-Mania-Logo-Square-Orange.png","contentUrl":"https:\/\/www.dakarmania.cz\/wp-content\/uploads\/2018\/12\/Dakar-Mania-Logo-Square-Orange.png","width":992,"height":992,"caption":"DAKAR MANIA"},"image":{"@id":"https:\/\/www.dakarmania.cz\/#\/schema\/logo\/image\/"},"sameAs":["https:\/\/www.facebook.com\/dakarmania\/"]},{"@type":"Person","@id":"https:\/\/www.dakarmania.cz\/#\/schema\/person\/04eb0e87a389631c2169c0dddae7ff1e","name":"Zden\u011bk Zelenka","image":{"@type":"ImageObject","inLanguage":"cs","@id":"https:\/\/www.dakarmania.cz\/#\/schema\/person\/image\/","url":"https:\/\/secure.gravatar.com\/avatar\/2c80d5a4942fe0900b73cc7d3837a509d6ee0a276a2b76dac95c92bd0763a89b?s=96&d=mm&r=g","contentUrl":"https:\/\/secure.gravatar.com\/avatar\/2c80d5a4942fe0900b73cc7d3837a509d6ee0a276a2b76dac95c92bd0763a89b?s=96&d=mm&r=g","caption":"Zden\u011bk Zelenka"},"description":"Moji d\u011bt\u0161t\u00ed hrdinov\u00e9 se jmenovali Loprais, Moskal, Neveu, Vatanen, Rahier... A tihle borci, jejich n\u00e1sledovn\u00edci a jejich p\u0159\u00edb\u011bhy m\u011b nep\u0159estali fascinovat ani po letech, kdy jsem vyrostl a zam\u011bstn\u00e1valy m\u011b jin\u00e9 discipl\u00edny motorsportu. Proto se zrodila DAKARMANIA.","url":"https:\/\/www.dakarmania.cz\/index.php\/author\/dakarmania\/"}]}},"amp_enabled":true,"_links":{"self":[{"href":"https:\/\/www.dakarmania.cz\/index.php\/wp-json\/wp\/v2\/posts\/7394","targetHints":{"allow":["GET"]}}],"collection":[{"href":"https:\/\/www.dakarmania.cz\/index.php\/wp-json\/wp\/v2\/posts"}],"about":[{"href":"https:\/\/www.dakarmania.cz\/index.php\/wp-json\/wp\/v2\/types\/post"}],"author":[{"embeddable":true,"href":"https:\/\/www.dakarmania.cz\/index.php\/wp-json\/wp\/v2\/users\/1"}],"replies":[{"embeddable":true,"href":"https:\/\/www.dakarmania.cz\/index.php\/wp-json\/wp\/v2\/comments?post=7394"}],"version-history":[{"count":11,"href":"https:\/\/www.dakarmania.cz\/index.php\/wp-json\/wp\/v2\/posts\/7394\/revisions"}],"predecessor-version":[{"id":13263,"href":"https:\/\/www.dakarmania.cz\/index.php\/wp-json\/wp\/v2\/posts\/7394\/revisions\/13263"}],"wp:featuredmedia":[{"embeddable":true,"href":"https:\/\/www.dakarmania.cz\/index.php\/wp-json\/wp\/v2\/media\/7393"}],"wp:attachment":[{"href":"https:\/\/www.dakarmania.cz\/index.php\/wp-json\/wp\/v2\/media?parent=7394"}],"wp:term":[{"taxonomy":"category","embeddable":true,"href":"https:\/\/www.dakarmania.cz\/index.php\/wp-json\/wp\/v2\/categories?post=7394"},{"taxonomy":"post_tag","embeddable":true,"href":"https:\/\/www.dakarmania.cz\/index.php\/wp-json\/wp\/v2\/tags?post=7394"}],"curies":[{"name":"wp","href":"https:\/\/api.w.org\/{rel}","templated":true}]}}