{"id":7433,"date":"2019-06-15T14:50:38","date_gmt":"2019-06-15T12:50:38","guid":{"rendered":"https:\/\/www.dakarmania.cz\/?p=7433"},"modified":"2023-02-10T08:37:43","modified_gmt":"2023-02-10T07:37:43","slug":"italian-baja-seznam-prihlasenych","status":"publish","type":"post","link":"https:\/\/www.dakarmania.cz\/index.php\/2019\/06\/15\/italian-baja-seznam-prihlasenych\/","title":{"rendered":"Italian Baja: Martin Prokop mezi hlavn\u00edmi favority"},"content":{"rendered":"<p>[vc_row][vc_column][vc_column_text]<\/p>\n<h4>Martin Prokop pat\u0159\u00ed p\u0159ed startem Italian Baja 2019 do skupiny nejv\u011bt\u0161\u00edch favorit\u016f. Proti sob\u011b v\u0161ak bude m\u00edt velmi kvalitn\u00ed soupe\u0159e. Nechyb\u00ed mezi nimi p\u0159edchoz\u00ed v\u00edt\u011bzov\u00e9 italsk\u00e9ho z\u00e1vodu, ani hlavn\u00ed protagonist\u00e9 leto\u0161n\u00ed sezony.<\/h4>\n<p><a href=\"\/index.php\/souteze\/italian-baja-2019\/\">Italian Baja<\/a> je t\u0159et\u00edm podnikem <a href=\"\/index.php\/sampionaty\/svetovy-pohar-fia-v-cross-country-bajach-2019\/\">Sv\u011btov\u00e9ho poh\u00e1ru FIA v cross-country baj\u00e1ch<\/a>, ale zapo\u010d\u00edt\u00e1v\u00e1 se tak\u00e9 do st\u0159edoevropsk\u00e9ho a italsk\u00e9ho \u0161ampion\u00e1tu. D\u00edky tomu je do sout\u011b\u017ee p\u0159ihl\u00e1\u0161eno 56 pos\u00e1dek.<\/p>\n<h4>Prokop s Tom\u00e1nkem po \u010dase op\u011bt spolu<\/h4>\n<p>\u010cesk\u00e9 barvy mezi nimi budou h\u00e1jit <a href=\"\/index.php\/osobnosti\/martin-prokop\/\">Martin Prokop<\/a> s <a href=\"\/index.php\/osobnosti\/jan-tomanek\/\">Janem Tom\u00e1nkem<\/a>. Dvojice t\u00fdmu MP-Sports p\u0159ed rokem vybojovala v okol\u00ed Pordenone druh\u00e9 m\u00edsto a do skupinky hlavn\u00edch uchaze\u010d\u016f o nejvy\u0161\u0161\u00ed p\u0159\u00ed\u010dky n\u00e1le\u017e\u00ed i letos. V cross-country z\u00e1vod\u011b se Prokop s Tom\u00e1nkem spole\u010dn\u011b p\u0159edstav\u00ed poprv\u00e9 od lednov\u00e9ho <a href=\"\/index.php\/souteze\/dakar-2019\/\">Dakaru<\/a>, ov\u0161em po d\u016fkladn\u00e9 rozcvi\u010dce. T\u00fdden p\u0159ed italskou bajou odstartovali s Fiestou WRC do sout\u011b\u017ee mistrovstv\u00ed sv\u011bta v rally na Sardinii.<\/p>\n<p>Jihlavsk\u00fd z\u00e1vodn\u00edk hned po Dakaru deklaroval, \u017ee letos pojede pouze vybran\u00e9 z\u00e1vody a t\u00fdm se bude hlavn\u011b soust\u0159edit na dal\u0161\u00ed v\u00fdvoj Fordu F-150 Evo. Ve sv\u011btov\u00e9m poh\u00e1ru v baj\u00e1ch startoval zat\u00edm jen jednou. Se zaskakuj\u00edc\u00edm navig\u00e1torem <a href=\"\/index.php\/osobnosti\/david-kripal\/\">Davidem K\u0159\u00edpalem<\/a>\u00a0z\u00edskali v <a href=\"\/index.php\/sampionaty\/svetovy-pohar-fia-v-cross-country-bajach-2019\/dubai-international-baja-2019\/\">Dubaji<\/a>\u00a0bronz.[\/vc_column_text][vc_single_image image=&#8221;7437&#8243; img_size=&#8221;large&#8221; add_caption=&#8221;yes&#8221; alignment=&#8221;center&#8221;][vc_column_text]<\/p>\n<h4>Souboj o veden\u00ed ve sv\u011btov\u00e9m poh\u00e1ru<\/h4>\n<p>Favoritem \u010d\u00edslo jedna je <a href=\"\/index.php\/osobnosti\/kuba-przygonski\/\">Kuba Przygo\u0144ski<\/a>. Na severov\u00fdchod\u011b It\u00e1lie se op\u011bt p\u0159edstav\u00ed s Mini JCW Rally, za jeho\u017e volantem ovl\u00e1dl dva p\u0159edchoz\u00ed ro\u010dn\u00edky sout\u011b\u017ee. V roce 2014 zde v\u00edt\u011bzstv\u00ed slavil tak\u00e9 spolujezdec <a href=\"\/index.php\/osobnosti\/timo-gottschalk\/\">Timo Gottschalk<\/a> z N\u011bmecka, jen\u017e letos po Pol\u00e1kov\u011b boku vyst\u0159\u00eddal Belgi\u010dana Toma Colsoula.<\/p>\n<p>Pos\u00e1dka Orlen Teamu vynechala \u00favodn\u00ed <a href=\"\/index.php\/sampionaty\/svetovy-pohar-fia-v-cross-country-bajach-2019\/baja-russia-northern-forest-2019\/\">ruskou baju<\/a>, ale <a href=\"\/index.php\/2019\/03\/09\/przygonski-vyhral-s-buggy\/\">v Dubaji zv\u00edt\u011bzila<\/a>. Zat\u00edmco ve <a href=\"\/index.php\/sampionaty\/svetovy-pohar-fia-v-cross-country-rally-2019\/\">Sv\u011btov\u00e9m poh\u00e1ru FIA v cross-country rally<\/a> u\u017e Przygo\u0144ski o obhajobu lo\u0148sk\u00e9ho titulu usilovat nem\u016f\u017ee, v seri\u00e1lu krat\u0161\u00edch sout\u011b\u017e\u00ed je na tom velmi dob\u0159e: na leadera pr\u016fb\u011b\u017en\u00e9ho po\u0159ad\u00ed ztr\u00e1c\u00ed pouh\u00e9 t\u0159i body.<\/p>\n<p>D\u00edky bod\u016fm za druh\u00e9 m\u00edsto na Baja Russia a \u010dtvrt\u00e9 na Dubai International Baja p\u0159ij\u00ed\u017ed\u00ed ke t\u0159et\u00edmu podniku sezony jako vedouc\u00ed mu\u017e sv\u011btov\u00e9ho poh\u00e1ru <a href=\"\/index.php\/osobnosti\/vladimir-vasiljev\/\">Vladimir Vasiljev<\/a>. Rus se p\u0159edstav\u00ed s Toyotou Hilux a pokus\u00ed se nav\u00e1zat na sv\u016fj triumf, kter\u00fd na Italian Baja slavil v roce 2012. P\u0159ed rokem skon\u010dil \u010dtvrt\u00fd, kdy\u017e se p\u0159ed n\u011bj krom\u011b Przygo\u0144sk\u00e9ho a Prokopa prosadil je\u0161t\u011b <a href=\"\/index.php\/osobnosti\/miroslav-zapletal\/\">Miroslav Zapletal<\/a>.[\/vc_column_text][vc_single_image image=&#8221;4199&#8243; img_size=&#8221;large&#8221; add_caption=&#8221;yes&#8221; alignment=&#8221;center&#8221;][vc_column_text]<\/p>\n<h4>\u010cern\u00ed kon\u011b<\/h4>\n<p>Na Toyotu spol\u00e9h\u00e1 tak\u00e9 Benediktas Vanagas. Litevec letos ve sv\u011btov\u00e9m poh\u00e1ru v baj\u00e1ch startuje zat\u00edm pravideln\u011b a pr\u016fb\u011b\u017en\u011b je \u010dtvrt\u00fd se sedmibodov\u00fdm odstupem od Vasiljeva.<\/p>\n<p>A zapomenout bychom nem\u011bli na Argentince Orlanda Terranovu, kter\u00fd se poprv\u00e9 od lednov\u00e9ho Dakaru vrac\u00ed za volant Mini JCW Rally z d\u00edlen n\u011bmeck\u00e9ho X-raidu,\u00a0ani na Andreje Novikova. Rusk\u00fd jezdec bodoval se speci\u00e1lem G-Force Bars p\u0159i obou \u00favodn\u00edch podnic\u00edch sv\u011btov\u00e9ho poh\u00e1ru a v tabulce sv\u011btov\u00e9ho poh\u00e1ru figuruje na \u0161est\u00e9 pozici.[\/vc_column_text][vc_single_image image=&#8221;2571&#8243; img_size=&#8221;large&#8221; add_caption=&#8221;yes&#8221; alignment=&#8221;center&#8221;][vc_column_text]<\/p>\n<h4>Petr Hoz\u00e1k restartuje sv\u016fj cross-country projekt<\/h4>\n<p>Jm\u00e9no Petra Hoz\u00e1ka je dob\u0159e zn\u00e1m\u00e9 fanou\u0161k\u016fm klasick\u00fdch rally. Z\u00e1pado\u010desk\u00fd z\u00e1vodn\u00edk loni sb\u00edral prvn\u00ed zku\u0161enosti p\u0159i mezin\u00e1rodn\u00edch baj\u00e1ch v <a href=\"\/index.php\/2018\/09\/01\/narocnou-baja-poland-vyhral-przygonski-hozak-pri-premiere-sesty\/\">Polsku<\/a> a <a href=\"\/index.php\/2018\/10\/29\/petr-hozak-v-portugalsku-nedojel-presto-je-s-vykonem-spokojeny\/\">Portugalsku<\/a>. Te\u010f se do koloto\u010de sv\u011btov\u00e9ho poh\u00e1ru vrac\u00ed. <a href=\"\/index.php\/osobnosti\/marek-sykora\/\">Marka S\u00fdkoru<\/a>, kter\u00fd je letos vyt\u00ed\u017een starty s mimo\u0159\u00e1dn\u011b aktivn\u00edm Miroslavem Zapletalem, nahrad\u00ed na m\u00edst\u011b spolujezdce Ren\u00e9 Kilian, jen\u017e m\u00e1 na sv\u00e9m kont\u011b krom\u011b jin\u00e9ho n\u011bkolik start\u016f na Dakaru po boku Martina Kolom\u00e9ho. Italsk\u00e1 baja bude pro pos\u00e1dku Hummeru H3 RS hlavn\u011b o hled\u00e1n\u00ed prvotn\u00ed souhry a testov\u00e1n\u00ed v\u0161ech str\u00e1nek nov\u011b reorganizovan\u00e9ho t\u00fdmu.<\/p>\n<p>Italian Baja 2019 odstartuje kr\u00e1tkou superspeci\u00e1lkou v p\u00e1tek 21. \u010dervna. V sobotu a v ned\u011bli je na programu dal\u0161\u00edch p\u011bt rychlostn\u00edch zkou\u0161ek. Celkem sout\u011b\u017e m\u011b\u0159\u00ed 827 kilometr\u016f, z nich\u017e by se 431 m\u011blo jet na \u010das.[\/vc_column_text][vc_btn title=&#8221;Italian Baja 2019: SEZNAM P\u0158IHL\u00c1\u0160EN\u00ddCH&#8221; style=&#8221;outline&#8221; shape=&#8221;square&#8221; color=&#8221;warning&#8221; size=&#8221;sm&#8221; align=&#8221;center&#8221; i_icon_fontawesome=&#8221;fa fa-list&#8221; button_block=&#8221;true&#8221; add_icon=&#8221;true&#8221; link=&#8221;url:%2Fwp-content%2Fuploads%2F2019%2F06%2F190615-italian-baja-entry-list.pdf||target:%20_blank|rel:nofollow&#8221;][\/vc_column][\/vc_row]<\/p>\n","protected":false},"excerpt":{"rendered":"<p>Martin Prokop pat\u0159\u00ed p\u0159ed startem Italian Baja 2019 do skupiny nejv\u011bt\u0161\u00edch favorit\u016f. Proti sob\u011b v\u0161ak bude m\u00edt velmi kvalitn\u00ed soupe\u0159e.<\/p>\n","protected":false},"author":1,"featured_media":7432,"comment_status":"closed","ping_status":"closed","sticky":false,"template":"","format":"standard","meta":{"footnotes":""},"categories":[3,98,1099],"tags":[425,307,312,11,309,258,1164,1163,6,288,5,219,4,1165,291,257,262,1166,106,445,290,201,305,220],"class_list":["post-7433","post","type-post","status-publish","format-standard","has-post-thumbnail","hentry","category-auto","category-fia-baja","category-italian-baja","tag-425","tag-andrej-novikov","tag-benediktas-vanagas","tag-ford","tag-g-force-bars","tag-hummer","tag-italian-baja","tag-italian-baja-2019","tag-jan-tomanek","tag-kuba-przygonski","tag-martin-prokop","tag-mini","tag-mp-sports","tag-orlando-terranova","tag-orlen-team","tag-petr-hozak","tag-pubblicita-racing","tag-rene-kilian","tag-sp-fia-baja","tag-sp-fia-baja-2019","tag-timo-gottschalk","tag-toyota","tag-vladimir-vasiljev","tag-x-raid"],"yoast_head":"<!-- This site is optimized with the Yoast SEO plugin v24.9 - https:\/\/yoast.com\/wordpress\/plugins\/seo\/ -->\n<title>Italian Baja: Martin Prokop mezi hlavn\u00edmi favority - DAKARMANIA.cz<\/title>\n<meta name=\"description\" content=\"Martin Prokop pat\u0159\u00ed p\u0159ed startem Italian Baja 2019 do skupiny nejv\u011bt\u0161\u00edch favorit\u016f. Proti sob\u011b v\u0161ak bude m\u00edt velmi kvalitn\u00ed soupe\u0159e.\" \/>\n<meta name=\"robots\" content=\"index, follow, max-snippet:-1, max-image-preview:large, max-video-preview:-1\" \/>\n<link rel=\"canonical\" href=\"https:\/\/www.dakarmania.cz\/index.php\/2019\/06\/15\/italian-baja-seznam-prihlasenych\/\" \/>\n<meta property=\"og:locale\" content=\"cs_CZ\" \/>\n<meta property=\"og:type\" content=\"article\" \/>\n<meta property=\"og:title\" content=\"Italian Baja: Martin Prokop mezi hlavn\u00edmi favority - DAKARMANIA.cz\" \/>\n<meta property=\"og:description\" content=\"Martin Prokop pat\u0159\u00ed p\u0159ed startem Italian Baja 2019 do skupiny nejv\u011bt\u0161\u00edch favorit\u016f. Proti sob\u011b v\u0161ak bude m\u00edt velmi kvalitn\u00ed soupe\u0159e.\" \/>\n<meta property=\"og:url\" content=\"https:\/\/www.dakarmania.cz\/index.php\/2019\/06\/15\/italian-baja-seznam-prihlasenych\/\" \/>\n<meta property=\"og:site_name\" content=\"DAKARMANIA.cz\" \/>\n<meta property=\"article:publisher\" content=\"https:\/\/www.facebook.com\/dakarmania\/\" \/>\n<meta property=\"article:published_time\" content=\"2019-06-15T12:50:38+00:00\" \/>\n<meta property=\"article:modified_time\" content=\"2023-02-10T07:37:43+00:00\" \/>\n<meta property=\"og:image\" content=\"https:\/\/www.dakarmania.cz\/wp-content\/uploads\/2019\/06\/18-baja-italia-prokop-01.jpg\" \/>\n\t<meta property=\"og:image:width\" content=\"1600\" \/>\n\t<meta property=\"og:image:height\" content=\"1066\" \/>\n\t<meta property=\"og:image:type\" content=\"image\/jpeg\" \/>\n<meta name=\"author\" content=\"Zden\u011bk Zelenka\" \/>\n<meta name=\"twitter:card\" content=\"summary_large_image\" \/>\n<meta name=\"twitter:label1\" content=\"Napsal(a)\" \/>\n\t<meta name=\"twitter:data1\" content=\"Zden\u011bk Zelenka\" \/>\n\t<meta name=\"twitter:label2\" content=\"Odhadovan\u00e1 doba \u010dten\u00ed\" \/>\n\t<meta name=\"twitter:data2\" content=\"4 minuty\" \/>\n<script type=\"application\/ld+json\" class=\"yoast-schema-graph\">{\"@context\":\"https:\/\/schema.org\",\"@graph\":[{\"@type\":\"Article\",\"@id\":\"https:\/\/www.dakarmania.cz\/index.php\/2019\/06\/15\/italian-baja-seznam-prihlasenych\/#article\",\"isPartOf\":{\"@id\":\"https:\/\/www.dakarmania.cz\/index.php\/2019\/06\/15\/italian-baja-seznam-prihlasenych\/\"},\"author\":{\"name\":\"Zden\u011bk Zelenka\",\"@id\":\"https:\/\/www.dakarmania.cz\/#\/schema\/person\/04eb0e87a389631c2169c0dddae7ff1e\"},\"headline\":\"Italian Baja: Martin Prokop mezi hlavn\u00edmi favority\",\"datePublished\":\"2019-06-15T12:50:38+00:00\",\"dateModified\":\"2023-02-10T07:37:43+00:00\",\"mainEntityOfPage\":{\"@id\":\"https:\/\/www.dakarmania.cz\/index.php\/2019\/06\/15\/italian-baja-seznam-prihlasenych\/\"},\"wordCount\":844,\"publisher\":{\"@id\":\"https:\/\/www.dakarmania.cz\/#organization\"},\"image\":{\"@id\":\"https:\/\/www.dakarmania.cz\/index.php\/2019\/06\/15\/italian-baja-seznam-prihlasenych\/#primaryimage\"},\"thumbnailUrl\":\"https:\/\/www.dakarmania.cz\/wp-content\/uploads\/2019\/06\/18-baja-italia-prokop-01.jpg\",\"keywords\":[\"2019\",\"Andrej Novikov\",\"Benediktas Vanagas\",\"Ford\",\"G-Force BARS\",\"Hummer\",\"Italian Baja\",\"Italian Baja 2019\",\"Jan Tom\u00e1nek\",\"Kuba Przygo\u0144ski\",\"Martin Prokop\",\"Mini\",\"MP-Sports\",\"Orlando Terranova\",\"Orlen Team\",\"Petr Hoz\u00e1k\",\"Pubblicita Racing\",\"Ren\u00e9 Kilian\",\"SP FIA baja\",\"SP FIA baja 2019\",\"Timo Gottschalk\",\"Toyota\",\"Vladimir Vasiljev\",\"X-raid\"],\"articleSection\":[\"Auto\",\"FIA SP baja\",\"Italian Baja\"],\"inLanguage\":\"cs\"},{\"@type\":\"WebPage\",\"@id\":\"https:\/\/www.dakarmania.cz\/index.php\/2019\/06\/15\/italian-baja-seznam-prihlasenych\/\",\"url\":\"https:\/\/www.dakarmania.cz\/index.php\/2019\/06\/15\/italian-baja-seznam-prihlasenych\/\",\"name\":\"Italian Baja: Martin Prokop mezi hlavn\u00edmi favority - DAKARMANIA.cz\",\"isPartOf\":{\"@id\":\"https:\/\/www.dakarmania.cz\/#website\"},\"primaryImageOfPage\":{\"@id\":\"https:\/\/www.dakarmania.cz\/index.php\/2019\/06\/15\/italian-baja-seznam-prihlasenych\/#primaryimage\"},\"image\":{\"@id\":\"https:\/\/www.dakarmania.cz\/index.php\/2019\/06\/15\/italian-baja-seznam-prihlasenych\/#primaryimage\"},\"thumbnailUrl\":\"https:\/\/www.dakarmania.cz\/wp-content\/uploads\/2019\/06\/18-baja-italia-prokop-01.jpg\",\"datePublished\":\"2019-06-15T12:50:38+00:00\",\"dateModified\":\"2023-02-10T07:37:43+00:00\",\"description\":\"Martin Prokop pat\u0159\u00ed p\u0159ed startem Italian Baja 2019 do skupiny nejv\u011bt\u0161\u00edch favorit\u016f. Proti sob\u011b v\u0161ak bude m\u00edt velmi kvalitn\u00ed soupe\u0159e.\",\"breadcrumb\":{\"@id\":\"https:\/\/www.dakarmania.cz\/index.php\/2019\/06\/15\/italian-baja-seznam-prihlasenych\/#breadcrumb\"},\"inLanguage\":\"cs\",\"potentialAction\":[{\"@type\":\"ReadAction\",\"target\":[\"https:\/\/www.dakarmania.cz\/index.php\/2019\/06\/15\/italian-baja-seznam-prihlasenych\/\"]}]},{\"@type\":\"ImageObject\",\"inLanguage\":\"cs\",\"@id\":\"https:\/\/www.dakarmania.cz\/index.php\/2019\/06\/15\/italian-baja-seznam-prihlasenych\/#primaryimage\",\"url\":\"https:\/\/www.dakarmania.cz\/wp-content\/uploads\/2019\/06\/18-baja-italia-prokop-01.jpg\",\"contentUrl\":\"https:\/\/www.dakarmania.cz\/wp-content\/uploads\/2019\/06\/18-baja-italia-prokop-01.jpg\",\"width\":1600,\"height\":1066,\"caption\":\"Martin Prokop\/Jan Tom\u00e1nek, Ford Raptor RS Cross-Country, MP-Sports. Italian Baja 2018. \u00a9 MP-Sports\"},{\"@type\":\"BreadcrumbList\",\"@id\":\"https:\/\/www.dakarmania.cz\/index.php\/2019\/06\/15\/italian-baja-seznam-prihlasenych\/#breadcrumb\",\"itemListElement\":[{\"@type\":\"ListItem\",\"position\":1,\"name\":\"Dom\u016f\",\"item\":\"https:\/\/www.dakarmania.cz\/\"},{\"@type\":\"ListItem\",\"position\":2,\"name\":\"Italian Baja: Martin Prokop mezi hlavn\u00edmi favority\"}]},{\"@type\":\"WebSite\",\"@id\":\"https:\/\/www.dakarmania.cz\/#website\",\"url\":\"https:\/\/www.dakarmania.cz\/\",\"name\":\"DAKARMANIA.cz\",\"description\":\"\u017dijeme Dakarem cel\u00fd rok\",\"publisher\":{\"@id\":\"https:\/\/www.dakarmania.cz\/#organization\"},\"potentialAction\":[{\"@type\":\"SearchAction\",\"target\":{\"@type\":\"EntryPoint\",\"urlTemplate\":\"https:\/\/www.dakarmania.cz\/?s={search_term_string}\"},\"query-input\":{\"@type\":\"PropertyValueSpecification\",\"valueRequired\":true,\"valueName\":\"search_term_string\"}}],\"inLanguage\":\"cs\"},{\"@type\":\"Organization\",\"@id\":\"https:\/\/www.dakarmania.cz\/#organization\",\"name\":\"DAKAR MANIA\",\"url\":\"https:\/\/www.dakarmania.cz\/\",\"logo\":{\"@type\":\"ImageObject\",\"inLanguage\":\"cs\",\"@id\":\"https:\/\/www.dakarmania.cz\/#\/schema\/logo\/image\/\",\"url\":\"https:\/\/www.dakarmania.cz\/wp-content\/uploads\/2018\/12\/Dakar-Mania-Logo-Square-Orange.png\",\"contentUrl\":\"https:\/\/www.dakarmania.cz\/wp-content\/uploads\/2018\/12\/Dakar-Mania-Logo-Square-Orange.png\",\"width\":992,\"height\":992,\"caption\":\"DAKAR MANIA\"},\"image\":{\"@id\":\"https:\/\/www.dakarmania.cz\/#\/schema\/logo\/image\/\"},\"sameAs\":[\"https:\/\/www.facebook.com\/dakarmania\/\"]},{\"@type\":\"Person\",\"@id\":\"https:\/\/www.dakarmania.cz\/#\/schema\/person\/04eb0e87a389631c2169c0dddae7ff1e\",\"name\":\"Zden\u011bk Zelenka\",\"image\":{\"@type\":\"ImageObject\",\"inLanguage\":\"cs\",\"@id\":\"https:\/\/www.dakarmania.cz\/#\/schema\/person\/image\/\",\"url\":\"https:\/\/secure.gravatar.com\/avatar\/2c80d5a4942fe0900b73cc7d3837a509d6ee0a276a2b76dac95c92bd0763a89b?s=96&d=mm&r=g\",\"contentUrl\":\"https:\/\/secure.gravatar.com\/avatar\/2c80d5a4942fe0900b73cc7d3837a509d6ee0a276a2b76dac95c92bd0763a89b?s=96&d=mm&r=g\",\"caption\":\"Zden\u011bk Zelenka\"},\"description\":\"Moji d\u011bt\u0161t\u00ed hrdinov\u00e9 se jmenovali Loprais, Moskal, Neveu, Vatanen, Rahier... A tihle borci, jejich n\u00e1sledovn\u00edci a jejich p\u0159\u00edb\u011bhy m\u011b nep\u0159estali fascinovat ani po letech, kdy jsem vyrostl a zam\u011bstn\u00e1valy m\u011b jin\u00e9 discipl\u00edny motorsportu. Proto se zrodila DAKARMANIA.\",\"url\":\"https:\/\/www.dakarmania.cz\/index.php\/author\/dakarmania\/\"}]}<\/script>\n<!-- \/ Yoast SEO plugin. -->","yoast_head_json":{"title":"Italian Baja: Martin Prokop mezi hlavn\u00edmi favority - DAKARMANIA.cz","description":"Martin Prokop pat\u0159\u00ed p\u0159ed startem Italian Baja 2019 do skupiny nejv\u011bt\u0161\u00edch favorit\u016f. Proti sob\u011b v\u0161ak bude m\u00edt velmi kvalitn\u00ed soupe\u0159e.","robots":{"index":"index","follow":"follow","max-snippet":"max-snippet:-1","max-image-preview":"max-image-preview:large","max-video-preview":"max-video-preview:-1"},"canonical":"https:\/\/www.dakarmania.cz\/index.php\/2019\/06\/15\/italian-baja-seznam-prihlasenych\/","og_locale":"cs_CZ","og_type":"article","og_title":"Italian Baja: Martin Prokop mezi hlavn\u00edmi favority - DAKARMANIA.cz","og_description":"Martin Prokop pat\u0159\u00ed p\u0159ed startem Italian Baja 2019 do skupiny nejv\u011bt\u0161\u00edch favorit\u016f. Proti sob\u011b v\u0161ak bude m\u00edt velmi kvalitn\u00ed soupe\u0159e.","og_url":"https:\/\/www.dakarmania.cz\/index.php\/2019\/06\/15\/italian-baja-seznam-prihlasenych\/","og_site_name":"DAKARMANIA.cz","article_publisher":"https:\/\/www.facebook.com\/dakarmania\/","article_published_time":"2019-06-15T12:50:38+00:00","article_modified_time":"2023-02-10T07:37:43+00:00","og_image":[{"width":1600,"height":1066,"url":"https:\/\/www.dakarmania.cz\/wp-content\/uploads\/2019\/06\/18-baja-italia-prokop-01.jpg","type":"image\/jpeg"}],"author":"Zden\u011bk Zelenka","twitter_card":"summary_large_image","twitter_misc":{"Napsal(a)":"Zden\u011bk Zelenka","Odhadovan\u00e1 doba \u010dten\u00ed":"4 minuty"},"schema":{"@context":"https:\/\/schema.org","@graph":[{"@type":"Article","@id":"https:\/\/www.dakarmania.cz\/index.php\/2019\/06\/15\/italian-baja-seznam-prihlasenych\/#article","isPartOf":{"@id":"https:\/\/www.dakarmania.cz\/index.php\/2019\/06\/15\/italian-baja-seznam-prihlasenych\/"},"author":{"name":"Zden\u011bk Zelenka","@id":"https:\/\/www.dakarmania.cz\/#\/schema\/person\/04eb0e87a389631c2169c0dddae7ff1e"},"headline":"Italian Baja: Martin Prokop mezi hlavn\u00edmi favority","datePublished":"2019-06-15T12:50:38+00:00","dateModified":"2023-02-10T07:37:43+00:00","mainEntityOfPage":{"@id":"https:\/\/www.dakarmania.cz\/index.php\/2019\/06\/15\/italian-baja-seznam-prihlasenych\/"},"wordCount":844,"publisher":{"@id":"https:\/\/www.dakarmania.cz\/#organization"},"image":{"@id":"https:\/\/www.dakarmania.cz\/index.php\/2019\/06\/15\/italian-baja-seznam-prihlasenych\/#primaryimage"},"thumbnailUrl":"https:\/\/www.dakarmania.cz\/wp-content\/uploads\/2019\/06\/18-baja-italia-prokop-01.jpg","keywords":["2019","Andrej Novikov","Benediktas Vanagas","Ford","G-Force BARS","Hummer","Italian Baja","Italian Baja 2019","Jan Tom\u00e1nek","Kuba Przygo\u0144ski","Martin Prokop","Mini","MP-Sports","Orlando Terranova","Orlen Team","Petr Hoz\u00e1k","Pubblicita Racing","Ren\u00e9 Kilian","SP FIA baja","SP FIA baja 2019","Timo Gottschalk","Toyota","Vladimir Vasiljev","X-raid"],"articleSection":["Auto","FIA SP baja","Italian Baja"],"inLanguage":"cs"},{"@type":"WebPage","@id":"https:\/\/www.dakarmania.cz\/index.php\/2019\/06\/15\/italian-baja-seznam-prihlasenych\/","url":"https:\/\/www.dakarmania.cz\/index.php\/2019\/06\/15\/italian-baja-seznam-prihlasenych\/","name":"Italian Baja: Martin Prokop mezi hlavn\u00edmi favority - DAKARMANIA.cz","isPartOf":{"@id":"https:\/\/www.dakarmania.cz\/#website"},"primaryImageOfPage":{"@id":"https:\/\/www.dakarmania.cz\/index.php\/2019\/06\/15\/italian-baja-seznam-prihlasenych\/#primaryimage"},"image":{"@id":"https:\/\/www.dakarmania.cz\/index.php\/2019\/06\/15\/italian-baja-seznam-prihlasenych\/#primaryimage"},"thumbnailUrl":"https:\/\/www.dakarmania.cz\/wp-content\/uploads\/2019\/06\/18-baja-italia-prokop-01.jpg","datePublished":"2019-06-15T12:50:38+00:00","dateModified":"2023-02-10T07:37:43+00:00","description":"Martin Prokop pat\u0159\u00ed p\u0159ed startem Italian Baja 2019 do skupiny nejv\u011bt\u0161\u00edch favorit\u016f. Proti sob\u011b v\u0161ak bude m\u00edt velmi kvalitn\u00ed soupe\u0159e.","breadcrumb":{"@id":"https:\/\/www.dakarmania.cz\/index.php\/2019\/06\/15\/italian-baja-seznam-prihlasenych\/#breadcrumb"},"inLanguage":"cs","potentialAction":[{"@type":"ReadAction","target":["https:\/\/www.dakarmania.cz\/index.php\/2019\/06\/15\/italian-baja-seznam-prihlasenych\/"]}]},{"@type":"ImageObject","inLanguage":"cs","@id":"https:\/\/www.dakarmania.cz\/index.php\/2019\/06\/15\/italian-baja-seznam-prihlasenych\/#primaryimage","url":"https:\/\/www.dakarmania.cz\/wp-content\/uploads\/2019\/06\/18-baja-italia-prokop-01.jpg","contentUrl":"https:\/\/www.dakarmania.cz\/wp-content\/uploads\/2019\/06\/18-baja-italia-prokop-01.jpg","width":1600,"height":1066,"caption":"Martin Prokop\/Jan Tom\u00e1nek, Ford Raptor RS Cross-Country, MP-Sports. Italian Baja 2018. \u00a9 MP-Sports"},{"@type":"BreadcrumbList","@id":"https:\/\/www.dakarmania.cz\/index.php\/2019\/06\/15\/italian-baja-seznam-prihlasenych\/#breadcrumb","itemListElement":[{"@type":"ListItem","position":1,"name":"Dom\u016f","item":"https:\/\/www.dakarmania.cz\/"},{"@type":"ListItem","position":2,"name":"Italian Baja: Martin Prokop mezi hlavn\u00edmi favority"}]},{"@type":"WebSite","@id":"https:\/\/www.dakarmania.cz\/#website","url":"https:\/\/www.dakarmania.cz\/","name":"DAKARMANIA.cz","description":"\u017dijeme Dakarem cel\u00fd rok","publisher":{"@id":"https:\/\/www.dakarmania.cz\/#organization"},"potentialAction":[{"@type":"SearchAction","target":{"@type":"EntryPoint","urlTemplate":"https:\/\/www.dakarmania.cz\/?s={search_term_string}"},"query-input":{"@type":"PropertyValueSpecification","valueRequired":true,"valueName":"search_term_string"}}],"inLanguage":"cs"},{"@type":"Organization","@id":"https:\/\/www.dakarmania.cz\/#organization","name":"DAKAR MANIA","url":"https:\/\/www.dakarmania.cz\/","logo":{"@type":"ImageObject","inLanguage":"cs","@id":"https:\/\/www.dakarmania.cz\/#\/schema\/logo\/image\/","url":"https:\/\/www.dakarmania.cz\/wp-content\/uploads\/2018\/12\/Dakar-Mania-Logo-Square-Orange.png","contentUrl":"https:\/\/www.dakarmania.cz\/wp-content\/uploads\/2018\/12\/Dakar-Mania-Logo-Square-Orange.png","width":992,"height":992,"caption":"DAKAR MANIA"},"image":{"@id":"https:\/\/www.dakarmania.cz\/#\/schema\/logo\/image\/"},"sameAs":["https:\/\/www.facebook.com\/dakarmania\/"]},{"@type":"Person","@id":"https:\/\/www.dakarmania.cz\/#\/schema\/person\/04eb0e87a389631c2169c0dddae7ff1e","name":"Zden\u011bk Zelenka","image":{"@type":"ImageObject","inLanguage":"cs","@id":"https:\/\/www.dakarmania.cz\/#\/schema\/person\/image\/","url":"https:\/\/secure.gravatar.com\/avatar\/2c80d5a4942fe0900b73cc7d3837a509d6ee0a276a2b76dac95c92bd0763a89b?s=96&d=mm&r=g","contentUrl":"https:\/\/secure.gravatar.com\/avatar\/2c80d5a4942fe0900b73cc7d3837a509d6ee0a276a2b76dac95c92bd0763a89b?s=96&d=mm&r=g","caption":"Zden\u011bk Zelenka"},"description":"Moji d\u011bt\u0161t\u00ed hrdinov\u00e9 se jmenovali Loprais, Moskal, Neveu, Vatanen, Rahier... A tihle borci, jejich n\u00e1sledovn\u00edci a jejich p\u0159\u00edb\u011bhy m\u011b nep\u0159estali fascinovat ani po letech, kdy jsem vyrostl a zam\u011bstn\u00e1valy m\u011b jin\u00e9 discipl\u00edny motorsportu. Proto se zrodila DAKARMANIA.","url":"https:\/\/www.dakarmania.cz\/index.php\/author\/dakarmania\/"}]}},"amp_enabled":true,"_links":{"self":[{"href":"https:\/\/www.dakarmania.cz\/index.php\/wp-json\/wp\/v2\/posts\/7433","targetHints":{"allow":["GET"]}}],"collection":[{"href":"https:\/\/www.dakarmania.cz\/index.php\/wp-json\/wp\/v2\/posts"}],"about":[{"href":"https:\/\/www.dakarmania.cz\/index.php\/wp-json\/wp\/v2\/types\/post"}],"author":[{"embeddable":true,"href":"https:\/\/www.dakarmania.cz\/index.php\/wp-json\/wp\/v2\/users\/1"}],"replies":[{"embeddable":true,"href":"https:\/\/www.dakarmania.cz\/index.php\/wp-json\/wp\/v2\/comments?post=7433"}],"version-history":[{"count":11,"href":"https:\/\/www.dakarmania.cz\/index.php\/wp-json\/wp\/v2\/posts\/7433\/revisions"}],"predecessor-version":[{"id":13277,"href":"https:\/\/www.dakarmania.cz\/index.php\/wp-json\/wp\/v2\/posts\/7433\/revisions\/13277"}],"wp:featuredmedia":[{"embeddable":true,"href":"https:\/\/www.dakarmania.cz\/index.php\/wp-json\/wp\/v2\/media\/7432"}],"wp:attachment":[{"href":"https:\/\/www.dakarmania.cz\/index.php\/wp-json\/wp\/v2\/media?parent=7433"}],"wp:term":[{"taxonomy":"category","embeddable":true,"href":"https:\/\/www.dakarmania.cz\/index.php\/wp-json\/wp\/v2\/categories?post=7433"},{"taxonomy":"post_tag","embeddable":true,"href":"https:\/\/www.dakarmania.cz\/index.php\/wp-json\/wp\/v2\/tags?post=7433"}],"curies":[{"name":"wp","href":"https:\/\/api.w.org\/{rel}","templated":true}]}}