{"id":7564,"date":"2019-06-21T13:19:10","date_gmt":"2019-06-21T11:19:10","guid":{"rendered":"https:\/\/www.dakarmania.cz\/?p=7564"},"modified":"2021-08-12T16:41:32","modified_gmt":"2021-08-12T14:41:32","slug":"rallye-du-maroc-zmeny-pravidel","status":"publish","type":"post","link":"https:\/\/www.dakarmania.cz\/index.php\/2019\/06\/21\/rallye-du-maroc-zmeny-pravidel\/","title":{"rendered":"Rallye du Maroc: Zm\u011bny pravidel v dakarsk\u00e9m duchu"},"content":{"rendered":"<p>[vc_row][vc_column][vc_column_text]<\/p>\n<h4>\u0158\u00edjnov\u00e1 Rallye du Maroc p\u0159edstavuje pro z\u00e1vodn\u00edky a t\u00fdmy u\u017e tradi\u010dn\u011b v\u00edtanou p\u0159\u00edle\u017eitost k ostr\u00e9mu tr\u00e9ninku a otestov\u00e1n\u00ed techniky p\u0159ed \u0159\u00edjnovou Rally Dakar. Letos bude m\u00edt \u00fa\u010dast na sout\u011b\u017ei op\u011bt je\u0161t\u011b o n\u011bco v\u011bt\u0161\u00ed p\u0159\u00ednos. \u00da\u010dastn\u00edci poprv\u00e9 okus\u00ed n\u011bkter\u00e1 z nov\u00fdch pravidel, kter\u00e1 budou implementov\u00e1na v lednu v Sa\u00fadsk\u00e9 Ar\u00e1bii.<\/h4>\n<p>Spole\u010dnost ODC p\u0159evzala na po\u010d\u00e1tku roku 2018 po\u0159\u00e1d\u00e1n\u00ed Rallye du Maroc. V jej\u00edm \u010dele stoj\u00ed <a href=\"\/index.php\/osobnosti\/david-castera\/\">David Castera<\/a>, jen\u017e se letos z\u00e1rove\u0148 <a href=\"\/index.php\/2019\/03\/10\/castera-reditelem-dakaru\/\">stal \u0159editelem Dakaru<\/a>. Nov\u00e1 pozice ale nutn\u011b neznamenala ukon\u010den\u00ed p\u0159edchoz\u00edch aktivit. Naopak. Caster\u016fv dakarsk\u00fd t\u00fdm m\u00e1 k dispozici tak\u0159ka ide\u00e1ln\u00ed \u201epokusnou laborato\u0159\u201c. A vyu\u017e\u00edv\u00e1 ji.<\/p>\n<p>Na jak\u00e9 novinky se tedy b\u011bhem p\u011btietapov\u00e9ho z\u00e1vodu (5. a\u017e 9. \u0159\u00edjna) m\u016f\u017eeme t\u011b\u0161it?<\/p>\n<h4>Je\u0161t\u011b barevn\u011bj\u0161\u00ed roadbook<\/h4>\n<p>Barevn\u00fd roadbook p\u0159ipravili organiz\u00e1to\u0159i Rallye du Maroc u\u017e v roce 2018. Letos v n\u011bm p\u0159ibydou dal\u0161\u00ed barvy pro v\u011bt\u0161\u00ed odli\u0161en\u00ed jednotliv\u00fdch typ\u016f n\u00e1strah na trati. Druh\u00fd a t\u0159et\u00ed den bude distribuov\u00e1n pouh\u00fdch 10 minut p\u0159ed startem etapy. C\u00edlem je \u00faspora \u010dasu, kter\u00fd navig\u00e1to\u0159i dosud v\u011bnuj\u00ed p\u0159\u00edprav\u011b, i sn\u00ed\u017een\u00ed rizika podv\u00e1d\u011bn\u00ed.<\/p>\n<p><em>\u201eD\u00e1lkov\u00e9 rally jsou charakteristick\u00e9 kombinac\u00ed navigace, vytrvalosti a rychlosti. S p\u0159\u00edchodem GPS v roce 1993 za\u010dala hr\u00e1t kl\u00ed\u010dovou roli rychlost. GPS se stala naviga\u010dn\u00edm n\u00e1strojem, kter\u00fd dok\u00e1\u017eou organiz\u00e1to\u0159i jen t\u011b\u017eko kontrolovat. Chci se vr\u00e1tit do \u010das\u016f p\u0159ed GPS,\u201c<\/em> vysv\u011btluje <strong>David Castera<\/strong>. <em>\u201eJedin\u00fdm prost\u0159edkem navigace by m\u011bl b\u00fdt roadbook. GPS by m\u011bla slou\u017eit pouze organiz\u00e1tor\u016fm pro kontrolu, nikoliv jako pom\u016fcka sout\u011b\u017e\u00edc\u00edm.\u201c<\/em>[\/vc_column_text][vc_single_image image=&#8221;7562&#8243; img_size=&#8221;large&#8221; add_caption=&#8221;yes&#8221; alignment=&#8221;center&#8221;][vc_column_text]<\/p>\n<h4>Supermaratonsk\u00e1 etapa<\/h4>\n<p>T\u00fdk\u00e1 se pouze motocyklist\u016f a je modifikac\u00ed maratonsk\u00e9 etapy, jak ji po n\u011bkolik desetilet\u00ed v d\u00e1lkov\u00fdch sout\u011b\u017e\u00edch zn\u00e1me. Po p\u0159\u00edjezdu do bivaku zam\u00ed\u0159\u00ed motocyklist\u00e9 do uzav\u0159en\u00e9ho parkovi\u0161t\u011b, kde budou moci deset minut pracovat na \u00fadr\u017eb\u011b sv\u00e9ho stroje. V\u00fdm\u011bna kol je povolena pouze za cenu penalizace. Motocykly z\u016fstanou v uzav\u0159en\u00e9m parkovi\u0161ti p\u0159es noc. Z\u00e1vodn\u00edci v\u0161ak mohou vyu\u017e\u00edt z\u00e1zem\u00ed vlastn\u00edch t\u00fdm\u016f, zat\u00edmco p\u0159i klasick\u00fdch maratonsk\u00fdch etap\u00e1ch v\u011bt\u0161inou spali spole\u010dn\u011b v jedn\u00e9 m\u00edstnosti.<\/p>\n<h4>Povinn\u00e1 p\u0159est\u00e1vka b\u011bhem rychlostn\u00ed zkou\u0161ky<\/h4>\n<p>V pr\u016fb\u011bhu druh\u00e9 a \u010dtvrt\u00e9 etapy, jejich\u017e rychlostn\u00ed zkou\u0161ky m\u011b\u0159\u00ed v\u00edce ne\u017e 400 kilometr\u016f, si pos\u00e1dky automobil\u016f dop\u0159ej\u00ed povinnou patn\u00e1ctiminutovou p\u0159est\u00e1vku. Ta prob\u011bhne na m\u00edst\u011b, kde budou dotankov\u00e1vat motocyklist\u00e9. Pr\u00e1ce na voze je b\u011bhem pauzy zak\u00e1z\u00e1na. Podobn\u00e1 praxe je zn\u00e1m\u00e1 nap\u0159\u00edklad z Morocco Desert Challenge, kde je je\u0161t\u011b del\u0161\u00ed poledn\u00ed pauza sou\u010d\u00e1st\u00ed ka\u017ed\u00e9 z etap.<\/p>\n<p>Pohodln\u011bj\u0161\u00ed odpo\u010dinek motocyklist\u016f p\u0159i supermaratonsk\u00e9 etap\u011b i kr\u00e1tk\u00fd oddech pos\u00e1dek automobil\u016f v dlouh\u00fdch etap\u00e1ch maj\u00ed v\u00e9st ke sn\u00ed\u017een\u00ed \u00fanavy \u00fa\u010dastn\u00edk\u016f, a tud\u00ed\u017e ke zv\u00fd\u0161en\u00ed jejich bezpe\u010dnosti.[\/vc_column_text][\/vc_column][\/vc_row]<\/p>\n","protected":false},"excerpt":{"rendered":"<p>\u00da\u010dastn\u00edci \u0159\u00edjnov\u00e9 Rallye du Maroc poprv\u00e9 okus\u00ed n\u011bkter\u00e1 z nov\u00fdch pravidel, kter\u00e1 budou implementov\u00e1na v lednu p\u0159i Rally Dakar 2020.<\/p>\n","protected":false},"author":1,"featured_media":7563,"comment_status":"open","ping_status":"closed","sticky":false,"template":"","format":"standard","meta":{"footnotes":""},"categories":[1191],"tags":[425,159,218,1192,247],"class_list":["post-7564","post","type-post","status-publish","format-standard","has-post-thumbnail","hentry","category-rallye-du-maroc","tag-425","tag-dakar-2020","tag-david-castera","tag-rallye-du-maroc","tag-rallye-du-maroc-2019"],"yoast_head":"<!-- This site is optimized with the Yoast SEO plugin v24.9 - https:\/\/yoast.com\/wordpress\/plugins\/seo\/ -->\n<title>Rallye du Maroc: Zm\u011bny pravidel v dakarsk\u00e9m duchu - DAKARMANIA.cz<\/title>\n<meta name=\"description\" content=\"\u00da\u010dastn\u00edci \u0159\u00edjnov\u00e9 Rallye du Maroc poprv\u00e9 okus\u00ed n\u011bkter\u00e1 z nov\u00fdch pravidel, kter\u00e1 budou implementov\u00e1na v lednu p\u0159i Rally Dakar 2020.\" \/>\n<meta name=\"robots\" content=\"index, follow, max-snippet:-1, max-image-preview:large, max-video-preview:-1\" \/>\n<link rel=\"canonical\" href=\"https:\/\/www.dakarmania.cz\/index.php\/2019\/06\/21\/rallye-du-maroc-zmeny-pravidel\/\" \/>\n<meta property=\"og:locale\" content=\"cs_CZ\" \/>\n<meta property=\"og:type\" content=\"article\" \/>\n<meta property=\"og:title\" content=\"Rallye du Maroc: Zm\u011bny pravidel v dakarsk\u00e9m duchu - DAKARMANIA.cz\" \/>\n<meta property=\"og:description\" content=\"\u00da\u010dastn\u00edci \u0159\u00edjnov\u00e9 Rallye du Maroc poprv\u00e9 okus\u00ed n\u011bkter\u00e1 z nov\u00fdch pravidel, kter\u00e1 budou implementov\u00e1na v lednu p\u0159i Rally Dakar 2020.\" \/>\n<meta property=\"og:url\" content=\"https:\/\/www.dakarmania.cz\/index.php\/2019\/06\/21\/rallye-du-maroc-zmeny-pravidel\/\" \/>\n<meta property=\"og:site_name\" content=\"DAKARMANIA.cz\" \/>\n<meta property=\"article:publisher\" content=\"https:\/\/www.facebook.com\/dakarmania\/\" \/>\n<meta property=\"article:published_time\" content=\"2019-06-21T11:19:10+00:00\" \/>\n<meta property=\"article:modified_time\" content=\"2021-08-12T14:41:32+00:00\" \/>\n<meta property=\"og:image\" content=\"https:\/\/www.dakarmania.cz\/wp-content\/uploads\/2019\/06\/18-maroc-prokop-02.jpg\" \/>\n\t<meta property=\"og:image:width\" content=\"1600\" \/>\n\t<meta property=\"og:image:height\" content=\"1066\" \/>\n\t<meta property=\"og:image:type\" content=\"image\/jpeg\" \/>\n<meta name=\"author\" content=\"Zden\u011bk Zelenka\" \/>\n<meta name=\"twitter:card\" content=\"summary_large_image\" \/>\n<meta name=\"twitter:label1\" content=\"Napsal(a)\" \/>\n\t<meta name=\"twitter:data1\" content=\"Zden\u011bk Zelenka\" \/>\n\t<meta name=\"twitter:label2\" content=\"Odhadovan\u00e1 doba \u010dten\u00ed\" \/>\n\t<meta name=\"twitter:data2\" content=\"3 minuty\" \/>\n<script type=\"application\/ld+json\" class=\"yoast-schema-graph\">{\"@context\":\"https:\/\/schema.org\",\"@graph\":[{\"@type\":\"Article\",\"@id\":\"https:\/\/www.dakarmania.cz\/index.php\/2019\/06\/21\/rallye-du-maroc-zmeny-pravidel\/#article\",\"isPartOf\":{\"@id\":\"https:\/\/www.dakarmania.cz\/index.php\/2019\/06\/21\/rallye-du-maroc-zmeny-pravidel\/\"},\"author\":{\"name\":\"Zden\u011bk Zelenka\",\"@id\":\"https:\/\/www.dakarmania.cz\/#\/schema\/person\/04eb0e87a389631c2169c0dddae7ff1e\"},\"headline\":\"Rallye du Maroc: Zm\u011bny pravidel v dakarsk\u00e9m duchu\",\"datePublished\":\"2019-06-21T11:19:10+00:00\",\"dateModified\":\"2021-08-12T14:41:32+00:00\",\"mainEntityOfPage\":{\"@id\":\"https:\/\/www.dakarmania.cz\/index.php\/2019\/06\/21\/rallye-du-maroc-zmeny-pravidel\/\"},\"wordCount\":583,\"commentCount\":0,\"publisher\":{\"@id\":\"https:\/\/www.dakarmania.cz\/#organization\"},\"image\":{\"@id\":\"https:\/\/www.dakarmania.cz\/index.php\/2019\/06\/21\/rallye-du-maroc-zmeny-pravidel\/#primaryimage\"},\"thumbnailUrl\":\"https:\/\/www.dakarmania.cz\/wp-content\/uploads\/2019\/06\/18-maroc-prokop-02.jpg\",\"keywords\":[\"2019\",\"Dakar 2020\",\"David Castera\",\"Rallye du Maroc\",\"Rallye du Maroc 2019\"],\"articleSection\":[\"Rallye du Maroc\"],\"inLanguage\":\"cs\",\"potentialAction\":[{\"@type\":\"CommentAction\",\"name\":\"Comment\",\"target\":[\"https:\/\/www.dakarmania.cz\/index.php\/2019\/06\/21\/rallye-du-maroc-zmeny-pravidel\/#respond\"]}]},{\"@type\":\"WebPage\",\"@id\":\"https:\/\/www.dakarmania.cz\/index.php\/2019\/06\/21\/rallye-du-maroc-zmeny-pravidel\/\",\"url\":\"https:\/\/www.dakarmania.cz\/index.php\/2019\/06\/21\/rallye-du-maroc-zmeny-pravidel\/\",\"name\":\"Rallye du Maroc: Zm\u011bny pravidel v dakarsk\u00e9m duchu - DAKARMANIA.cz\",\"isPartOf\":{\"@id\":\"https:\/\/www.dakarmania.cz\/#website\"},\"primaryImageOfPage\":{\"@id\":\"https:\/\/www.dakarmania.cz\/index.php\/2019\/06\/21\/rallye-du-maroc-zmeny-pravidel\/#primaryimage\"},\"image\":{\"@id\":\"https:\/\/www.dakarmania.cz\/index.php\/2019\/06\/21\/rallye-du-maroc-zmeny-pravidel\/#primaryimage\"},\"thumbnailUrl\":\"https:\/\/www.dakarmania.cz\/wp-content\/uploads\/2019\/06\/18-maroc-prokop-02.jpg\",\"datePublished\":\"2019-06-21T11:19:10+00:00\",\"dateModified\":\"2021-08-12T14:41:32+00:00\",\"description\":\"\u00da\u010dastn\u00edci \u0159\u00edjnov\u00e9 Rallye du Maroc poprv\u00e9 okus\u00ed n\u011bkter\u00e1 z nov\u00fdch pravidel, kter\u00e1 budou implementov\u00e1na v lednu p\u0159i Rally Dakar 2020.\",\"breadcrumb\":{\"@id\":\"https:\/\/www.dakarmania.cz\/index.php\/2019\/06\/21\/rallye-du-maroc-zmeny-pravidel\/#breadcrumb\"},\"inLanguage\":\"cs\",\"potentialAction\":[{\"@type\":\"ReadAction\",\"target\":[\"https:\/\/www.dakarmania.cz\/index.php\/2019\/06\/21\/rallye-du-maroc-zmeny-pravidel\/\"]}]},{\"@type\":\"ImageObject\",\"inLanguage\":\"cs\",\"@id\":\"https:\/\/www.dakarmania.cz\/index.php\/2019\/06\/21\/rallye-du-maroc-zmeny-pravidel\/#primaryimage\",\"url\":\"https:\/\/www.dakarmania.cz\/wp-content\/uploads\/2019\/06\/18-maroc-prokop-02.jpg\",\"contentUrl\":\"https:\/\/www.dakarmania.cz\/wp-content\/uploads\/2019\/06\/18-maroc-prokop-02.jpg\",\"width\":1600,\"height\":1066,\"caption\":\"Martin Prokop\/Jan Tom\u00e1nek, Ford Raptor RS Cross-Country, MP-Sports. Rallye du Maroc 2018. \u00a9 MP-Sports\"},{\"@type\":\"BreadcrumbList\",\"@id\":\"https:\/\/www.dakarmania.cz\/index.php\/2019\/06\/21\/rallye-du-maroc-zmeny-pravidel\/#breadcrumb\",\"itemListElement\":[{\"@type\":\"ListItem\",\"position\":1,\"name\":\"Dom\u016f\",\"item\":\"https:\/\/www.dakarmania.cz\/\"},{\"@type\":\"ListItem\",\"position\":2,\"name\":\"Rallye du Maroc: Zm\u011bny pravidel v dakarsk\u00e9m duchu\"}]},{\"@type\":\"WebSite\",\"@id\":\"https:\/\/www.dakarmania.cz\/#website\",\"url\":\"https:\/\/www.dakarmania.cz\/\",\"name\":\"DAKARMANIA.cz\",\"description\":\"\u017dijeme Dakarem cel\u00fd rok\",\"publisher\":{\"@id\":\"https:\/\/www.dakarmania.cz\/#organization\"},\"potentialAction\":[{\"@type\":\"SearchAction\",\"target\":{\"@type\":\"EntryPoint\",\"urlTemplate\":\"https:\/\/www.dakarmania.cz\/?s={search_term_string}\"},\"query-input\":{\"@type\":\"PropertyValueSpecification\",\"valueRequired\":true,\"valueName\":\"search_term_string\"}}],\"inLanguage\":\"cs\"},{\"@type\":\"Organization\",\"@id\":\"https:\/\/www.dakarmania.cz\/#organization\",\"name\":\"DAKAR MANIA\",\"url\":\"https:\/\/www.dakarmania.cz\/\",\"logo\":{\"@type\":\"ImageObject\",\"inLanguage\":\"cs\",\"@id\":\"https:\/\/www.dakarmania.cz\/#\/schema\/logo\/image\/\",\"url\":\"https:\/\/www.dakarmania.cz\/wp-content\/uploads\/2018\/12\/Dakar-Mania-Logo-Square-Orange.png\",\"contentUrl\":\"https:\/\/www.dakarmania.cz\/wp-content\/uploads\/2018\/12\/Dakar-Mania-Logo-Square-Orange.png\",\"width\":992,\"height\":992,\"caption\":\"DAKAR MANIA\"},\"image\":{\"@id\":\"https:\/\/www.dakarmania.cz\/#\/schema\/logo\/image\/\"},\"sameAs\":[\"https:\/\/www.facebook.com\/dakarmania\/\"]},{\"@type\":\"Person\",\"@id\":\"https:\/\/www.dakarmania.cz\/#\/schema\/person\/04eb0e87a389631c2169c0dddae7ff1e\",\"name\":\"Zden\u011bk Zelenka\",\"image\":{\"@type\":\"ImageObject\",\"inLanguage\":\"cs\",\"@id\":\"https:\/\/www.dakarmania.cz\/#\/schema\/person\/image\/\",\"url\":\"https:\/\/secure.gravatar.com\/avatar\/2c80d5a4942fe0900b73cc7d3837a509d6ee0a276a2b76dac95c92bd0763a89b?s=96&d=mm&r=g\",\"contentUrl\":\"https:\/\/secure.gravatar.com\/avatar\/2c80d5a4942fe0900b73cc7d3837a509d6ee0a276a2b76dac95c92bd0763a89b?s=96&d=mm&r=g\",\"caption\":\"Zden\u011bk Zelenka\"},\"description\":\"Moji d\u011bt\u0161t\u00ed hrdinov\u00e9 se jmenovali Loprais, Moskal, Neveu, Vatanen, Rahier... A tihle borci, jejich n\u00e1sledovn\u00edci a jejich p\u0159\u00edb\u011bhy m\u011b nep\u0159estali fascinovat ani po letech, kdy jsem vyrostl a zam\u011bstn\u00e1valy m\u011b jin\u00e9 discipl\u00edny motorsportu. Proto se zrodila DAKARMANIA.\",\"url\":\"https:\/\/www.dakarmania.cz\/index.php\/author\/dakarmania\/\"}]}<\/script>\n<!-- \/ Yoast SEO plugin. -->","yoast_head_json":{"title":"Rallye du Maroc: Zm\u011bny pravidel v dakarsk\u00e9m duchu - DAKARMANIA.cz","description":"\u00da\u010dastn\u00edci \u0159\u00edjnov\u00e9 Rallye du Maroc poprv\u00e9 okus\u00ed n\u011bkter\u00e1 z nov\u00fdch pravidel, kter\u00e1 budou implementov\u00e1na v lednu p\u0159i Rally Dakar 2020.","robots":{"index":"index","follow":"follow","max-snippet":"max-snippet:-1","max-image-preview":"max-image-preview:large","max-video-preview":"max-video-preview:-1"},"canonical":"https:\/\/www.dakarmania.cz\/index.php\/2019\/06\/21\/rallye-du-maroc-zmeny-pravidel\/","og_locale":"cs_CZ","og_type":"article","og_title":"Rallye du Maroc: Zm\u011bny pravidel v dakarsk\u00e9m duchu - DAKARMANIA.cz","og_description":"\u00da\u010dastn\u00edci \u0159\u00edjnov\u00e9 Rallye du Maroc poprv\u00e9 okus\u00ed n\u011bkter\u00e1 z nov\u00fdch pravidel, kter\u00e1 budou implementov\u00e1na v lednu p\u0159i Rally Dakar 2020.","og_url":"https:\/\/www.dakarmania.cz\/index.php\/2019\/06\/21\/rallye-du-maroc-zmeny-pravidel\/","og_site_name":"DAKARMANIA.cz","article_publisher":"https:\/\/www.facebook.com\/dakarmania\/","article_published_time":"2019-06-21T11:19:10+00:00","article_modified_time":"2021-08-12T14:41:32+00:00","og_image":[{"width":1600,"height":1066,"url":"https:\/\/www.dakarmania.cz\/wp-content\/uploads\/2019\/06\/18-maroc-prokop-02.jpg","type":"image\/jpeg"}],"author":"Zden\u011bk Zelenka","twitter_card":"summary_large_image","twitter_misc":{"Napsal(a)":"Zden\u011bk Zelenka","Odhadovan\u00e1 doba \u010dten\u00ed":"3 minuty"},"schema":{"@context":"https:\/\/schema.org","@graph":[{"@type":"Article","@id":"https:\/\/www.dakarmania.cz\/index.php\/2019\/06\/21\/rallye-du-maroc-zmeny-pravidel\/#article","isPartOf":{"@id":"https:\/\/www.dakarmania.cz\/index.php\/2019\/06\/21\/rallye-du-maroc-zmeny-pravidel\/"},"author":{"name":"Zden\u011bk Zelenka","@id":"https:\/\/www.dakarmania.cz\/#\/schema\/person\/04eb0e87a389631c2169c0dddae7ff1e"},"headline":"Rallye du Maroc: Zm\u011bny pravidel v dakarsk\u00e9m duchu","datePublished":"2019-06-21T11:19:10+00:00","dateModified":"2021-08-12T14:41:32+00:00","mainEntityOfPage":{"@id":"https:\/\/www.dakarmania.cz\/index.php\/2019\/06\/21\/rallye-du-maroc-zmeny-pravidel\/"},"wordCount":583,"commentCount":0,"publisher":{"@id":"https:\/\/www.dakarmania.cz\/#organization"},"image":{"@id":"https:\/\/www.dakarmania.cz\/index.php\/2019\/06\/21\/rallye-du-maroc-zmeny-pravidel\/#primaryimage"},"thumbnailUrl":"https:\/\/www.dakarmania.cz\/wp-content\/uploads\/2019\/06\/18-maroc-prokop-02.jpg","keywords":["2019","Dakar 2020","David Castera","Rallye du Maroc","Rallye du Maroc 2019"],"articleSection":["Rallye du Maroc"],"inLanguage":"cs","potentialAction":[{"@type":"CommentAction","name":"Comment","target":["https:\/\/www.dakarmania.cz\/index.php\/2019\/06\/21\/rallye-du-maroc-zmeny-pravidel\/#respond"]}]},{"@type":"WebPage","@id":"https:\/\/www.dakarmania.cz\/index.php\/2019\/06\/21\/rallye-du-maroc-zmeny-pravidel\/","url":"https:\/\/www.dakarmania.cz\/index.php\/2019\/06\/21\/rallye-du-maroc-zmeny-pravidel\/","name":"Rallye du Maroc: Zm\u011bny pravidel v dakarsk\u00e9m duchu - DAKARMANIA.cz","isPartOf":{"@id":"https:\/\/www.dakarmania.cz\/#website"},"primaryImageOfPage":{"@id":"https:\/\/www.dakarmania.cz\/index.php\/2019\/06\/21\/rallye-du-maroc-zmeny-pravidel\/#primaryimage"},"image":{"@id":"https:\/\/www.dakarmania.cz\/index.php\/2019\/06\/21\/rallye-du-maroc-zmeny-pravidel\/#primaryimage"},"thumbnailUrl":"https:\/\/www.dakarmania.cz\/wp-content\/uploads\/2019\/06\/18-maroc-prokop-02.jpg","datePublished":"2019-06-21T11:19:10+00:00","dateModified":"2021-08-12T14:41:32+00:00","description":"\u00da\u010dastn\u00edci \u0159\u00edjnov\u00e9 Rallye du Maroc poprv\u00e9 okus\u00ed n\u011bkter\u00e1 z nov\u00fdch pravidel, kter\u00e1 budou implementov\u00e1na v lednu p\u0159i Rally Dakar 2020.","breadcrumb":{"@id":"https:\/\/www.dakarmania.cz\/index.php\/2019\/06\/21\/rallye-du-maroc-zmeny-pravidel\/#breadcrumb"},"inLanguage":"cs","potentialAction":[{"@type":"ReadAction","target":["https:\/\/www.dakarmania.cz\/index.php\/2019\/06\/21\/rallye-du-maroc-zmeny-pravidel\/"]}]},{"@type":"ImageObject","inLanguage":"cs","@id":"https:\/\/www.dakarmania.cz\/index.php\/2019\/06\/21\/rallye-du-maroc-zmeny-pravidel\/#primaryimage","url":"https:\/\/www.dakarmania.cz\/wp-content\/uploads\/2019\/06\/18-maroc-prokop-02.jpg","contentUrl":"https:\/\/www.dakarmania.cz\/wp-content\/uploads\/2019\/06\/18-maroc-prokop-02.jpg","width":1600,"height":1066,"caption":"Martin Prokop\/Jan Tom\u00e1nek, Ford Raptor RS Cross-Country, MP-Sports. Rallye du Maroc 2018. \u00a9 MP-Sports"},{"@type":"BreadcrumbList","@id":"https:\/\/www.dakarmania.cz\/index.php\/2019\/06\/21\/rallye-du-maroc-zmeny-pravidel\/#breadcrumb","itemListElement":[{"@type":"ListItem","position":1,"name":"Dom\u016f","item":"https:\/\/www.dakarmania.cz\/"},{"@type":"ListItem","position":2,"name":"Rallye du Maroc: Zm\u011bny pravidel v dakarsk\u00e9m duchu"}]},{"@type":"WebSite","@id":"https:\/\/www.dakarmania.cz\/#website","url":"https:\/\/www.dakarmania.cz\/","name":"DAKARMANIA.cz","description":"\u017dijeme Dakarem cel\u00fd rok","publisher":{"@id":"https:\/\/www.dakarmania.cz\/#organization"},"potentialAction":[{"@type":"SearchAction","target":{"@type":"EntryPoint","urlTemplate":"https:\/\/www.dakarmania.cz\/?s={search_term_string}"},"query-input":{"@type":"PropertyValueSpecification","valueRequired":true,"valueName":"search_term_string"}}],"inLanguage":"cs"},{"@type":"Organization","@id":"https:\/\/www.dakarmania.cz\/#organization","name":"DAKAR MANIA","url":"https:\/\/www.dakarmania.cz\/","logo":{"@type":"ImageObject","inLanguage":"cs","@id":"https:\/\/www.dakarmania.cz\/#\/schema\/logo\/image\/","url":"https:\/\/www.dakarmania.cz\/wp-content\/uploads\/2018\/12\/Dakar-Mania-Logo-Square-Orange.png","contentUrl":"https:\/\/www.dakarmania.cz\/wp-content\/uploads\/2018\/12\/Dakar-Mania-Logo-Square-Orange.png","width":992,"height":992,"caption":"DAKAR MANIA"},"image":{"@id":"https:\/\/www.dakarmania.cz\/#\/schema\/logo\/image\/"},"sameAs":["https:\/\/www.facebook.com\/dakarmania\/"]},{"@type":"Person","@id":"https:\/\/www.dakarmania.cz\/#\/schema\/person\/04eb0e87a389631c2169c0dddae7ff1e","name":"Zden\u011bk Zelenka","image":{"@type":"ImageObject","inLanguage":"cs","@id":"https:\/\/www.dakarmania.cz\/#\/schema\/person\/image\/","url":"https:\/\/secure.gravatar.com\/avatar\/2c80d5a4942fe0900b73cc7d3837a509d6ee0a276a2b76dac95c92bd0763a89b?s=96&d=mm&r=g","contentUrl":"https:\/\/secure.gravatar.com\/avatar\/2c80d5a4942fe0900b73cc7d3837a509d6ee0a276a2b76dac95c92bd0763a89b?s=96&d=mm&r=g","caption":"Zden\u011bk Zelenka"},"description":"Moji d\u011bt\u0161t\u00ed hrdinov\u00e9 se jmenovali Loprais, Moskal, Neveu, Vatanen, Rahier... A tihle borci, jejich n\u00e1sledovn\u00edci a jejich p\u0159\u00edb\u011bhy m\u011b nep\u0159estali fascinovat ani po letech, kdy jsem vyrostl a zam\u011bstn\u00e1valy m\u011b jin\u00e9 discipl\u00edny motorsportu. Proto se zrodila DAKARMANIA.","url":"https:\/\/www.dakarmania.cz\/index.php\/author\/dakarmania\/"}]}},"amp_enabled":true,"_links":{"self":[{"href":"https:\/\/www.dakarmania.cz\/index.php\/wp-json\/wp\/v2\/posts\/7564","targetHints":{"allow":["GET"]}}],"collection":[{"href":"https:\/\/www.dakarmania.cz\/index.php\/wp-json\/wp\/v2\/posts"}],"about":[{"href":"https:\/\/www.dakarmania.cz\/index.php\/wp-json\/wp\/v2\/types\/post"}],"author":[{"embeddable":true,"href":"https:\/\/www.dakarmania.cz\/index.php\/wp-json\/wp\/v2\/users\/1"}],"replies":[{"embeddable":true,"href":"https:\/\/www.dakarmania.cz\/index.php\/wp-json\/wp\/v2\/comments?post=7564"}],"version-history":[{"count":2,"href":"https:\/\/www.dakarmania.cz\/index.php\/wp-json\/wp\/v2\/posts\/7564\/revisions"}],"predecessor-version":[{"id":22713,"href":"https:\/\/www.dakarmania.cz\/index.php\/wp-json\/wp\/v2\/posts\/7564\/revisions\/22713"}],"wp:featuredmedia":[{"embeddable":true,"href":"https:\/\/www.dakarmania.cz\/index.php\/wp-json\/wp\/v2\/media\/7563"}],"wp:attachment":[{"href":"https:\/\/www.dakarmania.cz\/index.php\/wp-json\/wp\/v2\/media?parent=7564"}],"wp:term":[{"taxonomy":"category","embeddable":true,"href":"https:\/\/www.dakarmania.cz\/index.php\/wp-json\/wp\/v2\/categories?post=7564"},{"taxonomy":"post_tag","embeddable":true,"href":"https:\/\/www.dakarmania.cz\/index.php\/wp-json\/wp\/v2\/tags?post=7564"}],"curies":[{"name":"wp","href":"https:\/\/api.w.org\/{rel}","templated":true}]}}