{"id":7573,"date":"2019-06-22T11:10:01","date_gmt":"2019-06-22T09:10:01","guid":{"rendered":"https:\/\/www.dakarmania.cz\/?p=7573"},"modified":"2019-10-22T16:50:19","modified_gmt":"2019-10-22T14:50:19","slug":"al-attiyah-a-baumel-opet-se-sxs","status":"publish","type":"post","link":"https:\/\/www.dakarmania.cz\/index.php\/2019\/06\/22\/al-attiyah-a-baumel-opet-se-sxs\/","title":{"rendered":"Al-Attiyah a Baumel op\u011bt se SxS. Oba za volantem"},"content":{"rendered":"<p>[vc_row][vc_column][vc_column_text]<\/p>\n<h4>Sv\u016fj debut v kategorii SxS ozdobili Nasser Al-Attiyah a Mathieu Baumel v\u00edt\u011bzstv\u00edm na dubnov\u00e9 Merzouga Rally. A z\u00e1vod\u011bn\u00ed s buginou si pochvalovali. Te\u010f se k Mavericku X3 vrac\u00ed.<\/h4>\n<p>S buggy Can-Am t\u00fdmu RM Sport absolvuj\u00ed t\u0159et\u00ed podnik francouzsk\u00e9ho \u0161ampion\u00e1tu ve vytrvalostn\u00edch cross-country z\u00e1vodech, kter\u00fd se uskute\u010dn\u00ed o v\u00edkendu 29. a 30. \u010dervna. Z\u00e1vodit se bude na \u010dty\u0159kilometrov\u00e9m okruhu La Gr\u00e9muse u Olivetu, jen\u017e bezprost\u0159edn\u011b soused\u00ed s Orleansem.<\/p>\n<p>V pr\u016fb\u011bhu \u0161estihodinovky usedne za volant nejen <a href=\"\/index.php\/osobnosti\/nasser-al-attiyah\/\">Nasser Al-Attiyah<\/a>, ale tak\u00e9 <a href=\"\/index.php\/osobnosti\/mathieu-baumel\/\">Matthieu Baumel<\/a>. T\u0159et\u00edm \u010dlenem pos\u00e1dky bude n\u011bkdej\u0161\u00ed dakarsk\u00e1 hv\u011bzda Thierry Magnaldi. 56let\u00fd Francouz m\u00e1 na sv\u00e9m kont\u011b devaten\u00e1ct start\u016f na Dakaru, kter\u00fd zdolal jak za \u0159\u00edd\u00edtky, tak za volantem. V roce 1999 obsadil p\u0159i sv\u00e9m posledn\u00edm startu v kategorii motocykl\u016f druh\u00e9 m\u00edsto. O sedm let pozd\u011bji dok\u00e1zal se Schlesserovou buginou vyhr\u00e1t dv\u011b etapy.[\/vc_column_text][vc_single_image image=&#8221;7571&#8243; img_size=&#8221;large&#8221; add_caption=&#8221;yes&#8221; alignment=&#8221;center&#8221;][vc_column_text]Baumel a Magnaldi se na po\u010d\u00e1tku tohoto t\u00fddne z\u00fa\u010dastnili t\u00fdmov\u00e9ho testov\u00e1n\u00ed v jihofrancouzsk\u00e9m Fontjoncouse. Baumel se krom\u011b dal\u0161\u00edch soupe\u0159\u016f utk\u00e1 tak\u00e9 se svou man\u017eelkou Barbarou, kter\u00e1 bude s Yamahou YXZ 1000 R h\u00e1jit barvy konkuren\u010dn\u00edho Teamu Sud Ouest 4&#215;4.<\/p>\n<p>Al-Attiyah\u016fv a Baumel\u016fv program bude na p\u0159elomu \u010dervna a \u010dervence nabit\u00fd. 6h Orle\u00e1nsu se jede necel\u00fd t\u00fdden p\u0159ed <a href=\"\/index.php\/souteze\/swr-2019\/\">Silk Way Rally<\/a>, kter\u00e1 startuje 6. \u010dervna v rusk\u00e9m Irkutsku. Katarsko-francouzsk\u00e1 pos\u00e1dka se z\u00e1vodu z\u00fa\u010dastn\u00ed s Toyotou Hilux. SWR je jedn\u00edm z nemnoha sv\u011btov\u00fdch cross-country podnik\u016f, kter\u00e9 Al-Attiyah dosud nepoko\u0159il. Jeho maximem zat\u00edm z\u016fst\u00e1vaj\u00ed dv\u011b druh\u00e1 m\u00edsta.[\/vc_column_text][\/vc_column][\/vc_row]<\/p>\n","protected":false},"excerpt":{"rendered":"<p>Debut v SxS ozdobili Nasser Al-Attiyah a Mathieu Baumel v\u00edt\u011bzstv\u00edm na Merzouga Rally. A z\u00e1vod\u011bn\u00ed s buginou si pochvalovali. Te\u010f se k Mavericku X3 vrac\u00ed.<\/p>\n","protected":false},"author":1,"featured_media":7572,"comment_status":"open","ping_status":"closed","sticky":false,"template":"","format":"standard","meta":{"footnotes":""},"categories":[90,504],"tags":[425,1193,1194,95,204,203,1195,1196],"class_list":["post-7573","post","type-post","status-publish","format-standard","has-post-thumbnail","hentry","category-sxs","category-zajimavosti","tag-425","tag-6h-orleans","tag-6h-orleans-2019","tag-can-am","tag-mathieu-baumel","tag-nasser-al-attiyah","tag-team-rm-sport","tag-thierry-magnaldi"],"yoast_head":"<!-- This site is optimized with the Yoast SEO plugin v24.9 - https:\/\/yoast.com\/wordpress\/plugins\/seo\/ -->\n<title>Al-Attiyah a Baumel op\u011bt se SxS. Oba za volantem - DAKARMANIA.cz<\/title>\n<meta name=\"description\" content=\"Debut v SxS ozdobili Nasser Al-Attiyah a Mathieu Baumel v\u00edt\u011bzstv\u00edm na Merzouga Rally. A z\u00e1vod\u011bn\u00ed s buginou si pochvalovali. Te\u010f se k Mavericku X3 vrac\u00ed.\" \/>\n<meta name=\"robots\" content=\"index, follow, max-snippet:-1, max-image-preview:large, max-video-preview:-1\" \/>\n<link rel=\"canonical\" href=\"https:\/\/www.dakarmania.cz\/index.php\/2019\/06\/22\/al-attiyah-a-baumel-opet-se-sxs\/\" \/>\n<meta property=\"og:locale\" content=\"cs_CZ\" \/>\n<meta property=\"og:type\" content=\"article\" \/>\n<meta property=\"og:title\" content=\"Al-Attiyah a Baumel op\u011bt se SxS. Oba za volantem - DAKARMANIA.cz\" \/>\n<meta property=\"og:description\" content=\"Debut v SxS ozdobili Nasser Al-Attiyah a Mathieu Baumel v\u00edt\u011bzstv\u00edm na Merzouga Rally. A z\u00e1vod\u011bn\u00ed s buginou si pochvalovali. Te\u010f se k Mavericku X3 vrac\u00ed.\" \/>\n<meta property=\"og:url\" content=\"https:\/\/www.dakarmania.cz\/index.php\/2019\/06\/22\/al-attiyah-a-baumel-opet-se-sxs\/\" \/>\n<meta property=\"og:site_name\" content=\"DAKARMANIA.cz\" \/>\n<meta property=\"article:publisher\" content=\"https:\/\/www.facebook.com\/dakarmania\/\" \/>\n<meta property=\"article:published_time\" content=\"2019-06-22T09:10:01+00:00\" \/>\n<meta property=\"article:modified_time\" content=\"2019-10-22T14:50:19+00:00\" \/>\n<meta property=\"og:image\" content=\"https:\/\/www.dakarmania.cz\/wp-content\/uploads\/2019\/06\/19-fontjoncouse-baumel-magnaldi-02.jpg\" \/>\n\t<meta property=\"og:image:width\" content=\"960\" \/>\n\t<meta property=\"og:image:height\" content=\"720\" \/>\n\t<meta property=\"og:image:type\" content=\"image\/jpeg\" \/>\n<meta name=\"author\" content=\"Zden\u011bk Zelenka\" \/>\n<meta name=\"twitter:card\" content=\"summary_large_image\" \/>\n<meta name=\"twitter:label1\" content=\"Napsal(a)\" \/>\n\t<meta name=\"twitter:data1\" content=\"Zden\u011bk Zelenka\" \/>\n\t<meta name=\"twitter:label2\" content=\"Odhadovan\u00e1 doba \u010dten\u00ed\" \/>\n\t<meta name=\"twitter:data2\" content=\"2 minuty\" \/>\n<script type=\"application\/ld+json\" class=\"yoast-schema-graph\">{\"@context\":\"https:\/\/schema.org\",\"@graph\":[{\"@type\":\"Article\",\"@id\":\"https:\/\/www.dakarmania.cz\/index.php\/2019\/06\/22\/al-attiyah-a-baumel-opet-se-sxs\/#article\",\"isPartOf\":{\"@id\":\"https:\/\/www.dakarmania.cz\/index.php\/2019\/06\/22\/al-attiyah-a-baumel-opet-se-sxs\/\"},\"author\":{\"name\":\"Zden\u011bk Zelenka\",\"@id\":\"https:\/\/www.dakarmania.cz\/#\/schema\/person\/04eb0e87a389631c2169c0dddae7ff1e\"},\"headline\":\"Al-Attiyah a Baumel op\u011bt se SxS. Oba za volantem\",\"datePublished\":\"2019-06-22T09:10:01+00:00\",\"dateModified\":\"2019-10-22T14:50:19+00:00\",\"mainEntityOfPage\":{\"@id\":\"https:\/\/www.dakarmania.cz\/index.php\/2019\/06\/22\/al-attiyah-a-baumel-opet-se-sxs\/\"},\"wordCount\":328,\"commentCount\":0,\"publisher\":{\"@id\":\"https:\/\/www.dakarmania.cz\/#organization\"},\"image\":{\"@id\":\"https:\/\/www.dakarmania.cz\/index.php\/2019\/06\/22\/al-attiyah-a-baumel-opet-se-sxs\/#primaryimage\"},\"thumbnailUrl\":\"https:\/\/www.dakarmania.cz\/wp-content\/uploads\/2019\/06\/19-fontjoncouse-baumel-magnaldi-02.jpg\",\"keywords\":[\"2019\",\"6h Orl\u00e9ans\",\"6h Orl\u00e9ans 2019\",\"Can-Am\",\"Mathieu Baumel\",\"Nasser Al-Attiyah\",\"Team RM Sport\",\"Thierry Magnaldi\"],\"articleSection\":[\"S\u00d7S\",\"Zaj\u00edmavosti\"],\"inLanguage\":\"cs\",\"potentialAction\":[{\"@type\":\"CommentAction\",\"name\":\"Comment\",\"target\":[\"https:\/\/www.dakarmania.cz\/index.php\/2019\/06\/22\/al-attiyah-a-baumel-opet-se-sxs\/#respond\"]}]},{\"@type\":\"WebPage\",\"@id\":\"https:\/\/www.dakarmania.cz\/index.php\/2019\/06\/22\/al-attiyah-a-baumel-opet-se-sxs\/\",\"url\":\"https:\/\/www.dakarmania.cz\/index.php\/2019\/06\/22\/al-attiyah-a-baumel-opet-se-sxs\/\",\"name\":\"Al-Attiyah a Baumel op\u011bt se SxS. Oba za volantem - DAKARMANIA.cz\",\"isPartOf\":{\"@id\":\"https:\/\/www.dakarmania.cz\/#website\"},\"primaryImageOfPage\":{\"@id\":\"https:\/\/www.dakarmania.cz\/index.php\/2019\/06\/22\/al-attiyah-a-baumel-opet-se-sxs\/#primaryimage\"},\"image\":{\"@id\":\"https:\/\/www.dakarmania.cz\/index.php\/2019\/06\/22\/al-attiyah-a-baumel-opet-se-sxs\/#primaryimage\"},\"thumbnailUrl\":\"https:\/\/www.dakarmania.cz\/wp-content\/uploads\/2019\/06\/19-fontjoncouse-baumel-magnaldi-02.jpg\",\"datePublished\":\"2019-06-22T09:10:01+00:00\",\"dateModified\":\"2019-10-22T14:50:19+00:00\",\"description\":\"Debut v SxS ozdobili Nasser Al-Attiyah a Mathieu Baumel v\u00edt\u011bzstv\u00edm na Merzouga Rally. A z\u00e1vod\u011bn\u00ed s buginou si pochvalovali. Te\u010f se k Mavericku X3 vrac\u00ed.\",\"breadcrumb\":{\"@id\":\"https:\/\/www.dakarmania.cz\/index.php\/2019\/06\/22\/al-attiyah-a-baumel-opet-se-sxs\/#breadcrumb\"},\"inLanguage\":\"cs\",\"potentialAction\":[{\"@type\":\"ReadAction\",\"target\":[\"https:\/\/www.dakarmania.cz\/index.php\/2019\/06\/22\/al-attiyah-a-baumel-opet-se-sxs\/\"]}]},{\"@type\":\"ImageObject\",\"inLanguage\":\"cs\",\"@id\":\"https:\/\/www.dakarmania.cz\/index.php\/2019\/06\/22\/al-attiyah-a-baumel-opet-se-sxs\/#primaryimage\",\"url\":\"https:\/\/www.dakarmania.cz\/wp-content\/uploads\/2019\/06\/19-fontjoncouse-baumel-magnaldi-02.jpg\",\"contentUrl\":\"https:\/\/www.dakarmania.cz\/wp-content\/uploads\/2019\/06\/19-fontjoncouse-baumel-magnaldi-02.jpg\",\"width\":960,\"height\":720,\"caption\":\"Mathieu Baumel\/Thierry Magnaldi, Team RM Sport. Testov\u00e1n\u00ed Fontjoncouse, \u010derven 2019. Zdroj: FB M. Baumel\"},{\"@type\":\"BreadcrumbList\",\"@id\":\"https:\/\/www.dakarmania.cz\/index.php\/2019\/06\/22\/al-attiyah-a-baumel-opet-se-sxs\/#breadcrumb\",\"itemListElement\":[{\"@type\":\"ListItem\",\"position\":1,\"name\":\"Dom\u016f\",\"item\":\"https:\/\/www.dakarmania.cz\/\"},{\"@type\":\"ListItem\",\"position\":2,\"name\":\"Al-Attiyah a Baumel op\u011bt se SxS. Oba za volantem\"}]},{\"@type\":\"WebSite\",\"@id\":\"https:\/\/www.dakarmania.cz\/#website\",\"url\":\"https:\/\/www.dakarmania.cz\/\",\"name\":\"DAKARMANIA.cz\",\"description\":\"\u017dijeme Dakarem cel\u00fd rok\",\"publisher\":{\"@id\":\"https:\/\/www.dakarmania.cz\/#organization\"},\"potentialAction\":[{\"@type\":\"SearchAction\",\"target\":{\"@type\":\"EntryPoint\",\"urlTemplate\":\"https:\/\/www.dakarmania.cz\/?s={search_term_string}\"},\"query-input\":{\"@type\":\"PropertyValueSpecification\",\"valueRequired\":true,\"valueName\":\"search_term_string\"}}],\"inLanguage\":\"cs\"},{\"@type\":\"Organization\",\"@id\":\"https:\/\/www.dakarmania.cz\/#organization\",\"name\":\"DAKAR MANIA\",\"url\":\"https:\/\/www.dakarmania.cz\/\",\"logo\":{\"@type\":\"ImageObject\",\"inLanguage\":\"cs\",\"@id\":\"https:\/\/www.dakarmania.cz\/#\/schema\/logo\/image\/\",\"url\":\"https:\/\/www.dakarmania.cz\/wp-content\/uploads\/2018\/12\/Dakar-Mania-Logo-Square-Orange.png\",\"contentUrl\":\"https:\/\/www.dakarmania.cz\/wp-content\/uploads\/2018\/12\/Dakar-Mania-Logo-Square-Orange.png\",\"width\":992,\"height\":992,\"caption\":\"DAKAR MANIA\"},\"image\":{\"@id\":\"https:\/\/www.dakarmania.cz\/#\/schema\/logo\/image\/\"},\"sameAs\":[\"https:\/\/www.facebook.com\/dakarmania\/\"]},{\"@type\":\"Person\",\"@id\":\"https:\/\/www.dakarmania.cz\/#\/schema\/person\/04eb0e87a389631c2169c0dddae7ff1e\",\"name\":\"Zden\u011bk Zelenka\",\"image\":{\"@type\":\"ImageObject\",\"inLanguage\":\"cs\",\"@id\":\"https:\/\/www.dakarmania.cz\/#\/schema\/person\/image\/\",\"url\":\"https:\/\/secure.gravatar.com\/avatar\/2c80d5a4942fe0900b73cc7d3837a509d6ee0a276a2b76dac95c92bd0763a89b?s=96&d=mm&r=g\",\"contentUrl\":\"https:\/\/secure.gravatar.com\/avatar\/2c80d5a4942fe0900b73cc7d3837a509d6ee0a276a2b76dac95c92bd0763a89b?s=96&d=mm&r=g\",\"caption\":\"Zden\u011bk Zelenka\"},\"description\":\"Moji d\u011bt\u0161t\u00ed hrdinov\u00e9 se jmenovali Loprais, Moskal, Neveu, Vatanen, Rahier... A tihle borci, jejich n\u00e1sledovn\u00edci a jejich p\u0159\u00edb\u011bhy m\u011b nep\u0159estali fascinovat ani po letech, kdy jsem vyrostl a zam\u011bstn\u00e1valy m\u011b jin\u00e9 discipl\u00edny motorsportu. Proto se zrodila DAKARMANIA.\",\"url\":\"https:\/\/www.dakarmania.cz\/index.php\/author\/dakarmania\/\"}]}<\/script>\n<!-- \/ Yoast SEO plugin. -->","yoast_head_json":{"title":"Al-Attiyah a Baumel op\u011bt se SxS. Oba za volantem - DAKARMANIA.cz","description":"Debut v SxS ozdobili Nasser Al-Attiyah a Mathieu Baumel v\u00edt\u011bzstv\u00edm na Merzouga Rally. A z\u00e1vod\u011bn\u00ed s buginou si pochvalovali. Te\u010f se k Mavericku X3 vrac\u00ed.","robots":{"index":"index","follow":"follow","max-snippet":"max-snippet:-1","max-image-preview":"max-image-preview:large","max-video-preview":"max-video-preview:-1"},"canonical":"https:\/\/www.dakarmania.cz\/index.php\/2019\/06\/22\/al-attiyah-a-baumel-opet-se-sxs\/","og_locale":"cs_CZ","og_type":"article","og_title":"Al-Attiyah a Baumel op\u011bt se SxS. Oba za volantem - DAKARMANIA.cz","og_description":"Debut v SxS ozdobili Nasser Al-Attiyah a Mathieu Baumel v\u00edt\u011bzstv\u00edm na Merzouga Rally. A z\u00e1vod\u011bn\u00ed s buginou si pochvalovali. Te\u010f se k Mavericku X3 vrac\u00ed.","og_url":"https:\/\/www.dakarmania.cz\/index.php\/2019\/06\/22\/al-attiyah-a-baumel-opet-se-sxs\/","og_site_name":"DAKARMANIA.cz","article_publisher":"https:\/\/www.facebook.com\/dakarmania\/","article_published_time":"2019-06-22T09:10:01+00:00","article_modified_time":"2019-10-22T14:50:19+00:00","og_image":[{"width":960,"height":720,"url":"https:\/\/www.dakarmania.cz\/wp-content\/uploads\/2019\/06\/19-fontjoncouse-baumel-magnaldi-02.jpg","type":"image\/jpeg"}],"author":"Zden\u011bk Zelenka","twitter_card":"summary_large_image","twitter_misc":{"Napsal(a)":"Zden\u011bk Zelenka","Odhadovan\u00e1 doba \u010dten\u00ed":"2 minuty"},"schema":{"@context":"https:\/\/schema.org","@graph":[{"@type":"Article","@id":"https:\/\/www.dakarmania.cz\/index.php\/2019\/06\/22\/al-attiyah-a-baumel-opet-se-sxs\/#article","isPartOf":{"@id":"https:\/\/www.dakarmania.cz\/index.php\/2019\/06\/22\/al-attiyah-a-baumel-opet-se-sxs\/"},"author":{"name":"Zden\u011bk Zelenka","@id":"https:\/\/www.dakarmania.cz\/#\/schema\/person\/04eb0e87a389631c2169c0dddae7ff1e"},"headline":"Al-Attiyah a Baumel op\u011bt se SxS. Oba za volantem","datePublished":"2019-06-22T09:10:01+00:00","dateModified":"2019-10-22T14:50:19+00:00","mainEntityOfPage":{"@id":"https:\/\/www.dakarmania.cz\/index.php\/2019\/06\/22\/al-attiyah-a-baumel-opet-se-sxs\/"},"wordCount":328,"commentCount":0,"publisher":{"@id":"https:\/\/www.dakarmania.cz\/#organization"},"image":{"@id":"https:\/\/www.dakarmania.cz\/index.php\/2019\/06\/22\/al-attiyah-a-baumel-opet-se-sxs\/#primaryimage"},"thumbnailUrl":"https:\/\/www.dakarmania.cz\/wp-content\/uploads\/2019\/06\/19-fontjoncouse-baumel-magnaldi-02.jpg","keywords":["2019","6h Orl\u00e9ans","6h Orl\u00e9ans 2019","Can-Am","Mathieu Baumel","Nasser Al-Attiyah","Team RM Sport","Thierry Magnaldi"],"articleSection":["S\u00d7S","Zaj\u00edmavosti"],"inLanguage":"cs","potentialAction":[{"@type":"CommentAction","name":"Comment","target":["https:\/\/www.dakarmania.cz\/index.php\/2019\/06\/22\/al-attiyah-a-baumel-opet-se-sxs\/#respond"]}]},{"@type":"WebPage","@id":"https:\/\/www.dakarmania.cz\/index.php\/2019\/06\/22\/al-attiyah-a-baumel-opet-se-sxs\/","url":"https:\/\/www.dakarmania.cz\/index.php\/2019\/06\/22\/al-attiyah-a-baumel-opet-se-sxs\/","name":"Al-Attiyah a Baumel op\u011bt se SxS. Oba za volantem - DAKARMANIA.cz","isPartOf":{"@id":"https:\/\/www.dakarmania.cz\/#website"},"primaryImageOfPage":{"@id":"https:\/\/www.dakarmania.cz\/index.php\/2019\/06\/22\/al-attiyah-a-baumel-opet-se-sxs\/#primaryimage"},"image":{"@id":"https:\/\/www.dakarmania.cz\/index.php\/2019\/06\/22\/al-attiyah-a-baumel-opet-se-sxs\/#primaryimage"},"thumbnailUrl":"https:\/\/www.dakarmania.cz\/wp-content\/uploads\/2019\/06\/19-fontjoncouse-baumel-magnaldi-02.jpg","datePublished":"2019-06-22T09:10:01+00:00","dateModified":"2019-10-22T14:50:19+00:00","description":"Debut v SxS ozdobili Nasser Al-Attiyah a Mathieu Baumel v\u00edt\u011bzstv\u00edm na Merzouga Rally. A z\u00e1vod\u011bn\u00ed s buginou si pochvalovali. Te\u010f se k Mavericku X3 vrac\u00ed.","breadcrumb":{"@id":"https:\/\/www.dakarmania.cz\/index.php\/2019\/06\/22\/al-attiyah-a-baumel-opet-se-sxs\/#breadcrumb"},"inLanguage":"cs","potentialAction":[{"@type":"ReadAction","target":["https:\/\/www.dakarmania.cz\/index.php\/2019\/06\/22\/al-attiyah-a-baumel-opet-se-sxs\/"]}]},{"@type":"ImageObject","inLanguage":"cs","@id":"https:\/\/www.dakarmania.cz\/index.php\/2019\/06\/22\/al-attiyah-a-baumel-opet-se-sxs\/#primaryimage","url":"https:\/\/www.dakarmania.cz\/wp-content\/uploads\/2019\/06\/19-fontjoncouse-baumel-magnaldi-02.jpg","contentUrl":"https:\/\/www.dakarmania.cz\/wp-content\/uploads\/2019\/06\/19-fontjoncouse-baumel-magnaldi-02.jpg","width":960,"height":720,"caption":"Mathieu Baumel\/Thierry Magnaldi, Team RM Sport. Testov\u00e1n\u00ed Fontjoncouse, \u010derven 2019. Zdroj: FB M. Baumel"},{"@type":"BreadcrumbList","@id":"https:\/\/www.dakarmania.cz\/index.php\/2019\/06\/22\/al-attiyah-a-baumel-opet-se-sxs\/#breadcrumb","itemListElement":[{"@type":"ListItem","position":1,"name":"Dom\u016f","item":"https:\/\/www.dakarmania.cz\/"},{"@type":"ListItem","position":2,"name":"Al-Attiyah a Baumel op\u011bt se SxS. Oba za volantem"}]},{"@type":"WebSite","@id":"https:\/\/www.dakarmania.cz\/#website","url":"https:\/\/www.dakarmania.cz\/","name":"DAKARMANIA.cz","description":"\u017dijeme Dakarem cel\u00fd rok","publisher":{"@id":"https:\/\/www.dakarmania.cz\/#organization"},"potentialAction":[{"@type":"SearchAction","target":{"@type":"EntryPoint","urlTemplate":"https:\/\/www.dakarmania.cz\/?s={search_term_string}"},"query-input":{"@type":"PropertyValueSpecification","valueRequired":true,"valueName":"search_term_string"}}],"inLanguage":"cs"},{"@type":"Organization","@id":"https:\/\/www.dakarmania.cz\/#organization","name":"DAKAR MANIA","url":"https:\/\/www.dakarmania.cz\/","logo":{"@type":"ImageObject","inLanguage":"cs","@id":"https:\/\/www.dakarmania.cz\/#\/schema\/logo\/image\/","url":"https:\/\/www.dakarmania.cz\/wp-content\/uploads\/2018\/12\/Dakar-Mania-Logo-Square-Orange.png","contentUrl":"https:\/\/www.dakarmania.cz\/wp-content\/uploads\/2018\/12\/Dakar-Mania-Logo-Square-Orange.png","width":992,"height":992,"caption":"DAKAR MANIA"},"image":{"@id":"https:\/\/www.dakarmania.cz\/#\/schema\/logo\/image\/"},"sameAs":["https:\/\/www.facebook.com\/dakarmania\/"]},{"@type":"Person","@id":"https:\/\/www.dakarmania.cz\/#\/schema\/person\/04eb0e87a389631c2169c0dddae7ff1e","name":"Zden\u011bk Zelenka","image":{"@type":"ImageObject","inLanguage":"cs","@id":"https:\/\/www.dakarmania.cz\/#\/schema\/person\/image\/","url":"https:\/\/secure.gravatar.com\/avatar\/2c80d5a4942fe0900b73cc7d3837a509d6ee0a276a2b76dac95c92bd0763a89b?s=96&d=mm&r=g","contentUrl":"https:\/\/secure.gravatar.com\/avatar\/2c80d5a4942fe0900b73cc7d3837a509d6ee0a276a2b76dac95c92bd0763a89b?s=96&d=mm&r=g","caption":"Zden\u011bk Zelenka"},"description":"Moji d\u011bt\u0161t\u00ed hrdinov\u00e9 se jmenovali Loprais, Moskal, Neveu, Vatanen, Rahier... A tihle borci, jejich n\u00e1sledovn\u00edci a jejich p\u0159\u00edb\u011bhy m\u011b nep\u0159estali fascinovat ani po letech, kdy jsem vyrostl a zam\u011bstn\u00e1valy m\u011b jin\u00e9 discipl\u00edny motorsportu. Proto se zrodila DAKARMANIA.","url":"https:\/\/www.dakarmania.cz\/index.php\/author\/dakarmania\/"}]}},"amp_enabled":true,"_links":{"self":[{"href":"https:\/\/www.dakarmania.cz\/index.php\/wp-json\/wp\/v2\/posts\/7573","targetHints":{"allow":["GET"]}}],"collection":[{"href":"https:\/\/www.dakarmania.cz\/index.php\/wp-json\/wp\/v2\/posts"}],"about":[{"href":"https:\/\/www.dakarmania.cz\/index.php\/wp-json\/wp\/v2\/types\/post"}],"author":[{"embeddable":true,"href":"https:\/\/www.dakarmania.cz\/index.php\/wp-json\/wp\/v2\/users\/1"}],"replies":[{"embeddable":true,"href":"https:\/\/www.dakarmania.cz\/index.php\/wp-json\/wp\/v2\/comments?post=7573"}],"version-history":[{"count":3,"href":"https:\/\/www.dakarmania.cz\/index.php\/wp-json\/wp\/v2\/posts\/7573\/revisions"}],"predecessor-version":[{"id":12768,"href":"https:\/\/www.dakarmania.cz\/index.php\/wp-json\/wp\/v2\/posts\/7573\/revisions\/12768"}],"wp:featuredmedia":[{"embeddable":true,"href":"https:\/\/www.dakarmania.cz\/index.php\/wp-json\/wp\/v2\/media\/7572"}],"wp:attachment":[{"href":"https:\/\/www.dakarmania.cz\/index.php\/wp-json\/wp\/v2\/media?parent=7573"}],"wp:term":[{"taxonomy":"category","embeddable":true,"href":"https:\/\/www.dakarmania.cz\/index.php\/wp-json\/wp\/v2\/categories?post=7573"},{"taxonomy":"post_tag","embeddable":true,"href":"https:\/\/www.dakarmania.cz\/index.php\/wp-json\/wp\/v2\/tags?post=7573"}],"curies":[{"name":"wp","href":"https:\/\/api.w.org\/{rel}","templated":true}]}}