{"id":7608,"date":"2019-06-21T23:25:51","date_gmt":"2019-06-21T21:25:51","guid":{"rendered":"https:\/\/www.dakarmania.cz\/?p=7608"},"modified":"2019-11-12T17:43:53","modified_gmt":"2019-11-12T16:43:53","slug":"italian-baja-przygonski-vyuzil-startovni-pozice","status":"publish","type":"post","link":"https:\/\/www.dakarmania.cz\/index.php\/2019\/06\/21\/italian-baja-przygonski-vyuzil-startovni-pozice\/","title":{"rendered":"Italian Baja: Przygo\u0144ski vyu\u017eil startovn\u00ed pozice, Prokopa brzdil prach"},"content":{"rendered":"<p>[vc_row][vc_column][vc_column_text]<\/p>\n<h4>Kuba Przygo\u0144ski s Mini suver\u00e9nn\u011b zv\u00edt\u011bzil v kr\u00e1tk\u00e9m prologu italsk\u00e9 baji. Polsk\u00fd jezdec vyr\u00e1\u017eel na tra\u0165 dlouhou 12 a p\u016fl kilometru jako prvn\u00ed. D\u00edky tomu se obh\u00e1jce v\u00edt\u011bzstv\u00ed nemusel pot\u00fdkat se zv\u00ed\u0159en\u00fdm prachem, kter\u00fd potr\u00e1pil prakticky v\u0161echny dal\u0161\u00ed favority.<\/h4>\n<p>\u00davodn\u00ed superspeci\u00e1lka t\u0159et\u00edho podniku <a href=\"\/index.php\/sampionaty\/svetovy-pohar-fia-v-cross-country-bajach-2019\/\">Sv\u011btov\u00e9ho poh\u00e1ru FIA v cross-country baj\u00e1ch 2019<\/a> se jela na b\u0159ez\u00edch \u0159eky Meduny. Zat\u00edmco z dopoledn\u00edho shakedownu dorazila technika obalen\u00e1 bl\u00e1tem, na odpoledn\u00ed rychlostn\u00ed zkou\u0161ce p\u0159edstavovala hlavn\u00ed probl\u00e9m sp\u00ed\u0161e such\u00e1 \u0161otolina v kombinaci s bezv\u011bt\u0159\u00edm a pouze dvouminutov\u00fdmi startovn\u00edmi intervaly.<\/p>\n<p><a href=\"\/index.php\/osobnosti\/kuba-przygonski\/\">Kuba Przygo\u0144ski<\/a> s n\u011bmeck\u00fdm navig\u00e1torem <a href=\"\/index.php\/osobnosti\/timo-gottschalk\/\">Timem Gottschalkem<\/a> zvl\u00e1dli \u00favodn\u00ed test za 8 minut a 34 sekund a byli o t\u00e9m\u011b\u0159 36 sekund rychlej\u0161\u00ed ne\u017e Argentinci Orlando Terranova a Ronnie Graue s dal\u0161\u00edm Mini JCW Rally z d\u00edlen n\u011bmeck\u00e9ho X-raidu.<\/p>\n<p><em>\u201eM\u00e1m velkou radost, proto\u017ee prvn\u00ed erzeta byla dobr\u00e1 rozcvi\u010dka a d\u00edky v\u00edt\u011bzstv\u00ed budeme m\u00edt dobrou startovn\u00ed pozici do dal\u0161\u00ed etapy,\u201c<\/em> pochvaloval si <strong>Kuba Przygo\u0144ski<\/strong>. <em>\u201e\u00davod prologu byl pom\u011brn\u011b rychl\u00fd. Prvn\u00edch jeden\u00e1ct kilometr\u016f jsme jeli pod\u00e9l b\u0159ehu, pozd\u011bji jsme vjeli do \u0159eky a n\u011bkolikr\u00e1t jsme sko\u010dili do hlubok\u00e9 vody. Z\u00e1v\u011bre\u010dn\u00e1 pas\u00e1\u017e vedla lesem. Jsem r\u00e1d, \u017ee jsme test zajeli dob\u0159e a m\u00e1me velk\u00fd n\u00e1skok p\u0159ed dal\u0161\u00ed pos\u00e1dkou.\u201c<\/em>[\/vc_column_text][vc_single_image image=&#8221;7618&#8243; img_size=&#8221;large&#8221; add_caption=&#8221;yes&#8221; alignment=&#8221;center&#8221;][vc_column_text]<\/p>\n<h4>Proti b\u00edl\u00e9 zdi<\/h4>\n<p>Orlando Terranova se za volant Mini vr\u00e1til poprv\u00e9 od lednov\u00e9ho <a href=\"\/index.php\/souteze\/dakar-2019\/\">Dakaru<\/a>. Druh\u00e9 m\u00edsto pro n\u011bj znamen\u00e1 dobr\u00fd vstup do sout\u011b\u017ee, nicm\u00e9n\u011b s odstupem spokojen\u00fd nebyl.<\/p>\n<p><em>\u201eVelice p\u011bkn\u00e1 tra\u0165, ale rozestup mezi jednotliv\u00fdmi vozy nebyl zrovna velk\u00fd. Jeli jsme neust\u00e1le v prachu. Bylo by pot\u0159eba, abychom startovali t\u0159i minuty za p\u0159edchoz\u00edm autem. Jinak nelze jet naplno,\u201c<\/em> konstatoval <strong>Orlando Terranova<\/strong>.<\/p>\n<p><a href=\"\/index.php\/osobnosti\/martin-prokop\/\">Martin Prokop<\/a> letos se sv\u00fdm Fordem absolvuje pouze vybran\u00e9 podniky a na rozd\u00edl od lo\u0148sk\u00e9 sezony neusiluje o p\u0159edn\u00ed um\u00edst\u011bn\u00ed v celkov\u00e9m hodnocen\u00ed poh\u00e1ru. T\u00fdm MP-Sports up\u00edr\u00e1 ve\u0161ker\u00e9 s\u00edly a sna\u017een\u00ed k p\u0159\u00edprav\u011b na <a href=\"\/index.php\/souteze\/dakar-2020\/\">Dakar 2020<\/a>.<\/p>\n<p><em>\u201eDne\u0161n\u00ed shakedown byl perfektn\u00ed, p\u0159esto budu pot\u0159ebovat n\u011bjak\u00fd \u010das, abych se dostal do tempa. Uvid\u00edme, jestli dok\u00e1\u017eeme Kubu<\/em> [Przygo\u0144sk\u00e9ho], <em>Vladimira<\/em> [Vasiljeva] <em>nebo Orlanda<\/em> [Terranovu] <em>aspo\u0148 trochu dostat pod tlak. Pro m\u011b je ale d\u016fle\u017eit\u00e9 hlavn\u011b najet n\u011bjak\u00e9 kilometry,\u201c<\/em> \u0159ekl <strong>Martin Prokop<\/strong> na tiskov\u00e9 konferenci p\u0159ed startem.<\/p>\n<p><em>\u201eLoni jsme Kubu nedok\u00e1zali dohnat, tak uvid\u00edme letos. Zkus\u00edme jet od za\u010d\u00e1tku naplno a uvid\u00edme, jak se budeme c\u00edtit. V\u00edme, co bylo p\u0159ed rokem \u0161patn\u011b, kde jsme na Kubu ztr\u00e1celi. Zkus\u00edme to zm\u011bnit. Nav\u00edc jsme p\u0159e\u0161li na jin\u00e9 pneumatiky, co\u017e n\u00e1m t\u0159eba tak\u00e9 v n\u011bkter\u00fdch sekc\u00edch pom\u016f\u017ee. Rozhodn\u011b se nevzd\u00e1v\u00e1me.\u201c<\/em>[\/vc_column_text][vc_single_image image=&#8221;7616&#8243; img_size=&#8221;large&#8221; add_caption=&#8221;yes&#8221; alignment=&#8221;center&#8221;][vc_column_text]Do prologu startovali Prokop s <a href=\"\/index.php\/osobnosti\/jan-tomanek\/\">Janem Tom\u00e1nkem<\/a> za Andrejem Novikovem, kter\u00e9ho porazili o v\u00edce ne\u017e minutu. T\u00edm se na minutu zkr\u00e1til tak\u00e9 rozestup obou soupe\u0159\u016f na trati. P\u0159i rozhovoru v c\u00edli testu bylo c\u00edtit zklam\u00e1n\u00ed \u010desk\u00e9ho jezdce: <em>\u201eBylo to velice obt\u00ed\u017en\u00e9. Jeli jsme ve spoust\u011b prachu. Dojeli jsme soupe\u0159e, kter\u00fd byl jen kousek p\u0159ed n\u00e1mi. Prachu bylo p\u0159\u00edli\u0161, tak\u017ee jsme nemohli jet ani norm\u00e1ln\u00ed rychlost\u00ed. Museli jsme jet opravdu pomalu, abychom trefili zat\u00e1\u010dky, proto\u017ee ta clona byla jako ze\u010f.\u201c<\/em><\/p>\n<p>Prokop byl jen o \u010dty\u0159i a p\u016fl sekundy pomalej\u0161\u00ed ne\u017e Terranova, ov\u0161em do vedouc\u00edho Przygo\u0144sk\u00e9ho jej p\u0159ed sobotn\u00ed etapou d\u011bl\u00ed v\u00edce ne\u017e 40 sekund.<\/p>\n<h4>Hoz\u00e1k mezi pron\u00e1sledovateli<\/h4>\n<p>Na \u010dtvrt\u00e9 a p\u00e1t\u00e9 pozici se se\u0159adili leader celkov\u00e9ho hodnocen\u00ed sv\u011btov\u00e9ho poh\u00e1ru <a href=\"\/index.php\/osobnosti\/vladimir-vasiljev\/\">Vladimir Vasiljev<\/a> a Litevec Benediktas Vanagas. Oba jedou s Toyotami a za Prokopem dnes zaostali shodn\u011b o 13,9 sekundy.[\/vc_column_text][vc_single_image image=&#8221;7615&#8243; img_size=&#8221;large&#8221; add_caption=&#8221;yes&#8221; alignment=&#8221;center&#8221;][vc_column_text]Pro Petra Hoz\u00e1ka je Italian Baja prvn\u00edm leto\u0161n\u00edm cross-country z\u00e1vodem a poprv\u00e9 jede tak\u00e9 s navig\u00e1torem Ren\u00e9m Kilianem. Na prologu se sv\u00fdm \u010derno\u017elut\u00fdm Hummerem <a href=\"\/index.php\/2019\/06\/21\/petr-hozak-odstartoval-italian-baja-sestym-mistem\/\">p\u0159edjeli dv\u011b pos\u00e1dky<\/a> a p\u0159enocuj\u00ed na \u0161est\u00e9 pozici.<\/p>\n<p>V sobotu jsou na programu t\u0159i pr\u016fjezdy t\u00e9m\u011b\u0159 80kilometrovou erzetou Barbeano. Podle p\u0159edpov\u011bdi meteorolog\u016f by v noci m\u011blo v oblasti kon\u00e1n\u00ed rally pr\u0161et.[\/vc_column_text][vc_column_text]<\/p>\n<table style=\"width: 97.7654%; height: 216px;\" rules=\"rows\" cellpadding=\"4px\">\n<tbody>\n<tr style=\"background-color: #9e9d9d; color: white;\">\n<td style=\"text-align: center;\" colspan=\"4\"><span style=\"font-size: 10pt;\"><strong>Italian Baja 2019<br \/>\npr\u016fb\u011b\u017en\u00e9 po\u0159ad\u00ed po RZ1<\/strong><\/span><\/td>\n<\/tr>\n<tr style=\"background-color: #dbd9d9;\">\n<td style=\"width: 6.4117%; height: 24px;\">1.<\/td>\n<td style=\"width: 44.3195%; height: 24px;\">Przygo\u0144ski \/ Gottschalk<\/td>\n<td style=\"width: 33.6333%; height: 24px;\">Mini JCW Rally<\/td>\n<td style=\"width: 14.3982%; height: 24px; text-align: right;\">8:34,6<\/td>\n<\/tr>\n<tr style=\"background-color: #f2f2f2;\">\n<td style=\"width: 6.4117%; height: 24px;\">2.<\/td>\n<td style=\"width: 44.3195%; height: 24px;\">Terranova \/ Graue<\/td>\n<td style=\"width: 33.6333%; height: 24px;\">Mini JCW Rally<\/td>\n<td style=\"width: 14.3982%; height: 24px; text-align: right;\">+35,8<\/td>\n<\/tr>\n<tr style=\"background-color: #dbd9d9;\">\n<td style=\"width: 6.4117%; height: 24px;\">3.<\/td>\n<td style=\"width: 44.3195%; height: 24px;\">Prokop \/ Tom\u00e1nek<\/td>\n<td style=\"width: 33.6333%; height: 24px;\">Ford F-150 Evo<\/td>\n<td style=\"width: 14.3982%; height: 24px; text-align: right;\">+40,3<\/td>\n<\/tr>\n<tr style=\"background-color: #f2f2f2;\">\n<td style=\"width: 6.4117%; height: 24px;\">4.<\/td>\n<td style=\"width: 44.3195%; height: 24px;\">Vasiljev \/ \u017dilcov<\/td>\n<td style=\"width: 33.6333%; height: 24px;\">Toyota Hilux<\/td>\n<td style=\"width: 14.3982%; height: 24px; text-align: right;\">+54,2<\/td>\n<\/tr>\n<tr style=\"background-color: #dbd9d9;\">\n<td style=\"width: 6.4117%; height: 24px;\">5.<\/td>\n<td style=\"width: 44.3195%; height: 24px;\">Vanagas \/ Rozwadowski<\/td>\n<td style=\"width: 33.6333%; height: 24px;\">Toyota Hilux<\/td>\n<td style=\"width: 14.3982%; height: 24px; text-align: right;\">+54,2<\/td>\n<\/tr>\n<tr style=\"background-color: #f2f2f2;\">\n<td style=\"width: 6.4117%; height: 24px;\">6.<\/td>\n<td style=\"width: 44.3195%; height: 24px;\">Hoz\u00e1k \/ Kilian<\/td>\n<td style=\"width: 33.6333%; height: 24px;\">Hummer H3 RS<\/td>\n<td style=\"width: 14.3982%; height: 24px; text-align: right;\">+1:12,1<\/td>\n<\/tr>\n<tr style=\"background-color: #dbd9d9;\">\n<td style=\"width: 6.4117%;\">7.<\/td>\n<td style=\"width: 44.3195%;\">Dorosinskij \/ Up\u011brenko<\/td>\n<td style=\"width: 33.6333%;\">Can-Am Maverick XRS<\/td>\n<td style=\"width: 14.3982%; text-align: right;\">+1:19,8<\/td>\n<\/tr>\n<tr style=\"background-color: #f2f2f2;\">\n<td style=\"width: 6.4117%; height: 24px;\">8.<\/td>\n<td style=\"width: 44.3195%; height: 24px;\">Navarro \/ Sola Terradellas<\/td>\n<td style=\"width: 33.6333%; height: 24px;\">Can-Am Maverick X3<\/td>\n<td style=\"width: 14.3982%; height: 24px; text-align: right;\">+1:25,3<\/td>\n<\/tr>\n<\/tbody>\n<\/table>\n<p>[\/vc_column_text][\/vc_column][\/vc_row]<\/p>\n","protected":false},"excerpt":{"rendered":"<p>Kuba Przygo\u0144ski suver\u00e9nn\u011b zv\u00edt\u011bzil v kr\u00e1tk\u00e9m prologu italsk\u00e9 baji. Na tra\u0165 vyr\u00e1\u017eel jako prvn\u00ed a d\u00edky tomu se nemusel pot\u00fdkat se zv\u00ed\u0159en\u00fdm prachem.<\/p>\n","protected":false},"author":1,"featured_media":7607,"comment_status":"open","ping_status":"closed","sticky":false,"template":"","format":"standard","meta":{"footnotes":""},"categories":[3,98,1099],"tags":[425,312,11,258,1164,1163,6,288,5,219,4,1165,257,1201,1166,1205,106,445,290,201,305,220],"class_list":["post-7608","post","type-post","status-publish","format-standard","has-post-thumbnail","hentry","category-auto","category-fia-baja","category-italian-baja","tag-425","tag-benediktas-vanagas","tag-ford","tag-hummer","tag-italian-baja","tag-italian-baja-2019","tag-jan-tomanek","tag-kuba-przygonski","tag-martin-prokop","tag-mini","tag-mp-sports","tag-orlando-terranova","tag-petr-hozak","tag-pubblicita","tag-rene-kilian","tag-ronnie-graue","tag-sp-fia-baja","tag-sp-fia-baja-2019","tag-timo-gottschalk","tag-toyota","tag-vladimir-vasiljev","tag-x-raid"],"yoast_head":"<!-- This site is optimized with the Yoast SEO plugin v24.9 - https:\/\/yoast.com\/wordpress\/plugins\/seo\/ -->\n<title>Italian Baja: Przygo\u0144ski vyu\u017eil startovn\u00ed pozice, Prokopa brzdil prach - DAKARMANIA.cz<\/title>\n<meta name=\"description\" content=\"Kuba Przygo\u0144ski suver\u00e9nn\u011b zv\u00edt\u011bzil v kr\u00e1tk\u00e9m prologu italsk\u00e9 baji. Na tra\u0165 vyr\u00e1\u017eel jako prvn\u00ed a d\u00edky tomu se nemusel pot\u00fdkat se zv\u00ed\u0159en\u00fdm prachem.\" \/>\n<meta name=\"robots\" content=\"index, follow, max-snippet:-1, max-image-preview:large, max-video-preview:-1\" \/>\n<link rel=\"canonical\" href=\"https:\/\/www.dakarmania.cz\/index.php\/2019\/06\/21\/italian-baja-przygonski-vyuzil-startovni-pozice\/\" \/>\n<meta property=\"og:locale\" content=\"cs_CZ\" \/>\n<meta property=\"og:type\" content=\"article\" \/>\n<meta property=\"og:title\" content=\"Italian Baja: Przygo\u0144ski vyu\u017eil startovn\u00ed pozice, Prokopa brzdil prach - DAKARMANIA.cz\" \/>\n<meta property=\"og:description\" content=\"Kuba Przygo\u0144ski suver\u00e9nn\u011b zv\u00edt\u011bzil v kr\u00e1tk\u00e9m prologu italsk\u00e9 baji. Na tra\u0165 vyr\u00e1\u017eel jako prvn\u00ed a d\u00edky tomu se nemusel pot\u00fdkat se zv\u00ed\u0159en\u00fdm prachem.\" \/>\n<meta property=\"og:url\" content=\"https:\/\/www.dakarmania.cz\/index.php\/2019\/06\/21\/italian-baja-przygonski-vyuzil-startovni-pozice\/\" \/>\n<meta property=\"og:site_name\" content=\"DAKARMANIA.cz\" \/>\n<meta property=\"article:publisher\" content=\"https:\/\/www.facebook.com\/dakarmania\/\" \/>\n<meta property=\"article:published_time\" content=\"2019-06-21T21:25:51+00:00\" \/>\n<meta property=\"article:modified_time\" content=\"2019-11-12T16:43:53+00:00\" \/>\n<meta property=\"og:image\" content=\"https:\/\/www.dakarmania.cz\/wp-content\/uploads\/2019\/06\/19-italia-przygonski.jpg\" \/>\n\t<meta property=\"og:image:width\" content=\"1600\" \/>\n\t<meta property=\"og:image:height\" content=\"1066\" \/>\n\t<meta property=\"og:image:type\" content=\"image\/jpeg\" \/>\n<meta name=\"author\" content=\"Zden\u011bk Zelenka\" \/>\n<meta name=\"twitter:card\" content=\"summary_large_image\" \/>\n<meta name=\"twitter:label1\" content=\"Napsal(a)\" \/>\n\t<meta name=\"twitter:data1\" content=\"Zden\u011bk Zelenka\" \/>\n\t<meta name=\"twitter:label2\" content=\"Odhadovan\u00e1 doba \u010dten\u00ed\" \/>\n\t<meta name=\"twitter:data2\" content=\"4 minuty\" \/>\n<script type=\"application\/ld+json\" class=\"yoast-schema-graph\">{\"@context\":\"https:\/\/schema.org\",\"@graph\":[{\"@type\":\"Article\",\"@id\":\"https:\/\/www.dakarmania.cz\/index.php\/2019\/06\/21\/italian-baja-przygonski-vyuzil-startovni-pozice\/#article\",\"isPartOf\":{\"@id\":\"https:\/\/www.dakarmania.cz\/index.php\/2019\/06\/21\/italian-baja-przygonski-vyuzil-startovni-pozice\/\"},\"author\":{\"name\":\"Zden\u011bk Zelenka\",\"@id\":\"https:\/\/www.dakarmania.cz\/#\/schema\/person\/04eb0e87a389631c2169c0dddae7ff1e\"},\"headline\":\"Italian Baja: Przygo\u0144ski vyu\u017eil startovn\u00ed pozice, Prokopa brzdil prach\",\"datePublished\":\"2019-06-21T21:25:51+00:00\",\"dateModified\":\"2019-11-12T16:43:53+00:00\",\"mainEntityOfPage\":{\"@id\":\"https:\/\/www.dakarmania.cz\/index.php\/2019\/06\/21\/italian-baja-przygonski-vyuzil-startovni-pozice\/\"},\"wordCount\":894,\"commentCount\":0,\"publisher\":{\"@id\":\"https:\/\/www.dakarmania.cz\/#organization\"},\"image\":{\"@id\":\"https:\/\/www.dakarmania.cz\/index.php\/2019\/06\/21\/italian-baja-przygonski-vyuzil-startovni-pozice\/#primaryimage\"},\"thumbnailUrl\":\"https:\/\/www.dakarmania.cz\/wp-content\/uploads\/2019\/06\/19-italia-przygonski.jpg\",\"keywords\":[\"2019\",\"Benediktas Vanagas\",\"Ford\",\"Hummer\",\"Italian Baja\",\"Italian Baja 2019\",\"Jan Tom\u00e1nek\",\"Kuba Przygo\u0144ski\",\"Martin Prokop\",\"Mini\",\"MP-Sports\",\"Orlando Terranova\",\"Petr Hoz\u00e1k\",\"Pubblicita\",\"Ren\u00e9 Kilian\",\"Ronnie Graue\",\"SP FIA baja\",\"SP FIA baja 2019\",\"Timo Gottschalk\",\"Toyota\",\"Vladimir Vasiljev\",\"X-raid\"],\"articleSection\":[\"Auto\",\"FIA SP baja\",\"Italian Baja\"],\"inLanguage\":\"cs\",\"potentialAction\":[{\"@type\":\"CommentAction\",\"name\":\"Comment\",\"target\":[\"https:\/\/www.dakarmania.cz\/index.php\/2019\/06\/21\/italian-baja-przygonski-vyuzil-startovni-pozice\/#respond\"]}]},{\"@type\":\"WebPage\",\"@id\":\"https:\/\/www.dakarmania.cz\/index.php\/2019\/06\/21\/italian-baja-przygonski-vyuzil-startovni-pozice\/\",\"url\":\"https:\/\/www.dakarmania.cz\/index.php\/2019\/06\/21\/italian-baja-przygonski-vyuzil-startovni-pozice\/\",\"name\":\"Italian Baja: Przygo\u0144ski vyu\u017eil startovn\u00ed pozice, Prokopa brzdil prach - DAKARMANIA.cz\",\"isPartOf\":{\"@id\":\"https:\/\/www.dakarmania.cz\/#website\"},\"primaryImageOfPage\":{\"@id\":\"https:\/\/www.dakarmania.cz\/index.php\/2019\/06\/21\/italian-baja-przygonski-vyuzil-startovni-pozice\/#primaryimage\"},\"image\":{\"@id\":\"https:\/\/www.dakarmania.cz\/index.php\/2019\/06\/21\/italian-baja-przygonski-vyuzil-startovni-pozice\/#primaryimage\"},\"thumbnailUrl\":\"https:\/\/www.dakarmania.cz\/wp-content\/uploads\/2019\/06\/19-italia-przygonski.jpg\",\"datePublished\":\"2019-06-21T21:25:51+00:00\",\"dateModified\":\"2019-11-12T16:43:53+00:00\",\"description\":\"Kuba Przygo\u0144ski suver\u00e9nn\u011b zv\u00edt\u011bzil v kr\u00e1tk\u00e9m prologu italsk\u00e9 baji. Na tra\u0165 vyr\u00e1\u017eel jako prvn\u00ed a d\u00edky tomu se nemusel pot\u00fdkat se zv\u00ed\u0159en\u00fdm prachem.\",\"breadcrumb\":{\"@id\":\"https:\/\/www.dakarmania.cz\/index.php\/2019\/06\/21\/italian-baja-przygonski-vyuzil-startovni-pozice\/#breadcrumb\"},\"inLanguage\":\"cs\",\"potentialAction\":[{\"@type\":\"ReadAction\",\"target\":[\"https:\/\/www.dakarmania.cz\/index.php\/2019\/06\/21\/italian-baja-przygonski-vyuzil-startovni-pozice\/\"]}]},{\"@type\":\"ImageObject\",\"inLanguage\":\"cs\",\"@id\":\"https:\/\/www.dakarmania.cz\/index.php\/2019\/06\/21\/italian-baja-przygonski-vyuzil-startovni-pozice\/#primaryimage\",\"url\":\"https:\/\/www.dakarmania.cz\/wp-content\/uploads\/2019\/06\/19-italia-przygonski.jpg\",\"contentUrl\":\"https:\/\/www.dakarmania.cz\/wp-content\/uploads\/2019\/06\/19-italia-przygonski.jpg\",\"width\":1600,\"height\":1066,\"caption\":\"Kuba Przygo\u0144ski\/Timo Gottschalk, Mini JCW Rally, Orlen Team\/X-raid. Italian Baja 2019. \u00a9 X-raid\"},{\"@type\":\"BreadcrumbList\",\"@id\":\"https:\/\/www.dakarmania.cz\/index.php\/2019\/06\/21\/italian-baja-przygonski-vyuzil-startovni-pozice\/#breadcrumb\",\"itemListElement\":[{\"@type\":\"ListItem\",\"position\":1,\"name\":\"Dom\u016f\",\"item\":\"https:\/\/www.dakarmania.cz\/\"},{\"@type\":\"ListItem\",\"position\":2,\"name\":\"Italian Baja: Przygo\u0144ski vyu\u017eil startovn\u00ed pozice, Prokopa brzdil prach\"}]},{\"@type\":\"WebSite\",\"@id\":\"https:\/\/www.dakarmania.cz\/#website\",\"url\":\"https:\/\/www.dakarmania.cz\/\",\"name\":\"DAKARMANIA.cz\",\"description\":\"\u017dijeme Dakarem cel\u00fd rok\",\"publisher\":{\"@id\":\"https:\/\/www.dakarmania.cz\/#organization\"},\"potentialAction\":[{\"@type\":\"SearchAction\",\"target\":{\"@type\":\"EntryPoint\",\"urlTemplate\":\"https:\/\/www.dakarmania.cz\/?s={search_term_string}\"},\"query-input\":{\"@type\":\"PropertyValueSpecification\",\"valueRequired\":true,\"valueName\":\"search_term_string\"}}],\"inLanguage\":\"cs\"},{\"@type\":\"Organization\",\"@id\":\"https:\/\/www.dakarmania.cz\/#organization\",\"name\":\"DAKAR MANIA\",\"url\":\"https:\/\/www.dakarmania.cz\/\",\"logo\":{\"@type\":\"ImageObject\",\"inLanguage\":\"cs\",\"@id\":\"https:\/\/www.dakarmania.cz\/#\/schema\/logo\/image\/\",\"url\":\"https:\/\/www.dakarmania.cz\/wp-content\/uploads\/2018\/12\/Dakar-Mania-Logo-Square-Orange.png\",\"contentUrl\":\"https:\/\/www.dakarmania.cz\/wp-content\/uploads\/2018\/12\/Dakar-Mania-Logo-Square-Orange.png\",\"width\":992,\"height\":992,\"caption\":\"DAKAR MANIA\"},\"image\":{\"@id\":\"https:\/\/www.dakarmania.cz\/#\/schema\/logo\/image\/\"},\"sameAs\":[\"https:\/\/www.facebook.com\/dakarmania\/\"]},{\"@type\":\"Person\",\"@id\":\"https:\/\/www.dakarmania.cz\/#\/schema\/person\/04eb0e87a389631c2169c0dddae7ff1e\",\"name\":\"Zden\u011bk Zelenka\",\"image\":{\"@type\":\"ImageObject\",\"inLanguage\":\"cs\",\"@id\":\"https:\/\/www.dakarmania.cz\/#\/schema\/person\/image\/\",\"url\":\"https:\/\/secure.gravatar.com\/avatar\/2c80d5a4942fe0900b73cc7d3837a509d6ee0a276a2b76dac95c92bd0763a89b?s=96&d=mm&r=g\",\"contentUrl\":\"https:\/\/secure.gravatar.com\/avatar\/2c80d5a4942fe0900b73cc7d3837a509d6ee0a276a2b76dac95c92bd0763a89b?s=96&d=mm&r=g\",\"caption\":\"Zden\u011bk Zelenka\"},\"description\":\"Moji d\u011bt\u0161t\u00ed hrdinov\u00e9 se jmenovali Loprais, Moskal, Neveu, Vatanen, Rahier... A tihle borci, jejich n\u00e1sledovn\u00edci a jejich p\u0159\u00edb\u011bhy m\u011b nep\u0159estali fascinovat ani po letech, kdy jsem vyrostl a zam\u011bstn\u00e1valy m\u011b jin\u00e9 discipl\u00edny motorsportu. Proto se zrodila DAKARMANIA.\",\"url\":\"https:\/\/www.dakarmania.cz\/index.php\/author\/dakarmania\/\"}]}<\/script>\n<!-- \/ Yoast SEO plugin. -->","yoast_head_json":{"title":"Italian Baja: Przygo\u0144ski vyu\u017eil startovn\u00ed pozice, Prokopa brzdil prach - DAKARMANIA.cz","description":"Kuba Przygo\u0144ski suver\u00e9nn\u011b zv\u00edt\u011bzil v kr\u00e1tk\u00e9m prologu italsk\u00e9 baji. Na tra\u0165 vyr\u00e1\u017eel jako prvn\u00ed a d\u00edky tomu se nemusel pot\u00fdkat se zv\u00ed\u0159en\u00fdm prachem.","robots":{"index":"index","follow":"follow","max-snippet":"max-snippet:-1","max-image-preview":"max-image-preview:large","max-video-preview":"max-video-preview:-1"},"canonical":"https:\/\/www.dakarmania.cz\/index.php\/2019\/06\/21\/italian-baja-przygonski-vyuzil-startovni-pozice\/","og_locale":"cs_CZ","og_type":"article","og_title":"Italian Baja: Przygo\u0144ski vyu\u017eil startovn\u00ed pozice, Prokopa brzdil prach - DAKARMANIA.cz","og_description":"Kuba Przygo\u0144ski suver\u00e9nn\u011b zv\u00edt\u011bzil v kr\u00e1tk\u00e9m prologu italsk\u00e9 baji. Na tra\u0165 vyr\u00e1\u017eel jako prvn\u00ed a d\u00edky tomu se nemusel pot\u00fdkat se zv\u00ed\u0159en\u00fdm prachem.","og_url":"https:\/\/www.dakarmania.cz\/index.php\/2019\/06\/21\/italian-baja-przygonski-vyuzil-startovni-pozice\/","og_site_name":"DAKARMANIA.cz","article_publisher":"https:\/\/www.facebook.com\/dakarmania\/","article_published_time":"2019-06-21T21:25:51+00:00","article_modified_time":"2019-11-12T16:43:53+00:00","og_image":[{"width":1600,"height":1066,"url":"https:\/\/www.dakarmania.cz\/wp-content\/uploads\/2019\/06\/19-italia-przygonski.jpg","type":"image\/jpeg"}],"author":"Zden\u011bk Zelenka","twitter_card":"summary_large_image","twitter_misc":{"Napsal(a)":"Zden\u011bk Zelenka","Odhadovan\u00e1 doba \u010dten\u00ed":"4 minuty"},"schema":{"@context":"https:\/\/schema.org","@graph":[{"@type":"Article","@id":"https:\/\/www.dakarmania.cz\/index.php\/2019\/06\/21\/italian-baja-przygonski-vyuzil-startovni-pozice\/#article","isPartOf":{"@id":"https:\/\/www.dakarmania.cz\/index.php\/2019\/06\/21\/italian-baja-przygonski-vyuzil-startovni-pozice\/"},"author":{"name":"Zden\u011bk Zelenka","@id":"https:\/\/www.dakarmania.cz\/#\/schema\/person\/04eb0e87a389631c2169c0dddae7ff1e"},"headline":"Italian Baja: Przygo\u0144ski vyu\u017eil startovn\u00ed pozice, Prokopa brzdil prach","datePublished":"2019-06-21T21:25:51+00:00","dateModified":"2019-11-12T16:43:53+00:00","mainEntityOfPage":{"@id":"https:\/\/www.dakarmania.cz\/index.php\/2019\/06\/21\/italian-baja-przygonski-vyuzil-startovni-pozice\/"},"wordCount":894,"commentCount":0,"publisher":{"@id":"https:\/\/www.dakarmania.cz\/#organization"},"image":{"@id":"https:\/\/www.dakarmania.cz\/index.php\/2019\/06\/21\/italian-baja-przygonski-vyuzil-startovni-pozice\/#primaryimage"},"thumbnailUrl":"https:\/\/www.dakarmania.cz\/wp-content\/uploads\/2019\/06\/19-italia-przygonski.jpg","keywords":["2019","Benediktas Vanagas","Ford","Hummer","Italian Baja","Italian Baja 2019","Jan Tom\u00e1nek","Kuba Przygo\u0144ski","Martin Prokop","Mini","MP-Sports","Orlando Terranova","Petr Hoz\u00e1k","Pubblicita","Ren\u00e9 Kilian","Ronnie Graue","SP FIA baja","SP FIA baja 2019","Timo Gottschalk","Toyota","Vladimir Vasiljev","X-raid"],"articleSection":["Auto","FIA SP baja","Italian Baja"],"inLanguage":"cs","potentialAction":[{"@type":"CommentAction","name":"Comment","target":["https:\/\/www.dakarmania.cz\/index.php\/2019\/06\/21\/italian-baja-przygonski-vyuzil-startovni-pozice\/#respond"]}]},{"@type":"WebPage","@id":"https:\/\/www.dakarmania.cz\/index.php\/2019\/06\/21\/italian-baja-przygonski-vyuzil-startovni-pozice\/","url":"https:\/\/www.dakarmania.cz\/index.php\/2019\/06\/21\/italian-baja-przygonski-vyuzil-startovni-pozice\/","name":"Italian Baja: Przygo\u0144ski vyu\u017eil startovn\u00ed pozice, Prokopa brzdil prach - DAKARMANIA.cz","isPartOf":{"@id":"https:\/\/www.dakarmania.cz\/#website"},"primaryImageOfPage":{"@id":"https:\/\/www.dakarmania.cz\/index.php\/2019\/06\/21\/italian-baja-przygonski-vyuzil-startovni-pozice\/#primaryimage"},"image":{"@id":"https:\/\/www.dakarmania.cz\/index.php\/2019\/06\/21\/italian-baja-przygonski-vyuzil-startovni-pozice\/#primaryimage"},"thumbnailUrl":"https:\/\/www.dakarmania.cz\/wp-content\/uploads\/2019\/06\/19-italia-przygonski.jpg","datePublished":"2019-06-21T21:25:51+00:00","dateModified":"2019-11-12T16:43:53+00:00","description":"Kuba Przygo\u0144ski suver\u00e9nn\u011b zv\u00edt\u011bzil v kr\u00e1tk\u00e9m prologu italsk\u00e9 baji. Na tra\u0165 vyr\u00e1\u017eel jako prvn\u00ed a d\u00edky tomu se nemusel pot\u00fdkat se zv\u00ed\u0159en\u00fdm prachem.","breadcrumb":{"@id":"https:\/\/www.dakarmania.cz\/index.php\/2019\/06\/21\/italian-baja-przygonski-vyuzil-startovni-pozice\/#breadcrumb"},"inLanguage":"cs","potentialAction":[{"@type":"ReadAction","target":["https:\/\/www.dakarmania.cz\/index.php\/2019\/06\/21\/italian-baja-przygonski-vyuzil-startovni-pozice\/"]}]},{"@type":"ImageObject","inLanguage":"cs","@id":"https:\/\/www.dakarmania.cz\/index.php\/2019\/06\/21\/italian-baja-przygonski-vyuzil-startovni-pozice\/#primaryimage","url":"https:\/\/www.dakarmania.cz\/wp-content\/uploads\/2019\/06\/19-italia-przygonski.jpg","contentUrl":"https:\/\/www.dakarmania.cz\/wp-content\/uploads\/2019\/06\/19-italia-przygonski.jpg","width":1600,"height":1066,"caption":"Kuba Przygo\u0144ski\/Timo Gottschalk, Mini JCW Rally, Orlen Team\/X-raid. Italian Baja 2019. \u00a9 X-raid"},{"@type":"BreadcrumbList","@id":"https:\/\/www.dakarmania.cz\/index.php\/2019\/06\/21\/italian-baja-przygonski-vyuzil-startovni-pozice\/#breadcrumb","itemListElement":[{"@type":"ListItem","position":1,"name":"Dom\u016f","item":"https:\/\/www.dakarmania.cz\/"},{"@type":"ListItem","position":2,"name":"Italian Baja: Przygo\u0144ski vyu\u017eil startovn\u00ed pozice, Prokopa brzdil prach"}]},{"@type":"WebSite","@id":"https:\/\/www.dakarmania.cz\/#website","url":"https:\/\/www.dakarmania.cz\/","name":"DAKARMANIA.cz","description":"\u017dijeme Dakarem cel\u00fd rok","publisher":{"@id":"https:\/\/www.dakarmania.cz\/#organization"},"potentialAction":[{"@type":"SearchAction","target":{"@type":"EntryPoint","urlTemplate":"https:\/\/www.dakarmania.cz\/?s={search_term_string}"},"query-input":{"@type":"PropertyValueSpecification","valueRequired":true,"valueName":"search_term_string"}}],"inLanguage":"cs"},{"@type":"Organization","@id":"https:\/\/www.dakarmania.cz\/#organization","name":"DAKAR MANIA","url":"https:\/\/www.dakarmania.cz\/","logo":{"@type":"ImageObject","inLanguage":"cs","@id":"https:\/\/www.dakarmania.cz\/#\/schema\/logo\/image\/","url":"https:\/\/www.dakarmania.cz\/wp-content\/uploads\/2018\/12\/Dakar-Mania-Logo-Square-Orange.png","contentUrl":"https:\/\/www.dakarmania.cz\/wp-content\/uploads\/2018\/12\/Dakar-Mania-Logo-Square-Orange.png","width":992,"height":992,"caption":"DAKAR MANIA"},"image":{"@id":"https:\/\/www.dakarmania.cz\/#\/schema\/logo\/image\/"},"sameAs":["https:\/\/www.facebook.com\/dakarmania\/"]},{"@type":"Person","@id":"https:\/\/www.dakarmania.cz\/#\/schema\/person\/04eb0e87a389631c2169c0dddae7ff1e","name":"Zden\u011bk Zelenka","image":{"@type":"ImageObject","inLanguage":"cs","@id":"https:\/\/www.dakarmania.cz\/#\/schema\/person\/image\/","url":"https:\/\/secure.gravatar.com\/avatar\/2c80d5a4942fe0900b73cc7d3837a509d6ee0a276a2b76dac95c92bd0763a89b?s=96&d=mm&r=g","contentUrl":"https:\/\/secure.gravatar.com\/avatar\/2c80d5a4942fe0900b73cc7d3837a509d6ee0a276a2b76dac95c92bd0763a89b?s=96&d=mm&r=g","caption":"Zden\u011bk Zelenka"},"description":"Moji d\u011bt\u0161t\u00ed hrdinov\u00e9 se jmenovali Loprais, Moskal, Neveu, Vatanen, Rahier... A tihle borci, jejich n\u00e1sledovn\u00edci a jejich p\u0159\u00edb\u011bhy m\u011b nep\u0159estali fascinovat ani po letech, kdy jsem vyrostl a zam\u011bstn\u00e1valy m\u011b jin\u00e9 discipl\u00edny motorsportu. Proto se zrodila DAKARMANIA.","url":"https:\/\/www.dakarmania.cz\/index.php\/author\/dakarmania\/"}]}},"amp_enabled":true,"_links":{"self":[{"href":"https:\/\/www.dakarmania.cz\/index.php\/wp-json\/wp\/v2\/posts\/7608","targetHints":{"allow":["GET"]}}],"collection":[{"href":"https:\/\/www.dakarmania.cz\/index.php\/wp-json\/wp\/v2\/posts"}],"about":[{"href":"https:\/\/www.dakarmania.cz\/index.php\/wp-json\/wp\/v2\/types\/post"}],"author":[{"embeddable":true,"href":"https:\/\/www.dakarmania.cz\/index.php\/wp-json\/wp\/v2\/users\/1"}],"replies":[{"embeddable":true,"href":"https:\/\/www.dakarmania.cz\/index.php\/wp-json\/wp\/v2\/comments?post=7608"}],"version-history":[{"count":8,"href":"https:\/\/www.dakarmania.cz\/index.php\/wp-json\/wp\/v2\/posts\/7608\/revisions"}],"predecessor-version":[{"id":13278,"href":"https:\/\/www.dakarmania.cz\/index.php\/wp-json\/wp\/v2\/posts\/7608\/revisions\/13278"}],"wp:featuredmedia":[{"embeddable":true,"href":"https:\/\/www.dakarmania.cz\/index.php\/wp-json\/wp\/v2\/media\/7607"}],"wp:attachment":[{"href":"https:\/\/www.dakarmania.cz\/index.php\/wp-json\/wp\/v2\/media?parent=7608"}],"wp:term":[{"taxonomy":"category","embeddable":true,"href":"https:\/\/www.dakarmania.cz\/index.php\/wp-json\/wp\/v2\/categories?post=7608"},{"taxonomy":"post_tag","embeddable":true,"href":"https:\/\/www.dakarmania.cz\/index.php\/wp-json\/wp\/v2\/tags?post=7608"}],"curies":[{"name":"wp","href":"https:\/\/api.w.org\/{rel}","templated":true}]}}