{"id":7643,"date":"2019-06-22T22:43:26","date_gmt":"2019-06-22T20:43:26","guid":{"rendered":"https:\/\/www.dakarmania.cz\/?p=7643"},"modified":"2023-03-02T11:24:11","modified_gmt":"2023-03-02T10:24:11","slug":"italian-baja-prokop-dohani-ztratu-przygonski-neobhaji","status":"publish","type":"post","link":"https:\/\/www.dakarmania.cz\/index.php\/2019\/06\/22\/italian-baja-prokop-dohani-ztratu-przygonski-neobhaji\/","title":{"rendered":"Italian Baja: Prokop doh\u00e1n\u00ed ztr\u00e1tu, Przygo\u0144ski neobh\u00e1j\u00ed"},"content":{"rendered":"<p>[vc_row][vc_column][vc_column_text]<\/p>\n<h4>Kuba Przygo\u0144ski t\u0159et\u00ed v\u00edt\u011bzstv\u00ed v\u00a0\u0159ad\u011b na Italian Baja nez\u00edsk\u00e1. Pol\u00e1k odstoupil po chyb\u011b na prvn\u00ed sobotn\u00ed rychlostn\u00ed zkou\u0161ce. P\u0159ed\u010dasn\u011b sout\u011b\u017e skon\u010dila tak\u00e9 pro Petra Hoz\u00e1ka. A probl\u00e9my se dnes nevyhnuly ani Martinu Prokopovi.<\/h4>\n<p><a href=\"\/index.php\/osobnosti\/kuba-przygonski\/\">Kuba Przygo\u0144ski<\/a> s\u00a0<a href=\"\/index.php\/osobnosti\/timo-gottschalk\/\">Timem Gottschalkem<\/a> vyhr\u00e1li kr\u00e1tk\u00fd p\u00e1te\u010dn\u00ed prolog, ale v\u00a0\u00fapln\u00e9m z\u00e1v\u011bru druh\u00e9ho m\u011b\u0159en\u00e9ho \u00faseku se sv\u00fdm Mini JCW Rally havarovali.<\/p>\n<p><em>\u201eT\u0159i sta metr\u016f p\u0159ed c\u00edlem jsme jeli po \u00fazk\u00e9 cest\u011b lemovan\u00e9 stromy a ke\u0159i. Na velmi m\u011bkk\u00e9m povrchu se auto utrhlo, narazili jsme do stromu a utrhli kolo,\u201c<\/em> popsal situaci <strong>Kuba Przygo\u0144ski<\/strong>.[\/vc_column_text][vc_single_image image=&#8221;7641&#8243; img_size=&#8221;large&#8221; add_caption=&#8221;yes&#8221; alignment=&#8221;center&#8221;][vc_column_text]D\u00edky v\u00edt\u011bzstv\u00ed na t\u00e9to erzet\u011b se veden\u00ed ujali Orlando Terranova a Ronnie Graue. Argentinci jedouc\u00ed s dal\u0161\u00edm Mini t\u00fdmu X-raid byli na n\u00e1sleduj\u00edc\u00edm testu druz\u00ed a p\u0159i t\u0159et\u00edm dne\u0161n\u00edm pr\u016fjezdu t\u00e9m\u011b\u0159 80kilometrov\u00e9 speci\u00e1lky Barbeano si p\u0159ipsali znovu nejrychlej\u0161\u00ed \u010das. D\u00edky tomu p\u016fjdou do z\u00e1v\u011bre\u010dn\u00e9 etapy z prvn\u00ed pozice s t\u00e9m\u011b\u0159 dvouminutov\u00fdm n\u00e1skokem p\u0159ed Rusem Vasiljevem.<\/p>\n<p><em>\u201eV prvn\u00ed erzet\u011b jsme se nem\u011bli \u010deho dr\u017eet, de facto jsme otev\u00edrali tra\u0165. Napodruh\u00e9 bylo kv\u016fli de\u0161ti hodn\u011b mokro, spousta bl\u00e1ta, klouzalo to. P\u0159i t\u0159et\u00edm pr\u016fjezdu u\u017e bylo relativn\u011b sucho, ale v \u0159ek\u00e1ch bylo hodn\u011b vody, co\u017e nen\u00ed dobr\u00e9 pro elektriku v aut\u011b. P\u0159esto jsme se sna\u017eili dr\u017eet tempo a hl\u00eddat n\u00e1skok. Neud\u011blali jsme \u017e\u00e1dn\u00e9 chyby, tak\u017ee to pro n\u00e1s byl dobr\u00fd den,\u201c<\/em> zhodnotil v podve\u010dern\u00edm servisu <strong>Orlando Terranova<\/strong>.<\/p>\n<p><a href=\"\/index.php\/osobnosti\/vladimir-vasiljev\/\">Vladimir Vasiljev<\/a> (Toyota) vedl p\u0159ed italskou bajou pr\u016fb\u011b\u017en\u00e9 hodnocen\u00ed <a href=\"\/index.php\/sampionaty\/svetovy-pohar-fia-v-cross-country-bajach-2019\/\">Sv\u011btov\u00e9ho poh\u00e1ru FIA v cross-country baj\u00e1ch<\/a> o t\u0159i body p\u0159ed Przygo\u0144skim. P\u0159\u00edpadn\u00e9 um\u00edst\u011bn\u00ed na stupn\u00edch v\u00edt\u011bz\u016f by pro n\u011bj bylo z pohledu v\u00fdvoje sezony velmi cenn\u00e9.<\/p>\n<p><em>\u201eNebylo to zrovna snadn\u00e9, ale jsme tady. P\u0159i t\u0159et\u00edm pr\u016fjezdu to bylo drsn\u00e9. Po tolika autech je tra\u0165 rozbit\u00e1, v\u0161ude jsou d\u00edry a po de\u0161ti je p\u0159i ka\u017ed\u00e9 dal\u0161\u00ed erzet\u011b tak\u00e9 v\u00edc a v\u00edc vody. Jednou jsme z\u016fstali st\u00e1t, proto\u017ee v brodu se n\u00e1m voda dostala v\u0161ude,\u201c<\/em> p\u0159ibl\u00ed\u017eil podm\u00ednky Vasiljev\u016fv navig\u00e1tor <a href=\"\/index.php\/osobnosti\/konstantin-zilcov\/\"><strong>Konstantin \u017dilcov<\/strong><\/a>. <em>\u201eZ\u00edtra to podle m\u011b bude je\u0161t\u011b n\u00e1ro\u010dn\u011bj\u0161\u00ed, proto\u017ee pojedeme stejnou tra\u0165 pouze v protism\u011bru.\u201c<\/em>[\/vc_column_text][vc_single_image image=&#8221;7657&#8243; img_size=&#8221;large&#8221; add_caption=&#8221;yes&#8221; alignment=&#8221;center&#8221;][vc_column_text]Vasiljev\u016fv krajan Andrej Novikov (G-Force Bars) je se ztr\u00e1tou dal\u0161\u00edch deseti minut t\u0159et\u00ed.<\/p>\n<h4>Z\u00e1ludn\u00e9 brody<\/h4>\n<p><a href=\"\/index.php\/osobnosti\/martin-prokop\/\">Martin Prokop<\/a> a <a href=\"\/index.php\/osobnosti\/jan-tomanek\/\">Jan Tom\u00e1nek<\/a> ztratili jeden\u00e1ct minut hned r\u00e1no, kdy\u017e p\u0159i pr\u016fjezdu jedn\u00edm z brod\u016f spadl \u0159emen od posilova\u010de \u0159\u00edzen\u00ed. Prokop si tak na posledn\u00edch t\u0159iceti kilometrech p\u0159ipadal ve sv\u00e9m Fordu jako v posilovn\u011b a klesl ze t\u0159et\u00edho na sedm\u00e9 m\u00edsto. Na dal\u0161\u00edch dvou erzet\u00e1ch byl shodn\u011b t\u0159et\u00ed za Terranovou a Vasiljevem, p\u0159esto\u017ee se pot\u00fdkal s\u00a0probl\u00e9my s motorem. V pr\u016fb\u011b\u017en\u00e9m po\u0159ad\u00ed p\u0159esto posko\u010dil na \u010dtvrtou p\u0159\u00ed\u010dku se ztr\u00e1tou 78 sekund na Novikova.<\/p>\n<p><em>\u201ePo\u0159\u00e1d m\u00e1me probl\u00e9my s motorem. Doufali jsme, \u017ee jsme to vy\u0159e\u0161ili, ale nestalo se. Ztr\u00e1c\u00edme hodn\u011b \u010dasu, proto\u017ee n\u00e1m chyb\u00ed v\u00fdkon. Mus\u00edme zkontrolovat data a zlep\u0161it to na z\u00edt\u0159ek, pokud to bude mo\u017en\u00e9,\u201c<\/em> \u0159ekl <strong>Martin Prokop<\/strong> v c\u00edli posledn\u00edho sobotn\u00edho testu.[\/vc_column_text][vc_single_image image=&#8221;7651&#8243; img_size=&#8221;large&#8221; add_caption=&#8221;yes&#8221; alignment=&#8221;center&#8221;][vc_column_text]Petr Hoz\u00e1k s Ren\u00e9m Kilianem si v sobotu u\u017eili sv\u00e9. P\u0159i pr\u016fjezdu jedn\u00edm z brod\u016f na RZ2 utrhli p\u0159edn\u00ed kapotu a po de\u0161ti, kter\u00fd p\u0159i\u0161el p\u0159ed dal\u0161\u00edm testem, Hoz\u00e1k ze sv\u00e9ho Hummeru kv\u016fli zaml\u017een\u00e9mu \u010deln\u00edmu sklu t\u00e9m\u011b\u0159 nevid\u011bl. V\u00fdsledkem byl necht\u011bn\u00fd v\u00fdlet mimo tra\u0165. V\u016fz, kter\u00fd se p\u0159ekulil na bok, sice div\u00e1ci vr\u00e1tili zp\u011bt na kola a \u010desk\u00e1 pos\u00e1dka dojela do c\u00edle m\u011b\u0159en\u00e9ho \u00faseku, ale s ohledem na po\u0161kozen\u00ed techniky a relativn\u011b brzk\u00fd term\u00edn n\u00e1sleduj\u00edc\u00edho podniku ve \u0160pan\u011blsku se rozhodla ze z\u00e1vodu odstoupit.<\/p>\n<p>V ned\u011bli pokra\u010duje <a href=\"\/index.php\/souteze\/italian-baja-2019\/\">Italian Baja 2019<\/a> z\u00e1v\u011bre\u010dnou etapou. Na programu jsou dva pr\u016fjezdy 80kilometrovou rychlostn\u00ed zkou\u0161kou Gradisca.[\/vc_column_text][vc_column_text]<\/p>\n<table style=\"width: 97.7654%; height: 216px;\" rules=\"rows\" cellpadding=\"4px\">\n<tbody>\n<tr style=\"background-color: #9e9d9d; color: white;\">\n<td style=\"text-align: center;\" colspan=\"4\"><span style=\"font-size: 10pt;\"><strong>Italian Baja 2019<br \/>\npr\u016fb\u011b\u017en\u00e9 po\u0159ad\u00ed po 2. etap\u011b<\/strong><\/span><\/td>\n<\/tr>\n<tr style=\"background-color: #dbd9d9;\">\n<td style=\"width: 6.4117%; height: 24px;\">1.<\/td>\n<td style=\"width: 44.3195%; height: 24px;\">Terranova \/ Graue<\/td>\n<td style=\"width: 33.6333%; height: 24px;\">Mini JCW Rally<\/td>\n<td style=\"width: 14.3982%; height: 24px; text-align: right;\">3:16:30,4<\/td>\n<\/tr>\n<tr style=\"background-color: #f2f2f2;\">\n<td style=\"width: 6.4117%; height: 24px;\">2.<\/td>\n<td style=\"width: 44.3195%; height: 24px;\">Vasiljev \/ \u017dilcov<\/td>\n<td style=\"width: 33.6333%; height: 24px;\">Toyota Hilux<\/td>\n<td style=\"width: 14.3982%; height: 24px; text-align: right;\">+1:52,4<\/td>\n<\/tr>\n<tr style=\"background-color: #dbd9d9;\">\n<td style=\"width: 6.4117%;\">3.<\/td>\n<td style=\"width: 44.3195%;\">Novikov \/ Novikov<\/td>\n<td style=\"width: 33.6333%;\">G-Force Bars<\/td>\n<td style=\"width: 14.3982%; text-align: right;\">+12:08,2<\/td>\n<\/tr>\n<tr style=\"background-color: #f2f2f2;\">\n<td style=\"width: 6.4117%; height: 24px;\">4.<\/td>\n<td style=\"width: 44.3195%; height: 24px;\">Prokop \/ Tom\u00e1nek<\/td>\n<td style=\"width: 33.6333%; height: 24px;\">Ford F-150 Evo<\/td>\n<td style=\"width: 14.3982%; height: 24px; text-align: right;\">+13:26,5<\/td>\n<\/tr>\n<tr style=\"background-color: #dbd9d9;\">\n<td style=\"width: 6.4117%; height: 24px;\">5.<\/td>\n<td style=\"width: 44.3195%; height: 24px;\">Codec\u00e0 \/ Toffoli<\/td>\n<td style=\"width: 33.6333%; height: 24px;\">Suzuki Grand Vitara<\/td>\n<td style=\"width: 14.3982%; height: 24px; text-align: right;\">+28:58,2<\/td>\n<\/tr>\n<tr style=\"background-color: #f2f2f2;\">\n<td style=\"width: 6.4117%; height: 24px;\">6.<\/td>\n<td style=\"width: 44.3195%; height: 24px;\">Vorobjov \/ \u0160ubin<\/td>\n<td style=\"width: 33.6333%; height: 24px;\">Can-Am Maverick X3<\/td>\n<td style=\"width: 14.3982%; height: 24px; text-align: right;\">+31:39,0<\/td>\n<\/tr>\n<\/tbody>\n<\/table>\n<p>[\/vc_column_text][\/vc_column][\/vc_row]<\/p>\n","protected":false},"excerpt":{"rendered":"<p>Kuba Przygo\u0144ski t\u0159et\u00ed v\u00edt\u011bzstv\u00ed na Italian Baja nez\u00edsk\u00e1. Probl\u00e9my se nevyhnuly ani Martinu Prokopovi.<\/p>\n","protected":false},"author":1,"featured_media":7642,"comment_status":"closed","ping_status":"closed","sticky":false,"template":"","format":"standard","meta":{"footnotes":""},"categories":[3,98,1099],"tags":[425,307,11,1206,309,258,1164,1163,6,306,288,5,219,4,1165,291,257,1201,1166,1205,106,445,290,201,305,1100,220],"class_list":["post-7643","post","type-post","status-publish","format-standard","has-post-thumbnail","hentry","category-auto","category-fia-baja","category-italian-baja","tag-425","tag-andrej-novikov","tag-ford","tag-g-force","tag-g-force-bars","tag-hummer","tag-italian-baja","tag-italian-baja-2019","tag-jan-tomanek","tag-konstantin-zilcov","tag-kuba-przygonski","tag-martin-prokop","tag-mini","tag-mp-sports","tag-orlando-terranova","tag-orlen-team","tag-petr-hozak","tag-pubblicita","tag-rene-kilian","tag-ronnie-graue","tag-sp-fia-baja","tag-sp-fia-baja-2019","tag-timo-gottschalk","tag-toyota","tag-vladimir-vasiljev","tag-vrt","tag-x-raid"],"yoast_head":"<!-- This site is optimized with the Yoast SEO plugin v24.9 - https:\/\/yoast.com\/wordpress\/plugins\/seo\/ -->\n<title>Italian Baja: Prokop doh\u00e1n\u00ed ztr\u00e1tu, Przygo\u0144ski neobh\u00e1j\u00ed - DAKARMANIA.cz<\/title>\n<meta name=\"description\" content=\"Kuba Przygo\u0144ski t\u0159et\u00ed v\u00edt\u011bzstv\u00ed na Italian Baja nez\u00edsk\u00e1. Probl\u00e9my se nevyhnuly ani Martinu Prokopovi.\" \/>\n<meta name=\"robots\" content=\"index, follow, max-snippet:-1, max-image-preview:large, max-video-preview:-1\" \/>\n<link rel=\"canonical\" href=\"https:\/\/www.dakarmania.cz\/index.php\/2019\/06\/22\/italian-baja-prokop-dohani-ztratu-przygonski-neobhaji\/\" \/>\n<meta property=\"og:locale\" content=\"cs_CZ\" \/>\n<meta property=\"og:type\" content=\"article\" \/>\n<meta property=\"og:title\" content=\"Italian Baja: Prokop doh\u00e1n\u00ed ztr\u00e1tu, Przygo\u0144ski neobh\u00e1j\u00ed - DAKARMANIA.cz\" \/>\n<meta property=\"og:description\" content=\"Kuba Przygo\u0144ski t\u0159et\u00ed v\u00edt\u011bzstv\u00ed na Italian Baja nez\u00edsk\u00e1. Probl\u00e9my se nevyhnuly ani Martinu Prokopovi.\" \/>\n<meta property=\"og:url\" content=\"https:\/\/www.dakarmania.cz\/index.php\/2019\/06\/22\/italian-baja-prokop-dohani-ztratu-przygonski-neobhaji\/\" \/>\n<meta property=\"og:site_name\" content=\"DAKARMANIA.cz\" \/>\n<meta property=\"article:publisher\" content=\"https:\/\/www.facebook.com\/dakarmania\/\" \/>\n<meta property=\"article:published_time\" content=\"2019-06-22T20:43:26+00:00\" \/>\n<meta property=\"article:modified_time\" content=\"2023-03-02T10:24:11+00:00\" \/>\n<meta property=\"og:image\" content=\"https:\/\/www.dakarmania.cz\/wp-content\/uploads\/2019\/06\/19-italia-prokop-02.jpg\" \/>\n\t<meta property=\"og:image:width\" content=\"1600\" \/>\n\t<meta property=\"og:image:height\" content=\"1066\" \/>\n\t<meta property=\"og:image:type\" content=\"image\/jpeg\" \/>\n<meta name=\"author\" content=\"Zden\u011bk Zelenka\" \/>\n<meta name=\"twitter:card\" content=\"summary_large_image\" \/>\n<meta name=\"twitter:label1\" content=\"Napsal(a)\" \/>\n\t<meta name=\"twitter:data1\" content=\"Zden\u011bk Zelenka\" \/>\n\t<meta name=\"twitter:label2\" content=\"Odhadovan\u00e1 doba \u010dten\u00ed\" \/>\n\t<meta name=\"twitter:data2\" content=\"4 minuty\" \/>\n<script type=\"application\/ld+json\" class=\"yoast-schema-graph\">{\"@context\":\"https:\/\/schema.org\",\"@graph\":[{\"@type\":\"Article\",\"@id\":\"https:\/\/www.dakarmania.cz\/index.php\/2019\/06\/22\/italian-baja-prokop-dohani-ztratu-przygonski-neobhaji\/#article\",\"isPartOf\":{\"@id\":\"https:\/\/www.dakarmania.cz\/index.php\/2019\/06\/22\/italian-baja-prokop-dohani-ztratu-przygonski-neobhaji\/\"},\"author\":{\"name\":\"Zden\u011bk Zelenka\",\"@id\":\"https:\/\/www.dakarmania.cz\/#\/schema\/person\/04eb0e87a389631c2169c0dddae7ff1e\"},\"headline\":\"Italian Baja: Prokop doh\u00e1n\u00ed ztr\u00e1tu, Przygo\u0144ski neobh\u00e1j\u00ed\",\"datePublished\":\"2019-06-22T20:43:26+00:00\",\"dateModified\":\"2023-03-02T10:24:11+00:00\",\"mainEntityOfPage\":{\"@id\":\"https:\/\/www.dakarmania.cz\/index.php\/2019\/06\/22\/italian-baja-prokop-dohani-ztratu-przygonski-neobhaji\/\"},\"wordCount\":888,\"publisher\":{\"@id\":\"https:\/\/www.dakarmania.cz\/#organization\"},\"image\":{\"@id\":\"https:\/\/www.dakarmania.cz\/index.php\/2019\/06\/22\/italian-baja-prokop-dohani-ztratu-przygonski-neobhaji\/#primaryimage\"},\"thumbnailUrl\":\"https:\/\/www.dakarmania.cz\/wp-content\/uploads\/2019\/06\/19-italia-prokop-02.jpg\",\"keywords\":[\"2019\",\"Andrej Novikov\",\"Ford\",\"G-Force\",\"G-Force BARS\",\"Hummer\",\"Italian Baja\",\"Italian Baja 2019\",\"Jan Tom\u00e1nek\",\"Konstantin \u017dilcov\",\"Kuba Przygo\u0144ski\",\"Martin Prokop\",\"Mini\",\"MP-Sports\",\"Orlando Terranova\",\"Orlen Team\",\"Petr Hoz\u00e1k\",\"Pubblicita\",\"Ren\u00e9 Kilian\",\"Ronnie Graue\",\"SP FIA baja\",\"SP FIA baja 2019\",\"Timo Gottschalk\",\"Toyota\",\"Vladimir Vasiljev\",\"VRT\",\"X-raid\"],\"articleSection\":[\"Auto\",\"FIA SP baja\",\"Italian Baja\"],\"inLanguage\":\"cs\"},{\"@type\":\"WebPage\",\"@id\":\"https:\/\/www.dakarmania.cz\/index.php\/2019\/06\/22\/italian-baja-prokop-dohani-ztratu-przygonski-neobhaji\/\",\"url\":\"https:\/\/www.dakarmania.cz\/index.php\/2019\/06\/22\/italian-baja-prokop-dohani-ztratu-przygonski-neobhaji\/\",\"name\":\"Italian Baja: Prokop doh\u00e1n\u00ed ztr\u00e1tu, Przygo\u0144ski neobh\u00e1j\u00ed - DAKARMANIA.cz\",\"isPartOf\":{\"@id\":\"https:\/\/www.dakarmania.cz\/#website\"},\"primaryImageOfPage\":{\"@id\":\"https:\/\/www.dakarmania.cz\/index.php\/2019\/06\/22\/italian-baja-prokop-dohani-ztratu-przygonski-neobhaji\/#primaryimage\"},\"image\":{\"@id\":\"https:\/\/www.dakarmania.cz\/index.php\/2019\/06\/22\/italian-baja-prokop-dohani-ztratu-przygonski-neobhaji\/#primaryimage\"},\"thumbnailUrl\":\"https:\/\/www.dakarmania.cz\/wp-content\/uploads\/2019\/06\/19-italia-prokop-02.jpg\",\"datePublished\":\"2019-06-22T20:43:26+00:00\",\"dateModified\":\"2023-03-02T10:24:11+00:00\",\"description\":\"Kuba Przygo\u0144ski t\u0159et\u00ed v\u00edt\u011bzstv\u00ed na Italian Baja nez\u00edsk\u00e1. Probl\u00e9my se nevyhnuly ani Martinu Prokopovi.\",\"breadcrumb\":{\"@id\":\"https:\/\/www.dakarmania.cz\/index.php\/2019\/06\/22\/italian-baja-prokop-dohani-ztratu-przygonski-neobhaji\/#breadcrumb\"},\"inLanguage\":\"cs\",\"potentialAction\":[{\"@type\":\"ReadAction\",\"target\":[\"https:\/\/www.dakarmania.cz\/index.php\/2019\/06\/22\/italian-baja-prokop-dohani-ztratu-przygonski-neobhaji\/\"]}]},{\"@type\":\"ImageObject\",\"inLanguage\":\"cs\",\"@id\":\"https:\/\/www.dakarmania.cz\/index.php\/2019\/06\/22\/italian-baja-prokop-dohani-ztratu-przygonski-neobhaji\/#primaryimage\",\"url\":\"https:\/\/www.dakarmania.cz\/wp-content\/uploads\/2019\/06\/19-italia-prokop-02.jpg\",\"contentUrl\":\"https:\/\/www.dakarmania.cz\/wp-content\/uploads\/2019\/06\/19-italia-prokop-02.jpg\",\"width\":1600,\"height\":1066,\"caption\":\"Martin Prokop\/Jan Tom\u00e1nek, Ford Raptor RS Cross-Country, MP-Sports. Italian Baja 2019. \u00a9 MP-Sports\"},{\"@type\":\"BreadcrumbList\",\"@id\":\"https:\/\/www.dakarmania.cz\/index.php\/2019\/06\/22\/italian-baja-prokop-dohani-ztratu-przygonski-neobhaji\/#breadcrumb\",\"itemListElement\":[{\"@type\":\"ListItem\",\"position\":1,\"name\":\"Dom\u016f\",\"item\":\"https:\/\/www.dakarmania.cz\/\"},{\"@type\":\"ListItem\",\"position\":2,\"name\":\"Italian Baja: Prokop doh\u00e1n\u00ed ztr\u00e1tu, Przygo\u0144ski neobh\u00e1j\u00ed\"}]},{\"@type\":\"WebSite\",\"@id\":\"https:\/\/www.dakarmania.cz\/#website\",\"url\":\"https:\/\/www.dakarmania.cz\/\",\"name\":\"DAKARMANIA.cz\",\"description\":\"\u017dijeme Dakarem cel\u00fd rok\",\"publisher\":{\"@id\":\"https:\/\/www.dakarmania.cz\/#organization\"},\"potentialAction\":[{\"@type\":\"SearchAction\",\"target\":{\"@type\":\"EntryPoint\",\"urlTemplate\":\"https:\/\/www.dakarmania.cz\/?s={search_term_string}\"},\"query-input\":{\"@type\":\"PropertyValueSpecification\",\"valueRequired\":true,\"valueName\":\"search_term_string\"}}],\"inLanguage\":\"cs\"},{\"@type\":\"Organization\",\"@id\":\"https:\/\/www.dakarmania.cz\/#organization\",\"name\":\"DAKAR MANIA\",\"url\":\"https:\/\/www.dakarmania.cz\/\",\"logo\":{\"@type\":\"ImageObject\",\"inLanguage\":\"cs\",\"@id\":\"https:\/\/www.dakarmania.cz\/#\/schema\/logo\/image\/\",\"url\":\"https:\/\/www.dakarmania.cz\/wp-content\/uploads\/2018\/12\/Dakar-Mania-Logo-Square-Orange.png\",\"contentUrl\":\"https:\/\/www.dakarmania.cz\/wp-content\/uploads\/2018\/12\/Dakar-Mania-Logo-Square-Orange.png\",\"width\":992,\"height\":992,\"caption\":\"DAKAR MANIA\"},\"image\":{\"@id\":\"https:\/\/www.dakarmania.cz\/#\/schema\/logo\/image\/\"},\"sameAs\":[\"https:\/\/www.facebook.com\/dakarmania\/\"]},{\"@type\":\"Person\",\"@id\":\"https:\/\/www.dakarmania.cz\/#\/schema\/person\/04eb0e87a389631c2169c0dddae7ff1e\",\"name\":\"Zden\u011bk Zelenka\",\"image\":{\"@type\":\"ImageObject\",\"inLanguage\":\"cs\",\"@id\":\"https:\/\/www.dakarmania.cz\/#\/schema\/person\/image\/\",\"url\":\"https:\/\/secure.gravatar.com\/avatar\/2c80d5a4942fe0900b73cc7d3837a509d6ee0a276a2b76dac95c92bd0763a89b?s=96&d=mm&r=g\",\"contentUrl\":\"https:\/\/secure.gravatar.com\/avatar\/2c80d5a4942fe0900b73cc7d3837a509d6ee0a276a2b76dac95c92bd0763a89b?s=96&d=mm&r=g\",\"caption\":\"Zden\u011bk Zelenka\"},\"description\":\"Moji d\u011bt\u0161t\u00ed hrdinov\u00e9 se jmenovali Loprais, Moskal, Neveu, Vatanen, Rahier... A tihle borci, jejich n\u00e1sledovn\u00edci a jejich p\u0159\u00edb\u011bhy m\u011b nep\u0159estali fascinovat ani po letech, kdy jsem vyrostl a zam\u011bstn\u00e1valy m\u011b jin\u00e9 discipl\u00edny motorsportu. Proto se zrodila DAKARMANIA.\",\"url\":\"https:\/\/www.dakarmania.cz\/index.php\/author\/dakarmania\/\"}]}<\/script>\n<!-- \/ Yoast SEO plugin. -->","yoast_head_json":{"title":"Italian Baja: Prokop doh\u00e1n\u00ed ztr\u00e1tu, Przygo\u0144ski neobh\u00e1j\u00ed - DAKARMANIA.cz","description":"Kuba Przygo\u0144ski t\u0159et\u00ed v\u00edt\u011bzstv\u00ed na Italian Baja nez\u00edsk\u00e1. Probl\u00e9my se nevyhnuly ani Martinu Prokopovi.","robots":{"index":"index","follow":"follow","max-snippet":"max-snippet:-1","max-image-preview":"max-image-preview:large","max-video-preview":"max-video-preview:-1"},"canonical":"https:\/\/www.dakarmania.cz\/index.php\/2019\/06\/22\/italian-baja-prokop-dohani-ztratu-przygonski-neobhaji\/","og_locale":"cs_CZ","og_type":"article","og_title":"Italian Baja: Prokop doh\u00e1n\u00ed ztr\u00e1tu, Przygo\u0144ski neobh\u00e1j\u00ed - DAKARMANIA.cz","og_description":"Kuba Przygo\u0144ski t\u0159et\u00ed v\u00edt\u011bzstv\u00ed na Italian Baja nez\u00edsk\u00e1. Probl\u00e9my se nevyhnuly ani Martinu Prokopovi.","og_url":"https:\/\/www.dakarmania.cz\/index.php\/2019\/06\/22\/italian-baja-prokop-dohani-ztratu-przygonski-neobhaji\/","og_site_name":"DAKARMANIA.cz","article_publisher":"https:\/\/www.facebook.com\/dakarmania\/","article_published_time":"2019-06-22T20:43:26+00:00","article_modified_time":"2023-03-02T10:24:11+00:00","og_image":[{"width":1600,"height":1066,"url":"https:\/\/www.dakarmania.cz\/wp-content\/uploads\/2019\/06\/19-italia-prokop-02.jpg","type":"image\/jpeg"}],"author":"Zden\u011bk Zelenka","twitter_card":"summary_large_image","twitter_misc":{"Napsal(a)":"Zden\u011bk Zelenka","Odhadovan\u00e1 doba \u010dten\u00ed":"4 minuty"},"schema":{"@context":"https:\/\/schema.org","@graph":[{"@type":"Article","@id":"https:\/\/www.dakarmania.cz\/index.php\/2019\/06\/22\/italian-baja-prokop-dohani-ztratu-przygonski-neobhaji\/#article","isPartOf":{"@id":"https:\/\/www.dakarmania.cz\/index.php\/2019\/06\/22\/italian-baja-prokop-dohani-ztratu-przygonski-neobhaji\/"},"author":{"name":"Zden\u011bk Zelenka","@id":"https:\/\/www.dakarmania.cz\/#\/schema\/person\/04eb0e87a389631c2169c0dddae7ff1e"},"headline":"Italian Baja: Prokop doh\u00e1n\u00ed ztr\u00e1tu, Przygo\u0144ski neobh\u00e1j\u00ed","datePublished":"2019-06-22T20:43:26+00:00","dateModified":"2023-03-02T10:24:11+00:00","mainEntityOfPage":{"@id":"https:\/\/www.dakarmania.cz\/index.php\/2019\/06\/22\/italian-baja-prokop-dohani-ztratu-przygonski-neobhaji\/"},"wordCount":888,"publisher":{"@id":"https:\/\/www.dakarmania.cz\/#organization"},"image":{"@id":"https:\/\/www.dakarmania.cz\/index.php\/2019\/06\/22\/italian-baja-prokop-dohani-ztratu-przygonski-neobhaji\/#primaryimage"},"thumbnailUrl":"https:\/\/www.dakarmania.cz\/wp-content\/uploads\/2019\/06\/19-italia-prokop-02.jpg","keywords":["2019","Andrej Novikov","Ford","G-Force","G-Force BARS","Hummer","Italian Baja","Italian Baja 2019","Jan Tom\u00e1nek","Konstantin \u017dilcov","Kuba Przygo\u0144ski","Martin Prokop","Mini","MP-Sports","Orlando Terranova","Orlen Team","Petr Hoz\u00e1k","Pubblicita","Ren\u00e9 Kilian","Ronnie Graue","SP FIA baja","SP FIA baja 2019","Timo Gottschalk","Toyota","Vladimir Vasiljev","VRT","X-raid"],"articleSection":["Auto","FIA SP baja","Italian Baja"],"inLanguage":"cs"},{"@type":"WebPage","@id":"https:\/\/www.dakarmania.cz\/index.php\/2019\/06\/22\/italian-baja-prokop-dohani-ztratu-przygonski-neobhaji\/","url":"https:\/\/www.dakarmania.cz\/index.php\/2019\/06\/22\/italian-baja-prokop-dohani-ztratu-przygonski-neobhaji\/","name":"Italian Baja: Prokop doh\u00e1n\u00ed ztr\u00e1tu, Przygo\u0144ski neobh\u00e1j\u00ed - DAKARMANIA.cz","isPartOf":{"@id":"https:\/\/www.dakarmania.cz\/#website"},"primaryImageOfPage":{"@id":"https:\/\/www.dakarmania.cz\/index.php\/2019\/06\/22\/italian-baja-prokop-dohani-ztratu-przygonski-neobhaji\/#primaryimage"},"image":{"@id":"https:\/\/www.dakarmania.cz\/index.php\/2019\/06\/22\/italian-baja-prokop-dohani-ztratu-przygonski-neobhaji\/#primaryimage"},"thumbnailUrl":"https:\/\/www.dakarmania.cz\/wp-content\/uploads\/2019\/06\/19-italia-prokop-02.jpg","datePublished":"2019-06-22T20:43:26+00:00","dateModified":"2023-03-02T10:24:11+00:00","description":"Kuba Przygo\u0144ski t\u0159et\u00ed v\u00edt\u011bzstv\u00ed na Italian Baja nez\u00edsk\u00e1. Probl\u00e9my se nevyhnuly ani Martinu Prokopovi.","breadcrumb":{"@id":"https:\/\/www.dakarmania.cz\/index.php\/2019\/06\/22\/italian-baja-prokop-dohani-ztratu-przygonski-neobhaji\/#breadcrumb"},"inLanguage":"cs","potentialAction":[{"@type":"ReadAction","target":["https:\/\/www.dakarmania.cz\/index.php\/2019\/06\/22\/italian-baja-prokop-dohani-ztratu-przygonski-neobhaji\/"]}]},{"@type":"ImageObject","inLanguage":"cs","@id":"https:\/\/www.dakarmania.cz\/index.php\/2019\/06\/22\/italian-baja-prokop-dohani-ztratu-przygonski-neobhaji\/#primaryimage","url":"https:\/\/www.dakarmania.cz\/wp-content\/uploads\/2019\/06\/19-italia-prokop-02.jpg","contentUrl":"https:\/\/www.dakarmania.cz\/wp-content\/uploads\/2019\/06\/19-italia-prokop-02.jpg","width":1600,"height":1066,"caption":"Martin Prokop\/Jan Tom\u00e1nek, Ford Raptor RS Cross-Country, MP-Sports. Italian Baja 2019. \u00a9 MP-Sports"},{"@type":"BreadcrumbList","@id":"https:\/\/www.dakarmania.cz\/index.php\/2019\/06\/22\/italian-baja-prokop-dohani-ztratu-przygonski-neobhaji\/#breadcrumb","itemListElement":[{"@type":"ListItem","position":1,"name":"Dom\u016f","item":"https:\/\/www.dakarmania.cz\/"},{"@type":"ListItem","position":2,"name":"Italian Baja: Prokop doh\u00e1n\u00ed ztr\u00e1tu, Przygo\u0144ski neobh\u00e1j\u00ed"}]},{"@type":"WebSite","@id":"https:\/\/www.dakarmania.cz\/#website","url":"https:\/\/www.dakarmania.cz\/","name":"DAKARMANIA.cz","description":"\u017dijeme Dakarem cel\u00fd rok","publisher":{"@id":"https:\/\/www.dakarmania.cz\/#organization"},"potentialAction":[{"@type":"SearchAction","target":{"@type":"EntryPoint","urlTemplate":"https:\/\/www.dakarmania.cz\/?s={search_term_string}"},"query-input":{"@type":"PropertyValueSpecification","valueRequired":true,"valueName":"search_term_string"}}],"inLanguage":"cs"},{"@type":"Organization","@id":"https:\/\/www.dakarmania.cz\/#organization","name":"DAKAR MANIA","url":"https:\/\/www.dakarmania.cz\/","logo":{"@type":"ImageObject","inLanguage":"cs","@id":"https:\/\/www.dakarmania.cz\/#\/schema\/logo\/image\/","url":"https:\/\/www.dakarmania.cz\/wp-content\/uploads\/2018\/12\/Dakar-Mania-Logo-Square-Orange.png","contentUrl":"https:\/\/www.dakarmania.cz\/wp-content\/uploads\/2018\/12\/Dakar-Mania-Logo-Square-Orange.png","width":992,"height":992,"caption":"DAKAR MANIA"},"image":{"@id":"https:\/\/www.dakarmania.cz\/#\/schema\/logo\/image\/"},"sameAs":["https:\/\/www.facebook.com\/dakarmania\/"]},{"@type":"Person","@id":"https:\/\/www.dakarmania.cz\/#\/schema\/person\/04eb0e87a389631c2169c0dddae7ff1e","name":"Zden\u011bk Zelenka","image":{"@type":"ImageObject","inLanguage":"cs","@id":"https:\/\/www.dakarmania.cz\/#\/schema\/person\/image\/","url":"https:\/\/secure.gravatar.com\/avatar\/2c80d5a4942fe0900b73cc7d3837a509d6ee0a276a2b76dac95c92bd0763a89b?s=96&d=mm&r=g","contentUrl":"https:\/\/secure.gravatar.com\/avatar\/2c80d5a4942fe0900b73cc7d3837a509d6ee0a276a2b76dac95c92bd0763a89b?s=96&d=mm&r=g","caption":"Zden\u011bk Zelenka"},"description":"Moji d\u011bt\u0161t\u00ed hrdinov\u00e9 se jmenovali Loprais, Moskal, Neveu, Vatanen, Rahier... A tihle borci, jejich n\u00e1sledovn\u00edci a jejich p\u0159\u00edb\u011bhy m\u011b nep\u0159estali fascinovat ani po letech, kdy jsem vyrostl a zam\u011bstn\u00e1valy m\u011b jin\u00e9 discipl\u00edny motorsportu. Proto se zrodila DAKARMANIA.","url":"https:\/\/www.dakarmania.cz\/index.php\/author\/dakarmania\/"}]}},"amp_enabled":true,"_links":{"self":[{"href":"https:\/\/www.dakarmania.cz\/index.php\/wp-json\/wp\/v2\/posts\/7643","targetHints":{"allow":["GET"]}}],"collection":[{"href":"https:\/\/www.dakarmania.cz\/index.php\/wp-json\/wp\/v2\/posts"}],"about":[{"href":"https:\/\/www.dakarmania.cz\/index.php\/wp-json\/wp\/v2\/types\/post"}],"author":[{"embeddable":true,"href":"https:\/\/www.dakarmania.cz\/index.php\/wp-json\/wp\/v2\/users\/1"}],"replies":[{"embeddable":true,"href":"https:\/\/www.dakarmania.cz\/index.php\/wp-json\/wp\/v2\/comments?post=7643"}],"version-history":[{"count":17,"href":"https:\/\/www.dakarmania.cz\/index.php\/wp-json\/wp\/v2\/posts\/7643\/revisions"}],"predecessor-version":[{"id":22634,"href":"https:\/\/www.dakarmania.cz\/index.php\/wp-json\/wp\/v2\/posts\/7643\/revisions\/22634"}],"wp:featuredmedia":[{"embeddable":true,"href":"https:\/\/www.dakarmania.cz\/index.php\/wp-json\/wp\/v2\/media\/7642"}],"wp:attachment":[{"href":"https:\/\/www.dakarmania.cz\/index.php\/wp-json\/wp\/v2\/media?parent=7643"}],"wp:term":[{"taxonomy":"category","embeddable":true,"href":"https:\/\/www.dakarmania.cz\/index.php\/wp-json\/wp\/v2\/categories?post=7643"},{"taxonomy":"post_tag","embeddable":true,"href":"https:\/\/www.dakarmania.cz\/index.php\/wp-json\/wp\/v2\/tags?post=7643"}],"curies":[{"name":"wp","href":"https:\/\/api.w.org\/{rel}","templated":true}]}}