{"id":7760,"date":"2019-06-25T12:47:15","date_gmt":"2019-06-25T10:47:15","guid":{"rendered":"https:\/\/www.dakarmania.cz\/?p=7760"},"modified":"2021-08-12T01:00:58","modified_gmt":"2021-08-11T23:00:58","slug":"hozak-italske-nastrahy-nezdolal","status":"publish","type":"post","link":"https:\/\/www.dakarmania.cz\/index.php\/2019\/06\/25\/hozak-italske-nastrahy-nezdolal\/","title":{"rendered":"Petr Hoz\u00e1k n\u00e1strahy italsk\u00e9 sout\u011b\u017ee nezdolal"},"content":{"rendered":"<p>[vc_row][vc_column][vc_column_text]<\/p>\n<h3>Premi\u00e9rov\u00e1 \u00fa\u010dast na Italian Baja, ve kter\u00e9 Petr Hoz\u00e1k startoval v nov\u00fdch barv\u00e1ch a s nov\u00fdm spolujezdcem Ren\u00e9 Kilianem, nedopadla pro \u010desk\u00fd t\u00fdm podle p\u0159edstav. Rockstar Energy AVE Team si i p\u0159es odstoupen\u00ed odv\u00e1\u017e\u00ed z podh\u016f\u0159\u00ed Alp cenn\u00e9 zku\u0161enosti, a to nejen pro dal\u0161\u00ed v\u00fdvoj vozu Hummer H3 RS.<\/h3>\n<p>[\/vc_column_text][vc_single_image image=&#8221;7651&#8243; img_size=&#8221;large&#8221; add_caption=&#8221;yes&#8221; alignment=&#8221;center&#8221;][vc_column_text]Je\u0161t\u011b p\u0159ed samotnou sout\u011b\u017e\u00ed absolvoval Petr Hoz\u00e1k na specifick\u00e9 trati pln\u00e9 kamen\u00ed \u00fasp\u011b\u0161n\u00fd soukrom\u00fd test. Po administrativn\u00edch a technick\u00fdch p\u0159ej\u00edmk\u00e1ch p\u0159i\u0161el na \u0159adu shakedown a p\u00e1te\u010dn\u00ed superspeci\u00e1lka. <a href=\"\/index.php\/2019\/06\/21\/petr-hozak-odstartoval-italian-baja-sestym-mistem\/\">V t\u00e9 se \u010desk\u00e9 pos\u00e1dce da\u0159ilo<\/a>. P\u0159esto\u017ee startovala a\u017e jako devaten\u00e1ct\u00e1 a v t\u011b\u017ek\u00e9m ter\u00e9nu musela p\u0159edjet dva soupe\u0159e, p\u0159ipsala si \u0161est\u00fd nejrychlej\u0161\u00ed \u010das. Ov\u0161em u\u017e v prvn\u00edm sobotn\u00edm pr\u016fjezdu osmdes\u00e1tikilometrov\u00e9 zkou\u0161ky nastaly komplikace. V brodu se uvolnila p\u0159edn\u00ed kapota, kterou museli Hoz\u00e1k s Kilianem nechat na trati. Ve druh\u00e9m pr\u016fjezdu p\u0159i\u0161lo dokonce odstoupen\u00ed ze sout\u011b\u017ee.[\/vc_column_text][vc_single_image image=&#8221;7759&#8243; img_size=&#8221;large&#8221; add_caption=&#8221;yes&#8221; alignment=&#8221;center&#8221;][vc_column_text]<em>\u201e<a href=\"\/index.php\/souteze\/italian-baja-2019\/\">Italsk\u00e1 sout\u011b\u017e<\/a> je oproti ostatn\u00edm evropsk\u00fdm podnik\u016fm zcela specifick\u00e1. Jezd\u00ed se ve vyschl\u00fdch \u0159e\u010di\u0161t\u00edch a p\u0159es brody, kter\u00e9 letos byly na n\u011bkolika m\u00edstech hodn\u011b hlubok\u00e9. To se n\u00e1m tak\u00e9 stalo osudn\u00fdm. V sobotu r\u00e1no se n\u00e1m zaml\u017eilo okno a j\u00e1 toho moc nevid\u011bl. Najednou jsme byli na boku a asi \u0161est ochotn\u00fdch div\u00e1k\u016f n\u00e1s dostalo zp\u011bt na kola. Po\u0161kozen\u00ed na\u0161eho vozu nebylo velik\u00e9, ale ve spojen\u00ed s kamenitou cestou jsme se rozhodli, \u017ee odstoup\u00edme a po\u0161et\u0159\u00edme auto. Na opravu m\u00e1me vlastn\u011b jen t\u0159i t\u00fddny, pak mus\u00edme op\u011bt vyrazit na jih Evropy. Ve \u0160pan\u011blsku jsem ji\u017e startoval, a tak se na m\u00edstn\u00ed trat\u011b moc t\u011b\u0161\u00edm,\u201c<\/em> zhodnotil italsk\u00e9 vystoupen\u00ed <strong>Petr Hoz\u00e1k<\/strong>.<\/p>\n<p><a href=\"\/index.php\/sampionaty\/svetovy-pohar-fia-v-cross-country-bajach-2019\/\">FIA World Cup for Cross-Country Bajas<\/a> pokra\u010duje <a href=\"\/index.php\/souteze\/baja-aragon-2019\/\">\u010dtvrt\u00fdm podnikem<\/a> na konci \u010dervence ve \u0160pan\u011blsku. Pr\u00e1v\u011b Baja Arag\u00f3n byla pro Petra Hoz\u00e1ka v roce 2016 prvn\u00edm cross-country z\u00e1vodem po jeho p\u0159estupu z klasick\u00fdch rally.<\/p>\n<p>Tiskov\u00e1 zpr\u00e1va Rockstar Energy AVE Teamu (editov\u00e1no)[\/vc_column_text][\/vc_column][\/vc_row]<\/p>\n","protected":false},"excerpt":{"rendered":"<p>Premi\u00e9rov\u00e1 \u00fa\u010dast na Italian Baja nedopadla pro Rockstar Energy AVE Team podle p\u0159edstav.<\/p>\n","protected":false},"author":3,"featured_media":7651,"comment_status":"open","ping_status":"closed","sticky":false,"template":"","format":"standard","meta":{"footnotes":""},"categories":[637],"tags":[425,258,1164,1163,257,1201,1166,106,445],"class_list":["post-7760","post","type-post","status-publish","format-standard","has-post-thumbnail","hentry","category-tiskove-zpravy","tag-425","tag-hummer","tag-italian-baja","tag-italian-baja-2019","tag-petr-hozak","tag-pubblicita","tag-rene-kilian","tag-sp-fia-baja","tag-sp-fia-baja-2019"],"yoast_head":"<!-- This site is optimized with the Yoast SEO plugin v24.9 - https:\/\/yoast.com\/wordpress\/plugins\/seo\/ -->\n<title>Petr Hoz\u00e1k n\u00e1strahy italsk\u00e9 sout\u011b\u017ee nezdolal - DAKARMANIA.cz<\/title>\n<meta name=\"description\" content=\"Premi\u00e9rov\u00e1 \u00fa\u010dast na Italian Baja nedopadla pro Rockstar Energy AVE Team podle p\u0159edstav.\" \/>\n<meta name=\"robots\" content=\"index, follow, max-snippet:-1, max-image-preview:large, max-video-preview:-1\" \/>\n<link rel=\"canonical\" href=\"https:\/\/www.dakarmania.cz\/index.php\/2019\/06\/25\/hozak-italske-nastrahy-nezdolal\/\" \/>\n<meta property=\"og:locale\" content=\"cs_CZ\" \/>\n<meta property=\"og:type\" content=\"article\" \/>\n<meta property=\"og:title\" content=\"Petr Hoz\u00e1k n\u00e1strahy italsk\u00e9 sout\u011b\u017ee nezdolal - DAKARMANIA.cz\" \/>\n<meta property=\"og:description\" content=\"Premi\u00e9rov\u00e1 \u00fa\u010dast na Italian Baja nedopadla pro Rockstar Energy AVE Team podle p\u0159edstav.\" \/>\n<meta property=\"og:url\" content=\"https:\/\/www.dakarmania.cz\/index.php\/2019\/06\/25\/hozak-italske-nastrahy-nezdolal\/\" \/>\n<meta property=\"og:site_name\" content=\"DAKARMANIA.cz\" \/>\n<meta property=\"article:publisher\" content=\"https:\/\/www.facebook.com\/dakarmania\/\" \/>\n<meta property=\"article:published_time\" content=\"2019-06-25T10:47:15+00:00\" \/>\n<meta property=\"article:modified_time\" content=\"2021-08-11T23:00:58+00:00\" \/>\n<meta property=\"og:image\" content=\"https:\/\/www.dakarmania.cz\/wp-content\/uploads\/2019\/06\/19-italia-hozak-01.jpg\" \/>\n\t<meta property=\"og:image:width\" content=\"1600\" \/>\n\t<meta property=\"og:image:height\" content=\"1163\" \/>\n\t<meta property=\"og:image:type\" content=\"image\/jpeg\" \/>\n<meta name=\"author\" content=\"tiskov\u00e1 zpr\u00e1va\" \/>\n<meta name=\"twitter:card\" content=\"summary_large_image\" \/>\n<meta name=\"twitter:label1\" content=\"Napsal(a)\" \/>\n\t<meta name=\"twitter:data1\" content=\"tiskov\u00e1 zpr\u00e1va\" \/>\n\t<meta name=\"twitter:label2\" content=\"Odhadovan\u00e1 doba \u010dten\u00ed\" \/>\n\t<meta name=\"twitter:data2\" content=\"2 minuty\" \/>\n<script type=\"application\/ld+json\" class=\"yoast-schema-graph\">{\"@context\":\"https:\/\/schema.org\",\"@graph\":[{\"@type\":\"Article\",\"@id\":\"https:\/\/www.dakarmania.cz\/index.php\/2019\/06\/25\/hozak-italske-nastrahy-nezdolal\/#article\",\"isPartOf\":{\"@id\":\"https:\/\/www.dakarmania.cz\/index.php\/2019\/06\/25\/hozak-italske-nastrahy-nezdolal\/\"},\"author\":{\"name\":\"tiskov\u00e1 zpr\u00e1va\",\"@id\":\"https:\/\/www.dakarmania.cz\/#\/schema\/person\/bce8d1fe3633b1178e150fc5e340d5dd\"},\"headline\":\"Petr Hoz\u00e1k n\u00e1strahy italsk\u00e9 sout\u011b\u017ee nezdolal\",\"datePublished\":\"2019-06-25T10:47:15+00:00\",\"dateModified\":\"2021-08-11T23:00:58+00:00\",\"mainEntityOfPage\":{\"@id\":\"https:\/\/www.dakarmania.cz\/index.php\/2019\/06\/25\/hozak-italske-nastrahy-nezdolal\/\"},\"wordCount\":433,\"commentCount\":0,\"publisher\":{\"@id\":\"https:\/\/www.dakarmania.cz\/#organization\"},\"image\":{\"@id\":\"https:\/\/www.dakarmania.cz\/index.php\/2019\/06\/25\/hozak-italske-nastrahy-nezdolal\/#primaryimage\"},\"thumbnailUrl\":\"https:\/\/www.dakarmania.cz\/wp-content\/uploads\/2019\/06\/19-italia-hozak-01.jpg\",\"keywords\":[\"2019\",\"Hummer\",\"Italian Baja\",\"Italian Baja 2019\",\"Petr Hoz\u00e1k\",\"Pubblicita\",\"Ren\u00e9 Kilian\",\"SP FIA baja\",\"SP FIA baja 2019\"],\"articleSection\":[\"Tiskov\u00e9 zpr\u00e1vy\"],\"inLanguage\":\"cs\",\"potentialAction\":[{\"@type\":\"CommentAction\",\"name\":\"Comment\",\"target\":[\"https:\/\/www.dakarmania.cz\/index.php\/2019\/06\/25\/hozak-italske-nastrahy-nezdolal\/#respond\"]}]},{\"@type\":\"WebPage\",\"@id\":\"https:\/\/www.dakarmania.cz\/index.php\/2019\/06\/25\/hozak-italske-nastrahy-nezdolal\/\",\"url\":\"https:\/\/www.dakarmania.cz\/index.php\/2019\/06\/25\/hozak-italske-nastrahy-nezdolal\/\",\"name\":\"Petr Hoz\u00e1k n\u00e1strahy italsk\u00e9 sout\u011b\u017ee nezdolal - DAKARMANIA.cz\",\"isPartOf\":{\"@id\":\"https:\/\/www.dakarmania.cz\/#website\"},\"primaryImageOfPage\":{\"@id\":\"https:\/\/www.dakarmania.cz\/index.php\/2019\/06\/25\/hozak-italske-nastrahy-nezdolal\/#primaryimage\"},\"image\":{\"@id\":\"https:\/\/www.dakarmania.cz\/index.php\/2019\/06\/25\/hozak-italske-nastrahy-nezdolal\/#primaryimage\"},\"thumbnailUrl\":\"https:\/\/www.dakarmania.cz\/wp-content\/uploads\/2019\/06\/19-italia-hozak-01.jpg\",\"datePublished\":\"2019-06-25T10:47:15+00:00\",\"dateModified\":\"2021-08-11T23:00:58+00:00\",\"description\":\"Premi\u00e9rov\u00e1 \u00fa\u010dast na Italian Baja nedopadla pro Rockstar Energy AVE Team podle p\u0159edstav.\",\"breadcrumb\":{\"@id\":\"https:\/\/www.dakarmania.cz\/index.php\/2019\/06\/25\/hozak-italske-nastrahy-nezdolal\/#breadcrumb\"},\"inLanguage\":\"cs\",\"potentialAction\":[{\"@type\":\"ReadAction\",\"target\":[\"https:\/\/www.dakarmania.cz\/index.php\/2019\/06\/25\/hozak-italske-nastrahy-nezdolal\/\"]}]},{\"@type\":\"ImageObject\",\"inLanguage\":\"cs\",\"@id\":\"https:\/\/www.dakarmania.cz\/index.php\/2019\/06\/25\/hozak-italske-nastrahy-nezdolal\/#primaryimage\",\"url\":\"https:\/\/www.dakarmania.cz\/wp-content\/uploads\/2019\/06\/19-italia-hozak-01.jpg\",\"contentUrl\":\"https:\/\/www.dakarmania.cz\/wp-content\/uploads\/2019\/06\/19-italia-hozak-01.jpg\",\"width\":1600,\"height\":1163,\"caption\":\"Petr Hoz\u00e1k\/Ren\u00e9 Kilian, Hummer H3 RS, Rockstar Energy AVE Team. Italian Baja 2019. \u00a9 Italian Baja Media\"},{\"@type\":\"BreadcrumbList\",\"@id\":\"https:\/\/www.dakarmania.cz\/index.php\/2019\/06\/25\/hozak-italske-nastrahy-nezdolal\/#breadcrumb\",\"itemListElement\":[{\"@type\":\"ListItem\",\"position\":1,\"name\":\"Dom\u016f\",\"item\":\"https:\/\/www.dakarmania.cz\/\"},{\"@type\":\"ListItem\",\"position\":2,\"name\":\"Petr Hoz\u00e1k n\u00e1strahy italsk\u00e9 sout\u011b\u017ee nezdolal\"}]},{\"@type\":\"WebSite\",\"@id\":\"https:\/\/www.dakarmania.cz\/#website\",\"url\":\"https:\/\/www.dakarmania.cz\/\",\"name\":\"DAKARMANIA.cz\",\"description\":\"\u017dijeme Dakarem cel\u00fd rok\",\"publisher\":{\"@id\":\"https:\/\/www.dakarmania.cz\/#organization\"},\"potentialAction\":[{\"@type\":\"SearchAction\",\"target\":{\"@type\":\"EntryPoint\",\"urlTemplate\":\"https:\/\/www.dakarmania.cz\/?s={search_term_string}\"},\"query-input\":{\"@type\":\"PropertyValueSpecification\",\"valueRequired\":true,\"valueName\":\"search_term_string\"}}],\"inLanguage\":\"cs\"},{\"@type\":\"Organization\",\"@id\":\"https:\/\/www.dakarmania.cz\/#organization\",\"name\":\"DAKAR MANIA\",\"url\":\"https:\/\/www.dakarmania.cz\/\",\"logo\":{\"@type\":\"ImageObject\",\"inLanguage\":\"cs\",\"@id\":\"https:\/\/www.dakarmania.cz\/#\/schema\/logo\/image\/\",\"url\":\"https:\/\/www.dakarmania.cz\/wp-content\/uploads\/2018\/12\/Dakar-Mania-Logo-Square-Orange.png\",\"contentUrl\":\"https:\/\/www.dakarmania.cz\/wp-content\/uploads\/2018\/12\/Dakar-Mania-Logo-Square-Orange.png\",\"width\":992,\"height\":992,\"caption\":\"DAKAR MANIA\"},\"image\":{\"@id\":\"https:\/\/www.dakarmania.cz\/#\/schema\/logo\/image\/\"},\"sameAs\":[\"https:\/\/www.facebook.com\/dakarmania\/\"]},{\"@type\":\"Person\",\"@id\":\"https:\/\/www.dakarmania.cz\/#\/schema\/person\/bce8d1fe3633b1178e150fc5e340d5dd\",\"name\":\"tiskov\u00e1 zpr\u00e1va\",\"image\":{\"@type\":\"ImageObject\",\"inLanguage\":\"cs\",\"@id\":\"https:\/\/www.dakarmania.cz\/#\/schema\/person\/image\/\",\"url\":\"https:\/\/secure.gravatar.com\/avatar\/19aefcb6c7bfae691fca4d805686c670f59bb4f7414c7b398b88dc9c8f4e96d5?s=96&d=mm&r=g\",\"contentUrl\":\"https:\/\/secure.gravatar.com\/avatar\/19aefcb6c7bfae691fca4d805686c670f59bb4f7414c7b398b88dc9c8f4e96d5?s=96&d=mm&r=g\",\"caption\":\"tiskov\u00e1 zpr\u00e1va\"},\"url\":\"https:\/\/www.dakarmania.cz\/index.php\/author\/tiskovezpravy\/\"}]}<\/script>\n<!-- \/ Yoast SEO plugin. -->","yoast_head_json":{"title":"Petr Hoz\u00e1k n\u00e1strahy italsk\u00e9 sout\u011b\u017ee nezdolal - DAKARMANIA.cz","description":"Premi\u00e9rov\u00e1 \u00fa\u010dast na Italian Baja nedopadla pro Rockstar Energy AVE Team podle p\u0159edstav.","robots":{"index":"index","follow":"follow","max-snippet":"max-snippet:-1","max-image-preview":"max-image-preview:large","max-video-preview":"max-video-preview:-1"},"canonical":"https:\/\/www.dakarmania.cz\/index.php\/2019\/06\/25\/hozak-italske-nastrahy-nezdolal\/","og_locale":"cs_CZ","og_type":"article","og_title":"Petr Hoz\u00e1k n\u00e1strahy italsk\u00e9 sout\u011b\u017ee nezdolal - DAKARMANIA.cz","og_description":"Premi\u00e9rov\u00e1 \u00fa\u010dast na Italian Baja nedopadla pro Rockstar Energy AVE Team podle p\u0159edstav.","og_url":"https:\/\/www.dakarmania.cz\/index.php\/2019\/06\/25\/hozak-italske-nastrahy-nezdolal\/","og_site_name":"DAKARMANIA.cz","article_publisher":"https:\/\/www.facebook.com\/dakarmania\/","article_published_time":"2019-06-25T10:47:15+00:00","article_modified_time":"2021-08-11T23:00:58+00:00","og_image":[{"width":1600,"height":1163,"url":"https:\/\/www.dakarmania.cz\/wp-content\/uploads\/2019\/06\/19-italia-hozak-01.jpg","type":"image\/jpeg"}],"author":"tiskov\u00e1 zpr\u00e1va","twitter_card":"summary_large_image","twitter_misc":{"Napsal(a)":"tiskov\u00e1 zpr\u00e1va","Odhadovan\u00e1 doba \u010dten\u00ed":"2 minuty"},"schema":{"@context":"https:\/\/schema.org","@graph":[{"@type":"Article","@id":"https:\/\/www.dakarmania.cz\/index.php\/2019\/06\/25\/hozak-italske-nastrahy-nezdolal\/#article","isPartOf":{"@id":"https:\/\/www.dakarmania.cz\/index.php\/2019\/06\/25\/hozak-italske-nastrahy-nezdolal\/"},"author":{"name":"tiskov\u00e1 zpr\u00e1va","@id":"https:\/\/www.dakarmania.cz\/#\/schema\/person\/bce8d1fe3633b1178e150fc5e340d5dd"},"headline":"Petr Hoz\u00e1k n\u00e1strahy italsk\u00e9 sout\u011b\u017ee nezdolal","datePublished":"2019-06-25T10:47:15+00:00","dateModified":"2021-08-11T23:00:58+00:00","mainEntityOfPage":{"@id":"https:\/\/www.dakarmania.cz\/index.php\/2019\/06\/25\/hozak-italske-nastrahy-nezdolal\/"},"wordCount":433,"commentCount":0,"publisher":{"@id":"https:\/\/www.dakarmania.cz\/#organization"},"image":{"@id":"https:\/\/www.dakarmania.cz\/index.php\/2019\/06\/25\/hozak-italske-nastrahy-nezdolal\/#primaryimage"},"thumbnailUrl":"https:\/\/www.dakarmania.cz\/wp-content\/uploads\/2019\/06\/19-italia-hozak-01.jpg","keywords":["2019","Hummer","Italian Baja","Italian Baja 2019","Petr Hoz\u00e1k","Pubblicita","Ren\u00e9 Kilian","SP FIA baja","SP FIA baja 2019"],"articleSection":["Tiskov\u00e9 zpr\u00e1vy"],"inLanguage":"cs","potentialAction":[{"@type":"CommentAction","name":"Comment","target":["https:\/\/www.dakarmania.cz\/index.php\/2019\/06\/25\/hozak-italske-nastrahy-nezdolal\/#respond"]}]},{"@type":"WebPage","@id":"https:\/\/www.dakarmania.cz\/index.php\/2019\/06\/25\/hozak-italske-nastrahy-nezdolal\/","url":"https:\/\/www.dakarmania.cz\/index.php\/2019\/06\/25\/hozak-italske-nastrahy-nezdolal\/","name":"Petr Hoz\u00e1k n\u00e1strahy italsk\u00e9 sout\u011b\u017ee nezdolal - DAKARMANIA.cz","isPartOf":{"@id":"https:\/\/www.dakarmania.cz\/#website"},"primaryImageOfPage":{"@id":"https:\/\/www.dakarmania.cz\/index.php\/2019\/06\/25\/hozak-italske-nastrahy-nezdolal\/#primaryimage"},"image":{"@id":"https:\/\/www.dakarmania.cz\/index.php\/2019\/06\/25\/hozak-italske-nastrahy-nezdolal\/#primaryimage"},"thumbnailUrl":"https:\/\/www.dakarmania.cz\/wp-content\/uploads\/2019\/06\/19-italia-hozak-01.jpg","datePublished":"2019-06-25T10:47:15+00:00","dateModified":"2021-08-11T23:00:58+00:00","description":"Premi\u00e9rov\u00e1 \u00fa\u010dast na Italian Baja nedopadla pro Rockstar Energy AVE Team podle p\u0159edstav.","breadcrumb":{"@id":"https:\/\/www.dakarmania.cz\/index.php\/2019\/06\/25\/hozak-italske-nastrahy-nezdolal\/#breadcrumb"},"inLanguage":"cs","potentialAction":[{"@type":"ReadAction","target":["https:\/\/www.dakarmania.cz\/index.php\/2019\/06\/25\/hozak-italske-nastrahy-nezdolal\/"]}]},{"@type":"ImageObject","inLanguage":"cs","@id":"https:\/\/www.dakarmania.cz\/index.php\/2019\/06\/25\/hozak-italske-nastrahy-nezdolal\/#primaryimage","url":"https:\/\/www.dakarmania.cz\/wp-content\/uploads\/2019\/06\/19-italia-hozak-01.jpg","contentUrl":"https:\/\/www.dakarmania.cz\/wp-content\/uploads\/2019\/06\/19-italia-hozak-01.jpg","width":1600,"height":1163,"caption":"Petr Hoz\u00e1k\/Ren\u00e9 Kilian, Hummer H3 RS, Rockstar Energy AVE Team. Italian Baja 2019. \u00a9 Italian Baja Media"},{"@type":"BreadcrumbList","@id":"https:\/\/www.dakarmania.cz\/index.php\/2019\/06\/25\/hozak-italske-nastrahy-nezdolal\/#breadcrumb","itemListElement":[{"@type":"ListItem","position":1,"name":"Dom\u016f","item":"https:\/\/www.dakarmania.cz\/"},{"@type":"ListItem","position":2,"name":"Petr Hoz\u00e1k n\u00e1strahy italsk\u00e9 sout\u011b\u017ee nezdolal"}]},{"@type":"WebSite","@id":"https:\/\/www.dakarmania.cz\/#website","url":"https:\/\/www.dakarmania.cz\/","name":"DAKARMANIA.cz","description":"\u017dijeme Dakarem cel\u00fd rok","publisher":{"@id":"https:\/\/www.dakarmania.cz\/#organization"},"potentialAction":[{"@type":"SearchAction","target":{"@type":"EntryPoint","urlTemplate":"https:\/\/www.dakarmania.cz\/?s={search_term_string}"},"query-input":{"@type":"PropertyValueSpecification","valueRequired":true,"valueName":"search_term_string"}}],"inLanguage":"cs"},{"@type":"Organization","@id":"https:\/\/www.dakarmania.cz\/#organization","name":"DAKAR MANIA","url":"https:\/\/www.dakarmania.cz\/","logo":{"@type":"ImageObject","inLanguage":"cs","@id":"https:\/\/www.dakarmania.cz\/#\/schema\/logo\/image\/","url":"https:\/\/www.dakarmania.cz\/wp-content\/uploads\/2018\/12\/Dakar-Mania-Logo-Square-Orange.png","contentUrl":"https:\/\/www.dakarmania.cz\/wp-content\/uploads\/2018\/12\/Dakar-Mania-Logo-Square-Orange.png","width":992,"height":992,"caption":"DAKAR MANIA"},"image":{"@id":"https:\/\/www.dakarmania.cz\/#\/schema\/logo\/image\/"},"sameAs":["https:\/\/www.facebook.com\/dakarmania\/"]},{"@type":"Person","@id":"https:\/\/www.dakarmania.cz\/#\/schema\/person\/bce8d1fe3633b1178e150fc5e340d5dd","name":"tiskov\u00e1 zpr\u00e1va","image":{"@type":"ImageObject","inLanguage":"cs","@id":"https:\/\/www.dakarmania.cz\/#\/schema\/person\/image\/","url":"https:\/\/secure.gravatar.com\/avatar\/19aefcb6c7bfae691fca4d805686c670f59bb4f7414c7b398b88dc9c8f4e96d5?s=96&d=mm&r=g","contentUrl":"https:\/\/secure.gravatar.com\/avatar\/19aefcb6c7bfae691fca4d805686c670f59bb4f7414c7b398b88dc9c8f4e96d5?s=96&d=mm&r=g","caption":"tiskov\u00e1 zpr\u00e1va"},"url":"https:\/\/www.dakarmania.cz\/index.php\/author\/tiskovezpravy\/"}]}},"amp_enabled":true,"_links":{"self":[{"href":"https:\/\/www.dakarmania.cz\/index.php\/wp-json\/wp\/v2\/posts\/7760","targetHints":{"allow":["GET"]}}],"collection":[{"href":"https:\/\/www.dakarmania.cz\/index.php\/wp-json\/wp\/v2\/posts"}],"about":[{"href":"https:\/\/www.dakarmania.cz\/index.php\/wp-json\/wp\/v2\/types\/post"}],"author":[{"embeddable":true,"href":"https:\/\/www.dakarmania.cz\/index.php\/wp-json\/wp\/v2\/users\/3"}],"replies":[{"embeddable":true,"href":"https:\/\/www.dakarmania.cz\/index.php\/wp-json\/wp\/v2\/comments?post=7760"}],"version-history":[{"count":6,"href":"https:\/\/www.dakarmania.cz\/index.php\/wp-json\/wp\/v2\/posts\/7760\/revisions"}],"predecessor-version":[{"id":22631,"href":"https:\/\/www.dakarmania.cz\/index.php\/wp-json\/wp\/v2\/posts\/7760\/revisions\/22631"}],"wp:featuredmedia":[{"embeddable":true,"href":"https:\/\/www.dakarmania.cz\/index.php\/wp-json\/wp\/v2\/media\/7651"}],"wp:attachment":[{"href":"https:\/\/www.dakarmania.cz\/index.php\/wp-json\/wp\/v2\/media?parent=7760"}],"wp:term":[{"taxonomy":"category","embeddable":true,"href":"https:\/\/www.dakarmania.cz\/index.php\/wp-json\/wp\/v2\/categories?post=7760"},{"taxonomy":"post_tag","embeddable":true,"href":"https:\/\/www.dakarmania.cz\/index.php\/wp-json\/wp\/v2\/tags?post=7760"}],"curies":[{"name":"wp","href":"https:\/\/api.w.org\/{rel}","templated":true}]}}