{"id":8384,"date":"2019-07-08T10:49:27","date_gmt":"2019-07-08T08:49:27","guid":{"rendered":"https:\/\/www.dakarmania.cz\/?p=8384"},"modified":"2019-10-30T23:22:50","modified_gmt":"2019-10-30T22:22:50","slug":"silk-way-sunderland-utoci","status":"publish","type":"post","link":"https:\/\/www.dakarmania.cz\/index.php\/2019\/07\/08\/silk-way-sunderland-utoci\/","title":{"rendered":"Silk Way: Sunderland \u00fato\u010d\u00ed, Novotn\u00e1 si polep\u0161ila"},"content":{"rendered":"<p>[vc_row][vc_column][vc_column_text]<\/p>\n<h4>Kevin Benavides s Hondou uh\u00e1jil na Silk Way Rally veden\u00ed v kategorii motocykl\u016f, ov\u0161em jen s minim\u00e1ln\u00edm n\u00e1skokem. Na druhou p\u0159\u00ed\u010dku se vyhoupl v\u00edt\u011bz dne\u0161n\u00ed etapy Sam Sunderland s tov\u00e1rn\u00ed KTM.<\/h4>\n<p>V etap\u011b z Bajkalsku do Ulan-Ude vyty\u010dili organiz\u00e1to\u0159i rychlostn\u00ed zkou\u0161ku dlouho 212 kilometr\u016f. Jednalo se o velmi rychlou speci\u00e1lku, na kter\u00e9 si hlavn\u011b motocyklist\u00e9 museli d\u00e1vat pozor na velk\u00e9 mno\u017estv\u00ed kamen\u00ed na trati.[\/vc_column_text][vc_column_text]<a href=\"\/index.php\/osobnosti\/sunderland-sam\/\">Sam Sunderland<\/a> pot\u0159eboval k jej\u00edmu zdol\u00e1n\u00ed dv\u011b hodiny a dvacet minut. Leadera z\u00e1vodu <a href=\"\/index.php\/osobnosti\/kevin-benavides\/\">Kevina Benavidese<\/a>, jen\u017e startoval jako prvn\u00ed, porazil o minutu a sedm sekund. D\u00edky tomu si Brit v pr\u016fb\u011b\u017en\u00e9m po\u0159ad\u00ed polep\u0161il z p\u00e1t\u00e9 na druhou pozici a na vedouc\u00edho Argentince ztr\u00e1c\u00ed pouh\u00fdch osm vte\u0159in.<\/p>\n<p><em>\u201eDnes bylo mimo\u0159\u00e1dn\u011b d\u016fle\u017eit\u00e9 pozorn\u00e9 sledov\u00e1n\u00ed roadbooku. Z\u00e1sadn\u00ed bylo v\u011bnovat pozornost ka\u017ed\u00e9mu kilometru, ka\u017ed\u00e9 pozn\u00e1mce. Bylo t\u011b\u017ek\u00e9 odhadnout, jak si \u010dlov\u011bk vede, proto\u017ee dnes jsme jeli bez dotankov\u00e1n\u00ed. Proto jsem si nebyl jist\u00fd, jestli m\u00e1m spr\u00e1vn\u00e9 tempo,\u201c<\/em> popsal <strong>Sam Sunderland<\/strong>. <em>\u201eVyhr\u00e1t etapu je v\u017edycky p\u011bkn\u00e9, ale dnes to nebyl n\u00e1\u0161 z\u00e1m\u011br. S ohledem na na\u0161\u00ed strategii je to trochu frustruj\u00edc\u00ed. Uvid\u00edme, co p\u0159inese zb\u00fdvaj\u00edc\u00edch osm dn\u00ed.\u201c<\/em>[\/vc_column_text][vc_single_image image=&#8221;8350&#8243; img_size=&#8221;large&#8221; add_caption=&#8221;yes&#8221; alignment=&#8221;center&#8221;][vc_column_text]Bez ohledu na to, jak velkou roli v dne\u0161n\u00edch v\u00fdsledc\u00edch hr\u00e1lo taktizov\u00e1n\u00ed jezdc\u016f p\u0159ed n\u00e1sleduj\u00edc\u00ed etapou, v\u00fdborn\u00fd den pro\u017eil t\u00fdm Hero MotoSports, jeho\u017e jezdci jako jedin\u00ed zaostali za Sunderlandem m\u00e9n\u011b ne\u017e o minutu. P\u0159i sout\u011b\u017ei Mistrovstv\u00ed sv\u011bta FIM v cross-country rally se zna\u010dka Hero prosadila v hodnocen\u00ed etapy do elitn\u00ed trojice v\u016fbec poprv\u00e9.<\/p>\n<p>\u0160pan\u011bl Oriol Mena byl jen o 39 sekund pomalej\u0161\u00ed a polep\u0161il si z des\u00e1t\u00e9ho na \u0161est\u00e9 m\u00edsto. Paulo Gon\u00e7alves, kter\u00fd jede s Hero poprv\u00e9, se d\u00edky t\u0159et\u00edmu \u010dasu na speci\u00e1lce (+50 s) posunul na medailov\u00e9 pozice.<\/p>\n<p>Na nich Portugalec vyst\u0159\u00eddal Xaviera de Soultraita. Francouz m\u011bl u\u017e od t\u0159et\u00edho kilometru probl\u00e9my s vidlic\u00ed a p\u0159i p\u00e1du na osmn\u00e1ct\u00e9m kilometru svou Yamahu po\u0161kodil natolik, \u017ee musel z etapy odstoupit.<\/p>\n<p>Jeho t\u00fdmov\u00fd kolega <a href=\"\/index.php\/osobnosti\/adrien-van-beveren\/\">Adrien Van Beveren<\/a> se dnes pot\u00fdkal s nevolnost\u00ed a klesl ze sedm\u00e9ho na dev\u00e1t\u00e9 m\u00edsto. Dva \u00favodn\u00ed dny sout\u011b\u017ee zvl\u00e1dl z jezdc\u016f Yamaha nejl\u00e9pe pr\u016fb\u011b\u017en\u011b sedm\u00fd Argentinec Franco Caimi.[\/vc_column_text][vc_single_image image=&#8221;8412&#8243; img_size=&#8221;large&#8221; add_caption=&#8221;yes&#8221; alignment=&#8221;center&#8221;][vc_column_text]Hav\u00e1rii m\u011bl ve druh\u00e9 etap\u011b v\u010dera jednadvac\u00e1t\u00fd Battur Baatar. Mongolsk\u00fd motocyklista p\u0159i p\u00e1du utrp\u011bl zran\u011bn\u00ed hlavy a byl transportov\u00e1n do nemocnice v Ulan-Ude. Podle vyj\u00e1d\u0159en\u00ed \u0159editele z\u00e1vodu Vladimira \u010cagina je z\u00e1vodn\u00edk\u016fv stav v\u00e1\u017en\u00fd.<\/p>\n<p>Mezi \u017eenami byla op\u011bt nejrychlej\u0161\u00ed favorizovan\u00e1 Laia Sanz. D\u00edky des\u00e1t\u00e9mu \u010dasu v pond\u011bln\u00ed etap\u011b se \u0160pan\u011blka posunula v celkov\u00e9m hodnocen\u00ed na jeden\u00e1ctou p\u0159\u00ed\u010dku.<\/p>\n<p><em>\u201eBylo to velice rychl\u00e9 a takov\u00e9 etapy mi \u00fapln\u011b nesed\u00ed. Tak dobr\u00fd v\u00fdsledek jsem ne\u010dekala, proto\u017ee jsem rad\u011bji jela v klidu, abych bezpe\u010dn\u011b dorazila do c\u00edle,\u201c<\/em> p\u0159iznala <strong>Laia Sanz<\/strong>.[\/vc_column_text][vc_single_image image=&#8221;8427&#8243; img_size=&#8221;large&#8221; add_caption=&#8221;yes&#8221; alignment=&#8221;center&#8221;][vc_column_text]<a href=\"\/index.php\/osobnosti\/gabriela-novotna\/\">Gabriela Novotn\u00e1<\/a> str\u00e1vila na m\u011b\u0159en\u00e9m \u00faseku o p\u016fl hodiny v\u00edc ne\u017e tov\u00e1rn\u00ed z\u00e1vodnice KTM a v hodnocen\u00ed etapy byla \u0161estn\u00e1ct\u00e1. V celkov\u00e9m po\u0159ad\u00ed si polep\u0161ila o dv\u011b m\u00edsta. Mezi \u017eenami z\u016fst\u00e1v\u00e1 druh\u00e1, jej\u00ed n\u00e1skok p\u0159ed t\u0159et\u00ed Anastasij\u00ed Nifontovou narostl u\u017e na 49 minut.<\/p>\n<p><em>\u201e\u010cekali jsme bl\u00e1tivou rychlostn\u00ed zkou\u0161ku a podle toho jsme obuli. Cesty ale stihly uschnout a byly ztvrdl\u00e9 jako beton. Musela jsem jet opatrn\u011bji, abych gumu \u00fapln\u011b neo\u010desala. Ale jelo se mi p\u011bkn\u011b,\u201c<\/em> shrnula <strong>Gabriela Novotn\u00e1<\/strong> po dojezdu do dal\u0161\u00edho bivaku.<\/p>\n<p>Nifontov\u00e1 dnes \u201eutopila\u201c sv\u016fj motocykl v jednom z brod\u016f. Po pr\u016fjezdu vodou motor jej\u00edho stroje utichnul a rusk\u00e9 z\u00e1vodnici trvalo dlouh\u00e9 minuty, ne\u017e jej uvedla znovu do chodu.[\/vc_column_text][vc_column_text css=&#8221;.vc_custom_1562589822812{padding-top: 10px !important;padding-right: 10px !important;padding-bottom: 20px !important;padding-left: 10px !important;background-color: #d8d8d8 !important;}&#8221;]<strong>Dal\u0161\u00ed kategorie:<\/strong><\/p>\n<p style=\"padding-left: 40px;\"><a href=\"\/index.php\/2019\/07\/08\/silk-way-vjazovic-zvysuje-naskok-dalsi-mazy-s-problemy\/\">KAMIONY: Vjazovi\u010d zvy\u0161uje n\u00e1skok, dal\u0161\u00ed Mazy s probl\u00e9my<\/a><br \/>\n<a href=\"\/index.php\/2019\/07\/08\/silk-way-suverenni-al-attiyah\/\">AUTOMOBILY: Al-Rajhi neobh\u00e1j\u00ed, suver\u00e9nn\u00ed Al-Attiyah<\/a><\/p>\n<p><strong>P\u0159edchoz\u00ed etapa:<\/strong><\/p>\n<p style=\"padding-left: 40px;\"><a href=\"\/index.php\/2019\/07\/07\/silk-way-blativou-prvni-etapu-ovladli-bratri-benavidesovi\/\">Bl\u00e1tivou prvn\u00ed etapu ovl\u00e1dli brat\u0159i Benavidesovi<\/a><\/p>\n<p>[\/vc_column_text][vc_column_text]V \u00fater\u00fd p\u0159iv\u00edt\u00e1 \u00fa\u010dastn\u00edky Silk Way Rally poprv\u00e9 v historii sout\u011b\u017ee Mongolsko. Etapa z Ulan-Ude do Ul\u00e1nb\u00e1taru m\u011b\u0159\u00ed celkem 691 kilometr\u016f a je druh\u00e1 nejdel\u0161\u00ed z leto\u0161n\u00edho ro\u010dn\u00edku.<\/p>\n<p>Tra\u0165 rychlostn\u00ed zkou\u0161ky (243 kilometr\u016f) \u0161plh\u00e1 nahoru a dol\u016f a bude n\u00e1ro\u010dn\u00e1 na navigaci. \u00davod v hor\u00e1ch (a\u017e 1000 m n. m.) zkomplikuje zm\u011b\u0165 cest, nebezpe\u010d\u00ed p\u0159edstavuj\u00ed hlubok\u00e9 str\u017ee. V dal\u0161\u00ed \u010d\u00e1sti speci\u00e1lky sestoup\u00ed sout\u011b\u017e\u00edc\u00ed do les\u016f v podh\u016f\u0159\u00ed, budou se muset vypo\u0159\u00e1dat s n\u011bkolika brody, aby se n\u00e1sledn\u011b znovu vr\u00e1tili do hor (a\u017e 1500 m n. m.). Z\u00e1v\u011br testu se pojede na planin\u011b se spoustou paraleln\u00edch cest.[\/vc_column_text][vc_column_text]<\/p>\n<table style=\"width: 97.7654%; height: 216px;\" rules=\"rows\" cellpadding=\"4px\">\n<tbody>\n<tr style=\"background-color: #9e9d9d; color: white;\">\n<td style=\"text-align: center;\" colspan=\"4\"><span style=\"font-size: 10pt;\"><strong>Silk Way Rally 2019<br \/>\nMOTOCYKLY<br \/>\nPr\u016fb\u011b\u017en\u00e9 po\u0159ad\u00ed po 2. etap\u011b<\/strong><\/span><\/td>\n<\/tr>\n<tr style=\"background-color: #dbd9d9;\">\n<td>1.<\/td>\n<td>Kevin Benavides<\/td>\n<td>Honda CRF450 Rally<\/td>\n<td style=\"text-align: right;\">2:52:28<\/td>\n<\/tr>\n<tr style=\"background-color: #f2f2f2;\">\n<td>2.<\/td>\n<td>Sam Sunderland<\/td>\n<td>KTM 450 Rally<\/td>\n<td style=\"text-align: right;\">+0:08<\/td>\n<\/tr>\n<tr style=\"background-color: #dbd9d9;\">\n<td>3.<\/td>\n<td>Paulo Gon\u00e7alves<\/td>\n<td>Hero 450 Rally<\/td>\n<td style=\"text-align: right;\">+1:19<\/td>\n<\/tr>\n<tr style=\"background-color: #f2f2f2;\">\n<td>4.<\/td>\n<td>Luciano Benavides<\/td>\n<td>KTM 450 Rally<\/td>\n<td style=\"text-align: right;\">+2:25<\/td>\n<\/tr>\n<tr style=\"background-color: #dbd9d9;\">\n<td>5.<\/td>\n<td>Joan Barreda<\/td>\n<td>Honda CRF450 Rally<\/td>\n<td style=\"text-align: right;\">+2:39<\/td>\n<\/tr>\n<tr style=\"background-color: #f2f2f2;\">\n<td>6.<\/td>\n<td>Oriol Mena<\/td>\n<td>Hero 450 Rally<\/td>\n<td style=\"text-align: right;\">+3:03<\/td>\n<\/tr>\n<tr style=\"background-color: #dbd9d9;\">\n<td>7.<\/td>\n<td>Franco Caimi<\/td>\n<td>Yamaha WR450F Rally<\/td>\n<td style=\"text-align: right;\">+4:25<\/td>\n<\/tr>\n<tr style=\"background-color: #f2f2f2;\">\n<td>8.<\/td>\n<td>Andrew Short<\/td>\n<td>Husqvarna FR 450 Rally<\/td>\n<td style=\"text-align: right;\">+6:18<\/td>\n<\/tr>\n<tr style=\"background-color: #dbd9d9;\">\n<td>9.<\/td>\n<td>Adrien Van Beveren<\/td>\n<td>Yamaha WR450F Rally<\/td>\n<td style=\"text-align: right;\">+7:08<\/td>\n<\/tr>\n<tr style=\"background-color: #f2f2f2;\">\n<td>10.<\/td>\n<td>Maciej Giemza<\/td>\n<td>Husqvarna FR450 Rally<\/td>\n<td style=\"text-align: right;\">+18:14<\/td>\n<\/tr>\n<tr style=\"background-color: #dbd9d9;\">\n<td>11.<\/td>\n<td>Laia Sanz<\/td>\n<td>KTM 450 Rally<\/td>\n<td style=\"text-align: right;\">+20:39<\/td>\n<\/tr>\n<tr style=\"background-color: #f2f2f2;\">\n<td>17.<\/td>\n<td>Gabriela Novotn\u00e1<\/td>\n<td>Husqvarna FE450<\/td>\n<td style=\"text-align: right;\">+55:01<\/td>\n<\/tr>\n<tr style=\"background-color: #dbd9d9;\">\n<td>20.<\/td>\n<td>Anastasija Nifontova<\/td>\n<td>Husqvarna F450RR<\/td>\n<td style=\"text-align: right;\">+1:44:08<\/td>\n<\/tr>\n<\/tbody>\n<\/table>\n<p>[\/vc_column_text][\/vc_column][\/vc_row]<\/p>\n","protected":false},"excerpt":{"rendered":"<p>Kevin Benavides s Hondou uh\u00e1jil na Silk Way Rally veden\u00ed v kategorii motocykl\u016f, by\u0165 s minim\u00e1ln\u00edm n\u00e1skokem. Na druhou p\u0159\u00ed\u010dku se vyhoupl Sam Sunderland.<\/p>\n","protected":false},"author":1,"featured_media":8387,"comment_status":"open","ping_status":"closed","sticky":false,"template":"","format":"standard","meta":{"footnotes":""},"categories":[154,15,146],"tags":[425,236,765,1289,924,58,1172,820,129,759,64,118,230,63,127,921,156,755,796,128,225,1247,1248,214,168,784],"class_list":["post-8384","post","type-post","status-publish","format-standard","has-post-thumbnail","hentry","category-fim-ccr","category-moto-quad","category-silk-way-rally","tag-425","tag-adrien-van-beveren","tag-anastasija-nifontova","tag-battur-baatar","tag-franco-caimi","tag-gabriela-novotna","tag-hero","tag-hero-motosports","tag-honda","tag-honda-team","tag-husqvarna","tag-indigo-racing","tag-kevin-benavides","tag-ktm","tag-ktm-factory-racing","tag-laia-sanz","tag-ms-fim-ccr","tag-ms-fim-ccr-2019","tag-oriol-mena","tag-paulo-goncalves","tag-sam-sunderland","tag-swr","tag-swr-2019","tag-xavier-de-soultrait","tag-yamaha","tag-yamaha-racing"],"yoast_head":"<!-- This site is optimized with the Yoast SEO plugin v24.9 - https:\/\/yoast.com\/wordpress\/plugins\/seo\/ -->\n<title>Silk Way: Sunderland \u00fato\u010d\u00ed, Novotn\u00e1 si polep\u0161ila - DAKARMANIA.cz<\/title>\n<meta name=\"description\" content=\"Kevin Benavides s Hondou uh\u00e1jil na Silk Way Rally veden\u00ed v kategorii motocykl\u016f, by\u0165 s minim\u00e1ln\u00edm n\u00e1skokem. Na druhou p\u0159\u00ed\u010dku se vyhoupl Sam Sunderland.\" \/>\n<meta name=\"robots\" content=\"index, follow, max-snippet:-1, max-image-preview:large, max-video-preview:-1\" \/>\n<link rel=\"canonical\" href=\"https:\/\/www.dakarmania.cz\/index.php\/2019\/07\/08\/silk-way-sunderland-utoci\/\" \/>\n<meta property=\"og:locale\" content=\"cs_CZ\" \/>\n<meta property=\"og:type\" content=\"article\" \/>\n<meta property=\"og:title\" content=\"Silk Way: Sunderland \u00fato\u010d\u00ed, Novotn\u00e1 si polep\u0161ila - DAKARMANIA.cz\" \/>\n<meta property=\"og:description\" content=\"Kevin Benavides s Hondou uh\u00e1jil na Silk Way Rally veden\u00ed v kategorii motocykl\u016f, by\u0165 s minim\u00e1ln\u00edm n\u00e1skokem. Na druhou p\u0159\u00ed\u010dku se vyhoupl Sam Sunderland.\" \/>\n<meta property=\"og:url\" content=\"https:\/\/www.dakarmania.cz\/index.php\/2019\/07\/08\/silk-way-sunderland-utoci\/\" \/>\n<meta property=\"og:site_name\" content=\"DAKARMANIA.cz\" \/>\n<meta property=\"article:publisher\" content=\"https:\/\/www.facebook.com\/dakarmania\/\" \/>\n<meta property=\"article:published_time\" content=\"2019-07-08T08:49:27+00:00\" \/>\n<meta property=\"article:modified_time\" content=\"2019-10-30T22:22:50+00:00\" \/>\n<meta property=\"og:image\" content=\"https:\/\/www.dakarmania.cz\/wp-content\/uploads\/2019\/07\/19-swr-sunderland-03.jpg\" \/>\n\t<meta property=\"og:image:width\" content=\"1600\" \/>\n\t<meta property=\"og:image:height\" content=\"1066\" \/>\n\t<meta property=\"og:image:type\" content=\"image\/jpeg\" \/>\n<meta name=\"author\" content=\"Zden\u011bk Zelenka\" \/>\n<meta name=\"twitter:card\" content=\"summary_large_image\" \/>\n<meta name=\"twitter:label1\" content=\"Napsal(a)\" \/>\n\t<meta name=\"twitter:data1\" content=\"Zden\u011bk Zelenka\" \/>\n\t<meta name=\"twitter:label2\" content=\"Odhadovan\u00e1 doba \u010dten\u00ed\" \/>\n\t<meta name=\"twitter:data2\" content=\"5 minut\" \/>\n<script type=\"application\/ld+json\" class=\"yoast-schema-graph\">{\"@context\":\"https:\/\/schema.org\",\"@graph\":[{\"@type\":\"Article\",\"@id\":\"https:\/\/www.dakarmania.cz\/index.php\/2019\/07\/08\/silk-way-sunderland-utoci\/#article\",\"isPartOf\":{\"@id\":\"https:\/\/www.dakarmania.cz\/index.php\/2019\/07\/08\/silk-way-sunderland-utoci\/\"},\"author\":{\"name\":\"Zden\u011bk Zelenka\",\"@id\":\"https:\/\/www.dakarmania.cz\/#\/schema\/person\/04eb0e87a389631c2169c0dddae7ff1e\"},\"headline\":\"Silk Way: Sunderland \u00fato\u010d\u00ed, Novotn\u00e1 si polep\u0161ila\",\"datePublished\":\"2019-07-08T08:49:27+00:00\",\"dateModified\":\"2019-10-30T22:22:50+00:00\",\"mainEntityOfPage\":{\"@id\":\"https:\/\/www.dakarmania.cz\/index.php\/2019\/07\/08\/silk-way-sunderland-utoci\/\"},\"wordCount\":1029,\"commentCount\":0,\"publisher\":{\"@id\":\"https:\/\/www.dakarmania.cz\/#organization\"},\"image\":{\"@id\":\"https:\/\/www.dakarmania.cz\/index.php\/2019\/07\/08\/silk-way-sunderland-utoci\/#primaryimage\"},\"thumbnailUrl\":\"https:\/\/www.dakarmania.cz\/wp-content\/uploads\/2019\/07\/19-swr-sunderland-03.jpg\",\"keywords\":[\"2019\",\"Adrien Van Beveren\",\"Anastasija Nifontova\",\"Battur Baatar\",\"Franco Caimi\",\"Gabriela Novotn\u00e1\",\"Hero\",\"Hero MotoSports\",\"Honda\",\"Honda Team\",\"Husqvarna\",\"Indigo Racing\",\"Kevin Benavides\",\"KTM\",\"KTM Factory Racing\",\"Laia Sanz\",\"MS FIM CCR\",\"MS FIM CCR 2019\",\"Oriol Mena\",\"Paulo Gon\u00e7alves\",\"Sam Sunderland\",\"SWR\",\"SWR 2019\",\"Xavier de Soultrait\",\"Yamaha\",\"Yamaha Racing\"],\"articleSection\":[\"FIM MS CCR\",\"Moto\/Quad\",\"Silk Way Rally\"],\"inLanguage\":\"cs\",\"potentialAction\":[{\"@type\":\"CommentAction\",\"name\":\"Comment\",\"target\":[\"https:\/\/www.dakarmania.cz\/index.php\/2019\/07\/08\/silk-way-sunderland-utoci\/#respond\"]}]},{\"@type\":\"WebPage\",\"@id\":\"https:\/\/www.dakarmania.cz\/index.php\/2019\/07\/08\/silk-way-sunderland-utoci\/\",\"url\":\"https:\/\/www.dakarmania.cz\/index.php\/2019\/07\/08\/silk-way-sunderland-utoci\/\",\"name\":\"Silk Way: Sunderland \u00fato\u010d\u00ed, Novotn\u00e1 si polep\u0161ila - DAKARMANIA.cz\",\"isPartOf\":{\"@id\":\"https:\/\/www.dakarmania.cz\/#website\"},\"primaryImageOfPage\":{\"@id\":\"https:\/\/www.dakarmania.cz\/index.php\/2019\/07\/08\/silk-way-sunderland-utoci\/#primaryimage\"},\"image\":{\"@id\":\"https:\/\/www.dakarmania.cz\/index.php\/2019\/07\/08\/silk-way-sunderland-utoci\/#primaryimage\"},\"thumbnailUrl\":\"https:\/\/www.dakarmania.cz\/wp-content\/uploads\/2019\/07\/19-swr-sunderland-03.jpg\",\"datePublished\":\"2019-07-08T08:49:27+00:00\",\"dateModified\":\"2019-10-30T22:22:50+00:00\",\"description\":\"Kevin Benavides s Hondou uh\u00e1jil na Silk Way Rally veden\u00ed v kategorii motocykl\u016f, by\u0165 s minim\u00e1ln\u00edm n\u00e1skokem. Na druhou p\u0159\u00ed\u010dku se vyhoupl Sam Sunderland.\",\"breadcrumb\":{\"@id\":\"https:\/\/www.dakarmania.cz\/index.php\/2019\/07\/08\/silk-way-sunderland-utoci\/#breadcrumb\"},\"inLanguage\":\"cs\",\"potentialAction\":[{\"@type\":\"ReadAction\",\"target\":[\"https:\/\/www.dakarmania.cz\/index.php\/2019\/07\/08\/silk-way-sunderland-utoci\/\"]}]},{\"@type\":\"ImageObject\",\"inLanguage\":\"cs\",\"@id\":\"https:\/\/www.dakarmania.cz\/index.php\/2019\/07\/08\/silk-way-sunderland-utoci\/#primaryimage\",\"url\":\"https:\/\/www.dakarmania.cz\/wp-content\/uploads\/2019\/07\/19-swr-sunderland-03.jpg\",\"contentUrl\":\"https:\/\/www.dakarmania.cz\/wp-content\/uploads\/2019\/07\/19-swr-sunderland-03.jpg\",\"width\":1600,\"height\":1066,\"caption\":\"Sam Sunderland, KTM 450 Rally, KTM Factory Racing. Silk Way Rally 2019. \u00a9 KTM\"},{\"@type\":\"BreadcrumbList\",\"@id\":\"https:\/\/www.dakarmania.cz\/index.php\/2019\/07\/08\/silk-way-sunderland-utoci\/#breadcrumb\",\"itemListElement\":[{\"@type\":\"ListItem\",\"position\":1,\"name\":\"Dom\u016f\",\"item\":\"https:\/\/www.dakarmania.cz\/\"},{\"@type\":\"ListItem\",\"position\":2,\"name\":\"Silk Way: Sunderland \u00fato\u010d\u00ed, Novotn\u00e1 si polep\u0161ila\"}]},{\"@type\":\"WebSite\",\"@id\":\"https:\/\/www.dakarmania.cz\/#website\",\"url\":\"https:\/\/www.dakarmania.cz\/\",\"name\":\"DAKARMANIA.cz\",\"description\":\"\u017dijeme Dakarem cel\u00fd rok\",\"publisher\":{\"@id\":\"https:\/\/www.dakarmania.cz\/#organization\"},\"potentialAction\":[{\"@type\":\"SearchAction\",\"target\":{\"@type\":\"EntryPoint\",\"urlTemplate\":\"https:\/\/www.dakarmania.cz\/?s={search_term_string}\"},\"query-input\":{\"@type\":\"PropertyValueSpecification\",\"valueRequired\":true,\"valueName\":\"search_term_string\"}}],\"inLanguage\":\"cs\"},{\"@type\":\"Organization\",\"@id\":\"https:\/\/www.dakarmania.cz\/#organization\",\"name\":\"DAKAR MANIA\",\"url\":\"https:\/\/www.dakarmania.cz\/\",\"logo\":{\"@type\":\"ImageObject\",\"inLanguage\":\"cs\",\"@id\":\"https:\/\/www.dakarmania.cz\/#\/schema\/logo\/image\/\",\"url\":\"https:\/\/www.dakarmania.cz\/wp-content\/uploads\/2018\/12\/Dakar-Mania-Logo-Square-Orange.png\",\"contentUrl\":\"https:\/\/www.dakarmania.cz\/wp-content\/uploads\/2018\/12\/Dakar-Mania-Logo-Square-Orange.png\",\"width\":992,\"height\":992,\"caption\":\"DAKAR MANIA\"},\"image\":{\"@id\":\"https:\/\/www.dakarmania.cz\/#\/schema\/logo\/image\/\"},\"sameAs\":[\"https:\/\/www.facebook.com\/dakarmania\/\"]},{\"@type\":\"Person\",\"@id\":\"https:\/\/www.dakarmania.cz\/#\/schema\/person\/04eb0e87a389631c2169c0dddae7ff1e\",\"name\":\"Zden\u011bk Zelenka\",\"image\":{\"@type\":\"ImageObject\",\"inLanguage\":\"cs\",\"@id\":\"https:\/\/www.dakarmania.cz\/#\/schema\/person\/image\/\",\"url\":\"https:\/\/secure.gravatar.com\/avatar\/2c80d5a4942fe0900b73cc7d3837a509d6ee0a276a2b76dac95c92bd0763a89b?s=96&d=mm&r=g\",\"contentUrl\":\"https:\/\/secure.gravatar.com\/avatar\/2c80d5a4942fe0900b73cc7d3837a509d6ee0a276a2b76dac95c92bd0763a89b?s=96&d=mm&r=g\",\"caption\":\"Zden\u011bk Zelenka\"},\"description\":\"Moji d\u011bt\u0161t\u00ed hrdinov\u00e9 se jmenovali Loprais, Moskal, Neveu, Vatanen, Rahier... A tihle borci, jejich n\u00e1sledovn\u00edci a jejich p\u0159\u00edb\u011bhy m\u011b nep\u0159estali fascinovat ani po letech, kdy jsem vyrostl a zam\u011bstn\u00e1valy m\u011b jin\u00e9 discipl\u00edny motorsportu. Proto se zrodila DAKARMANIA.\",\"url\":\"https:\/\/www.dakarmania.cz\/index.php\/author\/dakarmania\/\"}]}<\/script>\n<!-- \/ Yoast SEO plugin. -->","yoast_head_json":{"title":"Silk Way: Sunderland \u00fato\u010d\u00ed, Novotn\u00e1 si polep\u0161ila - DAKARMANIA.cz","description":"Kevin Benavides s Hondou uh\u00e1jil na Silk Way Rally veden\u00ed v kategorii motocykl\u016f, by\u0165 s minim\u00e1ln\u00edm n\u00e1skokem. Na druhou p\u0159\u00ed\u010dku se vyhoupl Sam Sunderland.","robots":{"index":"index","follow":"follow","max-snippet":"max-snippet:-1","max-image-preview":"max-image-preview:large","max-video-preview":"max-video-preview:-1"},"canonical":"https:\/\/www.dakarmania.cz\/index.php\/2019\/07\/08\/silk-way-sunderland-utoci\/","og_locale":"cs_CZ","og_type":"article","og_title":"Silk Way: Sunderland \u00fato\u010d\u00ed, Novotn\u00e1 si polep\u0161ila - DAKARMANIA.cz","og_description":"Kevin Benavides s Hondou uh\u00e1jil na Silk Way Rally veden\u00ed v kategorii motocykl\u016f, by\u0165 s minim\u00e1ln\u00edm n\u00e1skokem. Na druhou p\u0159\u00ed\u010dku se vyhoupl Sam Sunderland.","og_url":"https:\/\/www.dakarmania.cz\/index.php\/2019\/07\/08\/silk-way-sunderland-utoci\/","og_site_name":"DAKARMANIA.cz","article_publisher":"https:\/\/www.facebook.com\/dakarmania\/","article_published_time":"2019-07-08T08:49:27+00:00","article_modified_time":"2019-10-30T22:22:50+00:00","og_image":[{"width":1600,"height":1066,"url":"https:\/\/www.dakarmania.cz\/wp-content\/uploads\/2019\/07\/19-swr-sunderland-03.jpg","type":"image\/jpeg"}],"author":"Zden\u011bk Zelenka","twitter_card":"summary_large_image","twitter_misc":{"Napsal(a)":"Zden\u011bk Zelenka","Odhadovan\u00e1 doba \u010dten\u00ed":"5 minut"},"schema":{"@context":"https:\/\/schema.org","@graph":[{"@type":"Article","@id":"https:\/\/www.dakarmania.cz\/index.php\/2019\/07\/08\/silk-way-sunderland-utoci\/#article","isPartOf":{"@id":"https:\/\/www.dakarmania.cz\/index.php\/2019\/07\/08\/silk-way-sunderland-utoci\/"},"author":{"name":"Zden\u011bk Zelenka","@id":"https:\/\/www.dakarmania.cz\/#\/schema\/person\/04eb0e87a389631c2169c0dddae7ff1e"},"headline":"Silk Way: Sunderland \u00fato\u010d\u00ed, Novotn\u00e1 si polep\u0161ila","datePublished":"2019-07-08T08:49:27+00:00","dateModified":"2019-10-30T22:22:50+00:00","mainEntityOfPage":{"@id":"https:\/\/www.dakarmania.cz\/index.php\/2019\/07\/08\/silk-way-sunderland-utoci\/"},"wordCount":1029,"commentCount":0,"publisher":{"@id":"https:\/\/www.dakarmania.cz\/#organization"},"image":{"@id":"https:\/\/www.dakarmania.cz\/index.php\/2019\/07\/08\/silk-way-sunderland-utoci\/#primaryimage"},"thumbnailUrl":"https:\/\/www.dakarmania.cz\/wp-content\/uploads\/2019\/07\/19-swr-sunderland-03.jpg","keywords":["2019","Adrien Van Beveren","Anastasija Nifontova","Battur Baatar","Franco Caimi","Gabriela Novotn\u00e1","Hero","Hero MotoSports","Honda","Honda Team","Husqvarna","Indigo Racing","Kevin Benavides","KTM","KTM Factory Racing","Laia Sanz","MS FIM CCR","MS FIM CCR 2019","Oriol Mena","Paulo Gon\u00e7alves","Sam Sunderland","SWR","SWR 2019","Xavier de Soultrait","Yamaha","Yamaha Racing"],"articleSection":["FIM MS CCR","Moto\/Quad","Silk Way Rally"],"inLanguage":"cs","potentialAction":[{"@type":"CommentAction","name":"Comment","target":["https:\/\/www.dakarmania.cz\/index.php\/2019\/07\/08\/silk-way-sunderland-utoci\/#respond"]}]},{"@type":"WebPage","@id":"https:\/\/www.dakarmania.cz\/index.php\/2019\/07\/08\/silk-way-sunderland-utoci\/","url":"https:\/\/www.dakarmania.cz\/index.php\/2019\/07\/08\/silk-way-sunderland-utoci\/","name":"Silk Way: Sunderland \u00fato\u010d\u00ed, Novotn\u00e1 si polep\u0161ila - DAKARMANIA.cz","isPartOf":{"@id":"https:\/\/www.dakarmania.cz\/#website"},"primaryImageOfPage":{"@id":"https:\/\/www.dakarmania.cz\/index.php\/2019\/07\/08\/silk-way-sunderland-utoci\/#primaryimage"},"image":{"@id":"https:\/\/www.dakarmania.cz\/index.php\/2019\/07\/08\/silk-way-sunderland-utoci\/#primaryimage"},"thumbnailUrl":"https:\/\/www.dakarmania.cz\/wp-content\/uploads\/2019\/07\/19-swr-sunderland-03.jpg","datePublished":"2019-07-08T08:49:27+00:00","dateModified":"2019-10-30T22:22:50+00:00","description":"Kevin Benavides s Hondou uh\u00e1jil na Silk Way Rally veden\u00ed v kategorii motocykl\u016f, by\u0165 s minim\u00e1ln\u00edm n\u00e1skokem. Na druhou p\u0159\u00ed\u010dku se vyhoupl Sam Sunderland.","breadcrumb":{"@id":"https:\/\/www.dakarmania.cz\/index.php\/2019\/07\/08\/silk-way-sunderland-utoci\/#breadcrumb"},"inLanguage":"cs","potentialAction":[{"@type":"ReadAction","target":["https:\/\/www.dakarmania.cz\/index.php\/2019\/07\/08\/silk-way-sunderland-utoci\/"]}]},{"@type":"ImageObject","inLanguage":"cs","@id":"https:\/\/www.dakarmania.cz\/index.php\/2019\/07\/08\/silk-way-sunderland-utoci\/#primaryimage","url":"https:\/\/www.dakarmania.cz\/wp-content\/uploads\/2019\/07\/19-swr-sunderland-03.jpg","contentUrl":"https:\/\/www.dakarmania.cz\/wp-content\/uploads\/2019\/07\/19-swr-sunderland-03.jpg","width":1600,"height":1066,"caption":"Sam Sunderland, KTM 450 Rally, KTM Factory Racing. Silk Way Rally 2019. \u00a9 KTM"},{"@type":"BreadcrumbList","@id":"https:\/\/www.dakarmania.cz\/index.php\/2019\/07\/08\/silk-way-sunderland-utoci\/#breadcrumb","itemListElement":[{"@type":"ListItem","position":1,"name":"Dom\u016f","item":"https:\/\/www.dakarmania.cz\/"},{"@type":"ListItem","position":2,"name":"Silk Way: Sunderland \u00fato\u010d\u00ed, Novotn\u00e1 si polep\u0161ila"}]},{"@type":"WebSite","@id":"https:\/\/www.dakarmania.cz\/#website","url":"https:\/\/www.dakarmania.cz\/","name":"DAKARMANIA.cz","description":"\u017dijeme Dakarem cel\u00fd rok","publisher":{"@id":"https:\/\/www.dakarmania.cz\/#organization"},"potentialAction":[{"@type":"SearchAction","target":{"@type":"EntryPoint","urlTemplate":"https:\/\/www.dakarmania.cz\/?s={search_term_string}"},"query-input":{"@type":"PropertyValueSpecification","valueRequired":true,"valueName":"search_term_string"}}],"inLanguage":"cs"},{"@type":"Organization","@id":"https:\/\/www.dakarmania.cz\/#organization","name":"DAKAR MANIA","url":"https:\/\/www.dakarmania.cz\/","logo":{"@type":"ImageObject","inLanguage":"cs","@id":"https:\/\/www.dakarmania.cz\/#\/schema\/logo\/image\/","url":"https:\/\/www.dakarmania.cz\/wp-content\/uploads\/2018\/12\/Dakar-Mania-Logo-Square-Orange.png","contentUrl":"https:\/\/www.dakarmania.cz\/wp-content\/uploads\/2018\/12\/Dakar-Mania-Logo-Square-Orange.png","width":992,"height":992,"caption":"DAKAR MANIA"},"image":{"@id":"https:\/\/www.dakarmania.cz\/#\/schema\/logo\/image\/"},"sameAs":["https:\/\/www.facebook.com\/dakarmania\/"]},{"@type":"Person","@id":"https:\/\/www.dakarmania.cz\/#\/schema\/person\/04eb0e87a389631c2169c0dddae7ff1e","name":"Zden\u011bk Zelenka","image":{"@type":"ImageObject","inLanguage":"cs","@id":"https:\/\/www.dakarmania.cz\/#\/schema\/person\/image\/","url":"https:\/\/secure.gravatar.com\/avatar\/2c80d5a4942fe0900b73cc7d3837a509d6ee0a276a2b76dac95c92bd0763a89b?s=96&d=mm&r=g","contentUrl":"https:\/\/secure.gravatar.com\/avatar\/2c80d5a4942fe0900b73cc7d3837a509d6ee0a276a2b76dac95c92bd0763a89b?s=96&d=mm&r=g","caption":"Zden\u011bk Zelenka"},"description":"Moji d\u011bt\u0161t\u00ed hrdinov\u00e9 se jmenovali Loprais, Moskal, Neveu, Vatanen, Rahier... A tihle borci, jejich n\u00e1sledovn\u00edci a jejich p\u0159\u00edb\u011bhy m\u011b nep\u0159estali fascinovat ani po letech, kdy jsem vyrostl a zam\u011bstn\u00e1valy m\u011b jin\u00e9 discipl\u00edny motorsportu. Proto se zrodila DAKARMANIA.","url":"https:\/\/www.dakarmania.cz\/index.php\/author\/dakarmania\/"}]}},"amp_enabled":true,"_links":{"self":[{"href":"https:\/\/www.dakarmania.cz\/index.php\/wp-json\/wp\/v2\/posts\/8384","targetHints":{"allow":["GET"]}}],"collection":[{"href":"https:\/\/www.dakarmania.cz\/index.php\/wp-json\/wp\/v2\/posts"}],"about":[{"href":"https:\/\/www.dakarmania.cz\/index.php\/wp-json\/wp\/v2\/types\/post"}],"author":[{"embeddable":true,"href":"https:\/\/www.dakarmania.cz\/index.php\/wp-json\/wp\/v2\/users\/1"}],"replies":[{"embeddable":true,"href":"https:\/\/www.dakarmania.cz\/index.php\/wp-json\/wp\/v2\/comments?post=8384"}],"version-history":[{"count":17,"href":"https:\/\/www.dakarmania.cz\/index.php\/wp-json\/wp\/v2\/posts\/8384\/revisions"}],"predecessor-version":[{"id":12998,"href":"https:\/\/www.dakarmania.cz\/index.php\/wp-json\/wp\/v2\/posts\/8384\/revisions\/12998"}],"wp:featuredmedia":[{"embeddable":true,"href":"https:\/\/www.dakarmania.cz\/index.php\/wp-json\/wp\/v2\/media\/8387"}],"wp:attachment":[{"href":"https:\/\/www.dakarmania.cz\/index.php\/wp-json\/wp\/v2\/media?parent=8384"}],"wp:term":[{"taxonomy":"category","embeddable":true,"href":"https:\/\/www.dakarmania.cz\/index.php\/wp-json\/wp\/v2\/categories?post=8384"},{"taxonomy":"post_tag","embeddable":true,"href":"https:\/\/www.dakarmania.cz\/index.php\/wp-json\/wp\/v2\/tags?post=8384"}],"curies":[{"name":"wp","href":"https:\/\/api.w.org\/{rel}","templated":true}]}}