{"id":8503,"date":"2019-07-10T09:22:11","date_gmt":"2019-07-10T07:22:11","guid":{"rendered":"https:\/\/www.dakarmania.cz\/?p=8503"},"modified":"2019-10-29T23:50:53","modified_gmt":"2019-10-29T22:50:53","slug":"silk-way-maratonska-etapa-micha-poradim-na-cele","status":"publish","type":"post","link":"https:\/\/www.dakarmania.cz\/index.php\/2019\/07\/10\/silk-way-maratonska-etapa-micha-poradim-na-cele\/","title":{"rendered":"Silk Way: Maratonsk\u00e1 etapa m\u00edch\u00e1 po\u0159ad\u00edm na \u010dele"},"content":{"rendered":"<p>[vc_row][vc_column][vc_column_text]<\/p>\n<h4>Nejdel\u0161\u00ed speci\u00e1lka Silk Way Rally 2019 p\u0159inesla v\u00fdrazn\u00e9 zm\u011bny na \u010dele kategorie motocyklist\u016f. Dosud vedouc\u00ed Kevin Benavides s Hondou klesl mimo medailov\u00e9 p\u0159\u00ed\u010dky. Mimo\u0159\u00e1dn\u011b \u00fasp\u011b\u0161n\u00fd byl \u010dtvrt\u00fd den sout\u011b\u017ee pro t\u00fdm KTM.<\/h4>\n<p>Okru\u017en\u00ed rychlostn\u00ed zkou\u0161ku se startem a c\u00edlem nedaleko od bivaku na nov\u00e9m leti\u0161ti u Ul\u00e1nb\u00e1taru absolvovali motocyklist\u00e9 jako prvn\u00ed \u010d\u00e1st maratonsk\u00e9 etapy. U\u017e v \u00fater\u00fd odpoledne ozna\u010dili techni\u010dt\u00ed komisa\u0159i v\u0161em motocyklist\u016fm r\u00e1fky a pneumatiky. Na nich mus\u00ed zvl\u00e1dnout st\u0159ede\u010dn\u00ed i \u010dtvrte\u010dn\u00ed program. Celkem se jedn\u00e1 o 842 kilometr\u016f, z nich\u017e se 807 jede v r\u00e1mci dvou m\u011b\u0159en\u00fdch \u00fasek\u016f.[\/vc_column_text][vc_column_text css=&#8221;.vc_custom_1562756890065{padding-top: 10px !important;padding-right: 10px !important;padding-bottom: 20px !important;padding-left: 10px !important;background-color: #d8d8d8 !important;}&#8221;]<strong>Dal\u0161\u00ed kategorie:<\/strong><\/p>\n<p style=\"padding-left: 40px;\"><a href=\"\/index.php\/2019\/07\/10\/silk-way-drtiva-prevaha-mazu\/\">KAMIONY: Drtiv\u00e1 p\u0159evaha kamion\u016f MAZ v nejdel\u0161\u00ed speci\u00e1lce<\/a><br \/>\n<a href=\"\/index.php\/2019\/07\/10\/silk-way-al-attiyah-vyhrava-poctvrte-v-rade\/\">AUTOMOBILY: Al-Attiyah nepolevuje, vyhr\u00e1v\u00e1 po\u010dtvrt\u00e9 v \u0159ad\u011b<\/a><\/p>\n<p>[\/vc_column_text][vc_column_text]Po dojezdu do bivaku mohli jezdci ve st\u0159edu v uzav\u0159en\u00e9 z\u00f3n\u011b pracovat na sv\u00fdch stroj\u00edch, a to bez \u010dasov\u00e9ho omezen\u00ed. Ov\u0161em pouze vlastn\u00edmi silami a s vyu\u017eit\u00edm sou\u010d\u00e1stek a n\u00e1\u0159ad\u00ed, kter\u00e9 si vezli s sebou. Dal\u0161\u00edch 15 minut budou m\u00edt k dispozici tak\u00e9 ve \u010dtvrtek r\u00e1no.<\/p>\n<p>St\u0159ede\u010dn\u00ed speci\u00e1lka m\u011b\u0159ila 470 kilometr\u016f a vedla malebnou, ale n\u00e1ro\u010dnou krajinou mongolsk\u00fdch step\u00ed a kopc\u016f. V t\u011bchto podm\u00ednk\u00e1ch vyt\u011b\u017eil maximum mo\u017en\u00e9ho tov\u00e1rn\u00ed t\u00fdm KTM. <a href=\"\/index.php\/osobnosti\/sunderland-sam\/\">Sam Sunderland<\/a> a Luciano Benavides z\u00edskali pro rakouskou zna\u010dku etapov\u00fd double a na prvn\u00ed dv\u011b p\u0159\u00ed\u010dky se posunuli i v celkov\u00e9m po\u0159ad\u00ed.<\/p>\n<p><em>\u201eByla to mimo\u0159\u00e1dn\u011b dlouh\u00e1 a velice rychl\u00e1 speci\u00e1lka, co\u017e je dobr\u00e1 kombinace. Kilometry rychle ub\u00edhaj\u00ed, kdy\u017e jedete 160 a\u017e 170 km\/h,\u201c<\/em> pochvaloval si <strong>Sam Sunderland<\/strong>. <em>\u201eSoust\u0159edil jsem se na navigaci a sledov\u00e1n\u00ed v\u0161ech n\u00e1strah. Udr\u017eet koncentraci po celou dobu nen\u00ed na 470 kilometrech nic snadn\u00e9ho. Motorka byla perfektn\u00ed. V maratonsk\u00e9 etap\u011b na n\u00ed nem\u016f\u017eeme p\u0159\u00edli\u0161 pracovat, ale p\u0159ed z\u00edt\u0159kem v\u0161e vypad\u00e1 dob\u0159e. Jsme p\u0159ipraven\u00ed.\u201c <\/em>[\/vc_column_text][vc_single_image image=&#8221;8535&#8243; img_size=&#8221;large&#8221; add_caption=&#8221;yes&#8221; alignment=&#8221;center&#8221;][vc_column_text]Vedouc\u00ed mu\u017e pr\u016fb\u011b\u017en\u00e9ho hodnocen\u00ed <a href=\"\/index.php\/sampionaty\/ms-fim-ccr-2019\/\">Mistrovstv\u00ed sv\u011bta FIM v cross-country rally<\/a> a nov\u00fd leader sout\u011b\u017ee si polep\u0161il o jednu pozici, jeho teprve 24let\u00fd kolega p\u0159edstihl rovnou dva z\u00e1vodn\u00edky konkuren\u010dn\u00ed Hondy.<\/p>\n<p><em>\u201eC\u00edtil jsem, \u017ee jedu dob\u0159e. Byla to nejdel\u0161\u00ed etapa cel\u00e9 Silk Way, proto jsem r\u00e1d, \u017ee jsem bezpe\u010dn\u011b dojel ve zdrav\u00ed do c\u00edle. Z v\u00fdsledku m\u00e1m radost, v\u011b\u0159\u00edm si a p\u0159ed z\u00edt\u0159ej\u0161\u00ed druhou \u010d\u00e1st\u00ed maratonsk\u00e9 etapy m\u00e1m velkou motivaci,\u201c<\/em> konstatoval <strong>Luciano Benavides<\/strong>.<\/p>\n<p>Benavides\u016fv star\u0161\u00ed bratr <a href=\"\/index.php\/osobnosti\/kevin-benavides\/\">Kevin<\/a> doplatil na nev\u00fdhodnou startovn\u00ed pozici. Argentinec vyr\u00e1\u017eel do nejdel\u0161\u00edho m\u011b\u0159en\u00e9ho \u00faseku sout\u011b\u017ee jako prvn\u00ed, na v\u00edt\u011bze ztratil 18 a p\u016fl minuty a p\u0159ipsal si a\u017e dvan\u00e1ct\u00fd \u010das. V celkov\u00e9m sou\u010dtu spadl z prvn\u00edho na \u010dtvrt\u00e9 m\u00edsto s v\u00edce ne\u017e \u010dtvrthodinov\u00fdm odstupem od vedouc\u00edho Sunderlanda.<\/p>\n<p><em>\u201eNa \u010dty\u0159ic\u00e1t\u00e9m kilometr mi vypadl \u0161roub z dr\u017e\u00e1ku brzdy a dal\u0161\u00edch 430 kilometr\u016f speci\u00e1lky jsem musel zvl\u00e1dnout bez p\u0159edn\u00ed brzdy,\u201c<\/em> vysv\u011btlil hlavn\u00ed p\u0159\u00ed\u010dinu sv\u00e9 dne\u0161n\u00ed ztr\u00e1ty <strong>Kevin Benavides<\/strong>. <em>\u201eBylo to celkem nebezpe\u010dn\u00e9. Nebylo snadn\u00e9 jet rozumnou rychlost\u00ed a nedostat se za hranu, abych neupadl. To by byla mnohem v\u011bt\u0161\u00ed komplikace. Ztratil jsem soustu \u010dasu. Te\u010f mus\u00edm trochu zapracovat na motorce a brzdu opravit. Z\u00edtra se pokus\u00edm dokon\u010dit maratonskou etapu, jak nejl\u00e9pe to p\u016fjde.\u201c<\/em>[\/vc_column_text][vc_single_image image=&#8221;8540&#8243; img_size=&#8221;large&#8221; add_caption=&#8221;yes&#8221; alignment=&#8221;center&#8221;][vc_column_text]L\u00e9pe se da\u0159ilo Joanu Barredovi s dal\u0161\u00ed Hondou. \u0160pan\u011bl byl t\u0159et\u00ed nejrychlej\u0161\u00ed a stejnou pozici udr\u017eel i v pr\u016fb\u011b\u017en\u00e9 klasifikaci. Od druh\u00e9ho Luciana Benavidese jej d\u011bl\u00ed pouh\u00e1 sekunda.<\/p>\n<p><em>\u201eV z\u00e1v\u011bru bylo n\u011bkolik naviga\u010dn\u011b obt\u00ed\u017en\u011bj\u0161\u00edch \u00fasek\u016f. Ud\u011blal jsem jednu chybu a trochu ztratil, ale to se stane. Jsem spokojen\u00fd, proto\u017ee jsem jel dob\u0159e a motorka je perfektn\u00ed. Te\u010f ji jen rychle zkontroluji,\u201c<\/em> sp\u011bchal do uzav\u0159en\u00e9 servisn\u00ed z\u00f3ny <strong>Joan Barreda<\/strong>.<\/p>\n<p>S osm\u00fdm a dev\u00e1t\u00fdm m\u00edstem sv\u00fdch z\u00e1vodn\u00edk\u016f byli spokojeni v t\u00fdmu Hero MotoSports. \u00dakol zn\u011bl jasn\u011b: zvl\u00e1dnout prvn\u00ed polovinu maratonsk\u00e9 etapy bez probl\u00e9m\u016f. A to oba borci tak\u00e9 splnili. Dnes lep\u0161\u00ed Oriol Mena vyst\u0159\u00eddal Paula Gon\u00e7alvese na p\u00e1t\u00e9 p\u0159\u00ed\u010dce, Portugalec je sedm\u00fd.<\/p>\n<p><em>\u201eByla to asi nejrychlej\u0161\u00ed speci\u00e1lka, jakou jsem zat\u00edm jel. Krom\u011b jedn\u00e9 drobn\u00e9 chyby jsem j\u00ed zvl\u00e1dl opravdu dob\u0159e. Jsem r\u00e1d, \u017ee m\u00e1m nejdel\u0161\u00ed rychlostn\u00ed zkou\u0161ku za sebou a jsem v maratonsk\u00e9m bivaku,\u201c<\/em> oddechl si <strong>Oriol Mena<\/strong>.[\/vc_column_text][vc_single_image image=&#8221;8543&#8243; img_size=&#8221;large&#8221; add_caption=&#8221;yes&#8221; alignment=&#8221;center&#8221;][vc_column_text]Mezi jezdce indicko-n\u011bmeck\u00e9ho t\u00fdmu se vkl\u00ednil Andrew Short s jedinou tov\u00e1rn\u00ed Husqvarnou. Ameri\u010dan pro\u017eil dosud nejlep\u0161\u00ed den sout\u011b\u017ee a poprv\u00e9 se v hodnocen\u00ed etapy prosadil mezi p\u011bt nejlep\u0161\u00edch.<\/p>\n<p><em>\u201eV porovn\u00e1n\u00ed se dv\u011bma \u00favodn\u00edmi dny byla dne\u0161n\u00ed etapa opravdu z\u00e1bavn\u00e1,\u201c<\/em> ocenil <strong>Andrew Short<\/strong>. <em>\u201eV jednu chv\u00edli jsme vjeli do hor a j\u00e1 si p\u0159ipadal jako doma v Coloradu. Opravdu jsem si u\u017eil rozmanitost ter\u00e9nu. P\u0159\u00edroda je tu neuv\u011b\u0159iteln\u00e1. Pr\u016fm\u011brn\u00e1 rychlost byla o n\u011bco vy\u0161\u0161\u00ed, ne\u017e m\u00e1m r\u00e1d, ale celkov\u011b byla speci\u00e1lka skute\u010dn\u011b p\u011bkn\u00e1.\u201d<\/em>[\/vc_column_text][vc_single_image image=&#8221;8546&#8243; img_size=&#8221;large&#8221; add_caption=&#8221;yes&#8221; alignment=&#8221;center&#8221;][vc_column_text]Solidn\u00edm \u010dtvrt\u00fdm \u010dasem se dnes prezentoval <a href=\"\/index.php\/osobnosti\/adrien-van-beveren\/\">Adrien Van Beveren<\/a>, kter\u00fd s Yamahou postoupil do prvn\u00ed osmi\u010dky. O v\u00fdrazn\u011bj\u0161\u00ed v\u00fdsledkov\u00fd progres Francouze p\u0159ipravila penalizace.<\/p>\n<p><a href=\"\/index.php\/osobnosti\/gabriela-novotna\/\">Gabriela Novotn\u00e1<\/a> (Husqvarna) pot\u0159ebovala ke zdol\u00e1n\u00ed m\u011b\u0159en\u00e9ho \u00faseku skoro o dv\u011b a p\u016fl hodiny v\u00edc ne\u017e dnes jeden\u00e1ct\u00e1 Laia Sanz (KTM), nicm\u00e9n\u011b d\u00e1l dr\u017e\u00ed druhou p\u0159\u00ed\u010dku v hodnocen\u00ed \u017een.<\/p>\n<p>Ze t\u0159et\u00edho m\u00edsta mezi \u017eenami dnes odstoupila Anastasija Nifontova. Rusk\u00e1 motocyklistka dnes se svou Husqvarnou vjela do d\u00edry pln\u00e9 bl\u00e1ta, upadla a zlomila si kl\u00ed\u010dn\u00ed kost.[\/vc_column_text][vc_column_text css=&#8221;.vc_custom_1562756912738{padding-top: 10px !important;padding-right: 10px !important;padding-bottom: 20px !important;padding-left: 10px !important;background-color: #d8d8d8 !important;}&#8221;]<strong>P\u0159edchoz\u00ed etapy:<\/strong><\/p>\n<p style=\"padding-left: 40px;\"><a href=\"\/index.php\/2019\/07\/09\/silk-way-dalsi-zapis-pro-benavidese\/\">3. etapa: Dal\u0161\u00ed historick\u00fd z\u00e1pis pro Kevina Benavidese a Hondu<\/a><br \/>\n<a href=\"\/index.php\/2019\/07\/08\/silk-way-sunderland-utoci\/\">2. etapa: Sunderland \u00fato\u010d\u00ed, Novotn\u00e1 si polep\u0161ila<\/a><br \/>\n<a href=\"\/index.php\/2019\/07\/07\/silk-way-blativou-prvni-etapu-ovladli-bratri-benavidesovi\/\">1. etapa: Bl\u00e1tivou prvn\u00ed etapu ovl\u00e1dli brat\u0159i Benavidesovi<\/a><\/p>\n<p>[\/vc_column_text][vc_column_text]Ve \u010dtvrtek 11. \u010dervence pokra\u010duje Silk Way Rally 2019 p\u00e1tou etapou z Ul\u00e1nb\u00e1taru do Mandalgovi. Rychlostn\u00ed zkou\u0161ka dlouh\u00e1 337 kilometr\u016f op\u011bt provede \u00fa\u010dastn\u00edky typickou mongolskou step\u00ed, ale z\u00e1vodit se bude tak\u00e9 v hor\u00e1ch a na n\u00e1horn\u00ed plo\u0161in\u011b ve v\u00fd\u0161ce okolo 1600 metr\u016f nad mo\u0159em.[\/vc_column_text][vc_column_text]<\/p>\n<table style=\"width: 97.7654%; height: 216px;\" rules=\"rows\" cellpadding=\"4px\">\n<tbody>\n<tr style=\"background-color: #9e9d9d; color: white;\">\n<td style=\"text-align: center;\" colspan=\"4\"><span style=\"font-size: 10pt;\"><strong>Silk Way Rally 2019<br \/>\nMOTOCYKLY<br \/>\nPr\u016fb\u011b\u017en\u00e9 po\u0159ad\u00ed po 4. etap\u011b<\/strong><\/span><\/td>\n<\/tr>\n<tr style=\"background-color: #dbd9d9;\">\n<td>1.<\/td>\n<td>Sam Sunderland<\/td>\n<td>KTM 450 Rally<\/td>\n<td style=\"text-align: right;\">9:38:55<\/td>\n<\/tr>\n<tr style=\"background-color: #f2f2f2;\">\n<td>2.<\/td>\n<td>Luciano Benavides<\/td>\n<td>KTM 450 Rally<\/td>\n<td style=\"text-align: right;\">+5:11<\/td>\n<\/tr>\n<tr style=\"background-color: #dbd9d9;\">\n<td>3.<\/td>\n<td>Joan Barreda<\/td>\n<td>Honda CRF450 Rally<\/td>\n<td style=\"text-align: right;\">+5:12<\/td>\n<\/tr>\n<tr style=\"background-color: #f2f2f2;\">\n<td>4.<\/td>\n<td>Kevin Benavides<\/td>\n<td>Honda CRF450 Rally<\/td>\n<td style=\"text-align: right;\">+15:45<\/td>\n<\/tr>\n<tr style=\"background-color: #dbd9d9;\">\n<td>5.<\/td>\n<td>Oriol Mena<\/td>\n<td>Hero 450 Rally<\/td>\n<td style=\"text-align: right;\">+16:52<\/td>\n<\/tr>\n<tr style=\"background-color: #f2f2f2;\">\n<td>6.<\/td>\n<td>Andrew Short<\/td>\n<td>Husqvarna FR 450 Rally<\/td>\n<td style=\"text-align: right;\">+17:29<\/td>\n<\/tr>\n<tr style=\"background-color: #dbd9d9;\">\n<td>7.<\/td>\n<td>Paulo Gon\u00e7alves<\/td>\n<td>Hero 450 Rally<\/td>\n<td style=\"text-align: right;\">+18:23<\/td>\n<\/tr>\n<tr style=\"background-color: #f2f2f2;\">\n<td>8.<\/td>\n<td>Adrien Van Beveren<\/td>\n<td>Yamaha WR450F Rally<\/td>\n<td style=\"text-align: right;\">+19:05<\/td>\n<\/tr>\n<tr style=\"background-color: #dbd9d9;\">\n<td>9.<\/td>\n<td>Franco Caimi<\/td>\n<td>Yamaha WR450F Rally<\/td>\n<td style=\"text-align: right;\">+20:19<\/td>\n<\/tr>\n<tr style=\"background-color: #f2f2f2;\">\n<td>10.<\/td>\n<td>Jos\u00e9 Ignacio Cornejo<\/td>\n<td>Honda CRF450 Rally<\/td>\n<td style=\"text-align: right;\">+34:31<\/td>\n<\/tr>\n<tr style=\"background-color: #dbd9d9;\">\n<td>11.<\/td>\n<td>Laia Sanz<\/td>\n<td>KTM 450 Rally<\/td>\n<td style=\"text-align: right;\">+46:14<\/td>\n<\/tr>\n<tr style=\"background-color: #f2f2f2;\">\n<td>19.<\/td>\n<td>Gabriela Novotn\u00e1<\/td>\n<td>Husqvarna FE450<\/td>\n<td style=\"text-align: right;\">+4:31:17<\/td>\n<\/tr>\n<\/tbody>\n<\/table>\n<p>[\/vc_column_text][\/vc_column][\/vc_row]<\/p>\n","protected":false},"excerpt":{"rendered":"<p>Nejdel\u0161\u00ed speci\u00e1lka Silk Way Rally 2019 p\u0159inesla v\u00fdrazn\u00e9 zm\u011bny na \u010dele kategorie motocyklist\u016f. Kevin Benavides s Hondou klesl mimo medailov\u00e9 p\u0159\u00ed\u010dky.<\/p>\n","protected":false},"author":1,"featured_media":8502,"comment_status":"open","ping_status":"closed","sticky":false,"template":"","format":"standard","meta":{"footnotes":""},"categories":[154,15,146],"tags":[425,236,765,757,58,820,129,923,759,64,756,118,761,230,63,127,921,758,156,755,796,128,225,1247,1248,784],"class_list":["post-8503","post","type-post","status-publish","format-standard","has-post-thumbnail","hentry","category-fim-ccr","category-moto-quad","category-silk-way-rally","tag-425","tag-adrien-van-beveren","tag-anastasija-nifontova","tag-andrew-short","tag-gabriela-novotna","tag-hero-motosports","tag-honda","tag-honda-racing","tag-honda-team","tag-husqvarna","tag-husqvarna-factory-racing","tag-indigo-racing","tag-joan-barreda","tag-kevin-benavides","tag-ktm","tag-ktm-factory-racing","tag-laia-sanz","tag-luciano-benavides","tag-ms-fim-ccr","tag-ms-fim-ccr-2019","tag-oriol-mena","tag-paulo-goncalves","tag-sam-sunderland","tag-swr","tag-swr-2019","tag-yamaha-racing"],"yoast_head":"<!-- This site is optimized with the Yoast SEO plugin v24.9 - https:\/\/yoast.com\/wordpress\/plugins\/seo\/ -->\n<title>Silk Way: Maratonsk\u00e1 etapa m\u00edch\u00e1 po\u0159ad\u00edm na \u010dele - DAKARMANIA.cz<\/title>\n<meta name=\"description\" content=\"Nejdel\u0161\u00ed speci\u00e1lka Silk Way Rally 2019 p\u0159inesla v\u00fdrazn\u00e9 zm\u011bny na \u010dele kategorie motocyklist\u016f. Kevin Benavides s Hondou klesl mimo medailov\u00e9 p\u0159\u00ed\u010dky.\" \/>\n<meta name=\"robots\" content=\"index, follow, max-snippet:-1, max-image-preview:large, max-video-preview:-1\" \/>\n<link rel=\"canonical\" href=\"https:\/\/www.dakarmania.cz\/index.php\/2019\/07\/10\/silk-way-maratonska-etapa-micha-poradim-na-cele\/\" \/>\n<meta property=\"og:locale\" content=\"cs_CZ\" \/>\n<meta property=\"og:type\" content=\"article\" \/>\n<meta property=\"og:title\" content=\"Silk Way: Maratonsk\u00e1 etapa m\u00edch\u00e1 po\u0159ad\u00edm na \u010dele - DAKARMANIA.cz\" \/>\n<meta property=\"og:description\" content=\"Nejdel\u0161\u00ed speci\u00e1lka Silk Way Rally 2019 p\u0159inesla v\u00fdrazn\u00e9 zm\u011bny na \u010dele kategorie motocyklist\u016f. Kevin Benavides s Hondou klesl mimo medailov\u00e9 p\u0159\u00ed\u010dky.\" \/>\n<meta property=\"og:url\" content=\"https:\/\/www.dakarmania.cz\/index.php\/2019\/07\/10\/silk-way-maratonska-etapa-micha-poradim-na-cele\/\" \/>\n<meta property=\"og:site_name\" content=\"DAKARMANIA.cz\" \/>\n<meta property=\"article:publisher\" content=\"https:\/\/www.facebook.com\/dakarmania\/\" \/>\n<meta property=\"article:published_time\" content=\"2019-07-10T07:22:11+00:00\" \/>\n<meta property=\"article:modified_time\" content=\"2019-10-29T22:50:53+00:00\" \/>\n<meta property=\"og:image\" content=\"https:\/\/www.dakarmania.cz\/wp-content\/uploads\/2019\/07\/19-swr-sunderland-05.jpg\" \/>\n\t<meta property=\"og:image:width\" content=\"1600\" \/>\n\t<meta property=\"og:image:height\" content=\"1066\" \/>\n\t<meta property=\"og:image:type\" content=\"image\/jpeg\" \/>\n<meta name=\"author\" content=\"Zden\u011bk Zelenka\" \/>\n<meta name=\"twitter:card\" content=\"summary_large_image\" \/>\n<meta name=\"twitter:label1\" content=\"Napsal(a)\" \/>\n\t<meta name=\"twitter:data1\" content=\"Zden\u011bk Zelenka\" \/>\n\t<meta name=\"twitter:label2\" content=\"Odhadovan\u00e1 doba \u010dten\u00ed\" \/>\n\t<meta name=\"twitter:data2\" content=\"7 minut\" \/>\n<script type=\"application\/ld+json\" class=\"yoast-schema-graph\">{\"@context\":\"https:\/\/schema.org\",\"@graph\":[{\"@type\":\"Article\",\"@id\":\"https:\/\/www.dakarmania.cz\/index.php\/2019\/07\/10\/silk-way-maratonska-etapa-micha-poradim-na-cele\/#article\",\"isPartOf\":{\"@id\":\"https:\/\/www.dakarmania.cz\/index.php\/2019\/07\/10\/silk-way-maratonska-etapa-micha-poradim-na-cele\/\"},\"author\":{\"name\":\"Zden\u011bk Zelenka\",\"@id\":\"https:\/\/www.dakarmania.cz\/#\/schema\/person\/04eb0e87a389631c2169c0dddae7ff1e\"},\"headline\":\"Silk Way: Maratonsk\u00e1 etapa m\u00edch\u00e1 po\u0159ad\u00edm na \u010dele\",\"datePublished\":\"2019-07-10T07:22:11+00:00\",\"dateModified\":\"2019-10-29T22:50:53+00:00\",\"mainEntityOfPage\":{\"@id\":\"https:\/\/www.dakarmania.cz\/index.php\/2019\/07\/10\/silk-way-maratonska-etapa-micha-poradim-na-cele\/\"},\"wordCount\":1315,\"commentCount\":0,\"publisher\":{\"@id\":\"https:\/\/www.dakarmania.cz\/#organization\"},\"image\":{\"@id\":\"https:\/\/www.dakarmania.cz\/index.php\/2019\/07\/10\/silk-way-maratonska-etapa-micha-poradim-na-cele\/#primaryimage\"},\"thumbnailUrl\":\"https:\/\/www.dakarmania.cz\/wp-content\/uploads\/2019\/07\/19-swr-sunderland-05.jpg\",\"keywords\":[\"2019\",\"Adrien Van Beveren\",\"Anastasija Nifontova\",\"Andrew Short\",\"Gabriela Novotn\u00e1\",\"Hero MotoSports\",\"Honda\",\"Honda Racing\",\"Honda Team\",\"Husqvarna\",\"Husqvarna Factory Racing\",\"Indigo Racing\",\"Joan Barreda\",\"Kevin Benavides\",\"KTM\",\"KTM Factory Racing\",\"Laia Sanz\",\"Luciano Benavides\",\"MS FIM CCR\",\"MS FIM CCR 2019\",\"Oriol Mena\",\"Paulo Gon\u00e7alves\",\"Sam Sunderland\",\"SWR\",\"SWR 2019\",\"Yamaha Racing\"],\"articleSection\":[\"FIM MS CCR\",\"Moto\/Quad\",\"Silk Way Rally\"],\"inLanguage\":\"cs\",\"potentialAction\":[{\"@type\":\"CommentAction\",\"name\":\"Comment\",\"target\":[\"https:\/\/www.dakarmania.cz\/index.php\/2019\/07\/10\/silk-way-maratonska-etapa-micha-poradim-na-cele\/#respond\"]}]},{\"@type\":\"WebPage\",\"@id\":\"https:\/\/www.dakarmania.cz\/index.php\/2019\/07\/10\/silk-way-maratonska-etapa-micha-poradim-na-cele\/\",\"url\":\"https:\/\/www.dakarmania.cz\/index.php\/2019\/07\/10\/silk-way-maratonska-etapa-micha-poradim-na-cele\/\",\"name\":\"Silk Way: Maratonsk\u00e1 etapa m\u00edch\u00e1 po\u0159ad\u00edm na \u010dele - DAKARMANIA.cz\",\"isPartOf\":{\"@id\":\"https:\/\/www.dakarmania.cz\/#website\"},\"primaryImageOfPage\":{\"@id\":\"https:\/\/www.dakarmania.cz\/index.php\/2019\/07\/10\/silk-way-maratonska-etapa-micha-poradim-na-cele\/#primaryimage\"},\"image\":{\"@id\":\"https:\/\/www.dakarmania.cz\/index.php\/2019\/07\/10\/silk-way-maratonska-etapa-micha-poradim-na-cele\/#primaryimage\"},\"thumbnailUrl\":\"https:\/\/www.dakarmania.cz\/wp-content\/uploads\/2019\/07\/19-swr-sunderland-05.jpg\",\"datePublished\":\"2019-07-10T07:22:11+00:00\",\"dateModified\":\"2019-10-29T22:50:53+00:00\",\"description\":\"Nejdel\u0161\u00ed speci\u00e1lka Silk Way Rally 2019 p\u0159inesla v\u00fdrazn\u00e9 zm\u011bny na \u010dele kategorie motocyklist\u016f. Kevin Benavides s Hondou klesl mimo medailov\u00e9 p\u0159\u00ed\u010dky.\",\"breadcrumb\":{\"@id\":\"https:\/\/www.dakarmania.cz\/index.php\/2019\/07\/10\/silk-way-maratonska-etapa-micha-poradim-na-cele\/#breadcrumb\"},\"inLanguage\":\"cs\",\"potentialAction\":[{\"@type\":\"ReadAction\",\"target\":[\"https:\/\/www.dakarmania.cz\/index.php\/2019\/07\/10\/silk-way-maratonska-etapa-micha-poradim-na-cele\/\"]}]},{\"@type\":\"ImageObject\",\"inLanguage\":\"cs\",\"@id\":\"https:\/\/www.dakarmania.cz\/index.php\/2019\/07\/10\/silk-way-maratonska-etapa-micha-poradim-na-cele\/#primaryimage\",\"url\":\"https:\/\/www.dakarmania.cz\/wp-content\/uploads\/2019\/07\/19-swr-sunderland-05.jpg\",\"contentUrl\":\"https:\/\/www.dakarmania.cz\/wp-content\/uploads\/2019\/07\/19-swr-sunderland-05.jpg\",\"width\":1600,\"height\":1066,\"caption\":\"Sam Sunderland, KTM 450 Rally, KTM Factory Racing. Silk Way Rally 2019. \u00a9 Red Bull Content Pool\"},{\"@type\":\"BreadcrumbList\",\"@id\":\"https:\/\/www.dakarmania.cz\/index.php\/2019\/07\/10\/silk-way-maratonska-etapa-micha-poradim-na-cele\/#breadcrumb\",\"itemListElement\":[{\"@type\":\"ListItem\",\"position\":1,\"name\":\"Dom\u016f\",\"item\":\"https:\/\/www.dakarmania.cz\/\"},{\"@type\":\"ListItem\",\"position\":2,\"name\":\"Silk Way: Maratonsk\u00e1 etapa m\u00edch\u00e1 po\u0159ad\u00edm na \u010dele\"}]},{\"@type\":\"WebSite\",\"@id\":\"https:\/\/www.dakarmania.cz\/#website\",\"url\":\"https:\/\/www.dakarmania.cz\/\",\"name\":\"DAKARMANIA.cz\",\"description\":\"\u017dijeme Dakarem cel\u00fd rok\",\"publisher\":{\"@id\":\"https:\/\/www.dakarmania.cz\/#organization\"},\"potentialAction\":[{\"@type\":\"SearchAction\",\"target\":{\"@type\":\"EntryPoint\",\"urlTemplate\":\"https:\/\/www.dakarmania.cz\/?s={search_term_string}\"},\"query-input\":{\"@type\":\"PropertyValueSpecification\",\"valueRequired\":true,\"valueName\":\"search_term_string\"}}],\"inLanguage\":\"cs\"},{\"@type\":\"Organization\",\"@id\":\"https:\/\/www.dakarmania.cz\/#organization\",\"name\":\"DAKAR MANIA\",\"url\":\"https:\/\/www.dakarmania.cz\/\",\"logo\":{\"@type\":\"ImageObject\",\"inLanguage\":\"cs\",\"@id\":\"https:\/\/www.dakarmania.cz\/#\/schema\/logo\/image\/\",\"url\":\"https:\/\/www.dakarmania.cz\/wp-content\/uploads\/2018\/12\/Dakar-Mania-Logo-Square-Orange.png\",\"contentUrl\":\"https:\/\/www.dakarmania.cz\/wp-content\/uploads\/2018\/12\/Dakar-Mania-Logo-Square-Orange.png\",\"width\":992,\"height\":992,\"caption\":\"DAKAR MANIA\"},\"image\":{\"@id\":\"https:\/\/www.dakarmania.cz\/#\/schema\/logo\/image\/\"},\"sameAs\":[\"https:\/\/www.facebook.com\/dakarmania\/\"]},{\"@type\":\"Person\",\"@id\":\"https:\/\/www.dakarmania.cz\/#\/schema\/person\/04eb0e87a389631c2169c0dddae7ff1e\",\"name\":\"Zden\u011bk Zelenka\",\"image\":{\"@type\":\"ImageObject\",\"inLanguage\":\"cs\",\"@id\":\"https:\/\/www.dakarmania.cz\/#\/schema\/person\/image\/\",\"url\":\"https:\/\/secure.gravatar.com\/avatar\/2c80d5a4942fe0900b73cc7d3837a509d6ee0a276a2b76dac95c92bd0763a89b?s=96&d=mm&r=g\",\"contentUrl\":\"https:\/\/secure.gravatar.com\/avatar\/2c80d5a4942fe0900b73cc7d3837a509d6ee0a276a2b76dac95c92bd0763a89b?s=96&d=mm&r=g\",\"caption\":\"Zden\u011bk Zelenka\"},\"description\":\"Moji d\u011bt\u0161t\u00ed hrdinov\u00e9 se jmenovali Loprais, Moskal, Neveu, Vatanen, Rahier... A tihle borci, jejich n\u00e1sledovn\u00edci a jejich p\u0159\u00edb\u011bhy m\u011b nep\u0159estali fascinovat ani po letech, kdy jsem vyrostl a zam\u011bstn\u00e1valy m\u011b jin\u00e9 discipl\u00edny motorsportu. Proto se zrodila DAKARMANIA.\",\"url\":\"https:\/\/www.dakarmania.cz\/index.php\/author\/dakarmania\/\"}]}<\/script>\n<!-- \/ Yoast SEO plugin. -->","yoast_head_json":{"title":"Silk Way: Maratonsk\u00e1 etapa m\u00edch\u00e1 po\u0159ad\u00edm na \u010dele - DAKARMANIA.cz","description":"Nejdel\u0161\u00ed speci\u00e1lka Silk Way Rally 2019 p\u0159inesla v\u00fdrazn\u00e9 zm\u011bny na \u010dele kategorie motocyklist\u016f. Kevin Benavides s Hondou klesl mimo medailov\u00e9 p\u0159\u00ed\u010dky.","robots":{"index":"index","follow":"follow","max-snippet":"max-snippet:-1","max-image-preview":"max-image-preview:large","max-video-preview":"max-video-preview:-1"},"canonical":"https:\/\/www.dakarmania.cz\/index.php\/2019\/07\/10\/silk-way-maratonska-etapa-micha-poradim-na-cele\/","og_locale":"cs_CZ","og_type":"article","og_title":"Silk Way: Maratonsk\u00e1 etapa m\u00edch\u00e1 po\u0159ad\u00edm na \u010dele - DAKARMANIA.cz","og_description":"Nejdel\u0161\u00ed speci\u00e1lka Silk Way Rally 2019 p\u0159inesla v\u00fdrazn\u00e9 zm\u011bny na \u010dele kategorie motocyklist\u016f. Kevin Benavides s Hondou klesl mimo medailov\u00e9 p\u0159\u00ed\u010dky.","og_url":"https:\/\/www.dakarmania.cz\/index.php\/2019\/07\/10\/silk-way-maratonska-etapa-micha-poradim-na-cele\/","og_site_name":"DAKARMANIA.cz","article_publisher":"https:\/\/www.facebook.com\/dakarmania\/","article_published_time":"2019-07-10T07:22:11+00:00","article_modified_time":"2019-10-29T22:50:53+00:00","og_image":[{"width":1600,"height":1066,"url":"https:\/\/www.dakarmania.cz\/wp-content\/uploads\/2019\/07\/19-swr-sunderland-05.jpg","type":"image\/jpeg"}],"author":"Zden\u011bk Zelenka","twitter_card":"summary_large_image","twitter_misc":{"Napsal(a)":"Zden\u011bk Zelenka","Odhadovan\u00e1 doba \u010dten\u00ed":"7 minut"},"schema":{"@context":"https:\/\/schema.org","@graph":[{"@type":"Article","@id":"https:\/\/www.dakarmania.cz\/index.php\/2019\/07\/10\/silk-way-maratonska-etapa-micha-poradim-na-cele\/#article","isPartOf":{"@id":"https:\/\/www.dakarmania.cz\/index.php\/2019\/07\/10\/silk-way-maratonska-etapa-micha-poradim-na-cele\/"},"author":{"name":"Zden\u011bk Zelenka","@id":"https:\/\/www.dakarmania.cz\/#\/schema\/person\/04eb0e87a389631c2169c0dddae7ff1e"},"headline":"Silk Way: Maratonsk\u00e1 etapa m\u00edch\u00e1 po\u0159ad\u00edm na \u010dele","datePublished":"2019-07-10T07:22:11+00:00","dateModified":"2019-10-29T22:50:53+00:00","mainEntityOfPage":{"@id":"https:\/\/www.dakarmania.cz\/index.php\/2019\/07\/10\/silk-way-maratonska-etapa-micha-poradim-na-cele\/"},"wordCount":1315,"commentCount":0,"publisher":{"@id":"https:\/\/www.dakarmania.cz\/#organization"},"image":{"@id":"https:\/\/www.dakarmania.cz\/index.php\/2019\/07\/10\/silk-way-maratonska-etapa-micha-poradim-na-cele\/#primaryimage"},"thumbnailUrl":"https:\/\/www.dakarmania.cz\/wp-content\/uploads\/2019\/07\/19-swr-sunderland-05.jpg","keywords":["2019","Adrien Van Beveren","Anastasija Nifontova","Andrew Short","Gabriela Novotn\u00e1","Hero MotoSports","Honda","Honda Racing","Honda Team","Husqvarna","Husqvarna Factory Racing","Indigo Racing","Joan Barreda","Kevin Benavides","KTM","KTM Factory Racing","Laia Sanz","Luciano Benavides","MS FIM CCR","MS FIM CCR 2019","Oriol Mena","Paulo Gon\u00e7alves","Sam Sunderland","SWR","SWR 2019","Yamaha Racing"],"articleSection":["FIM MS CCR","Moto\/Quad","Silk Way Rally"],"inLanguage":"cs","potentialAction":[{"@type":"CommentAction","name":"Comment","target":["https:\/\/www.dakarmania.cz\/index.php\/2019\/07\/10\/silk-way-maratonska-etapa-micha-poradim-na-cele\/#respond"]}]},{"@type":"WebPage","@id":"https:\/\/www.dakarmania.cz\/index.php\/2019\/07\/10\/silk-way-maratonska-etapa-micha-poradim-na-cele\/","url":"https:\/\/www.dakarmania.cz\/index.php\/2019\/07\/10\/silk-way-maratonska-etapa-micha-poradim-na-cele\/","name":"Silk Way: Maratonsk\u00e1 etapa m\u00edch\u00e1 po\u0159ad\u00edm na \u010dele - DAKARMANIA.cz","isPartOf":{"@id":"https:\/\/www.dakarmania.cz\/#website"},"primaryImageOfPage":{"@id":"https:\/\/www.dakarmania.cz\/index.php\/2019\/07\/10\/silk-way-maratonska-etapa-micha-poradim-na-cele\/#primaryimage"},"image":{"@id":"https:\/\/www.dakarmania.cz\/index.php\/2019\/07\/10\/silk-way-maratonska-etapa-micha-poradim-na-cele\/#primaryimage"},"thumbnailUrl":"https:\/\/www.dakarmania.cz\/wp-content\/uploads\/2019\/07\/19-swr-sunderland-05.jpg","datePublished":"2019-07-10T07:22:11+00:00","dateModified":"2019-10-29T22:50:53+00:00","description":"Nejdel\u0161\u00ed speci\u00e1lka Silk Way Rally 2019 p\u0159inesla v\u00fdrazn\u00e9 zm\u011bny na \u010dele kategorie motocyklist\u016f. Kevin Benavides s Hondou klesl mimo medailov\u00e9 p\u0159\u00ed\u010dky.","breadcrumb":{"@id":"https:\/\/www.dakarmania.cz\/index.php\/2019\/07\/10\/silk-way-maratonska-etapa-micha-poradim-na-cele\/#breadcrumb"},"inLanguage":"cs","potentialAction":[{"@type":"ReadAction","target":["https:\/\/www.dakarmania.cz\/index.php\/2019\/07\/10\/silk-way-maratonska-etapa-micha-poradim-na-cele\/"]}]},{"@type":"ImageObject","inLanguage":"cs","@id":"https:\/\/www.dakarmania.cz\/index.php\/2019\/07\/10\/silk-way-maratonska-etapa-micha-poradim-na-cele\/#primaryimage","url":"https:\/\/www.dakarmania.cz\/wp-content\/uploads\/2019\/07\/19-swr-sunderland-05.jpg","contentUrl":"https:\/\/www.dakarmania.cz\/wp-content\/uploads\/2019\/07\/19-swr-sunderland-05.jpg","width":1600,"height":1066,"caption":"Sam Sunderland, KTM 450 Rally, KTM Factory Racing. Silk Way Rally 2019. \u00a9 Red Bull Content Pool"},{"@type":"BreadcrumbList","@id":"https:\/\/www.dakarmania.cz\/index.php\/2019\/07\/10\/silk-way-maratonska-etapa-micha-poradim-na-cele\/#breadcrumb","itemListElement":[{"@type":"ListItem","position":1,"name":"Dom\u016f","item":"https:\/\/www.dakarmania.cz\/"},{"@type":"ListItem","position":2,"name":"Silk Way: Maratonsk\u00e1 etapa m\u00edch\u00e1 po\u0159ad\u00edm na \u010dele"}]},{"@type":"WebSite","@id":"https:\/\/www.dakarmania.cz\/#website","url":"https:\/\/www.dakarmania.cz\/","name":"DAKARMANIA.cz","description":"\u017dijeme Dakarem cel\u00fd rok","publisher":{"@id":"https:\/\/www.dakarmania.cz\/#organization"},"potentialAction":[{"@type":"SearchAction","target":{"@type":"EntryPoint","urlTemplate":"https:\/\/www.dakarmania.cz\/?s={search_term_string}"},"query-input":{"@type":"PropertyValueSpecification","valueRequired":true,"valueName":"search_term_string"}}],"inLanguage":"cs"},{"@type":"Organization","@id":"https:\/\/www.dakarmania.cz\/#organization","name":"DAKAR MANIA","url":"https:\/\/www.dakarmania.cz\/","logo":{"@type":"ImageObject","inLanguage":"cs","@id":"https:\/\/www.dakarmania.cz\/#\/schema\/logo\/image\/","url":"https:\/\/www.dakarmania.cz\/wp-content\/uploads\/2018\/12\/Dakar-Mania-Logo-Square-Orange.png","contentUrl":"https:\/\/www.dakarmania.cz\/wp-content\/uploads\/2018\/12\/Dakar-Mania-Logo-Square-Orange.png","width":992,"height":992,"caption":"DAKAR MANIA"},"image":{"@id":"https:\/\/www.dakarmania.cz\/#\/schema\/logo\/image\/"},"sameAs":["https:\/\/www.facebook.com\/dakarmania\/"]},{"@type":"Person","@id":"https:\/\/www.dakarmania.cz\/#\/schema\/person\/04eb0e87a389631c2169c0dddae7ff1e","name":"Zden\u011bk Zelenka","image":{"@type":"ImageObject","inLanguage":"cs","@id":"https:\/\/www.dakarmania.cz\/#\/schema\/person\/image\/","url":"https:\/\/secure.gravatar.com\/avatar\/2c80d5a4942fe0900b73cc7d3837a509d6ee0a276a2b76dac95c92bd0763a89b?s=96&d=mm&r=g","contentUrl":"https:\/\/secure.gravatar.com\/avatar\/2c80d5a4942fe0900b73cc7d3837a509d6ee0a276a2b76dac95c92bd0763a89b?s=96&d=mm&r=g","caption":"Zden\u011bk Zelenka"},"description":"Moji d\u011bt\u0161t\u00ed hrdinov\u00e9 se jmenovali Loprais, Moskal, Neveu, Vatanen, Rahier... A tihle borci, jejich n\u00e1sledovn\u00edci a jejich p\u0159\u00edb\u011bhy m\u011b nep\u0159estali fascinovat ani po letech, kdy jsem vyrostl a zam\u011bstn\u00e1valy m\u011b jin\u00e9 discipl\u00edny motorsportu. Proto se zrodila DAKARMANIA.","url":"https:\/\/www.dakarmania.cz\/index.php\/author\/dakarmania\/"}]}},"amp_enabled":true,"_links":{"self":[{"href":"https:\/\/www.dakarmania.cz\/index.php\/wp-json\/wp\/v2\/posts\/8503","targetHints":{"allow":["GET"]}}],"collection":[{"href":"https:\/\/www.dakarmania.cz\/index.php\/wp-json\/wp\/v2\/posts"}],"about":[{"href":"https:\/\/www.dakarmania.cz\/index.php\/wp-json\/wp\/v2\/types\/post"}],"author":[{"embeddable":true,"href":"https:\/\/www.dakarmania.cz\/index.php\/wp-json\/wp\/v2\/users\/1"}],"replies":[{"embeddable":true,"href":"https:\/\/www.dakarmania.cz\/index.php\/wp-json\/wp\/v2\/comments?post=8503"}],"version-history":[{"count":16,"href":"https:\/\/www.dakarmania.cz\/index.php\/wp-json\/wp\/v2\/posts\/8503\/revisions"}],"predecessor-version":[{"id":12933,"href":"https:\/\/www.dakarmania.cz\/index.php\/wp-json\/wp\/v2\/posts\/8503\/revisions\/12933"}],"wp:featuredmedia":[{"embeddable":true,"href":"https:\/\/www.dakarmania.cz\/index.php\/wp-json\/wp\/v2\/media\/8502"}],"wp:attachment":[{"href":"https:\/\/www.dakarmania.cz\/index.php\/wp-json\/wp\/v2\/media?parent=8503"}],"wp:term":[{"taxonomy":"category","embeddable":true,"href":"https:\/\/www.dakarmania.cz\/index.php\/wp-json\/wp\/v2\/categories?post=8503"},{"taxonomy":"post_tag","embeddable":true,"href":"https:\/\/www.dakarmania.cz\/index.php\/wp-json\/wp\/v2\/tags?post=8503"}],"curies":[{"name":"wp","href":"https:\/\/api.w.org\/{rel}","templated":true}]}}