{"id":8574,"date":"2019-07-10T23:36:03","date_gmt":"2019-07-10T21:36:03","guid":{"rendered":"https:\/\/www.dakarmania.cz\/?p=8574"},"modified":"2023-07-15T08:24:03","modified_gmt":"2023-07-15T06:24:03","slug":"novotna-400-km-se-zlomenou-panvi","status":"publish","type":"post","link":"https:\/\/www.dakarmania.cz\/index.php\/2019\/07\/10\/novotna-400-km-se-zlomenou-panvi\/","title":{"rendered":"Bojovnice Novotn\u00e1 ujela 400 km se zlomenou p\u00e1nv\u00ed a nohou"},"content":{"rendered":"<p>[vc_row][vc_column][vc_column_text]<\/p>\n<h4>Gabriela Novotn\u00e1 znovu uk\u00e1zala, s jak velkou v\u016fl\u00ed, odhodl\u00e1n\u00edm, nasazen\u00edm i sebezap\u0159en\u00edm p\u0159istupuje k z\u00e1vod\u011bn\u00ed. P\u0159esto jej\u00ed pou\u0165 leto\u0161n\u00edm ro\u010dn\u00edkem Silk Way Rally kon\u010d\u00ed p\u0159ed\u010dasn\u011b. 30let\u00e9 z\u00e1vodnici vystavily stopku zlomeniny nohy a p\u00e1nve.<\/h4>\n<p>\u010cesk\u00e1 motocyklistka utrp\u011bla zran\u011bn\u00ed p\u0159i p\u00e1du v pr\u016fb\u011bhu \u010dtvrt\u00e9 etapy. Podle informac\u00ed zve\u0159ejn\u011bn\u00fdch na facebookov\u00e9m profilu <a href=\"\/index.php\/osobnosti\/gabriela-novotna\/\">Gabriely Novotn\u00e9<\/a> bylo p\u0159\u00ed\u010dinou rozpleten\u00ed ned\u00e1vno nov\u011b vypleten\u00e9ho r\u00e1fku kola jej\u00ed Husqvarny.<\/p>\n<p>K nehod\u011b do\u0161lo v nejdel\u0161\u00ed rychlostn\u00ed zkou\u0161ce leto\u0161n\u00edho ro\u010dn\u00edku <a href=\"\/index.php\/souteze\/swr-2019\/\">Silk Way Rally<\/a>, kter\u00e1 m\u011b\u0159ila 470 kilometr\u016f a byla extr\u00e9mn\u011b rychl\u00e1. \u0160pi\u010dkov\u00ed jezdci tov\u00e1rn\u00edch t\u00fdm\u016f v jej\u00edm pr\u016fb\u011bhu nez\u0159\u00eddka dosahovali rychlost\u00ed mezi 160 a 170 km\/h. Motocyklist\u00e9 nav\u00edc st\u0159ede\u010dn\u00ed speci\u00e1lku absolvovali jako prvn\u00ed \u010d\u00e1st dvoudenn\u00ed maratonsk\u00e9 etapy.[\/vc_column_text][vc_column_text css=&#8221;.vc_custom_1562944391858{padding-top: 10px !important;padding-right: 10px !important;padding-bottom: 20px !important;padding-left: 10px !important;background-color: #d8d8d8 !important;}&#8221;]<strong>V\u00edce k t\u00e9matu:<\/strong><\/p>\n<p style=\"padding-left: 40px;\"><a href=\"\/index.php\/2019\/07\/12\/novotna-od-zranene-nifontove-se-mi-nechtelo\/\">Gabriela Novotn\u00e1: Odj\u00ed\u017ed\u011bt od zran\u011bn\u00e9 Nifontov\u00e9 se mi necht\u011blo<\/a><br \/>\n<a href=\"\/index.php\/2019\/07\/12\/anastasija-nifontova-novotnou-jsem-varovala\/\">Anastasija Nifontova: Novotnou jsem varovala, jej\u00ed kolo nebylo vyv\u00e1\u017een\u00e9<\/a><\/p>\n<p>[\/vc_column_text][vc_column_text]Chomutovsk\u00e1 roda\u010dka navzdory bolestem pokra\u010dovala, ujela dal\u0161\u00edch 400 kilometr\u016f a cestou je\u0161t\u011b pom\u00e1hala sv\u00e9 soupe\u0159ce Anastasiji Nifontov\u00e9, kterou na\u0161la po p\u00e1du v bezv\u011bdom\u00ed.<\/p>\n<p>Dala tak vzpomenout na Dakar 2018, p\u0159i kter\u00e9m doj\u00ed\u017ed\u011bla posledn\u00edch devades\u00e1t kilometr\u016f des\u00e1t\u00e9 etapy se zlomenou kl\u00ed\u010dn\u00ed kost\u00ed. P\u0159esto cht\u011bla pokra\u010dovat. Rozhodnut\u00ed organiz\u00e1tor\u016f, kte\u0159\u00ed ji na z\u00e1klad\u011b v\u00fdsledk\u016f l\u00e9ka\u0159sk\u00e9ho vy\u0161et\u0159en\u00ed d\u00e1l u\u017e nepustili, znamenalo obrovsk\u00e9 zklam\u00e1n\u00ed.<\/p>\n<p>Ve st\u0159edu svou schopnost odol\u00e1vat bolesti posunula do jin\u00e9 dimenze. Nejen, \u017ee se zran\u011bn\u00edm absolvovala v\u00edce ne\u017e \u010dty\u0159n\u00e1sobnou vzd\u00e1lenost ne\u017e p\u0159ed rokem a p\u016fl v Ji\u017en\u00ed Americe, ale ani po dojezdu do bivaku nezam\u00ed\u0159ila k l\u00e9ka\u0159\u016fm.[\/vc_column_text][vc_single_image image=&#8221;8573&#8243; img_size=&#8221;large&#8221; add_caption=&#8221;yes&#8221; alignment=&#8221;center&#8221;][vc_column_text]Podle pravidel pro maratonskou etapu vjela do uzav\u0159en\u00e9 z\u00f3ny, kde mohou na \u00fadr\u017eb\u011b a p\u0159\u00edpadn\u00fdch oprav\u00e1ch z\u00e1vodn\u00ed techniky pracovat pouze samotn\u00ed jezdci bez asistence jak\u00fdchkoliv dal\u0161\u00edch \u010dlen\u016f t\u00fdmu. Gabriela se oprav\u011b motorky v\u011bnovala dal\u0161\u00ed hodinu.<\/p>\n<p>Teprve pot\u00e9 ji mana\u017eer Ale\u0161 Bud\u00edn a mechanik Luk\u00e1\u0161 Pokorn\u00fd dostali na rentgen. A\u017e tam se dozv\u011bd\u011bla, kter\u00e9 kosti dopoledn\u00ed p\u00e1d nevydr\u017eely.<\/p>\n<p>Gabriela Novotn\u00e1 musela ze Silk Way Rally 2019 odstoupit z 19. pozice v kategorii motocykl\u016f a ze druh\u00e9ho m\u00edsta v hodnocen\u00ed \u017een. Ve \u010dtvrtek 11. \u010dervence se spole\u010dn\u011b s dal\u0161\u00edmi dv\u011bma \u010dleny t\u00fdmu Indigo Racing vrac\u00ed do \u010cesk\u00e9 republiky.<\/p>\n<p>Otazn\u00edk tak nyn\u00ed vis\u00ed nad Gabrielinou \u00fa\u010dast\u00ed na <a href=\"\/index.php\/souteze\/dakar-2020\/\">Rally Dakar 2020<\/a>, do jej\u00edho\u017e startu v sa\u00fadskoarabsk\u00e9 D\u017eidd\u011b zb\u00fdv\u00e1 m\u00e9n\u011b ne\u017e p\u016fl roku.[\/vc_column_text][\/vc_column][\/vc_row]<\/p>\n","protected":false},"excerpt":{"rendered":"<p>Gabriela Novotn\u00e1 znovu uk\u00e1zala, s jak velkou v\u016fl\u00ed i sebezap\u0159en\u00edm p\u0159istupuje k z\u00e1vod\u011bn\u00ed. P\u0159esto jej\u00ed pou\u0165 leto\u0161n\u00edm ro\u010dn\u00edkem Silk Way Rally kon\u010d\u00ed p\u0159ed\u010dasn\u011b.<\/p>\n","protected":false},"author":1,"featured_media":8572,"comment_status":"closed","ping_status":"closed","sticky":false,"template":"","format":"standard","meta":{"footnotes":""},"categories":[154,15,146],"tags":[425,58,64,118,1247,1248],"class_list":["post-8574","post","type-post","status-publish","format-standard","has-post-thumbnail","hentry","category-fim-ccr","category-moto-quad","category-silk-way-rally","tag-425","tag-gabriela-novotna","tag-husqvarna","tag-indigo-racing","tag-swr","tag-swr-2019"],"yoast_head":"<!-- This site is optimized with the Yoast SEO plugin v24.9 - https:\/\/yoast.com\/wordpress\/plugins\/seo\/ -->\n<title>Bojovnice Novotn\u00e1 ujela 400 km se zlomenou p\u00e1nv\u00ed a nohou - DAKARMANIA.cz<\/title>\n<meta name=\"description\" content=\"Gabriela Novotn\u00e1 znovu uk\u00e1zala, s jak velkou v\u016fl\u00ed i sebezap\u0159en\u00edm p\u0159istupuje k z\u00e1vod\u011bn\u00ed. P\u0159esto jej\u00ed pou\u0165 leto\u0161n\u00edm ro\u010dn\u00edkem Silk Way Rally kon\u010d\u00ed p\u0159ed\u010dasn\u011b.\" \/>\n<meta name=\"robots\" content=\"index, follow, max-snippet:-1, max-image-preview:large, max-video-preview:-1\" \/>\n<link rel=\"canonical\" href=\"https:\/\/www.dakarmania.cz\/index.php\/2019\/07\/10\/novotna-400-km-se-zlomenou-panvi\/\" \/>\n<meta property=\"og:locale\" content=\"cs_CZ\" \/>\n<meta property=\"og:type\" content=\"article\" \/>\n<meta property=\"og:title\" content=\"Bojovnice Novotn\u00e1 ujela 400 km se zlomenou p\u00e1nv\u00ed a nohou - DAKARMANIA.cz\" \/>\n<meta property=\"og:description\" content=\"Gabriela Novotn\u00e1 znovu uk\u00e1zala, s jak velkou v\u016fl\u00ed i sebezap\u0159en\u00edm p\u0159istupuje k z\u00e1vod\u011bn\u00ed. P\u0159esto jej\u00ed pou\u0165 leto\u0161n\u00edm ro\u010dn\u00edkem Silk Way Rally kon\u010d\u00ed p\u0159ed\u010dasn\u011b.\" \/>\n<meta property=\"og:url\" content=\"https:\/\/www.dakarmania.cz\/index.php\/2019\/07\/10\/novotna-400-km-se-zlomenou-panvi\/\" \/>\n<meta property=\"og:site_name\" content=\"DAKARMANIA.cz\" \/>\n<meta property=\"article:publisher\" content=\"https:\/\/www.facebook.com\/dakarmania\/\" \/>\n<meta property=\"article:published_time\" content=\"2019-07-10T21:36:03+00:00\" \/>\n<meta property=\"article:modified_time\" content=\"2023-07-15T06:24:03+00:00\" \/>\n<meta property=\"og:image\" content=\"https:\/\/www.dakarmania.cz\/wp-content\/uploads\/2019\/07\/19-swr-novotna-01-1.jpg\" \/>\n\t<meta property=\"og:image:width\" content=\"960\" \/>\n\t<meta property=\"og:image:height\" content=\"638\" \/>\n\t<meta property=\"og:image:type\" content=\"image\/jpeg\" \/>\n<meta name=\"author\" content=\"Zden\u011bk Zelenka\" \/>\n<meta name=\"twitter:card\" content=\"summary_large_image\" \/>\n<meta name=\"twitter:label1\" content=\"Napsal(a)\" \/>\n\t<meta name=\"twitter:data1\" content=\"Zden\u011bk Zelenka\" \/>\n\t<meta name=\"twitter:label2\" content=\"Odhadovan\u00e1 doba \u010dten\u00ed\" \/>\n\t<meta name=\"twitter:data2\" content=\"2 minuty\" \/>\n<script type=\"application\/ld+json\" class=\"yoast-schema-graph\">{\"@context\":\"https:\/\/schema.org\",\"@graph\":[{\"@type\":\"Article\",\"@id\":\"https:\/\/www.dakarmania.cz\/index.php\/2019\/07\/10\/novotna-400-km-se-zlomenou-panvi\/#article\",\"isPartOf\":{\"@id\":\"https:\/\/www.dakarmania.cz\/index.php\/2019\/07\/10\/novotna-400-km-se-zlomenou-panvi\/\"},\"author\":{\"name\":\"Zden\u011bk Zelenka\",\"@id\":\"https:\/\/www.dakarmania.cz\/#\/schema\/person\/04eb0e87a389631c2169c0dddae7ff1e\"},\"headline\":\"Bojovnice Novotn\u00e1 ujela 400 km se zlomenou p\u00e1nv\u00ed a nohou\",\"datePublished\":\"2019-07-10T21:36:03+00:00\",\"dateModified\":\"2023-07-15T06:24:03+00:00\",\"mainEntityOfPage\":{\"@id\":\"https:\/\/www.dakarmania.cz\/index.php\/2019\/07\/10\/novotna-400-km-se-zlomenou-panvi\/\"},\"wordCount\":541,\"publisher\":{\"@id\":\"https:\/\/www.dakarmania.cz\/#organization\"},\"image\":{\"@id\":\"https:\/\/www.dakarmania.cz\/index.php\/2019\/07\/10\/novotna-400-km-se-zlomenou-panvi\/#primaryimage\"},\"thumbnailUrl\":\"https:\/\/www.dakarmania.cz\/wp-content\/uploads\/2019\/07\/19-swr-novotna-01-1.jpg\",\"keywords\":[\"2019\",\"Gabriela Novotn\u00e1\",\"Husqvarna\",\"Indigo Racing\",\"SWR\",\"SWR 2019\"],\"articleSection\":[\"FIM MS CCR\",\"Moto\/Quad\",\"Silk Way Rally\"],\"inLanguage\":\"cs\"},{\"@type\":\"WebPage\",\"@id\":\"https:\/\/www.dakarmania.cz\/index.php\/2019\/07\/10\/novotna-400-km-se-zlomenou-panvi\/\",\"url\":\"https:\/\/www.dakarmania.cz\/index.php\/2019\/07\/10\/novotna-400-km-se-zlomenou-panvi\/\",\"name\":\"Bojovnice Novotn\u00e1 ujela 400 km se zlomenou p\u00e1nv\u00ed a nohou - DAKARMANIA.cz\",\"isPartOf\":{\"@id\":\"https:\/\/www.dakarmania.cz\/#website\"},\"primaryImageOfPage\":{\"@id\":\"https:\/\/www.dakarmania.cz\/index.php\/2019\/07\/10\/novotna-400-km-se-zlomenou-panvi\/#primaryimage\"},\"image\":{\"@id\":\"https:\/\/www.dakarmania.cz\/index.php\/2019\/07\/10\/novotna-400-km-se-zlomenou-panvi\/#primaryimage\"},\"thumbnailUrl\":\"https:\/\/www.dakarmania.cz\/wp-content\/uploads\/2019\/07\/19-swr-novotna-01-1.jpg\",\"datePublished\":\"2019-07-10T21:36:03+00:00\",\"dateModified\":\"2023-07-15T06:24:03+00:00\",\"description\":\"Gabriela Novotn\u00e1 znovu uk\u00e1zala, s jak velkou v\u016fl\u00ed i sebezap\u0159en\u00edm p\u0159istupuje k z\u00e1vod\u011bn\u00ed. P\u0159esto jej\u00ed pou\u0165 leto\u0161n\u00edm ro\u010dn\u00edkem Silk Way Rally kon\u010d\u00ed p\u0159ed\u010dasn\u011b.\",\"breadcrumb\":{\"@id\":\"https:\/\/www.dakarmania.cz\/index.php\/2019\/07\/10\/novotna-400-km-se-zlomenou-panvi\/#breadcrumb\"},\"inLanguage\":\"cs\",\"potentialAction\":[{\"@type\":\"ReadAction\",\"target\":[\"https:\/\/www.dakarmania.cz\/index.php\/2019\/07\/10\/novotna-400-km-se-zlomenou-panvi\/\"]}]},{\"@type\":\"ImageObject\",\"inLanguage\":\"cs\",\"@id\":\"https:\/\/www.dakarmania.cz\/index.php\/2019\/07\/10\/novotna-400-km-se-zlomenou-panvi\/#primaryimage\",\"url\":\"https:\/\/www.dakarmania.cz\/wp-content\/uploads\/2019\/07\/19-swr-novotna-01-1.jpg\",\"contentUrl\":\"https:\/\/www.dakarmania.cz\/wp-content\/uploads\/2019\/07\/19-swr-novotna-01-1.jpg\",\"width\":960,\"height\":638,\"caption\":\"Gabriela Novotn\u00e1, Husqvarna FE 450, Indigo Racing. Silk Way Rally 2019. \u00a9 Indigo Racing\"},{\"@type\":\"BreadcrumbList\",\"@id\":\"https:\/\/www.dakarmania.cz\/index.php\/2019\/07\/10\/novotna-400-km-se-zlomenou-panvi\/#breadcrumb\",\"itemListElement\":[{\"@type\":\"ListItem\",\"position\":1,\"name\":\"Dom\u016f\",\"item\":\"https:\/\/www.dakarmania.cz\/\"},{\"@type\":\"ListItem\",\"position\":2,\"name\":\"Bojovnice Novotn\u00e1 ujela 400 km se zlomenou p\u00e1nv\u00ed a nohou\"}]},{\"@type\":\"WebSite\",\"@id\":\"https:\/\/www.dakarmania.cz\/#website\",\"url\":\"https:\/\/www.dakarmania.cz\/\",\"name\":\"DAKARMANIA.cz\",\"description\":\"\u017dijeme Dakarem cel\u00fd rok\",\"publisher\":{\"@id\":\"https:\/\/www.dakarmania.cz\/#organization\"},\"potentialAction\":[{\"@type\":\"SearchAction\",\"target\":{\"@type\":\"EntryPoint\",\"urlTemplate\":\"https:\/\/www.dakarmania.cz\/?s={search_term_string}\"},\"query-input\":{\"@type\":\"PropertyValueSpecification\",\"valueRequired\":true,\"valueName\":\"search_term_string\"}}],\"inLanguage\":\"cs\"},{\"@type\":\"Organization\",\"@id\":\"https:\/\/www.dakarmania.cz\/#organization\",\"name\":\"DAKAR MANIA\",\"url\":\"https:\/\/www.dakarmania.cz\/\",\"logo\":{\"@type\":\"ImageObject\",\"inLanguage\":\"cs\",\"@id\":\"https:\/\/www.dakarmania.cz\/#\/schema\/logo\/image\/\",\"url\":\"https:\/\/www.dakarmania.cz\/wp-content\/uploads\/2018\/12\/Dakar-Mania-Logo-Square-Orange.png\",\"contentUrl\":\"https:\/\/www.dakarmania.cz\/wp-content\/uploads\/2018\/12\/Dakar-Mania-Logo-Square-Orange.png\",\"width\":992,\"height\":992,\"caption\":\"DAKAR MANIA\"},\"image\":{\"@id\":\"https:\/\/www.dakarmania.cz\/#\/schema\/logo\/image\/\"},\"sameAs\":[\"https:\/\/www.facebook.com\/dakarmania\/\"]},{\"@type\":\"Person\",\"@id\":\"https:\/\/www.dakarmania.cz\/#\/schema\/person\/04eb0e87a389631c2169c0dddae7ff1e\",\"name\":\"Zden\u011bk Zelenka\",\"image\":{\"@type\":\"ImageObject\",\"inLanguage\":\"cs\",\"@id\":\"https:\/\/www.dakarmania.cz\/#\/schema\/person\/image\/\",\"url\":\"https:\/\/secure.gravatar.com\/avatar\/2c80d5a4942fe0900b73cc7d3837a509d6ee0a276a2b76dac95c92bd0763a89b?s=96&d=mm&r=g\",\"contentUrl\":\"https:\/\/secure.gravatar.com\/avatar\/2c80d5a4942fe0900b73cc7d3837a509d6ee0a276a2b76dac95c92bd0763a89b?s=96&d=mm&r=g\",\"caption\":\"Zden\u011bk Zelenka\"},\"description\":\"Moji d\u011bt\u0161t\u00ed hrdinov\u00e9 se jmenovali Loprais, Moskal, Neveu, Vatanen, Rahier... A tihle borci, jejich n\u00e1sledovn\u00edci a jejich p\u0159\u00edb\u011bhy m\u011b nep\u0159estali fascinovat ani po letech, kdy jsem vyrostl a zam\u011bstn\u00e1valy m\u011b jin\u00e9 discipl\u00edny motorsportu. Proto se zrodila DAKARMANIA.\",\"url\":\"https:\/\/www.dakarmania.cz\/index.php\/author\/dakarmania\/\"}]}<\/script>\n<!-- \/ Yoast SEO plugin. -->","yoast_head_json":{"title":"Bojovnice Novotn\u00e1 ujela 400 km se zlomenou p\u00e1nv\u00ed a nohou - DAKARMANIA.cz","description":"Gabriela Novotn\u00e1 znovu uk\u00e1zala, s jak velkou v\u016fl\u00ed i sebezap\u0159en\u00edm p\u0159istupuje k z\u00e1vod\u011bn\u00ed. P\u0159esto jej\u00ed pou\u0165 leto\u0161n\u00edm ro\u010dn\u00edkem Silk Way Rally kon\u010d\u00ed p\u0159ed\u010dasn\u011b.","robots":{"index":"index","follow":"follow","max-snippet":"max-snippet:-1","max-image-preview":"max-image-preview:large","max-video-preview":"max-video-preview:-1"},"canonical":"https:\/\/www.dakarmania.cz\/index.php\/2019\/07\/10\/novotna-400-km-se-zlomenou-panvi\/","og_locale":"cs_CZ","og_type":"article","og_title":"Bojovnice Novotn\u00e1 ujela 400 km se zlomenou p\u00e1nv\u00ed a nohou - DAKARMANIA.cz","og_description":"Gabriela Novotn\u00e1 znovu uk\u00e1zala, s jak velkou v\u016fl\u00ed i sebezap\u0159en\u00edm p\u0159istupuje k z\u00e1vod\u011bn\u00ed. P\u0159esto jej\u00ed pou\u0165 leto\u0161n\u00edm ro\u010dn\u00edkem Silk Way Rally kon\u010d\u00ed p\u0159ed\u010dasn\u011b.","og_url":"https:\/\/www.dakarmania.cz\/index.php\/2019\/07\/10\/novotna-400-km-se-zlomenou-panvi\/","og_site_name":"DAKARMANIA.cz","article_publisher":"https:\/\/www.facebook.com\/dakarmania\/","article_published_time":"2019-07-10T21:36:03+00:00","article_modified_time":"2023-07-15T06:24:03+00:00","og_image":[{"width":960,"height":638,"url":"https:\/\/www.dakarmania.cz\/wp-content\/uploads\/2019\/07\/19-swr-novotna-01-1.jpg","type":"image\/jpeg"}],"author":"Zden\u011bk Zelenka","twitter_card":"summary_large_image","twitter_misc":{"Napsal(a)":"Zden\u011bk Zelenka","Odhadovan\u00e1 doba \u010dten\u00ed":"2 minuty"},"schema":{"@context":"https:\/\/schema.org","@graph":[{"@type":"Article","@id":"https:\/\/www.dakarmania.cz\/index.php\/2019\/07\/10\/novotna-400-km-se-zlomenou-panvi\/#article","isPartOf":{"@id":"https:\/\/www.dakarmania.cz\/index.php\/2019\/07\/10\/novotna-400-km-se-zlomenou-panvi\/"},"author":{"name":"Zden\u011bk Zelenka","@id":"https:\/\/www.dakarmania.cz\/#\/schema\/person\/04eb0e87a389631c2169c0dddae7ff1e"},"headline":"Bojovnice Novotn\u00e1 ujela 400 km se zlomenou p\u00e1nv\u00ed a nohou","datePublished":"2019-07-10T21:36:03+00:00","dateModified":"2023-07-15T06:24:03+00:00","mainEntityOfPage":{"@id":"https:\/\/www.dakarmania.cz\/index.php\/2019\/07\/10\/novotna-400-km-se-zlomenou-panvi\/"},"wordCount":541,"publisher":{"@id":"https:\/\/www.dakarmania.cz\/#organization"},"image":{"@id":"https:\/\/www.dakarmania.cz\/index.php\/2019\/07\/10\/novotna-400-km-se-zlomenou-panvi\/#primaryimage"},"thumbnailUrl":"https:\/\/www.dakarmania.cz\/wp-content\/uploads\/2019\/07\/19-swr-novotna-01-1.jpg","keywords":["2019","Gabriela Novotn\u00e1","Husqvarna","Indigo Racing","SWR","SWR 2019"],"articleSection":["FIM MS CCR","Moto\/Quad","Silk Way Rally"],"inLanguage":"cs"},{"@type":"WebPage","@id":"https:\/\/www.dakarmania.cz\/index.php\/2019\/07\/10\/novotna-400-km-se-zlomenou-panvi\/","url":"https:\/\/www.dakarmania.cz\/index.php\/2019\/07\/10\/novotna-400-km-se-zlomenou-panvi\/","name":"Bojovnice Novotn\u00e1 ujela 400 km se zlomenou p\u00e1nv\u00ed a nohou - DAKARMANIA.cz","isPartOf":{"@id":"https:\/\/www.dakarmania.cz\/#website"},"primaryImageOfPage":{"@id":"https:\/\/www.dakarmania.cz\/index.php\/2019\/07\/10\/novotna-400-km-se-zlomenou-panvi\/#primaryimage"},"image":{"@id":"https:\/\/www.dakarmania.cz\/index.php\/2019\/07\/10\/novotna-400-km-se-zlomenou-panvi\/#primaryimage"},"thumbnailUrl":"https:\/\/www.dakarmania.cz\/wp-content\/uploads\/2019\/07\/19-swr-novotna-01-1.jpg","datePublished":"2019-07-10T21:36:03+00:00","dateModified":"2023-07-15T06:24:03+00:00","description":"Gabriela Novotn\u00e1 znovu uk\u00e1zala, s jak velkou v\u016fl\u00ed i sebezap\u0159en\u00edm p\u0159istupuje k z\u00e1vod\u011bn\u00ed. P\u0159esto jej\u00ed pou\u0165 leto\u0161n\u00edm ro\u010dn\u00edkem Silk Way Rally kon\u010d\u00ed p\u0159ed\u010dasn\u011b.","breadcrumb":{"@id":"https:\/\/www.dakarmania.cz\/index.php\/2019\/07\/10\/novotna-400-km-se-zlomenou-panvi\/#breadcrumb"},"inLanguage":"cs","potentialAction":[{"@type":"ReadAction","target":["https:\/\/www.dakarmania.cz\/index.php\/2019\/07\/10\/novotna-400-km-se-zlomenou-panvi\/"]}]},{"@type":"ImageObject","inLanguage":"cs","@id":"https:\/\/www.dakarmania.cz\/index.php\/2019\/07\/10\/novotna-400-km-se-zlomenou-panvi\/#primaryimage","url":"https:\/\/www.dakarmania.cz\/wp-content\/uploads\/2019\/07\/19-swr-novotna-01-1.jpg","contentUrl":"https:\/\/www.dakarmania.cz\/wp-content\/uploads\/2019\/07\/19-swr-novotna-01-1.jpg","width":960,"height":638,"caption":"Gabriela Novotn\u00e1, Husqvarna FE 450, Indigo Racing. Silk Way Rally 2019. \u00a9 Indigo Racing"},{"@type":"BreadcrumbList","@id":"https:\/\/www.dakarmania.cz\/index.php\/2019\/07\/10\/novotna-400-km-se-zlomenou-panvi\/#breadcrumb","itemListElement":[{"@type":"ListItem","position":1,"name":"Dom\u016f","item":"https:\/\/www.dakarmania.cz\/"},{"@type":"ListItem","position":2,"name":"Bojovnice Novotn\u00e1 ujela 400 km se zlomenou p\u00e1nv\u00ed a nohou"}]},{"@type":"WebSite","@id":"https:\/\/www.dakarmania.cz\/#website","url":"https:\/\/www.dakarmania.cz\/","name":"DAKARMANIA.cz","description":"\u017dijeme Dakarem cel\u00fd rok","publisher":{"@id":"https:\/\/www.dakarmania.cz\/#organization"},"potentialAction":[{"@type":"SearchAction","target":{"@type":"EntryPoint","urlTemplate":"https:\/\/www.dakarmania.cz\/?s={search_term_string}"},"query-input":{"@type":"PropertyValueSpecification","valueRequired":true,"valueName":"search_term_string"}}],"inLanguage":"cs"},{"@type":"Organization","@id":"https:\/\/www.dakarmania.cz\/#organization","name":"DAKAR MANIA","url":"https:\/\/www.dakarmania.cz\/","logo":{"@type":"ImageObject","inLanguage":"cs","@id":"https:\/\/www.dakarmania.cz\/#\/schema\/logo\/image\/","url":"https:\/\/www.dakarmania.cz\/wp-content\/uploads\/2018\/12\/Dakar-Mania-Logo-Square-Orange.png","contentUrl":"https:\/\/www.dakarmania.cz\/wp-content\/uploads\/2018\/12\/Dakar-Mania-Logo-Square-Orange.png","width":992,"height":992,"caption":"DAKAR MANIA"},"image":{"@id":"https:\/\/www.dakarmania.cz\/#\/schema\/logo\/image\/"},"sameAs":["https:\/\/www.facebook.com\/dakarmania\/"]},{"@type":"Person","@id":"https:\/\/www.dakarmania.cz\/#\/schema\/person\/04eb0e87a389631c2169c0dddae7ff1e","name":"Zden\u011bk Zelenka","image":{"@type":"ImageObject","inLanguage":"cs","@id":"https:\/\/www.dakarmania.cz\/#\/schema\/person\/image\/","url":"https:\/\/secure.gravatar.com\/avatar\/2c80d5a4942fe0900b73cc7d3837a509d6ee0a276a2b76dac95c92bd0763a89b?s=96&d=mm&r=g","contentUrl":"https:\/\/secure.gravatar.com\/avatar\/2c80d5a4942fe0900b73cc7d3837a509d6ee0a276a2b76dac95c92bd0763a89b?s=96&d=mm&r=g","caption":"Zden\u011bk Zelenka"},"description":"Moji d\u011bt\u0161t\u00ed hrdinov\u00e9 se jmenovali Loprais, Moskal, Neveu, Vatanen, Rahier... A tihle borci, jejich n\u00e1sledovn\u00edci a jejich p\u0159\u00edb\u011bhy m\u011b nep\u0159estali fascinovat ani po letech, kdy jsem vyrostl a zam\u011bstn\u00e1valy m\u011b jin\u00e9 discipl\u00edny motorsportu. Proto se zrodila DAKARMANIA.","url":"https:\/\/www.dakarmania.cz\/index.php\/author\/dakarmania\/"}]}},"amp_enabled":true,"_links":{"self":[{"href":"https:\/\/www.dakarmania.cz\/index.php\/wp-json\/wp\/v2\/posts\/8574","targetHints":{"allow":["GET"]}}],"collection":[{"href":"https:\/\/www.dakarmania.cz\/index.php\/wp-json\/wp\/v2\/posts"}],"about":[{"href":"https:\/\/www.dakarmania.cz\/index.php\/wp-json\/wp\/v2\/types\/post"}],"author":[{"embeddable":true,"href":"https:\/\/www.dakarmania.cz\/index.php\/wp-json\/wp\/v2\/users\/1"}],"replies":[{"embeddable":true,"href":"https:\/\/www.dakarmania.cz\/index.php\/wp-json\/wp\/v2\/comments?post=8574"}],"version-history":[{"count":4,"href":"https:\/\/www.dakarmania.cz\/index.php\/wp-json\/wp\/v2\/posts\/8574\/revisions"}],"predecessor-version":[{"id":12988,"href":"https:\/\/www.dakarmania.cz\/index.php\/wp-json\/wp\/v2\/posts\/8574\/revisions\/12988"}],"wp:featuredmedia":[{"embeddable":true,"href":"https:\/\/www.dakarmania.cz\/index.php\/wp-json\/wp\/v2\/media\/8572"}],"wp:attachment":[{"href":"https:\/\/www.dakarmania.cz\/index.php\/wp-json\/wp\/v2\/media?parent=8574"}],"wp:term":[{"taxonomy":"category","embeddable":true,"href":"https:\/\/www.dakarmania.cz\/index.php\/wp-json\/wp\/v2\/categories?post=8574"},{"taxonomy":"post_tag","embeddable":true,"href":"https:\/\/www.dakarmania.cz\/index.php\/wp-json\/wp\/v2\/tags?post=8574"}],"curies":[{"name":"wp","href":"https:\/\/api.w.org\/{rel}","templated":true}]}}