{"id":8729,"date":"2019-07-12T14:15:55","date_gmt":"2019-07-12T12:15:55","guid":{"rendered":"https:\/\/www.dakarmania.cz\/?p=8729"},"modified":"2023-01-30T21:41:00","modified_gmt":"2023-01-30T20:41:00","slug":"silk-way-bloudici-al-attiyah-malem-prisel-o-neporazitelnost","status":"publish","type":"post","link":"https:\/\/www.dakarmania.cz\/index.php\/2019\/07\/12\/silk-way-bloudici-al-attiyah-malem-prisel-o-neporazitelnost\/","title":{"rendered":"Silk Way: Bloud\u00edc\u00ed Al-Attiyah m\u00e1lem p\u0159i\u0161el o neporazitelnost"},"content":{"rendered":"<p>[vc_row][vc_column][vc_column_text]<\/p>\n<h4>I po posledn\u00ed mongolsk\u00e9 etap\u011b Silk Way Rally 2019 z\u016fst\u00e1vaj\u00ed Nasser Al-Attiyah a Mathieu Baumel nepora\u017eeni. P\u0159ed vjezdem do \u010d\u00ednsk\u00e9 pou\u0161t\u011b vedou v kategorii automobil\u016f s v\u00edce ne\u017e \u010dty\u0159icetiminutov\u00fdm n\u00e1skokem.<\/h4>\n<p>Ale nemuselo to tak b\u00fdt. Na rychlostn\u00ed zkou\u0161ce \u0161est\u00e9 etapy se <a href=\"\/index.php\/osobnosti\/mathieu-baumel\/\">Mathieu Baumel<\/a> dopustil stejn\u00e9 chyby v navigaci jako n\u011bkte\u0159\u00ed motocyklist\u00e9 a poslal <a href=\"\/index.php\/osobnosti\/nasser-al-attiyah\/\">Nassera Al-Attiyaha<\/a> \u0161patnou cestou.[\/vc_column_text][vc_column_text css=&#8221;.vc_custom_1562967964758{padding-top: 10px !important;padding-right: 10px !important;padding-bottom: 20px !important;padding-left: 10px !important;background-color: #d8d8d8 !important;}&#8221;]<strong>Dal\u0161\u00ed kategorie:<\/strong><\/p>\n<p style=\"padding-left: 40px;\"><a href=\"\/index.php\/2019\/07\/12\/silk-way-vjazovic-ustal-napor-kamazu\/\">KAMIONY: Vjazovi\u010d ust\u00e1l n\u00e1por Kamaz\u016f<\/a><br \/>\n<a href=\"\/index.php\/2019\/07\/12\/silk-way-favorite-bloudili-etapu-vyhral-mena\/\">MOTOCYKLY: Favorit\u00e9 bloudili, etapu vyhr\u00e1l Mena<\/a><\/p>\n<p>[\/vc_column_text][vc_column_text]Po etapov\u00e9m triumfu v tu chv\u00edli sahal Denis Krotov. Jen\u017ee pilot Mini m\u011bl v z\u00e1v\u011bru probl\u00e9my se zaseknutou p\u0159evodovkou, nav\u00edc ud\u011blal defekt a do c\u00edle dorazil s v\u00edce ne\u017e sedmdes\u00e1timinutovou ztr\u00e1tou. M\u00edsto ataku p\u00f3diov\u00fdch pozic a v\u00fdrazn\u00e9ho sn\u00ed\u017een\u00ed odstupu od vedouc\u00ed pos\u00e1dky, se Rus v pr\u016fb\u011b\u017en\u00e9m po\u0159ad\u00ed porou\u010del ze \u010dtvrt\u00e9ho na des\u00e1t\u00e9 m\u00edsto.<\/p>\n<p>Al-Attiyah s Toyotou tedy zv\u00edt\u011bzil i po\u0161est\u00e9, o t\u0159i a \u010dtvrt minuty pomalej\u0161\u00ed byl Erik van Loon s dal\u0161\u00edm Hiluxem t\u00fdmu Overdrive.[\/vc_column_text][vc_single_image image=&#8221;8728&#8243; img_size=&#8221;large&#8221; add_caption=&#8221;yes&#8221; alignment=&#8221;center&#8221;][vc_column_text]<em>\u201eNavigace dnes byla obt\u00ed\u017en\u00e1, museli jste d\u00e1vat opravdu dobr\u00fd pozor. Na jednom m\u00edst\u011b jsme zav\u00e1hali, ale nakonec v\u0161e dob\u0159e dopadlo,\u201c<\/em> oddechl si v c\u00edli <strong>Nasser Al-Attiyah<\/strong>. <em>\u201eVyhr\u00e1li jsme po\u0161est\u00e9 v \u0159ad\u011b. Z\u00edtra si odpo\u010dineme, \u010dek\u00e1 n\u00e1s jen 550 kilometr\u016f spojovac\u00edho \u00faseku cestou do \u010c\u00edny, kde budeme v n\u00e1sleduj\u00edc\u00edch dnech objevovat duny pou\u0161t\u011b Gobi.\u201c<\/em><\/p>\n<p>Po st\u0159ede\u010dn\u00edch probl\u00e9mech s akceler\u00e1torem stoup\u00e1 po\u0159ad\u00edm Mathieu Serradori s buggy Century. T\u0159et\u00ed \u010das dne posunul Francouze z jeden\u00e1ct\u00e9 na osmou p\u0159\u00ed\u010dku.[\/vc_column_text][vc_column_text css=&#8221;.vc_custom_1562967980796{padding-top: 10px !important;padding-right: 10px !important;padding-bottom: 20px !important;padding-left: 10px !important;background-color: #d8d8d8 !important;}&#8221;]<strong>P\u0159edchoz\u00ed etapy:<\/strong><\/p>\n<p style=\"padding-left: 40px;\"><a href=\"\/index.php\/2019\/07\/11\/silk-way-al-attiyah-po-prvni-polovine-stoprocentni\/\">5. etapa: Al-Attiyah po prvn\u00ed polovin\u011b stoprocentn\u00ed<\/a><br \/>\n<a href=\"\/index.php\/2019\/07\/10\/silk-way-al-attiyah-vyhrava-poctvrte-v-rade\/\">4. etapa: Al-Attiyah nepolevuje, vyhr\u00e1v\u00e1 po\u010dtvrt\u00e9 v \u0159ad\u011b<\/a><br \/>\n<a href=\"\/index.php\/2019\/07\/09\/silk-way-al-attiyah-kontroluje-situaci\/\">3. etapa: Al-Attiyah kontroluje situaci<\/a><br \/>\n<a href=\"\/index.php\/2019\/07\/08\/silk-way-suverenni-al-attiyah\/\">2. etapa: Al-Rajhi neobh\u00e1j\u00ed, suver\u00e9nn\u00ed Al-Attiyah<\/a><br \/>\n<a href=\"\/index.php\/2019\/07\/07\/silk-way-kralem-prvni-etapy-nasser-al-attiyah\/\">1. etapa: Kr\u00e1lem prvn\u00ed etapy Nasser Al-Attiyah<\/a><\/p>\n<p>[\/vc_column_text][vc_column_text]V sobotu 13. \u010dervence vstoup\u00ed karavana <a href=\"\/index.php\/souteze\/swr-2019\/\">Silk Way Rally 2019<\/a> do \u010c\u00edny. Mezi Dalanzadgadem a Bayinbaolige uraz\u00ed 551 kilometr\u016f, ale zm\u011bnu po\u0159ad\u00ed m\u016f\u017ee p\u0159in\u00e9st jen n\u011bjak\u00e1 mimo\u0159\u00e1dn\u00e1 ud\u00e1lost. Sou\u010d\u00e1st\u00ed sedm\u00e9 etapy toti\u017e nen\u00ed rychlostn\u00ed zkou\u0161ka.<\/p>\n<p>Naplno se op\u011bt za\u010dne z\u00e1vodit v ned\u011bli, kdy p\u0159ijdou na \u0159adu prvn\u00ed duny. Podle slib\u016f po\u0159adatel\u016f by se m\u011blo jednat o v\u016fbec nejn\u00e1ro\u010dn\u011bj\u0161\u00ed rychlostn\u00ed zkou\u0161ku cel\u00e9 sout\u011b\u017ee.[\/vc_column_text][vc_column_text]<\/p>\n<table style=\"width: 97.7654%;\" rules=\"rows\" cellpadding=\"4px\">\n<tbody>\n<tr style=\"background-color: #9e9d9d; color: white;\">\n<td style=\"text-align: center;\" colspan=\"4\"><span style=\"font-size: 10pt;\"><strong>Silk Way Rally 2019<br \/>\nAUTOMOBILY<br \/>\nPr\u016fb\u011b\u017en\u00e9 po\u0159ad\u00ed po 6. etap\u011b<\/strong><\/span><\/td>\n<\/tr>\n<tr style=\"background-color: #dbd9d9;\">\n<td>1.<\/td>\n<td>Al-Attiyah \/ Baumel<\/td>\n<td>Toyota Hilux<\/td>\n<td style=\"text-align: right;\">13:44:16<\/td>\n<\/tr>\n<tr style=\"background-color: #f2f2f2;\">\n<td>2.<\/td>\n<td>Liu \/ Pan<\/td>\n<td>Hanwei Motor. SMG Buggy<\/td>\n<td style=\"text-align: right;\">+40:33<\/td>\n<\/tr>\n<tr style=\"background-color: #dbd9d9;\">\n<td>3.<\/td>\n<td>Pelichet \/ Larroque<\/td>\n<td>Optimus<\/td>\n<td style=\"text-align: right;\">+50:12<\/td>\n<\/tr>\n<tr style=\"background-color: #f2f2f2;\">\n<td>4.<\/td>\n<td>Han \/ Min<\/td>\n<td>Geely SMG Buggy<\/td>\n<td style=\"text-align: right;\">+55:26<\/td>\n<\/tr>\n<tr style=\"background-color: #dbd9d9;\">\n<td>5.<\/td>\n<td>Zi \/ Wang<\/td>\n<td>Hanwei Motor. SMG Buggy<\/td>\n<td style=\"text-align: right;\">+1:04:41<\/td>\n<\/tr>\n<\/tbody>\n<\/table>\n<p>[\/vc_column_text][\/vc_column][\/vc_row]<\/p>\n","protected":false},"excerpt":{"rendered":"<p>Po mongolsk\u00e9 \u010d\u00e1sti Silk Way Rally z\u016fst\u00e1vaj\u00ed Nasser Al-Attiyah a Mathieu Baumel nepora\u017eeni. P\u0159ed vjezdem do \u010c\u00edny vedou s v\u00edce ne\u017e 40minutov\u00fdm n\u00e1skokem.<\/p>\n","protected":false},"author":1,"featured_media":8727,"comment_status":"closed","ping_status":"closed","sticky":false,"template":"","format":"standard","meta":{"footnotes":""},"categories":[3,146],"tags":[425,1302,310,883,204,1236,219,203,326,1247,1248,201],"class_list":["post-8729","post","type-post","status-publish","format-standard","has-post-thumbnail","hentry","category-auto","category-silk-way-rally","tag-425","tag-century","tag-denis-krotov","tag-erik-van-loon","tag-mathieu-baumel","tag-mathieu-serradori","tag-mini","tag-nasser-al-attiyah","tag-overdrive-racing","tag-swr","tag-swr-2019","tag-toyota"],"yoast_head":"<!-- This site is optimized with the Yoast SEO plugin v24.9 - https:\/\/yoast.com\/wordpress\/plugins\/seo\/ -->\n<title>Silk Way: Bloud\u00edc\u00ed Al-Attiyah m\u00e1lem p\u0159i\u0161el o neporazitelnost - DAKARMANIA.cz<\/title>\n<meta name=\"description\" content=\"Po mongolsk\u00e9 \u010d\u00e1sti Silk Way Rally z\u016fst\u00e1vaj\u00ed Nasser Al-Attiyah a Mathieu Baumel nepora\u017eeni. P\u0159ed vjezdem do \u010c\u00edny vedou s v\u00edce ne\u017e 40minutov\u00fdm n\u00e1skokem.\" \/>\n<meta name=\"robots\" content=\"index, follow, max-snippet:-1, max-image-preview:large, max-video-preview:-1\" \/>\n<link rel=\"canonical\" href=\"https:\/\/www.dakarmania.cz\/index.php\/2019\/07\/12\/silk-way-bloudici-al-attiyah-malem-prisel-o-neporazitelnost\/\" \/>\n<meta property=\"og:locale\" content=\"cs_CZ\" \/>\n<meta property=\"og:type\" content=\"article\" \/>\n<meta property=\"og:title\" content=\"Silk Way: Bloud\u00edc\u00ed Al-Attiyah m\u00e1lem p\u0159i\u0161el o neporazitelnost - DAKARMANIA.cz\" \/>\n<meta property=\"og:description\" content=\"Po mongolsk\u00e9 \u010d\u00e1sti Silk Way Rally z\u016fst\u00e1vaj\u00ed Nasser Al-Attiyah a Mathieu Baumel nepora\u017eeni. P\u0159ed vjezdem do \u010c\u00edny vedou s v\u00edce ne\u017e 40minutov\u00fdm n\u00e1skokem.\" \/>\n<meta property=\"og:url\" content=\"https:\/\/www.dakarmania.cz\/index.php\/2019\/07\/12\/silk-way-bloudici-al-attiyah-malem-prisel-o-neporazitelnost\/\" \/>\n<meta property=\"og:site_name\" content=\"DAKARMANIA.cz\" \/>\n<meta property=\"article:publisher\" content=\"https:\/\/www.facebook.com\/dakarmania\/\" \/>\n<meta property=\"article:published_time\" content=\"2019-07-12T12:15:55+00:00\" \/>\n<meta property=\"article:modified_time\" content=\"2023-01-30T20:41:00+00:00\" \/>\n<meta property=\"og:image\" content=\"https:\/\/www.dakarmania.cz\/wp-content\/uploads\/2019\/07\/19-swr-al-attiyah-09.jpg\" \/>\n\t<meta property=\"og:image:width\" content=\"1600\" \/>\n\t<meta property=\"og:image:height\" content=\"1067\" \/>\n\t<meta property=\"og:image:type\" content=\"image\/jpeg\" \/>\n<meta name=\"author\" content=\"Zden\u011bk Zelenka\" \/>\n<meta name=\"twitter:card\" content=\"summary_large_image\" \/>\n<meta name=\"twitter:label1\" content=\"Napsal(a)\" \/>\n\t<meta name=\"twitter:data1\" content=\"Zden\u011bk Zelenka\" \/>\n\t<meta name=\"twitter:label2\" content=\"Odhadovan\u00e1 doba \u010dten\u00ed\" \/>\n\t<meta name=\"twitter:data2\" content=\"3 minuty\" \/>\n<script type=\"application\/ld+json\" class=\"yoast-schema-graph\">{\"@context\":\"https:\/\/schema.org\",\"@graph\":[{\"@type\":\"Article\",\"@id\":\"https:\/\/www.dakarmania.cz\/index.php\/2019\/07\/12\/silk-way-bloudici-al-attiyah-malem-prisel-o-neporazitelnost\/#article\",\"isPartOf\":{\"@id\":\"https:\/\/www.dakarmania.cz\/index.php\/2019\/07\/12\/silk-way-bloudici-al-attiyah-malem-prisel-o-neporazitelnost\/\"},\"author\":{\"name\":\"Zden\u011bk Zelenka\",\"@id\":\"https:\/\/www.dakarmania.cz\/#\/schema\/person\/04eb0e87a389631c2169c0dddae7ff1e\"},\"headline\":\"Silk Way: Bloud\u00edc\u00ed Al-Attiyah m\u00e1lem p\u0159i\u0161el o neporazitelnost\",\"datePublished\":\"2019-07-12T12:15:55+00:00\",\"dateModified\":\"2023-01-30T20:41:00+00:00\",\"mainEntityOfPage\":{\"@id\":\"https:\/\/www.dakarmania.cz\/index.php\/2019\/07\/12\/silk-way-bloudici-al-attiyah-malem-prisel-o-neporazitelnost\/\"},\"wordCount\":562,\"publisher\":{\"@id\":\"https:\/\/www.dakarmania.cz\/#organization\"},\"image\":{\"@id\":\"https:\/\/www.dakarmania.cz\/index.php\/2019\/07\/12\/silk-way-bloudici-al-attiyah-malem-prisel-o-neporazitelnost\/#primaryimage\"},\"thumbnailUrl\":\"https:\/\/www.dakarmania.cz\/wp-content\/uploads\/2019\/07\/19-swr-al-attiyah-09.jpg\",\"keywords\":[\"2019\",\"Century\",\"Denis Krotov\",\"Erik van Loon\",\"Mathieu Baumel\",\"Mathieu Serradori\",\"Mini\",\"Nasser Al-Attiyah\",\"Overdrive Racing\",\"SWR\",\"SWR 2019\",\"Toyota\"],\"articleSection\":[\"Auto\",\"Silk Way Rally\"],\"inLanguage\":\"cs\"},{\"@type\":\"WebPage\",\"@id\":\"https:\/\/www.dakarmania.cz\/index.php\/2019\/07\/12\/silk-way-bloudici-al-attiyah-malem-prisel-o-neporazitelnost\/\",\"url\":\"https:\/\/www.dakarmania.cz\/index.php\/2019\/07\/12\/silk-way-bloudici-al-attiyah-malem-prisel-o-neporazitelnost\/\",\"name\":\"Silk Way: Bloud\u00edc\u00ed Al-Attiyah m\u00e1lem p\u0159i\u0161el o neporazitelnost - DAKARMANIA.cz\",\"isPartOf\":{\"@id\":\"https:\/\/www.dakarmania.cz\/#website\"},\"primaryImageOfPage\":{\"@id\":\"https:\/\/www.dakarmania.cz\/index.php\/2019\/07\/12\/silk-way-bloudici-al-attiyah-malem-prisel-o-neporazitelnost\/#primaryimage\"},\"image\":{\"@id\":\"https:\/\/www.dakarmania.cz\/index.php\/2019\/07\/12\/silk-way-bloudici-al-attiyah-malem-prisel-o-neporazitelnost\/#primaryimage\"},\"thumbnailUrl\":\"https:\/\/www.dakarmania.cz\/wp-content\/uploads\/2019\/07\/19-swr-al-attiyah-09.jpg\",\"datePublished\":\"2019-07-12T12:15:55+00:00\",\"dateModified\":\"2023-01-30T20:41:00+00:00\",\"description\":\"Po mongolsk\u00e9 \u010d\u00e1sti Silk Way Rally z\u016fst\u00e1vaj\u00ed Nasser Al-Attiyah a Mathieu Baumel nepora\u017eeni. P\u0159ed vjezdem do \u010c\u00edny vedou s v\u00edce ne\u017e 40minutov\u00fdm n\u00e1skokem.\",\"breadcrumb\":{\"@id\":\"https:\/\/www.dakarmania.cz\/index.php\/2019\/07\/12\/silk-way-bloudici-al-attiyah-malem-prisel-o-neporazitelnost\/#breadcrumb\"},\"inLanguage\":\"cs\",\"potentialAction\":[{\"@type\":\"ReadAction\",\"target\":[\"https:\/\/www.dakarmania.cz\/index.php\/2019\/07\/12\/silk-way-bloudici-al-attiyah-malem-prisel-o-neporazitelnost\/\"]}]},{\"@type\":\"ImageObject\",\"inLanguage\":\"cs\",\"@id\":\"https:\/\/www.dakarmania.cz\/index.php\/2019\/07\/12\/silk-way-bloudici-al-attiyah-malem-prisel-o-neporazitelnost\/#primaryimage\",\"url\":\"https:\/\/www.dakarmania.cz\/wp-content\/uploads\/2019\/07\/19-swr-al-attiyah-09.jpg\",\"contentUrl\":\"https:\/\/www.dakarmania.cz\/wp-content\/uploads\/2019\/07\/19-swr-al-attiyah-09.jpg\",\"width\":1600,\"height\":1067,\"caption\":\"Nasser Al-Attiyah\/Mathieu Baumel, Toyota Hilux, Nasser Al-Attiyah Team. Silk Way Rally 2019. \u00a9 Toyota\"},{\"@type\":\"BreadcrumbList\",\"@id\":\"https:\/\/www.dakarmania.cz\/index.php\/2019\/07\/12\/silk-way-bloudici-al-attiyah-malem-prisel-o-neporazitelnost\/#breadcrumb\",\"itemListElement\":[{\"@type\":\"ListItem\",\"position\":1,\"name\":\"Dom\u016f\",\"item\":\"https:\/\/www.dakarmania.cz\/\"},{\"@type\":\"ListItem\",\"position\":2,\"name\":\"Silk Way: Bloud\u00edc\u00ed Al-Attiyah m\u00e1lem p\u0159i\u0161el o neporazitelnost\"}]},{\"@type\":\"WebSite\",\"@id\":\"https:\/\/www.dakarmania.cz\/#website\",\"url\":\"https:\/\/www.dakarmania.cz\/\",\"name\":\"DAKARMANIA.cz\",\"description\":\"\u017dijeme Dakarem cel\u00fd rok\",\"publisher\":{\"@id\":\"https:\/\/www.dakarmania.cz\/#organization\"},\"potentialAction\":[{\"@type\":\"SearchAction\",\"target\":{\"@type\":\"EntryPoint\",\"urlTemplate\":\"https:\/\/www.dakarmania.cz\/?s={search_term_string}\"},\"query-input\":{\"@type\":\"PropertyValueSpecification\",\"valueRequired\":true,\"valueName\":\"search_term_string\"}}],\"inLanguage\":\"cs\"},{\"@type\":\"Organization\",\"@id\":\"https:\/\/www.dakarmania.cz\/#organization\",\"name\":\"DAKAR MANIA\",\"url\":\"https:\/\/www.dakarmania.cz\/\",\"logo\":{\"@type\":\"ImageObject\",\"inLanguage\":\"cs\",\"@id\":\"https:\/\/www.dakarmania.cz\/#\/schema\/logo\/image\/\",\"url\":\"https:\/\/www.dakarmania.cz\/wp-content\/uploads\/2018\/12\/Dakar-Mania-Logo-Square-Orange.png\",\"contentUrl\":\"https:\/\/www.dakarmania.cz\/wp-content\/uploads\/2018\/12\/Dakar-Mania-Logo-Square-Orange.png\",\"width\":992,\"height\":992,\"caption\":\"DAKAR MANIA\"},\"image\":{\"@id\":\"https:\/\/www.dakarmania.cz\/#\/schema\/logo\/image\/\"},\"sameAs\":[\"https:\/\/www.facebook.com\/dakarmania\/\"]},{\"@type\":\"Person\",\"@id\":\"https:\/\/www.dakarmania.cz\/#\/schema\/person\/04eb0e87a389631c2169c0dddae7ff1e\",\"name\":\"Zden\u011bk Zelenka\",\"image\":{\"@type\":\"ImageObject\",\"inLanguage\":\"cs\",\"@id\":\"https:\/\/www.dakarmania.cz\/#\/schema\/person\/image\/\",\"url\":\"https:\/\/secure.gravatar.com\/avatar\/2c80d5a4942fe0900b73cc7d3837a509d6ee0a276a2b76dac95c92bd0763a89b?s=96&d=mm&r=g\",\"contentUrl\":\"https:\/\/secure.gravatar.com\/avatar\/2c80d5a4942fe0900b73cc7d3837a509d6ee0a276a2b76dac95c92bd0763a89b?s=96&d=mm&r=g\",\"caption\":\"Zden\u011bk Zelenka\"},\"description\":\"Moji d\u011bt\u0161t\u00ed hrdinov\u00e9 se jmenovali Loprais, Moskal, Neveu, Vatanen, Rahier... A tihle borci, jejich n\u00e1sledovn\u00edci a jejich p\u0159\u00edb\u011bhy m\u011b nep\u0159estali fascinovat ani po letech, kdy jsem vyrostl a zam\u011bstn\u00e1valy m\u011b jin\u00e9 discipl\u00edny motorsportu. Proto se zrodila DAKARMANIA.\",\"url\":\"https:\/\/www.dakarmania.cz\/index.php\/author\/dakarmania\/\"}]}<\/script>\n<!-- \/ Yoast SEO plugin. -->","yoast_head_json":{"title":"Silk Way: Bloud\u00edc\u00ed Al-Attiyah m\u00e1lem p\u0159i\u0161el o neporazitelnost - DAKARMANIA.cz","description":"Po mongolsk\u00e9 \u010d\u00e1sti Silk Way Rally z\u016fst\u00e1vaj\u00ed Nasser Al-Attiyah a Mathieu Baumel nepora\u017eeni. P\u0159ed vjezdem do \u010c\u00edny vedou s v\u00edce ne\u017e 40minutov\u00fdm n\u00e1skokem.","robots":{"index":"index","follow":"follow","max-snippet":"max-snippet:-1","max-image-preview":"max-image-preview:large","max-video-preview":"max-video-preview:-1"},"canonical":"https:\/\/www.dakarmania.cz\/index.php\/2019\/07\/12\/silk-way-bloudici-al-attiyah-malem-prisel-o-neporazitelnost\/","og_locale":"cs_CZ","og_type":"article","og_title":"Silk Way: Bloud\u00edc\u00ed Al-Attiyah m\u00e1lem p\u0159i\u0161el o neporazitelnost - DAKARMANIA.cz","og_description":"Po mongolsk\u00e9 \u010d\u00e1sti Silk Way Rally z\u016fst\u00e1vaj\u00ed Nasser Al-Attiyah a Mathieu Baumel nepora\u017eeni. P\u0159ed vjezdem do \u010c\u00edny vedou s v\u00edce ne\u017e 40minutov\u00fdm n\u00e1skokem.","og_url":"https:\/\/www.dakarmania.cz\/index.php\/2019\/07\/12\/silk-way-bloudici-al-attiyah-malem-prisel-o-neporazitelnost\/","og_site_name":"DAKARMANIA.cz","article_publisher":"https:\/\/www.facebook.com\/dakarmania\/","article_published_time":"2019-07-12T12:15:55+00:00","article_modified_time":"2023-01-30T20:41:00+00:00","og_image":[{"width":1600,"height":1067,"url":"https:\/\/www.dakarmania.cz\/wp-content\/uploads\/2019\/07\/19-swr-al-attiyah-09.jpg","type":"image\/jpeg"}],"author":"Zden\u011bk Zelenka","twitter_card":"summary_large_image","twitter_misc":{"Napsal(a)":"Zden\u011bk Zelenka","Odhadovan\u00e1 doba \u010dten\u00ed":"3 minuty"},"schema":{"@context":"https:\/\/schema.org","@graph":[{"@type":"Article","@id":"https:\/\/www.dakarmania.cz\/index.php\/2019\/07\/12\/silk-way-bloudici-al-attiyah-malem-prisel-o-neporazitelnost\/#article","isPartOf":{"@id":"https:\/\/www.dakarmania.cz\/index.php\/2019\/07\/12\/silk-way-bloudici-al-attiyah-malem-prisel-o-neporazitelnost\/"},"author":{"name":"Zden\u011bk Zelenka","@id":"https:\/\/www.dakarmania.cz\/#\/schema\/person\/04eb0e87a389631c2169c0dddae7ff1e"},"headline":"Silk Way: Bloud\u00edc\u00ed Al-Attiyah m\u00e1lem p\u0159i\u0161el o neporazitelnost","datePublished":"2019-07-12T12:15:55+00:00","dateModified":"2023-01-30T20:41:00+00:00","mainEntityOfPage":{"@id":"https:\/\/www.dakarmania.cz\/index.php\/2019\/07\/12\/silk-way-bloudici-al-attiyah-malem-prisel-o-neporazitelnost\/"},"wordCount":562,"publisher":{"@id":"https:\/\/www.dakarmania.cz\/#organization"},"image":{"@id":"https:\/\/www.dakarmania.cz\/index.php\/2019\/07\/12\/silk-way-bloudici-al-attiyah-malem-prisel-o-neporazitelnost\/#primaryimage"},"thumbnailUrl":"https:\/\/www.dakarmania.cz\/wp-content\/uploads\/2019\/07\/19-swr-al-attiyah-09.jpg","keywords":["2019","Century","Denis Krotov","Erik van Loon","Mathieu Baumel","Mathieu Serradori","Mini","Nasser Al-Attiyah","Overdrive Racing","SWR","SWR 2019","Toyota"],"articleSection":["Auto","Silk Way Rally"],"inLanguage":"cs"},{"@type":"WebPage","@id":"https:\/\/www.dakarmania.cz\/index.php\/2019\/07\/12\/silk-way-bloudici-al-attiyah-malem-prisel-o-neporazitelnost\/","url":"https:\/\/www.dakarmania.cz\/index.php\/2019\/07\/12\/silk-way-bloudici-al-attiyah-malem-prisel-o-neporazitelnost\/","name":"Silk Way: Bloud\u00edc\u00ed Al-Attiyah m\u00e1lem p\u0159i\u0161el o neporazitelnost - DAKARMANIA.cz","isPartOf":{"@id":"https:\/\/www.dakarmania.cz\/#website"},"primaryImageOfPage":{"@id":"https:\/\/www.dakarmania.cz\/index.php\/2019\/07\/12\/silk-way-bloudici-al-attiyah-malem-prisel-o-neporazitelnost\/#primaryimage"},"image":{"@id":"https:\/\/www.dakarmania.cz\/index.php\/2019\/07\/12\/silk-way-bloudici-al-attiyah-malem-prisel-o-neporazitelnost\/#primaryimage"},"thumbnailUrl":"https:\/\/www.dakarmania.cz\/wp-content\/uploads\/2019\/07\/19-swr-al-attiyah-09.jpg","datePublished":"2019-07-12T12:15:55+00:00","dateModified":"2023-01-30T20:41:00+00:00","description":"Po mongolsk\u00e9 \u010d\u00e1sti Silk Way Rally z\u016fst\u00e1vaj\u00ed Nasser Al-Attiyah a Mathieu Baumel nepora\u017eeni. P\u0159ed vjezdem do \u010c\u00edny vedou s v\u00edce ne\u017e 40minutov\u00fdm n\u00e1skokem.","breadcrumb":{"@id":"https:\/\/www.dakarmania.cz\/index.php\/2019\/07\/12\/silk-way-bloudici-al-attiyah-malem-prisel-o-neporazitelnost\/#breadcrumb"},"inLanguage":"cs","potentialAction":[{"@type":"ReadAction","target":["https:\/\/www.dakarmania.cz\/index.php\/2019\/07\/12\/silk-way-bloudici-al-attiyah-malem-prisel-o-neporazitelnost\/"]}]},{"@type":"ImageObject","inLanguage":"cs","@id":"https:\/\/www.dakarmania.cz\/index.php\/2019\/07\/12\/silk-way-bloudici-al-attiyah-malem-prisel-o-neporazitelnost\/#primaryimage","url":"https:\/\/www.dakarmania.cz\/wp-content\/uploads\/2019\/07\/19-swr-al-attiyah-09.jpg","contentUrl":"https:\/\/www.dakarmania.cz\/wp-content\/uploads\/2019\/07\/19-swr-al-attiyah-09.jpg","width":1600,"height":1067,"caption":"Nasser Al-Attiyah\/Mathieu Baumel, Toyota Hilux, Nasser Al-Attiyah Team. Silk Way Rally 2019. \u00a9 Toyota"},{"@type":"BreadcrumbList","@id":"https:\/\/www.dakarmania.cz\/index.php\/2019\/07\/12\/silk-way-bloudici-al-attiyah-malem-prisel-o-neporazitelnost\/#breadcrumb","itemListElement":[{"@type":"ListItem","position":1,"name":"Dom\u016f","item":"https:\/\/www.dakarmania.cz\/"},{"@type":"ListItem","position":2,"name":"Silk Way: Bloud\u00edc\u00ed Al-Attiyah m\u00e1lem p\u0159i\u0161el o neporazitelnost"}]},{"@type":"WebSite","@id":"https:\/\/www.dakarmania.cz\/#website","url":"https:\/\/www.dakarmania.cz\/","name":"DAKARMANIA.cz","description":"\u017dijeme Dakarem cel\u00fd rok","publisher":{"@id":"https:\/\/www.dakarmania.cz\/#organization"},"potentialAction":[{"@type":"SearchAction","target":{"@type":"EntryPoint","urlTemplate":"https:\/\/www.dakarmania.cz\/?s={search_term_string}"},"query-input":{"@type":"PropertyValueSpecification","valueRequired":true,"valueName":"search_term_string"}}],"inLanguage":"cs"},{"@type":"Organization","@id":"https:\/\/www.dakarmania.cz\/#organization","name":"DAKAR MANIA","url":"https:\/\/www.dakarmania.cz\/","logo":{"@type":"ImageObject","inLanguage":"cs","@id":"https:\/\/www.dakarmania.cz\/#\/schema\/logo\/image\/","url":"https:\/\/www.dakarmania.cz\/wp-content\/uploads\/2018\/12\/Dakar-Mania-Logo-Square-Orange.png","contentUrl":"https:\/\/www.dakarmania.cz\/wp-content\/uploads\/2018\/12\/Dakar-Mania-Logo-Square-Orange.png","width":992,"height":992,"caption":"DAKAR MANIA"},"image":{"@id":"https:\/\/www.dakarmania.cz\/#\/schema\/logo\/image\/"},"sameAs":["https:\/\/www.facebook.com\/dakarmania\/"]},{"@type":"Person","@id":"https:\/\/www.dakarmania.cz\/#\/schema\/person\/04eb0e87a389631c2169c0dddae7ff1e","name":"Zden\u011bk Zelenka","image":{"@type":"ImageObject","inLanguage":"cs","@id":"https:\/\/www.dakarmania.cz\/#\/schema\/person\/image\/","url":"https:\/\/secure.gravatar.com\/avatar\/2c80d5a4942fe0900b73cc7d3837a509d6ee0a276a2b76dac95c92bd0763a89b?s=96&d=mm&r=g","contentUrl":"https:\/\/secure.gravatar.com\/avatar\/2c80d5a4942fe0900b73cc7d3837a509d6ee0a276a2b76dac95c92bd0763a89b?s=96&d=mm&r=g","caption":"Zden\u011bk Zelenka"},"description":"Moji d\u011bt\u0161t\u00ed hrdinov\u00e9 se jmenovali Loprais, Moskal, Neveu, Vatanen, Rahier... A tihle borci, jejich n\u00e1sledovn\u00edci a jejich p\u0159\u00edb\u011bhy m\u011b nep\u0159estali fascinovat ani po letech, kdy jsem vyrostl a zam\u011bstn\u00e1valy m\u011b jin\u00e9 discipl\u00edny motorsportu. Proto se zrodila DAKARMANIA.","url":"https:\/\/www.dakarmania.cz\/index.php\/author\/dakarmania\/"}]}},"amp_enabled":true,"_links":{"self":[{"href":"https:\/\/www.dakarmania.cz\/index.php\/wp-json\/wp\/v2\/posts\/8729","targetHints":{"allow":["GET"]}}],"collection":[{"href":"https:\/\/www.dakarmania.cz\/index.php\/wp-json\/wp\/v2\/posts"}],"about":[{"href":"https:\/\/www.dakarmania.cz\/index.php\/wp-json\/wp\/v2\/types\/post"}],"author":[{"embeddable":true,"href":"https:\/\/www.dakarmania.cz\/index.php\/wp-json\/wp\/v2\/users\/1"}],"replies":[{"embeddable":true,"href":"https:\/\/www.dakarmania.cz\/index.php\/wp-json\/wp\/v2\/comments?post=8729"}],"version-history":[{"count":5,"href":"https:\/\/www.dakarmania.cz\/index.php\/wp-json\/wp\/v2\/posts\/8729\/revisions"}],"predecessor-version":[{"id":12786,"href":"https:\/\/www.dakarmania.cz\/index.php\/wp-json\/wp\/v2\/posts\/8729\/revisions\/12786"}],"wp:featuredmedia":[{"embeddable":true,"href":"https:\/\/www.dakarmania.cz\/index.php\/wp-json\/wp\/v2\/media\/8727"}],"wp:attachment":[{"href":"https:\/\/www.dakarmania.cz\/index.php\/wp-json\/wp\/v2\/media?parent=8729"}],"wp:term":[{"taxonomy":"category","embeddable":true,"href":"https:\/\/www.dakarmania.cz\/index.php\/wp-json\/wp\/v2\/categories?post=8729"},{"taxonomy":"post_tag","embeddable":true,"href":"https:\/\/www.dakarmania.cz\/index.php\/wp-json\/wp\/v2\/tags?post=8729"}],"curies":[{"name":"wp","href":"https:\/\/api.w.org\/{rel}","templated":true}]}}