{"id":8804,"date":"2019-07-14T17:47:23","date_gmt":"2019-07-14T15:47:23","guid":{"rendered":"https:\/\/www.dakarmania.cz\/?p=8804"},"modified":"2023-02-14T19:34:10","modified_gmt":"2023-02-14T18:34:10","slug":"kapotovany-maz-na-silk-way-definitivne-konci","status":"publish","type":"post","link":"https:\/\/www.dakarmania.cz\/index.php\/2019\/07\/14\/kapotovany-maz-na-silk-way-definitivne-konci\/","title":{"rendered":"Kapotovan\u00fd MAZ na Silk Way definitivn\u011b kon\u010d\u00ed"},"content":{"rendered":"<p>[vc_row][vc_column][vc_column_text]<\/p>\n<h4>Pos\u00e1dka Sergej Vjazovi\u010d, Anton Zaporo\u0161\u010denko, Andrej \u017digulin vedla na Silk Way Rally 2019 od prvn\u00ed do sedm\u00e9 etapy, ale v c\u00edli sout\u011b\u017ee \u00fasp\u011bch slavit nebude. Kv\u016fli po\u0161kozen\u00ed, kter\u00e9 jej\u00ed MAZ 6440RR utrp\u011bl p\u0159i ned\u011bln\u00ed nehod\u011b, nem\u016f\u017ee v z\u00e1vod\u011b pokra\u010dovat.<\/h4>\n<p>K hav\u00e1rii do\u0161lo na 33. kilometru ned\u011bln\u00ed <a href=\"\/index.php\/2019\/07\/14\/silk-way-vjazovic-havaroval\/\">rychlostn\u00ed zkou\u0161ky<\/a>. B\u011blorusk\u00fd kamion ud\u011blal kotrmelec p\u0159es prav\u00fd bok na svahu jedn\u00e9 z dun. Podle ofici\u00e1ln\u00edho vyj\u00e1d\u0159en\u00ed t\u00fdmu MAZ-Sportauto sehr\u00e1la p\u0159i incidentu negativn\u00ed roli nov\u011b pou\u017e\u00edvan\u00e1 automatick\u00e1 p\u0159evodovka.[\/vc_column_text][vc_column_text css=&#8221;.vc_custom_1563118876395{padding-top: 10px !important;padding-right: 10px !important;padding-bottom: 20px !important;padding-left: 10px !important;background-color: #d8d8d8 !important;}&#8221;]<strong>Shrnut\u00ed 8. etapy:<\/strong><\/p>\n<p style=\"padding-left: 40px;\"><a href=\"\/index.php\/2019\/07\/14\/silk-way-vjazovic-havaroval\/\">KAMIONY: Vjazovi\u010d havaroval. V \u010dele t\u0159i Kamazy<\/a><\/p>\n<p>[\/vc_column_text][vc_column_text]P\u0159i pohledu z kabiny se zd\u00e1lo, \u017ee MAZ vj\u00ed\u017ed\u00ed do m\u011bkk\u00e9ho p\u00edsku. Jen\u017ee po de\u0161ti byl povrch mokr\u00fd a tvrd\u00fd. Probl\u00e9m byl v tom, \u017ee jezdec nem\u011bl \u2013 na rozd\u00edl od manu\u00e1ln\u00ed p\u0159evodovky \u2013 mo\u017enost pod\u0159adit a rychlost vozu byla vzhledem k podm\u00ednk\u00e1m p\u0159\u00edli\u0161 vysok\u00e1.<\/p>\n<p><em>\u201eP\u0159i\u0161el \u00fader do zadn\u00ed \u010d\u00e1sti a auto, kter\u00e9 bylo je\u0161t\u011b ve vzduchu, se za\u010dalo okam\u017eit\u011b p\u0159evracet. Obr\u00e1tili jsme se o 360 stup\u0148\u016f p\u0159es pravou stranu a dopadli jsme na kola,\u201c<\/em> popsal <a href=\"\/index.php\/osobnosti\/sergej-vjazovic\/\"><strong>Sergej Vjazovi\u010d<\/strong><\/a>. <em>\u201eAuto se nezastavilo a jelo d\u00e1l. Ale kdy\u017e jsem se oto\u010dil na kluky, abych se zeptal, jestli jsou v po\u0159\u00e1dku, v\u0161iml jsem si, \u017ee bezpe\u010dnostn\u00ed r\u00e1m nad mechanikem Andrejem \u017digulinem je prohnut\u00fd.\u201c<\/em>[\/vc_column_text][vc_single_image image=&#8221;8848&#8243; img_size=&#8221;large&#8221; add_caption=&#8221;yes&#8221; alignment=&#8221;center&#8221;][vc_column_text]<em>\u201ePo\u0161kozen\u00ed bylo velk\u00e9. R\u00e1m se t\u00e9m\u011b\u0159 dot\u00fdkal Andrejovy helmy. Okam\u017eit\u011b jsem zastavil. Bylo mi jasn\u00e9, \u017ee by n\u00e1s s takov\u00fdm po\u0161kozen\u00edm okam\u017eit\u011b vylou\u010dili, i kdybychom dojeli a\u017e do c\u00edle,\u201c<\/em> uzav\u0159el 40let\u00fd pilot.<\/p>\n<p>Pos\u00e1dka se vr\u00e1tila zp\u011bt na start rychlostn\u00ed zkou\u0161ky, kde ji vyzvedla asistence. Dostate\u010dn\u00e1 oprava bezpe\u010dnostn\u00edho r\u00e1mu nen\u00ed na m\u00edst\u011b mo\u017en\u00e1. Proto Vjazovi\u010d z pozice \u0161\u00e9fa t\u00fdmu MAZ-Sportauto potvrdil odstoupen\u00ed sv\u00e9 pos\u00e1dky ze z\u00e1vodu.[\/vc_column_text][\/vc_column][\/vc_row]<\/p>\n","protected":false},"excerpt":{"rendered":"<p>Pos\u00e1dka Sergej Vjazovi\u010d, Anton Zaporo\u0161\u010denko, Andrej \u017digulin vedla na Silk Way Rally 2019 od prvn\u00ed do sedm\u00e9 etapy, ale v c\u00edli sout\u011b\u017ee \u00fasp\u011bch slavit nebude.<\/p>\n","protected":false},"author":1,"featured_media":8803,"comment_status":"closed","ping_status":"closed","sticky":false,"template":"","format":"standard","meta":{"footnotes":""},"categories":[16,146],"tags":[425,874,873,160,610,161,1247,1248],"class_list":["post-8804","post","type-post","status-publish","format-standard","has-post-thumbnail","hentry","category-kamion","category-silk-way-rally","tag-425","tag-andrej-zigulin","tag-anton-zaporoscenko","tag-maz","tag-maz-sportauto","tag-sergej-vjazovic","tag-swr","tag-swr-2019"],"yoast_head":"<!-- This site is optimized with the Yoast SEO plugin v24.9 - https:\/\/yoast.com\/wordpress\/plugins\/seo\/ -->\n<title>Kapotovan\u00fd MAZ na Silk Way definitivn\u011b kon\u010d\u00ed - DAKARMANIA.cz<\/title>\n<meta name=\"description\" content=\"Pos\u00e1dka Sergej Vjazovi\u010d, Anton Zaporo\u0161\u010denko, Andrej \u017digulin vedla na Silk Way Rally 2019 od prvn\u00ed do sedm\u00e9 etapy, ale v c\u00edli sout\u011b\u017ee \u00fasp\u011bch slavit nebude.\" \/>\n<meta name=\"robots\" content=\"index, follow, max-snippet:-1, max-image-preview:large, max-video-preview:-1\" \/>\n<link rel=\"canonical\" href=\"https:\/\/www.dakarmania.cz\/index.php\/2019\/07\/14\/kapotovany-maz-na-silk-way-definitivne-konci\/\" \/>\n<meta property=\"og:locale\" content=\"cs_CZ\" \/>\n<meta property=\"og:type\" content=\"article\" \/>\n<meta property=\"og:title\" content=\"Kapotovan\u00fd MAZ na Silk Way definitivn\u011b kon\u010d\u00ed - DAKARMANIA.cz\" \/>\n<meta property=\"og:description\" content=\"Pos\u00e1dka Sergej Vjazovi\u010d, Anton Zaporo\u0161\u010denko, Andrej \u017digulin vedla na Silk Way Rally 2019 od prvn\u00ed do sedm\u00e9 etapy, ale v c\u00edli sout\u011b\u017ee \u00fasp\u011bch slavit nebude.\" \/>\n<meta property=\"og:url\" content=\"https:\/\/www.dakarmania.cz\/index.php\/2019\/07\/14\/kapotovany-maz-na-silk-way-definitivne-konci\/\" \/>\n<meta property=\"og:site_name\" content=\"DAKARMANIA.cz\" \/>\n<meta property=\"article:publisher\" content=\"https:\/\/www.facebook.com\/dakarmania\/\" \/>\n<meta property=\"article:published_time\" content=\"2019-07-14T15:47:23+00:00\" \/>\n<meta property=\"article:modified_time\" content=\"2023-02-14T18:34:10+00:00\" \/>\n<meta property=\"og:image\" content=\"https:\/\/www.dakarmania.cz\/wp-content\/uploads\/2019\/07\/19-swr-vjazovic-09.jpg\" \/>\n\t<meta property=\"og:image:width\" content=\"1600\" \/>\n\t<meta property=\"og:image:height\" content=\"1066\" \/>\n\t<meta property=\"og:image:type\" content=\"image\/jpeg\" \/>\n<meta name=\"author\" content=\"Zden\u011bk Zelenka\" \/>\n<meta name=\"twitter:card\" content=\"summary_large_image\" \/>\n<meta name=\"twitter:label1\" content=\"Napsal(a)\" \/>\n\t<meta name=\"twitter:data1\" content=\"Zden\u011bk Zelenka\" \/>\n\t<meta name=\"twitter:label2\" content=\"Odhadovan\u00e1 doba \u010dten\u00ed\" \/>\n\t<meta name=\"twitter:data2\" content=\"2 minuty\" \/>\n<script type=\"application\/ld+json\" class=\"yoast-schema-graph\">{\"@context\":\"https:\/\/schema.org\",\"@graph\":[{\"@type\":\"Article\",\"@id\":\"https:\/\/www.dakarmania.cz\/index.php\/2019\/07\/14\/kapotovany-maz-na-silk-way-definitivne-konci\/#article\",\"isPartOf\":{\"@id\":\"https:\/\/www.dakarmania.cz\/index.php\/2019\/07\/14\/kapotovany-maz-na-silk-way-definitivne-konci\/\"},\"author\":{\"name\":\"Zden\u011bk Zelenka\",\"@id\":\"https:\/\/www.dakarmania.cz\/#\/schema\/person\/04eb0e87a389631c2169c0dddae7ff1e\"},\"headline\":\"Kapotovan\u00fd MAZ na Silk Way definitivn\u011b kon\u010d\u00ed\",\"datePublished\":\"2019-07-14T15:47:23+00:00\",\"dateModified\":\"2023-02-14T18:34:10+00:00\",\"mainEntityOfPage\":{\"@id\":\"https:\/\/www.dakarmania.cz\/index.php\/2019\/07\/14\/kapotovany-maz-na-silk-way-definitivne-konci\/\"},\"wordCount\":412,\"publisher\":{\"@id\":\"https:\/\/www.dakarmania.cz\/#organization\"},\"image\":{\"@id\":\"https:\/\/www.dakarmania.cz\/index.php\/2019\/07\/14\/kapotovany-maz-na-silk-way-definitivne-konci\/#primaryimage\"},\"thumbnailUrl\":\"https:\/\/www.dakarmania.cz\/wp-content\/uploads\/2019\/07\/19-swr-vjazovic-09.jpg\",\"keywords\":[\"2019\",\"Andrej \u017digulin\",\"Anton Zaporo\u0161\u010denko\",\"MAZ\",\"MAZ-Sportauto\",\"Sergej Vjazovi\u010d\",\"SWR\",\"SWR 2019\"],\"articleSection\":[\"Kamiony\",\"Silk Way Rally\"],\"inLanguage\":\"cs\"},{\"@type\":\"WebPage\",\"@id\":\"https:\/\/www.dakarmania.cz\/index.php\/2019\/07\/14\/kapotovany-maz-na-silk-way-definitivne-konci\/\",\"url\":\"https:\/\/www.dakarmania.cz\/index.php\/2019\/07\/14\/kapotovany-maz-na-silk-way-definitivne-konci\/\",\"name\":\"Kapotovan\u00fd MAZ na Silk Way definitivn\u011b kon\u010d\u00ed - DAKARMANIA.cz\",\"isPartOf\":{\"@id\":\"https:\/\/www.dakarmania.cz\/#website\"},\"primaryImageOfPage\":{\"@id\":\"https:\/\/www.dakarmania.cz\/index.php\/2019\/07\/14\/kapotovany-maz-na-silk-way-definitivne-konci\/#primaryimage\"},\"image\":{\"@id\":\"https:\/\/www.dakarmania.cz\/index.php\/2019\/07\/14\/kapotovany-maz-na-silk-way-definitivne-konci\/#primaryimage\"},\"thumbnailUrl\":\"https:\/\/www.dakarmania.cz\/wp-content\/uploads\/2019\/07\/19-swr-vjazovic-09.jpg\",\"datePublished\":\"2019-07-14T15:47:23+00:00\",\"dateModified\":\"2023-02-14T18:34:10+00:00\",\"description\":\"Pos\u00e1dka Sergej Vjazovi\u010d, Anton Zaporo\u0161\u010denko, Andrej \u017digulin vedla na Silk Way Rally 2019 od prvn\u00ed do sedm\u00e9 etapy, ale v c\u00edli sout\u011b\u017ee \u00fasp\u011bch slavit nebude.\",\"breadcrumb\":{\"@id\":\"https:\/\/www.dakarmania.cz\/index.php\/2019\/07\/14\/kapotovany-maz-na-silk-way-definitivne-konci\/#breadcrumb\"},\"inLanguage\":\"cs\",\"potentialAction\":[{\"@type\":\"ReadAction\",\"target\":[\"https:\/\/www.dakarmania.cz\/index.php\/2019\/07\/14\/kapotovany-maz-na-silk-way-definitivne-konci\/\"]}]},{\"@type\":\"ImageObject\",\"inLanguage\":\"cs\",\"@id\":\"https:\/\/www.dakarmania.cz\/index.php\/2019\/07\/14\/kapotovany-maz-na-silk-way-definitivne-konci\/#primaryimage\",\"url\":\"https:\/\/www.dakarmania.cz\/wp-content\/uploads\/2019\/07\/19-swr-vjazovic-09.jpg\",\"contentUrl\":\"https:\/\/www.dakarmania.cz\/wp-content\/uploads\/2019\/07\/19-swr-vjazovic-09.jpg\",\"width\":1600,\"height\":1066,\"caption\":\"Sergej Vjazovi\u010d, MAZ-Sportauto. Silk Way Rally 2019. \u00a9 MAZ\"},{\"@type\":\"BreadcrumbList\",\"@id\":\"https:\/\/www.dakarmania.cz\/index.php\/2019\/07\/14\/kapotovany-maz-na-silk-way-definitivne-konci\/#breadcrumb\",\"itemListElement\":[{\"@type\":\"ListItem\",\"position\":1,\"name\":\"Dom\u016f\",\"item\":\"https:\/\/www.dakarmania.cz\/\"},{\"@type\":\"ListItem\",\"position\":2,\"name\":\"Kapotovan\u00fd MAZ na Silk Way definitivn\u011b kon\u010d\u00ed\"}]},{\"@type\":\"WebSite\",\"@id\":\"https:\/\/www.dakarmania.cz\/#website\",\"url\":\"https:\/\/www.dakarmania.cz\/\",\"name\":\"DAKARMANIA.cz\",\"description\":\"\u017dijeme Dakarem cel\u00fd rok\",\"publisher\":{\"@id\":\"https:\/\/www.dakarmania.cz\/#organization\"},\"potentialAction\":[{\"@type\":\"SearchAction\",\"target\":{\"@type\":\"EntryPoint\",\"urlTemplate\":\"https:\/\/www.dakarmania.cz\/?s={search_term_string}\"},\"query-input\":{\"@type\":\"PropertyValueSpecification\",\"valueRequired\":true,\"valueName\":\"search_term_string\"}}],\"inLanguage\":\"cs\"},{\"@type\":\"Organization\",\"@id\":\"https:\/\/www.dakarmania.cz\/#organization\",\"name\":\"DAKAR MANIA\",\"url\":\"https:\/\/www.dakarmania.cz\/\",\"logo\":{\"@type\":\"ImageObject\",\"inLanguage\":\"cs\",\"@id\":\"https:\/\/www.dakarmania.cz\/#\/schema\/logo\/image\/\",\"url\":\"https:\/\/www.dakarmania.cz\/wp-content\/uploads\/2018\/12\/Dakar-Mania-Logo-Square-Orange.png\",\"contentUrl\":\"https:\/\/www.dakarmania.cz\/wp-content\/uploads\/2018\/12\/Dakar-Mania-Logo-Square-Orange.png\",\"width\":992,\"height\":992,\"caption\":\"DAKAR MANIA\"},\"image\":{\"@id\":\"https:\/\/www.dakarmania.cz\/#\/schema\/logo\/image\/\"},\"sameAs\":[\"https:\/\/www.facebook.com\/dakarmania\/\"]},{\"@type\":\"Person\",\"@id\":\"https:\/\/www.dakarmania.cz\/#\/schema\/person\/04eb0e87a389631c2169c0dddae7ff1e\",\"name\":\"Zden\u011bk Zelenka\",\"image\":{\"@type\":\"ImageObject\",\"inLanguage\":\"cs\",\"@id\":\"https:\/\/www.dakarmania.cz\/#\/schema\/person\/image\/\",\"url\":\"https:\/\/secure.gravatar.com\/avatar\/2c80d5a4942fe0900b73cc7d3837a509d6ee0a276a2b76dac95c92bd0763a89b?s=96&d=mm&r=g\",\"contentUrl\":\"https:\/\/secure.gravatar.com\/avatar\/2c80d5a4942fe0900b73cc7d3837a509d6ee0a276a2b76dac95c92bd0763a89b?s=96&d=mm&r=g\",\"caption\":\"Zden\u011bk Zelenka\"},\"description\":\"Moji d\u011bt\u0161t\u00ed hrdinov\u00e9 se jmenovali Loprais, Moskal, Neveu, Vatanen, Rahier... A tihle borci, jejich n\u00e1sledovn\u00edci a jejich p\u0159\u00edb\u011bhy m\u011b nep\u0159estali fascinovat ani po letech, kdy jsem vyrostl a zam\u011bstn\u00e1valy m\u011b jin\u00e9 discipl\u00edny motorsportu. Proto se zrodila DAKARMANIA.\",\"url\":\"https:\/\/www.dakarmania.cz\/index.php\/author\/dakarmania\/\"}]}<\/script>\n<!-- \/ Yoast SEO plugin. -->","yoast_head_json":{"title":"Kapotovan\u00fd MAZ na Silk Way definitivn\u011b kon\u010d\u00ed - DAKARMANIA.cz","description":"Pos\u00e1dka Sergej Vjazovi\u010d, Anton Zaporo\u0161\u010denko, Andrej \u017digulin vedla na Silk Way Rally 2019 od prvn\u00ed do sedm\u00e9 etapy, ale v c\u00edli sout\u011b\u017ee \u00fasp\u011bch slavit nebude.","robots":{"index":"index","follow":"follow","max-snippet":"max-snippet:-1","max-image-preview":"max-image-preview:large","max-video-preview":"max-video-preview:-1"},"canonical":"https:\/\/www.dakarmania.cz\/index.php\/2019\/07\/14\/kapotovany-maz-na-silk-way-definitivne-konci\/","og_locale":"cs_CZ","og_type":"article","og_title":"Kapotovan\u00fd MAZ na Silk Way definitivn\u011b kon\u010d\u00ed - DAKARMANIA.cz","og_description":"Pos\u00e1dka Sergej Vjazovi\u010d, Anton Zaporo\u0161\u010denko, Andrej \u017digulin vedla na Silk Way Rally 2019 od prvn\u00ed do sedm\u00e9 etapy, ale v c\u00edli sout\u011b\u017ee \u00fasp\u011bch slavit nebude.","og_url":"https:\/\/www.dakarmania.cz\/index.php\/2019\/07\/14\/kapotovany-maz-na-silk-way-definitivne-konci\/","og_site_name":"DAKARMANIA.cz","article_publisher":"https:\/\/www.facebook.com\/dakarmania\/","article_published_time":"2019-07-14T15:47:23+00:00","article_modified_time":"2023-02-14T18:34:10+00:00","og_image":[{"width":1600,"height":1066,"url":"https:\/\/www.dakarmania.cz\/wp-content\/uploads\/2019\/07\/19-swr-vjazovic-09.jpg","type":"image\/jpeg"}],"author":"Zden\u011bk Zelenka","twitter_card":"summary_large_image","twitter_misc":{"Napsal(a)":"Zden\u011bk Zelenka","Odhadovan\u00e1 doba \u010dten\u00ed":"2 minuty"},"schema":{"@context":"https:\/\/schema.org","@graph":[{"@type":"Article","@id":"https:\/\/www.dakarmania.cz\/index.php\/2019\/07\/14\/kapotovany-maz-na-silk-way-definitivne-konci\/#article","isPartOf":{"@id":"https:\/\/www.dakarmania.cz\/index.php\/2019\/07\/14\/kapotovany-maz-na-silk-way-definitivne-konci\/"},"author":{"name":"Zden\u011bk Zelenka","@id":"https:\/\/www.dakarmania.cz\/#\/schema\/person\/04eb0e87a389631c2169c0dddae7ff1e"},"headline":"Kapotovan\u00fd MAZ na Silk Way definitivn\u011b kon\u010d\u00ed","datePublished":"2019-07-14T15:47:23+00:00","dateModified":"2023-02-14T18:34:10+00:00","mainEntityOfPage":{"@id":"https:\/\/www.dakarmania.cz\/index.php\/2019\/07\/14\/kapotovany-maz-na-silk-way-definitivne-konci\/"},"wordCount":412,"publisher":{"@id":"https:\/\/www.dakarmania.cz\/#organization"},"image":{"@id":"https:\/\/www.dakarmania.cz\/index.php\/2019\/07\/14\/kapotovany-maz-na-silk-way-definitivne-konci\/#primaryimage"},"thumbnailUrl":"https:\/\/www.dakarmania.cz\/wp-content\/uploads\/2019\/07\/19-swr-vjazovic-09.jpg","keywords":["2019","Andrej \u017digulin","Anton Zaporo\u0161\u010denko","MAZ","MAZ-Sportauto","Sergej Vjazovi\u010d","SWR","SWR 2019"],"articleSection":["Kamiony","Silk Way Rally"],"inLanguage":"cs"},{"@type":"WebPage","@id":"https:\/\/www.dakarmania.cz\/index.php\/2019\/07\/14\/kapotovany-maz-na-silk-way-definitivne-konci\/","url":"https:\/\/www.dakarmania.cz\/index.php\/2019\/07\/14\/kapotovany-maz-na-silk-way-definitivne-konci\/","name":"Kapotovan\u00fd MAZ na Silk Way definitivn\u011b kon\u010d\u00ed - DAKARMANIA.cz","isPartOf":{"@id":"https:\/\/www.dakarmania.cz\/#website"},"primaryImageOfPage":{"@id":"https:\/\/www.dakarmania.cz\/index.php\/2019\/07\/14\/kapotovany-maz-na-silk-way-definitivne-konci\/#primaryimage"},"image":{"@id":"https:\/\/www.dakarmania.cz\/index.php\/2019\/07\/14\/kapotovany-maz-na-silk-way-definitivne-konci\/#primaryimage"},"thumbnailUrl":"https:\/\/www.dakarmania.cz\/wp-content\/uploads\/2019\/07\/19-swr-vjazovic-09.jpg","datePublished":"2019-07-14T15:47:23+00:00","dateModified":"2023-02-14T18:34:10+00:00","description":"Pos\u00e1dka Sergej Vjazovi\u010d, Anton Zaporo\u0161\u010denko, Andrej \u017digulin vedla na Silk Way Rally 2019 od prvn\u00ed do sedm\u00e9 etapy, ale v c\u00edli sout\u011b\u017ee \u00fasp\u011bch slavit nebude.","breadcrumb":{"@id":"https:\/\/www.dakarmania.cz\/index.php\/2019\/07\/14\/kapotovany-maz-na-silk-way-definitivne-konci\/#breadcrumb"},"inLanguage":"cs","potentialAction":[{"@type":"ReadAction","target":["https:\/\/www.dakarmania.cz\/index.php\/2019\/07\/14\/kapotovany-maz-na-silk-way-definitivne-konci\/"]}]},{"@type":"ImageObject","inLanguage":"cs","@id":"https:\/\/www.dakarmania.cz\/index.php\/2019\/07\/14\/kapotovany-maz-na-silk-way-definitivne-konci\/#primaryimage","url":"https:\/\/www.dakarmania.cz\/wp-content\/uploads\/2019\/07\/19-swr-vjazovic-09.jpg","contentUrl":"https:\/\/www.dakarmania.cz\/wp-content\/uploads\/2019\/07\/19-swr-vjazovic-09.jpg","width":1600,"height":1066,"caption":"Sergej Vjazovi\u010d, MAZ-Sportauto. Silk Way Rally 2019. \u00a9 MAZ"},{"@type":"BreadcrumbList","@id":"https:\/\/www.dakarmania.cz\/index.php\/2019\/07\/14\/kapotovany-maz-na-silk-way-definitivne-konci\/#breadcrumb","itemListElement":[{"@type":"ListItem","position":1,"name":"Dom\u016f","item":"https:\/\/www.dakarmania.cz\/"},{"@type":"ListItem","position":2,"name":"Kapotovan\u00fd MAZ na Silk Way definitivn\u011b kon\u010d\u00ed"}]},{"@type":"WebSite","@id":"https:\/\/www.dakarmania.cz\/#website","url":"https:\/\/www.dakarmania.cz\/","name":"DAKARMANIA.cz","description":"\u017dijeme Dakarem cel\u00fd rok","publisher":{"@id":"https:\/\/www.dakarmania.cz\/#organization"},"potentialAction":[{"@type":"SearchAction","target":{"@type":"EntryPoint","urlTemplate":"https:\/\/www.dakarmania.cz\/?s={search_term_string}"},"query-input":{"@type":"PropertyValueSpecification","valueRequired":true,"valueName":"search_term_string"}}],"inLanguage":"cs"},{"@type":"Organization","@id":"https:\/\/www.dakarmania.cz\/#organization","name":"DAKAR MANIA","url":"https:\/\/www.dakarmania.cz\/","logo":{"@type":"ImageObject","inLanguage":"cs","@id":"https:\/\/www.dakarmania.cz\/#\/schema\/logo\/image\/","url":"https:\/\/www.dakarmania.cz\/wp-content\/uploads\/2018\/12\/Dakar-Mania-Logo-Square-Orange.png","contentUrl":"https:\/\/www.dakarmania.cz\/wp-content\/uploads\/2018\/12\/Dakar-Mania-Logo-Square-Orange.png","width":992,"height":992,"caption":"DAKAR MANIA"},"image":{"@id":"https:\/\/www.dakarmania.cz\/#\/schema\/logo\/image\/"},"sameAs":["https:\/\/www.facebook.com\/dakarmania\/"]},{"@type":"Person","@id":"https:\/\/www.dakarmania.cz\/#\/schema\/person\/04eb0e87a389631c2169c0dddae7ff1e","name":"Zden\u011bk Zelenka","image":{"@type":"ImageObject","inLanguage":"cs","@id":"https:\/\/www.dakarmania.cz\/#\/schema\/person\/image\/","url":"https:\/\/secure.gravatar.com\/avatar\/2c80d5a4942fe0900b73cc7d3837a509d6ee0a276a2b76dac95c92bd0763a89b?s=96&d=mm&r=g","contentUrl":"https:\/\/secure.gravatar.com\/avatar\/2c80d5a4942fe0900b73cc7d3837a509d6ee0a276a2b76dac95c92bd0763a89b?s=96&d=mm&r=g","caption":"Zden\u011bk Zelenka"},"description":"Moji d\u011bt\u0161t\u00ed hrdinov\u00e9 se jmenovali Loprais, Moskal, Neveu, Vatanen, Rahier... A tihle borci, jejich n\u00e1sledovn\u00edci a jejich p\u0159\u00edb\u011bhy m\u011b nep\u0159estali fascinovat ani po letech, kdy jsem vyrostl a zam\u011bstn\u00e1valy m\u011b jin\u00e9 discipl\u00edny motorsportu. Proto se zrodila DAKARMANIA.","url":"https:\/\/www.dakarmania.cz\/index.php\/author\/dakarmania\/"}]}},"amp_enabled":true,"_links":{"self":[{"href":"https:\/\/www.dakarmania.cz\/index.php\/wp-json\/wp\/v2\/posts\/8804","targetHints":{"allow":["GET"]}}],"collection":[{"href":"https:\/\/www.dakarmania.cz\/index.php\/wp-json\/wp\/v2\/posts"}],"about":[{"href":"https:\/\/www.dakarmania.cz\/index.php\/wp-json\/wp\/v2\/types\/post"}],"author":[{"embeddable":true,"href":"https:\/\/www.dakarmania.cz\/index.php\/wp-json\/wp\/v2\/users\/1"}],"replies":[{"embeddable":true,"href":"https:\/\/www.dakarmania.cz\/index.php\/wp-json\/wp\/v2\/comments?post=8804"}],"version-history":[{"count":7,"href":"https:\/\/www.dakarmania.cz\/index.php\/wp-json\/wp\/v2\/posts\/8804\/revisions"}],"predecessor-version":[{"id":25281,"href":"https:\/\/www.dakarmania.cz\/index.php\/wp-json\/wp\/v2\/posts\/8804\/revisions\/25281"}],"wp:featuredmedia":[{"embeddable":true,"href":"https:\/\/www.dakarmania.cz\/index.php\/wp-json\/wp\/v2\/media\/8803"}],"wp:attachment":[{"href":"https:\/\/www.dakarmania.cz\/index.php\/wp-json\/wp\/v2\/media?parent=8804"}],"wp:term":[{"taxonomy":"category","embeddable":true,"href":"https:\/\/www.dakarmania.cz\/index.php\/wp-json\/wp\/v2\/categories?post=8804"},{"taxonomy":"post_tag","embeddable":true,"href":"https:\/\/www.dakarmania.cz\/index.php\/wp-json\/wp\/v2\/tags?post=8804"}],"curies":[{"name":"wp","href":"https:\/\/api.w.org\/{rel}","templated":true}]}}