{"id":8934,"date":"2019-07-16T08:02:16","date_gmt":"2019-07-16T06:02:16","guid":{"rendered":"https:\/\/www.dakarmania.cz\/?p=8934"},"modified":"2020-07-06T13:03:26","modified_gmt":"2020-07-06T11:03:26","slug":"jan-brabec-jsem-v-cajku-za-mesic-sedam-na-motorku","status":"publish","type":"post","link":"https:\/\/www.dakarmania.cz\/index.php\/2019\/07\/16\/jan-brabec-jsem-v-cajku-za-mesic-sedam-na-motorku\/","title":{"rendered":"Jan Brabec: Jsem v cajku, za m\u011bs\u00edc sed\u00e1m na motorku"},"content":{"rendered":"<p>[vc_row][vc_column][vc_column_text]<\/p>\n<h4>Motocyklista Jan Brabec z t\u00fdmu Big Shock Racing zah\u00e1jil p\u0159\u00edpravy na Dakar 2020 sv\u00e9r\u00e1zn\u011b. Po t\u00fddnu testov\u00e1n\u00ed, kter\u00e9 prob\u011bhlo koncem kv\u011btna v tunisk\u00e9 pou\u0161ti, p\u0159i\u0161el nep\u0159\u00edjemn\u00fd p\u00e1d a zlomenina nohy, palc\u016f, \u017eeber a pohmo\u017ed\u011bn\u00ed zad. N\u00e1sledovala z\u00e1chrann\u00e1 akce, operace, transfuze a pobyt v nemocnici na Djerb\u011b.<\/h4>\n<p>Po transportu do \u010cR <a href=\"\/index.php\/osobnosti\/jan-brabec\/\">Jana Brabce<\/a> \u010dekaly dal\u0161\u00ed z\u00e1kroky v \u00darazov\u00e9 nemocnici v Brn\u011b. Minul\u00fd t\u00fdden u\u017e ale l\u00e9ka\u0159i Honzovi vyt\u00e1hli z t\u011bla p\u0159ebyte\u010dn\u00e1 \u017eeleza, \u010desk\u00fd z\u00e1vodn\u00edk zahodil s\u00e1dry a bez zbyte\u010dn\u00fdch pr\u016ftah\u016f se pustil do dal\u0161\u00edch tr\u00e9nink\u016f p\u0159ed <a href=\"\/index.php\/souteze\/dakar-2020\/\">Dakarem 2020<\/a>. Kondici mu v\u00fdrazn\u011b zlep\u0161ila tak\u00e9 nov\u00e1 dakarsk\u00e1 motorka, \u010derstv\u011b zaparkovan\u00e1 v gar\u00e1\u017ei.<\/p>\n<p><em>\u201eU\u017e jsem v cajku, za m\u011bs\u00edc sed\u00e1m na motorku, za dal\u0161\u00ed dva jedu <a href=\"\/index.php\/souteze\/maroc-2019\/\">Rallye du Maroc<\/a>. Je to o hlav\u011b. Nejd\u016fle\u017eit\u011bj\u0161\u00ed je motivace a pozitivn\u00ed mysl,\u201c<\/em> \u0159\u00edk\u00e1 <strong>Jan Brabec<\/strong>, kter\u00e9mu u\u017e evidentn\u011b otrnulo.<\/p>\n<p>Kdo by si myslel, \u017ee bude po pro\u017eit\u00fdch \u00fatrap\u00e1ch opatrn\u011bj\u0161\u00ed, ten se m\u00fdl\u00ed.<\/p>\n<p><em>\u201eBrzdit nebudu. \u0158\u00edd\u00edm se heslem: tr\u00e9nuj tak, jak bude\u0161 z\u00e1vodit. P\u00e1dy k tomu pat\u0159\u00ed. Naopak, dostal jsem chu\u0165 znovu m\u00e1knout,\u201c<\/em> dod\u00e1v\u00e1 Brab\u010d\u00e1k.[\/vc_column_text][vc_single_image image=&#8221;7248&#8243; img_size=&#8221;large&#8221; add_caption=&#8221;yes&#8221; alignment=&#8221;center&#8221;][vc_column_text]<\/p>\n<h4>Nesm\u00ed\u0161 se vypnout<\/h4>\n<p>Po nehod\u011b Honzu t\u00fdmov\u00ed kolegov\u00e9 a t\u00e1ta Libor p\u0159evezli na soukromou kliniku na Djerb\u011b, kde podstoupil operace zlomenin a tak\u00e9 transfuzi, kdy\u017e hematom na z\u00e1dech zap\u0159\u00ed\u010dinil nedostatek krve.<\/p>\n<p><em>\u201eMus\u00edm pochv\u00e1lit tuniskou nemocnici, postarali se o m\u011b perfektn\u011b. Dodnes jsem v kontaktu s doktorem, kter\u00fd m\u011b operoval. Dokonce se na m\u011b p\u0159i\u0161el pod\u00edvat i m\u00edstn\u00ed ministr kultury. Moc si ze setk\u00e1n\u00ed nepamatuji, ale p\u0159inesl mi kytku a bylo to mil\u00e9.\u201c<\/em><\/p>\n<p>Po t\u00fddnu byl jezdec stabilizov\u00e1n a transportov\u00e1n do \u010cR. Z leti\u0161t\u011b p\u0159ejel rovnou do \u00darazov\u00e9 nemocnice v Brn\u011b, kde prob\u011bhly reoperace. Po dal\u0161\u00edch \u010dtrn\u00e1cti dnech byl Honza kone\u010dn\u011b doma a od t\u00e9 chv\u00edle se jeho zdravotn\u00ed stav za\u010dal rychle lep\u0161it. Pod\u00edl na hladk\u00e9m pr\u016fb\u011bhu cel\u00e9 akce m\u00e1 i p\u0159\u00edtelkyn\u011b Nikol Hanikov\u00e1, kter\u00e1 s n\u00edm absolvovala celou nemocni\u010dn\u00ed anab\u00e1zi.<\/p>\n<p><em>\u201eAlespo\u0148 budu m\u00edt co vypr\u00e1v\u011bt b\u011bhem Posedl\u00fdch Dakarem. U\u017e m\u00e1me zamluven\u00e9 s\u00e1ly. V \u00fanoru vyr\u00e1\u017e\u00edme na turn\u00e9. B\u00e1li jsme se s Matesem, jestli budeme m\u00edt nov\u00e9 historky, ale vypad\u00e1 to, \u017ee nebude nouze.\u201c<\/em>[\/vc_column_text][vc_single_image image=&#8221;7233&#8243; img_size=&#8221;large&#8221; add_caption=&#8221;yes&#8221; alignment=&#8221;center&#8221;][vc_column_text]Honza bere ned\u00e1vn\u00fd p\u00e1d i t\u011b\u017ekosti s n\u00edm spojen\u00e9 jako dal\u0161\u00ed zku\u0161enost.<\/p>\n<p><em>\u201eKdy\u017e jsem se po t\u00e9 r\u00e1n\u011b sna\u017eil plazit k bivaku, pomohl mi i ment\u00e1ln\u00ed tr\u00e9nink Gabriela Troj\u010d\u00e1ka. Nesm\u00ed\u0161 se vypnout. Kdy\u017e po p\u00e1du z\u016fstane\u0161 p\u0159i v\u011bdom\u00ed, je d\u016fle\u017eit\u00e9 si ho udr\u017eet, nepanika\u0159it a s nastalou situac\u00ed se adekv\u00e1tn\u011b vypo\u0159\u00e1dat. To je i pro Dakar u\u017eite\u010dn\u00e1 zku\u0161enost,\u201c<\/em> \u0159\u00edk\u00e1 Brabec, kter\u00fd p\u0159esto douf\u00e1, \u017ee si p\u00e1dy pro leto\u0161n\u00ed dakarskou sezonu t\u00edmto definitivn\u011b vybral.<\/p>\n<h4>Motorka na babi\u010d\u010dinu po\u010dest<\/h4>\n<p>Na Brabcov\u011b rychl\u00e9m uzdravov\u00e1n\u00ed m\u00e1 z\u00e1sluhu i nov\u00e1 dakarsk\u00e1 motorka KTM 450 Rally, kter\u00e1 mezit\u00edm p\u0159ist\u00e1la v gar\u00e1\u017ei. Brab\u010d\u00e1k ji pojmenoval Ane\u017eka po svoj\u00ed babi\u010dce, kter\u00e1 byla jeho velkou fanynkou.<\/p>\n<p>Ane\u017eka si ale bude muset je\u0161t\u011b minim\u00e1ln\u011b m\u011bs\u00edc po\u010dkat, ne\u017e Honzu sveze. Nejd\u0159\u00edve je na programu tvrd\u00e1 d\u0159ina v posilovn\u011b. Z\u00e1vodn\u00edk u\u017e se pln\u011b sv\u011b\u0159il do rukou tren\u00e9ra Kofiho. Nejd\u016fle\u017eit\u011bj\u0161\u00edm \u00fakolem je te\u010f rozcvi\u010dit a pos\u00edlit zlomenou nohu, co\u017e by se do m\u011bs\u00edce m\u011blo poda\u0159it. Na Brab\u010d\u00e1ka \u010dekaj\u00ed hodiny fyzioterapie.<\/p>\n<p>Pak p\u0159ijde na \u0159adu tr\u00e9nink na motorce a u\u017e 3. \u0159\u00edjna se Jan Brabec chce postavit na start Rallye du Maroc.<\/p>\n<p>Tiskov\u00e1 zpr\u00e1va t\u00fdmu Big Shock Racing (editov\u00e1no)[\/vc_column_text][\/vc_column][\/vc_row]<\/p>\n","protected":false},"excerpt":{"rendered":"<p>Motocyklista Jan Brabec zah\u00e1jil p\u0159\u00edpravy na Dakar 2020 sv\u00e9r\u00e1zn\u011b. Po t\u00fddnu testov\u00e1n\u00ed, kter\u00e9 prob\u011bhlo koncem kv\u011btna v tunisk\u00e9 pou\u0161ti, p\u0159i\u0161el nep\u0159\u00edjemn\u00fd p\u00e1d.<\/p>\n","protected":false},"author":3,"featured_media":7234,"comment_status":"open","ping_status":"closed","sticky":false,"template":"","format":"standard","meta":{"footnotes":""},"categories":[637],"tags":[425,111,159,110,63],"class_list":["post-8934","post","type-post","status-publish","format-standard","has-post-thumbnail","hentry","category-tiskove-zpravy","tag-425","tag-big-shock-racing","tag-dakar-2020","tag-jan-brabec","tag-ktm"],"yoast_head":"<!-- This site is optimized with the Yoast SEO plugin v24.9 - https:\/\/yoast.com\/wordpress\/plugins\/seo\/ -->\n<title>Jan Brabec: Jsem v cajku, za m\u011bs\u00edc sed\u00e1m na motorku - DAKARMANIA.cz<\/title>\n<meta name=\"description\" content=\"Motocyklista Jan Brabec zah\u00e1jil p\u0159\u00edpravy na Dakar 2020 sv\u00e9r\u00e1zn\u011b. Po t\u00fddnu testov\u00e1n\u00ed, kter\u00e9 prob\u011bhlo koncem kv\u011btna v tunisk\u00e9 pou\u0161ti, p\u0159i\u0161el nep\u0159\u00edjemn\u00fd p\u00e1d.\" \/>\n<meta name=\"robots\" content=\"index, follow, max-snippet:-1, max-image-preview:large, max-video-preview:-1\" \/>\n<link rel=\"canonical\" href=\"https:\/\/www.dakarmania.cz\/index.php\/2019\/07\/16\/jan-brabec-jsem-v-cajku-za-mesic-sedam-na-motorku\/\" \/>\n<meta property=\"og:locale\" content=\"cs_CZ\" \/>\n<meta property=\"og:type\" content=\"article\" \/>\n<meta property=\"og:title\" content=\"Jan Brabec: Jsem v cajku, za m\u011bs\u00edc sed\u00e1m na motorku - DAKARMANIA.cz\" \/>\n<meta property=\"og:description\" content=\"Motocyklista Jan Brabec zah\u00e1jil p\u0159\u00edpravy na Dakar 2020 sv\u00e9r\u00e1zn\u011b. Po t\u00fddnu testov\u00e1n\u00ed, kter\u00e9 prob\u011bhlo koncem kv\u011btna v tunisk\u00e9 pou\u0161ti, p\u0159i\u0161el nep\u0159\u00edjemn\u00fd p\u00e1d.\" \/>\n<meta property=\"og:url\" content=\"https:\/\/www.dakarmania.cz\/index.php\/2019\/07\/16\/jan-brabec-jsem-v-cajku-za-mesic-sedam-na-motorku\/\" \/>\n<meta property=\"og:site_name\" content=\"DAKARMANIA.cz\" \/>\n<meta property=\"article:publisher\" content=\"https:\/\/www.facebook.com\/dakarmania\/\" \/>\n<meta property=\"article:published_time\" content=\"2019-07-16T06:02:16+00:00\" \/>\n<meta property=\"article:modified_time\" content=\"2020-07-06T11:03:26+00:00\" \/>\n<meta property=\"og:image\" content=\"https:\/\/www.dakarmania.cz\/wp-content\/uploads\/2019\/06\/19-tunis-test-brabec-02.jpg\" \/>\n\t<meta property=\"og:image:width\" content=\"1600\" \/>\n\t<meta property=\"og:image:height\" content=\"1066\" \/>\n\t<meta property=\"og:image:type\" content=\"image\/jpeg\" \/>\n<meta name=\"author\" content=\"tiskov\u00e1 zpr\u00e1va\" \/>\n<meta name=\"twitter:card\" content=\"summary_large_image\" \/>\n<meta name=\"twitter:label1\" content=\"Napsal(a)\" \/>\n\t<meta name=\"twitter:data1\" content=\"tiskov\u00e1 zpr\u00e1va\" \/>\n\t<meta name=\"twitter:label2\" content=\"Odhadovan\u00e1 doba \u010dten\u00ed\" \/>\n\t<meta name=\"twitter:data2\" content=\"4 minuty\" \/>\n<script type=\"application\/ld+json\" class=\"yoast-schema-graph\">{\"@context\":\"https:\/\/schema.org\",\"@graph\":[{\"@type\":\"Article\",\"@id\":\"https:\/\/www.dakarmania.cz\/index.php\/2019\/07\/16\/jan-brabec-jsem-v-cajku-za-mesic-sedam-na-motorku\/#article\",\"isPartOf\":{\"@id\":\"https:\/\/www.dakarmania.cz\/index.php\/2019\/07\/16\/jan-brabec-jsem-v-cajku-za-mesic-sedam-na-motorku\/\"},\"author\":{\"name\":\"tiskov\u00e1 zpr\u00e1va\",\"@id\":\"https:\/\/www.dakarmania.cz\/#\/schema\/person\/bce8d1fe3633b1178e150fc5e340d5dd\"},\"headline\":\"Jan Brabec: Jsem v cajku, za m\u011bs\u00edc sed\u00e1m na motorku\",\"datePublished\":\"2019-07-16T06:02:16+00:00\",\"dateModified\":\"2020-07-06T11:03:26+00:00\",\"mainEntityOfPage\":{\"@id\":\"https:\/\/www.dakarmania.cz\/index.php\/2019\/07\/16\/jan-brabec-jsem-v-cajku-za-mesic-sedam-na-motorku\/\"},\"wordCount\":741,\"commentCount\":0,\"publisher\":{\"@id\":\"https:\/\/www.dakarmania.cz\/#organization\"},\"image\":{\"@id\":\"https:\/\/www.dakarmania.cz\/index.php\/2019\/07\/16\/jan-brabec-jsem-v-cajku-za-mesic-sedam-na-motorku\/#primaryimage\"},\"thumbnailUrl\":\"https:\/\/www.dakarmania.cz\/wp-content\/uploads\/2019\/06\/19-tunis-test-brabec-02.jpg\",\"keywords\":[\"2019\",\"Big Shock! Racing\",\"Dakar 2020\",\"Jan Brabec\",\"KTM\"],\"articleSection\":[\"Tiskov\u00e9 zpr\u00e1vy\"],\"inLanguage\":\"cs\",\"potentialAction\":[{\"@type\":\"CommentAction\",\"name\":\"Comment\",\"target\":[\"https:\/\/www.dakarmania.cz\/index.php\/2019\/07\/16\/jan-brabec-jsem-v-cajku-za-mesic-sedam-na-motorku\/#respond\"]}]},{\"@type\":\"WebPage\",\"@id\":\"https:\/\/www.dakarmania.cz\/index.php\/2019\/07\/16\/jan-brabec-jsem-v-cajku-za-mesic-sedam-na-motorku\/\",\"url\":\"https:\/\/www.dakarmania.cz\/index.php\/2019\/07\/16\/jan-brabec-jsem-v-cajku-za-mesic-sedam-na-motorku\/\",\"name\":\"Jan Brabec: Jsem v cajku, za m\u011bs\u00edc sed\u00e1m na motorku - DAKARMANIA.cz\",\"isPartOf\":{\"@id\":\"https:\/\/www.dakarmania.cz\/#website\"},\"primaryImageOfPage\":{\"@id\":\"https:\/\/www.dakarmania.cz\/index.php\/2019\/07\/16\/jan-brabec-jsem-v-cajku-za-mesic-sedam-na-motorku\/#primaryimage\"},\"image\":{\"@id\":\"https:\/\/www.dakarmania.cz\/index.php\/2019\/07\/16\/jan-brabec-jsem-v-cajku-za-mesic-sedam-na-motorku\/#primaryimage\"},\"thumbnailUrl\":\"https:\/\/www.dakarmania.cz\/wp-content\/uploads\/2019\/06\/19-tunis-test-brabec-02.jpg\",\"datePublished\":\"2019-07-16T06:02:16+00:00\",\"dateModified\":\"2020-07-06T11:03:26+00:00\",\"description\":\"Motocyklista Jan Brabec zah\u00e1jil p\u0159\u00edpravy na Dakar 2020 sv\u00e9r\u00e1zn\u011b. Po t\u00fddnu testov\u00e1n\u00ed, kter\u00e9 prob\u011bhlo koncem kv\u011btna v tunisk\u00e9 pou\u0161ti, p\u0159i\u0161el nep\u0159\u00edjemn\u00fd p\u00e1d.\",\"breadcrumb\":{\"@id\":\"https:\/\/www.dakarmania.cz\/index.php\/2019\/07\/16\/jan-brabec-jsem-v-cajku-za-mesic-sedam-na-motorku\/#breadcrumb\"},\"inLanguage\":\"cs\",\"potentialAction\":[{\"@type\":\"ReadAction\",\"target\":[\"https:\/\/www.dakarmania.cz\/index.php\/2019\/07\/16\/jan-brabec-jsem-v-cajku-za-mesic-sedam-na-motorku\/\"]}]},{\"@type\":\"ImageObject\",\"inLanguage\":\"cs\",\"@id\":\"https:\/\/www.dakarmania.cz\/index.php\/2019\/07\/16\/jan-brabec-jsem-v-cajku-za-mesic-sedam-na-motorku\/#primaryimage\",\"url\":\"https:\/\/www.dakarmania.cz\/wp-content\/uploads\/2019\/06\/19-tunis-test-brabec-02.jpg\",\"contentUrl\":\"https:\/\/www.dakarmania.cz\/wp-content\/uploads\/2019\/06\/19-tunis-test-brabec-02.jpg\",\"width\":1600,\"height\":1066,\"caption\":\"Jan Brabec, Big Shock Racing. Testov\u00e1n\u00ed Tunisko 2019. \u00a9 Big Shock Racing\"},{\"@type\":\"BreadcrumbList\",\"@id\":\"https:\/\/www.dakarmania.cz\/index.php\/2019\/07\/16\/jan-brabec-jsem-v-cajku-za-mesic-sedam-na-motorku\/#breadcrumb\",\"itemListElement\":[{\"@type\":\"ListItem\",\"position\":1,\"name\":\"Dom\u016f\",\"item\":\"https:\/\/www.dakarmania.cz\/\"},{\"@type\":\"ListItem\",\"position\":2,\"name\":\"Jan Brabec: Jsem v cajku, za m\u011bs\u00edc sed\u00e1m na motorku\"}]},{\"@type\":\"WebSite\",\"@id\":\"https:\/\/www.dakarmania.cz\/#website\",\"url\":\"https:\/\/www.dakarmania.cz\/\",\"name\":\"DAKARMANIA.cz\",\"description\":\"\u017dijeme Dakarem cel\u00fd rok\",\"publisher\":{\"@id\":\"https:\/\/www.dakarmania.cz\/#organization\"},\"potentialAction\":[{\"@type\":\"SearchAction\",\"target\":{\"@type\":\"EntryPoint\",\"urlTemplate\":\"https:\/\/www.dakarmania.cz\/?s={search_term_string}\"},\"query-input\":{\"@type\":\"PropertyValueSpecification\",\"valueRequired\":true,\"valueName\":\"search_term_string\"}}],\"inLanguage\":\"cs\"},{\"@type\":\"Organization\",\"@id\":\"https:\/\/www.dakarmania.cz\/#organization\",\"name\":\"DAKAR MANIA\",\"url\":\"https:\/\/www.dakarmania.cz\/\",\"logo\":{\"@type\":\"ImageObject\",\"inLanguage\":\"cs\",\"@id\":\"https:\/\/www.dakarmania.cz\/#\/schema\/logo\/image\/\",\"url\":\"https:\/\/www.dakarmania.cz\/wp-content\/uploads\/2018\/12\/Dakar-Mania-Logo-Square-Orange.png\",\"contentUrl\":\"https:\/\/www.dakarmania.cz\/wp-content\/uploads\/2018\/12\/Dakar-Mania-Logo-Square-Orange.png\",\"width\":992,\"height\":992,\"caption\":\"DAKAR MANIA\"},\"image\":{\"@id\":\"https:\/\/www.dakarmania.cz\/#\/schema\/logo\/image\/\"},\"sameAs\":[\"https:\/\/www.facebook.com\/dakarmania\/\"]},{\"@type\":\"Person\",\"@id\":\"https:\/\/www.dakarmania.cz\/#\/schema\/person\/bce8d1fe3633b1178e150fc5e340d5dd\",\"name\":\"tiskov\u00e1 zpr\u00e1va\",\"image\":{\"@type\":\"ImageObject\",\"inLanguage\":\"cs\",\"@id\":\"https:\/\/www.dakarmania.cz\/#\/schema\/person\/image\/\",\"url\":\"https:\/\/secure.gravatar.com\/avatar\/19aefcb6c7bfae691fca4d805686c670f59bb4f7414c7b398b88dc9c8f4e96d5?s=96&d=mm&r=g\",\"contentUrl\":\"https:\/\/secure.gravatar.com\/avatar\/19aefcb6c7bfae691fca4d805686c670f59bb4f7414c7b398b88dc9c8f4e96d5?s=96&d=mm&r=g\",\"caption\":\"tiskov\u00e1 zpr\u00e1va\"},\"url\":\"https:\/\/www.dakarmania.cz\/index.php\/author\/tiskovezpravy\/\"}]}<\/script>\n<!-- \/ Yoast SEO plugin. -->","yoast_head_json":{"title":"Jan Brabec: Jsem v cajku, za m\u011bs\u00edc sed\u00e1m na motorku - DAKARMANIA.cz","description":"Motocyklista Jan Brabec zah\u00e1jil p\u0159\u00edpravy na Dakar 2020 sv\u00e9r\u00e1zn\u011b. Po t\u00fddnu testov\u00e1n\u00ed, kter\u00e9 prob\u011bhlo koncem kv\u011btna v tunisk\u00e9 pou\u0161ti, p\u0159i\u0161el nep\u0159\u00edjemn\u00fd p\u00e1d.","robots":{"index":"index","follow":"follow","max-snippet":"max-snippet:-1","max-image-preview":"max-image-preview:large","max-video-preview":"max-video-preview:-1"},"canonical":"https:\/\/www.dakarmania.cz\/index.php\/2019\/07\/16\/jan-brabec-jsem-v-cajku-za-mesic-sedam-na-motorku\/","og_locale":"cs_CZ","og_type":"article","og_title":"Jan Brabec: Jsem v cajku, za m\u011bs\u00edc sed\u00e1m na motorku - DAKARMANIA.cz","og_description":"Motocyklista Jan Brabec zah\u00e1jil p\u0159\u00edpravy na Dakar 2020 sv\u00e9r\u00e1zn\u011b. Po t\u00fddnu testov\u00e1n\u00ed, kter\u00e9 prob\u011bhlo koncem kv\u011btna v tunisk\u00e9 pou\u0161ti, p\u0159i\u0161el nep\u0159\u00edjemn\u00fd p\u00e1d.","og_url":"https:\/\/www.dakarmania.cz\/index.php\/2019\/07\/16\/jan-brabec-jsem-v-cajku-za-mesic-sedam-na-motorku\/","og_site_name":"DAKARMANIA.cz","article_publisher":"https:\/\/www.facebook.com\/dakarmania\/","article_published_time":"2019-07-16T06:02:16+00:00","article_modified_time":"2020-07-06T11:03:26+00:00","og_image":[{"width":1600,"height":1066,"url":"https:\/\/www.dakarmania.cz\/wp-content\/uploads\/2019\/06\/19-tunis-test-brabec-02.jpg","type":"image\/jpeg"}],"author":"tiskov\u00e1 zpr\u00e1va","twitter_card":"summary_large_image","twitter_misc":{"Napsal(a)":"tiskov\u00e1 zpr\u00e1va","Odhadovan\u00e1 doba \u010dten\u00ed":"4 minuty"},"schema":{"@context":"https:\/\/schema.org","@graph":[{"@type":"Article","@id":"https:\/\/www.dakarmania.cz\/index.php\/2019\/07\/16\/jan-brabec-jsem-v-cajku-za-mesic-sedam-na-motorku\/#article","isPartOf":{"@id":"https:\/\/www.dakarmania.cz\/index.php\/2019\/07\/16\/jan-brabec-jsem-v-cajku-za-mesic-sedam-na-motorku\/"},"author":{"name":"tiskov\u00e1 zpr\u00e1va","@id":"https:\/\/www.dakarmania.cz\/#\/schema\/person\/bce8d1fe3633b1178e150fc5e340d5dd"},"headline":"Jan Brabec: Jsem v cajku, za m\u011bs\u00edc sed\u00e1m na motorku","datePublished":"2019-07-16T06:02:16+00:00","dateModified":"2020-07-06T11:03:26+00:00","mainEntityOfPage":{"@id":"https:\/\/www.dakarmania.cz\/index.php\/2019\/07\/16\/jan-brabec-jsem-v-cajku-za-mesic-sedam-na-motorku\/"},"wordCount":741,"commentCount":0,"publisher":{"@id":"https:\/\/www.dakarmania.cz\/#organization"},"image":{"@id":"https:\/\/www.dakarmania.cz\/index.php\/2019\/07\/16\/jan-brabec-jsem-v-cajku-za-mesic-sedam-na-motorku\/#primaryimage"},"thumbnailUrl":"https:\/\/www.dakarmania.cz\/wp-content\/uploads\/2019\/06\/19-tunis-test-brabec-02.jpg","keywords":["2019","Big Shock! Racing","Dakar 2020","Jan Brabec","KTM"],"articleSection":["Tiskov\u00e9 zpr\u00e1vy"],"inLanguage":"cs","potentialAction":[{"@type":"CommentAction","name":"Comment","target":["https:\/\/www.dakarmania.cz\/index.php\/2019\/07\/16\/jan-brabec-jsem-v-cajku-za-mesic-sedam-na-motorku\/#respond"]}]},{"@type":"WebPage","@id":"https:\/\/www.dakarmania.cz\/index.php\/2019\/07\/16\/jan-brabec-jsem-v-cajku-za-mesic-sedam-na-motorku\/","url":"https:\/\/www.dakarmania.cz\/index.php\/2019\/07\/16\/jan-brabec-jsem-v-cajku-za-mesic-sedam-na-motorku\/","name":"Jan Brabec: Jsem v cajku, za m\u011bs\u00edc sed\u00e1m na motorku - DAKARMANIA.cz","isPartOf":{"@id":"https:\/\/www.dakarmania.cz\/#website"},"primaryImageOfPage":{"@id":"https:\/\/www.dakarmania.cz\/index.php\/2019\/07\/16\/jan-brabec-jsem-v-cajku-za-mesic-sedam-na-motorku\/#primaryimage"},"image":{"@id":"https:\/\/www.dakarmania.cz\/index.php\/2019\/07\/16\/jan-brabec-jsem-v-cajku-za-mesic-sedam-na-motorku\/#primaryimage"},"thumbnailUrl":"https:\/\/www.dakarmania.cz\/wp-content\/uploads\/2019\/06\/19-tunis-test-brabec-02.jpg","datePublished":"2019-07-16T06:02:16+00:00","dateModified":"2020-07-06T11:03:26+00:00","description":"Motocyklista Jan Brabec zah\u00e1jil p\u0159\u00edpravy na Dakar 2020 sv\u00e9r\u00e1zn\u011b. Po t\u00fddnu testov\u00e1n\u00ed, kter\u00e9 prob\u011bhlo koncem kv\u011btna v tunisk\u00e9 pou\u0161ti, p\u0159i\u0161el nep\u0159\u00edjemn\u00fd p\u00e1d.","breadcrumb":{"@id":"https:\/\/www.dakarmania.cz\/index.php\/2019\/07\/16\/jan-brabec-jsem-v-cajku-za-mesic-sedam-na-motorku\/#breadcrumb"},"inLanguage":"cs","potentialAction":[{"@type":"ReadAction","target":["https:\/\/www.dakarmania.cz\/index.php\/2019\/07\/16\/jan-brabec-jsem-v-cajku-za-mesic-sedam-na-motorku\/"]}]},{"@type":"ImageObject","inLanguage":"cs","@id":"https:\/\/www.dakarmania.cz\/index.php\/2019\/07\/16\/jan-brabec-jsem-v-cajku-za-mesic-sedam-na-motorku\/#primaryimage","url":"https:\/\/www.dakarmania.cz\/wp-content\/uploads\/2019\/06\/19-tunis-test-brabec-02.jpg","contentUrl":"https:\/\/www.dakarmania.cz\/wp-content\/uploads\/2019\/06\/19-tunis-test-brabec-02.jpg","width":1600,"height":1066,"caption":"Jan Brabec, Big Shock Racing. Testov\u00e1n\u00ed Tunisko 2019. \u00a9 Big Shock Racing"},{"@type":"BreadcrumbList","@id":"https:\/\/www.dakarmania.cz\/index.php\/2019\/07\/16\/jan-brabec-jsem-v-cajku-za-mesic-sedam-na-motorku\/#breadcrumb","itemListElement":[{"@type":"ListItem","position":1,"name":"Dom\u016f","item":"https:\/\/www.dakarmania.cz\/"},{"@type":"ListItem","position":2,"name":"Jan Brabec: Jsem v cajku, za m\u011bs\u00edc sed\u00e1m na motorku"}]},{"@type":"WebSite","@id":"https:\/\/www.dakarmania.cz\/#website","url":"https:\/\/www.dakarmania.cz\/","name":"DAKARMANIA.cz","description":"\u017dijeme Dakarem cel\u00fd rok","publisher":{"@id":"https:\/\/www.dakarmania.cz\/#organization"},"potentialAction":[{"@type":"SearchAction","target":{"@type":"EntryPoint","urlTemplate":"https:\/\/www.dakarmania.cz\/?s={search_term_string}"},"query-input":{"@type":"PropertyValueSpecification","valueRequired":true,"valueName":"search_term_string"}}],"inLanguage":"cs"},{"@type":"Organization","@id":"https:\/\/www.dakarmania.cz\/#organization","name":"DAKAR MANIA","url":"https:\/\/www.dakarmania.cz\/","logo":{"@type":"ImageObject","inLanguage":"cs","@id":"https:\/\/www.dakarmania.cz\/#\/schema\/logo\/image\/","url":"https:\/\/www.dakarmania.cz\/wp-content\/uploads\/2018\/12\/Dakar-Mania-Logo-Square-Orange.png","contentUrl":"https:\/\/www.dakarmania.cz\/wp-content\/uploads\/2018\/12\/Dakar-Mania-Logo-Square-Orange.png","width":992,"height":992,"caption":"DAKAR MANIA"},"image":{"@id":"https:\/\/www.dakarmania.cz\/#\/schema\/logo\/image\/"},"sameAs":["https:\/\/www.facebook.com\/dakarmania\/"]},{"@type":"Person","@id":"https:\/\/www.dakarmania.cz\/#\/schema\/person\/bce8d1fe3633b1178e150fc5e340d5dd","name":"tiskov\u00e1 zpr\u00e1va","image":{"@type":"ImageObject","inLanguage":"cs","@id":"https:\/\/www.dakarmania.cz\/#\/schema\/person\/image\/","url":"https:\/\/secure.gravatar.com\/avatar\/19aefcb6c7bfae691fca4d805686c670f59bb4f7414c7b398b88dc9c8f4e96d5?s=96&d=mm&r=g","contentUrl":"https:\/\/secure.gravatar.com\/avatar\/19aefcb6c7bfae691fca4d805686c670f59bb4f7414c7b398b88dc9c8f4e96d5?s=96&d=mm&r=g","caption":"tiskov\u00e1 zpr\u00e1va"},"url":"https:\/\/www.dakarmania.cz\/index.php\/author\/tiskovezpravy\/"}]}},"amp_enabled":true,"_links":{"self":[{"href":"https:\/\/www.dakarmania.cz\/index.php\/wp-json\/wp\/v2\/posts\/8934","targetHints":{"allow":["GET"]}}],"collection":[{"href":"https:\/\/www.dakarmania.cz\/index.php\/wp-json\/wp\/v2\/posts"}],"about":[{"href":"https:\/\/www.dakarmania.cz\/index.php\/wp-json\/wp\/v2\/types\/post"}],"author":[{"embeddable":true,"href":"https:\/\/www.dakarmania.cz\/index.php\/wp-json\/wp\/v2\/users\/3"}],"replies":[{"embeddable":true,"href":"https:\/\/www.dakarmania.cz\/index.php\/wp-json\/wp\/v2\/comments?post=8934"}],"version-history":[{"count":3,"href":"https:\/\/www.dakarmania.cz\/index.php\/wp-json\/wp\/v2\/posts\/8934\/revisions"}],"predecessor-version":[{"id":16392,"href":"https:\/\/www.dakarmania.cz\/index.php\/wp-json\/wp\/v2\/posts\/8934\/revisions\/16392"}],"wp:featuredmedia":[{"embeddable":true,"href":"https:\/\/www.dakarmania.cz\/index.php\/wp-json\/wp\/v2\/media\/7234"}],"wp:attachment":[{"href":"https:\/\/www.dakarmania.cz\/index.php\/wp-json\/wp\/v2\/media?parent=8934"}],"wp:term":[{"taxonomy":"category","embeddable":true,"href":"https:\/\/www.dakarmania.cz\/index.php\/wp-json\/wp\/v2\/categories?post=8934"},{"taxonomy":"post_tag","embeddable":true,"href":"https:\/\/www.dakarmania.cz\/index.php\/wp-json\/wp\/v2\/tags?post=8934"}],"curies":[{"name":"wp","href":"https:\/\/api.w.org\/{rel}","templated":true}]}}