{"id":8995,"date":"2019-07-16T07:35:36","date_gmt":"2019-07-16T05:35:36","guid":{"rendered":"https:\/\/www.dakarmania.cz\/?p=8995"},"modified":"2019-10-30T23:08:11","modified_gmt":"2019-10-30T22:08:11","slug":"van-den-brink-dojel-silk-way-ctvrty","status":"publish","type":"post","link":"https:\/\/www.dakarmania.cz\/index.php\/2019\/07\/16\/van-den-brink-dojel-silk-way-ctvrty\/","title":{"rendered":"Van den Brink dojel Silk Way \u010dtvrt\u00fd"},"content":{"rendered":"<p>[vc_row][vc_column][vc_column_text]<\/p>\n<h4>Je dobojov\u00e1no! Z\u00e1vodn\u00ed kamiony jsou v c\u00edli. Leto\u0161n\u00ed Silk Way Rally kon\u010d\u00ed. Do nadvl\u00e1dy rusk\u00fdch Kamaz\u016f se dok\u00e1zal procpat jen Martin van den Brink, pilot Renaultu z d\u00edlny severo\u010desk\u00e9ho MKR Technology. Posledn\u00ed des\u00e1tou etapu dokon\u010dil na \u0161est\u00e9 p\u0159\u00ed\u010dce a v kone\u010dn\u00e9m z\u00fa\u010dtov\u00e1n\u00ed je \u010dtvrt\u00fd.<\/h4>\n<p><em>\u201eSplnili jsme si pl\u00e1n. Cht\u011bli jsme b\u00fdt celkov\u011b v nerychlej\u0161\u00ed p\u011btce a to se n\u00e1m povedlo. Ud\u011blali jsme \u0159adu zm\u011bn, kter\u00e9 te\u010f mohli otestovat. P\u0159izn\u00e1m, \u017ee jsme trochu p\u0159i\u0161krtili v\u00fdkon motoru, co\u017e se samoz\u0159ejm\u011b podepsalo na rychlosti, ale pro n\u00e1s je z\u00e1sadn\u00ed z\u00e1vod doj\u00ed\u017ed\u011bt a zapracovat na \u017eivotnosti a spolehlivosti cel\u00e9ho stroje. Martin jel v\u00fdborn\u011b a cel\u00fd t\u00fdm fungoval skv\u011ble, tak\u017ee j\u00e1 jsem spokojen\u00fd, proto\u017ee st\u00e1le m\u00e1me mo\u017enost se posouvat, a mysl\u00edm, \u017ee jdeme spr\u00e1vnou cestou,\u201c<\/em> sd\u011blil <strong>Mario Kress<\/strong>, hlavn\u00ed konstrukt\u00e9r z\u00e1vodn\u00edho kamionu Renault CBH, se kter\u00fdm pilot <a href=\"\/index.php\/osobnosti\/martin-van-den-brink\/\">Martin van den Brink<\/a> pr\u00e1v\u011b dokon\u010dil presti\u017en\u00ed <a href=\"\/index.php\/souteze\/swr-2019\/\">Silk Way Rally<\/a>.[\/vc_column_text][vc_column_text css=&#8221;.vc_custom_1563291395993{padding-top: 10px !important;padding-right: 10px !important;padding-bottom: 20px !important;padding-left: 10px !important;background-color: #d8d8d8 !important;}&#8221;]<strong>Souhrn 10. etapy:<\/strong><\/p>\n<p style=\"padding-left: 40px;\"><a href=\"\/index.php\/2019\/07\/16\/vitezstvi-kamazu-zajistil-sibalov\/\">Osm\u00e9 v\u00edt\u011bzstv\u00ed Kamazu na Silk Way zajistil \u0160ibalov<\/a><\/p>\n<p>[\/vc_column_text][vc_column_text]Z\u00e1v\u011bre\u010dn\u00e1 etapa z \u0164ia-j\u00fc-kuanu do Tun-chuangu m\u011b\u0159ila v sou\u010dtu p\u0159es p\u011bt set pades\u00e1t kilometr\u016f. Dv\u011b st\u011b p\u011btapades\u00e1t m\u011bla m\u011b\u0159en\u00e1 rychlost\u00ed prov\u011brka. S tou si nejl\u00e9pe poradil Rus Anton \u0160ibalov, kter\u00fd sv\u00fdm v\u00edt\u011bzstv\u00edm jen podtrhnul celkov\u00e9 prvenstv\u00ed. V etap\u011b na \u0160ibalova pouhou p\u016fl minutu ztratil par\u0165\u00e1k jedouc\u00ed s Kamazem Andrej Karginov. Martin van den Brink p\u0159ijel \u0161est\u00fd.<\/p>\n<p>V kone\u010dn\u00e9m \u00fa\u010dtov\u00e1n\u00ed jsou v elitn\u00ed p\u011btce hned \u010dty\u0159i Kamazy, mezi kter\u00e9 se dok\u00e1zala vt\u011bsnat pouze pos\u00e1dka severo\u010desk\u00e9ho Renaultu. Na p\u00f3dium se v\u0161ak nedostala. Zv\u00edt\u011bzil \u0160ibalov p\u0159ed Karginovem a <a href=\"https:\/\/www.dakarmania.cz\/index.php\/osobnosti\/ajrat-mardejev\/\">Mard\u011bjevem<\/a>.[\/vc_column_text][vc_single_image image=&#8221;8994&#8243; img_size=&#8221;large&#8221; add_caption=&#8221;yes&#8221; alignment=&#8221;center&#8221;][vc_column_text]Renault Truck p\u0159ezd\u00edvan\u00fd Sherpa je \u010dtvrt\u00fd se ztr\u00e1tou necel\u00e9 dv\u011b a \u010dtvrt hodiny. Jeho pos\u00e1dku tvo\u0159il pilot Martin van den Brink, Martin\u016fv syn Mitchel van den Brink v roli mechanika a navig\u00e1tor Wouter de Graaff.<\/p>\n<p>\u010ctvrt\u00fd Kamaz Sergeje Kuprijanova na p\u00e1t\u00e9m m\u00edst\u011b za holandskou sestavou zaostal o dal\u0161\u00ed dv\u011b hodiny.<\/p>\n<p>Letos si pos\u00e1dky musely na Silk Way Rally poradit s deseti n\u00e1ro\u010dn\u00fdmi etapami, kter\u00e9 odstartovaly v Rusku a vedly p\u0159es Mongolsko do \u010c\u00edny. Celkem z\u00e1vodn\u00edci ujeli 5007 kilometr\u016f, ze kter\u00fdch bylo 2593 m\u011b\u0159en\u00fdch.<\/p>\n<p>Z dev\u00edti ro\u010dn\u00edk\u016f dok\u00e1zali osm opanovat pr\u00e1v\u011b piloti Kamazu. Jejich nadvl\u00e1du mohl letos \u201eutnout\u201c <a href=\"\/index.php\/osobnosti\/sergej-vjazovic\/\">Sergej Vjazovi\u010d<\/a> s Mazem, kter\u00fd ale po hav\u00e1rii v osm\u00e9 etap\u011b musel sv\u00e9 \u00fa\u010dinkov\u00e1n\u00ed v z\u00e1vod\u011b p\u0159ed\u010dasn\u011b ukon\u010dit. Veden\u00ed se ujal \u0160ibalov, jen\u017e z\u00edskal sv\u00e9 prvn\u00ed v\u00edt\u011bzstv\u00ed na Silk Way Rally.<\/p>\n<p>Tiskov\u00e1 zpr\u00e1va MKR Technology (editov\u00e1no)[\/vc_column_text][\/vc_column][\/vc_row]<\/p>\n","protected":false},"excerpt":{"rendered":"<p>Je dobojov\u00e1no! Z\u00e1vodn\u00ed kamiony jsou v c\u00edli. Leto\u0161n\u00ed Silk Way Rally kon\u010d\u00ed. Do nadvl\u00e1dy rusk\u00fdch Kamaz\u016f se dok\u00e1zal procpat jen Martin van den Brink.<\/p>\n","protected":false},"author":3,"featured_media":8993,"comment_status":"open","ping_status":"closed","sticky":false,"template":"","format":"standard","meta":{"footnotes":""},"categories":[637],"tags":[425,83,79,88,76,77,1247,1248,89],"class_list":["post-8995","post","type-post","status-publish","format-standard","has-post-thumbnail","hentry","category-tiskove-zpravy","tag-425","tag-mammoet-rallysport","tag-mario-kress","tag-mitchel-van-den-brink","tag-mkr-technology","tag-renault","tag-swr","tag-swr-2019","tag-wouter-de-graaff"],"yoast_head":"<!-- This site is optimized with the Yoast SEO plugin v24.9 - https:\/\/yoast.com\/wordpress\/plugins\/seo\/ -->\n<title>Van den Brink dojel Silk Way \u010dtvrt\u00fd - DAKARMANIA.cz<\/title>\n<meta name=\"description\" content=\"Je dobojov\u00e1no! Z\u00e1vodn\u00ed kamiony jsou v c\u00edli. Leto\u0161n\u00ed Silk Way Rally kon\u010d\u00ed. Do nadvl\u00e1dy rusk\u00fdch Kamaz\u016f se dok\u00e1zal procpat jen Martin van den Brink.\" \/>\n<meta name=\"robots\" content=\"index, follow, max-snippet:-1, max-image-preview:large, max-video-preview:-1\" \/>\n<link rel=\"canonical\" href=\"https:\/\/www.dakarmania.cz\/index.php\/2019\/07\/16\/van-den-brink-dojel-silk-way-ctvrty\/\" \/>\n<meta property=\"og:locale\" content=\"cs_CZ\" \/>\n<meta property=\"og:type\" content=\"article\" \/>\n<meta property=\"og:title\" content=\"Van den Brink dojel Silk Way \u010dtvrt\u00fd - DAKARMANIA.cz\" \/>\n<meta property=\"og:description\" content=\"Je dobojov\u00e1no! Z\u00e1vodn\u00ed kamiony jsou v c\u00edli. Leto\u0161n\u00ed Silk Way Rally kon\u010d\u00ed. Do nadvl\u00e1dy rusk\u00fdch Kamaz\u016f se dok\u00e1zal procpat jen Martin van den Brink.\" \/>\n<meta property=\"og:url\" content=\"https:\/\/www.dakarmania.cz\/index.php\/2019\/07\/16\/van-den-brink-dojel-silk-way-ctvrty\/\" \/>\n<meta property=\"og:site_name\" content=\"DAKARMANIA.cz\" \/>\n<meta property=\"article:publisher\" content=\"https:\/\/www.facebook.com\/dakarmania\/\" \/>\n<meta property=\"article:published_time\" content=\"2019-07-16T05:35:36+00:00\" \/>\n<meta property=\"article:modified_time\" content=\"2019-10-30T22:08:11+00:00\" \/>\n<meta property=\"og:image\" content=\"https:\/\/www.dakarmania.cz\/wp-content\/uploads\/2019\/07\/19-swr-van-den-brink-10.jpg\" \/>\n\t<meta property=\"og:image:width\" content=\"1600\" \/>\n\t<meta property=\"og:image:height\" content=\"1066\" \/>\n\t<meta property=\"og:image:type\" content=\"image\/jpeg\" \/>\n<meta name=\"author\" content=\"tiskov\u00e1 zpr\u00e1va\" \/>\n<meta name=\"twitter:card\" content=\"summary_large_image\" \/>\n<meta name=\"twitter:label1\" content=\"Napsal(a)\" \/>\n\t<meta name=\"twitter:data1\" content=\"tiskov\u00e1 zpr\u00e1va\" \/>\n\t<meta name=\"twitter:label2\" content=\"Odhadovan\u00e1 doba \u010dten\u00ed\" \/>\n\t<meta name=\"twitter:data2\" content=\"3 minuty\" \/>\n<script type=\"application\/ld+json\" class=\"yoast-schema-graph\">{\"@context\":\"https:\/\/schema.org\",\"@graph\":[{\"@type\":\"Article\",\"@id\":\"https:\/\/www.dakarmania.cz\/index.php\/2019\/07\/16\/van-den-brink-dojel-silk-way-ctvrty\/#article\",\"isPartOf\":{\"@id\":\"https:\/\/www.dakarmania.cz\/index.php\/2019\/07\/16\/van-den-brink-dojel-silk-way-ctvrty\/\"},\"author\":{\"name\":\"tiskov\u00e1 zpr\u00e1va\",\"@id\":\"https:\/\/www.dakarmania.cz\/#\/schema\/person\/bce8d1fe3633b1178e150fc5e340d5dd\"},\"headline\":\"Van den Brink dojel Silk Way \u010dtvrt\u00fd\",\"datePublished\":\"2019-07-16T05:35:36+00:00\",\"dateModified\":\"2019-10-30T22:08:11+00:00\",\"mainEntityOfPage\":{\"@id\":\"https:\/\/www.dakarmania.cz\/index.php\/2019\/07\/16\/van-den-brink-dojel-silk-way-ctvrty\/\"},\"wordCount\":571,\"commentCount\":0,\"publisher\":{\"@id\":\"https:\/\/www.dakarmania.cz\/#organization\"},\"image\":{\"@id\":\"https:\/\/www.dakarmania.cz\/index.php\/2019\/07\/16\/van-den-brink-dojel-silk-way-ctvrty\/#primaryimage\"},\"thumbnailUrl\":\"https:\/\/www.dakarmania.cz\/wp-content\/uploads\/2019\/07\/19-swr-van-den-brink-10.jpg\",\"keywords\":[\"2019\",\"Mammoet Rallysport\",\"Mario Kress\",\"Mitchel van den Brink\",\"MKR Technology\",\"Renault\",\"SWR\",\"SWR 2019\",\"Wouter de Graaff\"],\"articleSection\":[\"Tiskov\u00e9 zpr\u00e1vy\"],\"inLanguage\":\"cs\",\"potentialAction\":[{\"@type\":\"CommentAction\",\"name\":\"Comment\",\"target\":[\"https:\/\/www.dakarmania.cz\/index.php\/2019\/07\/16\/van-den-brink-dojel-silk-way-ctvrty\/#respond\"]}]},{\"@type\":\"WebPage\",\"@id\":\"https:\/\/www.dakarmania.cz\/index.php\/2019\/07\/16\/van-den-brink-dojel-silk-way-ctvrty\/\",\"url\":\"https:\/\/www.dakarmania.cz\/index.php\/2019\/07\/16\/van-den-brink-dojel-silk-way-ctvrty\/\",\"name\":\"Van den Brink dojel Silk Way \u010dtvrt\u00fd - DAKARMANIA.cz\",\"isPartOf\":{\"@id\":\"https:\/\/www.dakarmania.cz\/#website\"},\"primaryImageOfPage\":{\"@id\":\"https:\/\/www.dakarmania.cz\/index.php\/2019\/07\/16\/van-den-brink-dojel-silk-way-ctvrty\/#primaryimage\"},\"image\":{\"@id\":\"https:\/\/www.dakarmania.cz\/index.php\/2019\/07\/16\/van-den-brink-dojel-silk-way-ctvrty\/#primaryimage\"},\"thumbnailUrl\":\"https:\/\/www.dakarmania.cz\/wp-content\/uploads\/2019\/07\/19-swr-van-den-brink-10.jpg\",\"datePublished\":\"2019-07-16T05:35:36+00:00\",\"dateModified\":\"2019-10-30T22:08:11+00:00\",\"description\":\"Je dobojov\u00e1no! Z\u00e1vodn\u00ed kamiony jsou v c\u00edli. Leto\u0161n\u00ed Silk Way Rally kon\u010d\u00ed. Do nadvl\u00e1dy rusk\u00fdch Kamaz\u016f se dok\u00e1zal procpat jen Martin van den Brink.\",\"breadcrumb\":{\"@id\":\"https:\/\/www.dakarmania.cz\/index.php\/2019\/07\/16\/van-den-brink-dojel-silk-way-ctvrty\/#breadcrumb\"},\"inLanguage\":\"cs\",\"potentialAction\":[{\"@type\":\"ReadAction\",\"target\":[\"https:\/\/www.dakarmania.cz\/index.php\/2019\/07\/16\/van-den-brink-dojel-silk-way-ctvrty\/\"]}]},{\"@type\":\"ImageObject\",\"inLanguage\":\"cs\",\"@id\":\"https:\/\/www.dakarmania.cz\/index.php\/2019\/07\/16\/van-den-brink-dojel-silk-way-ctvrty\/#primaryimage\",\"url\":\"https:\/\/www.dakarmania.cz\/wp-content\/uploads\/2019\/07\/19-swr-van-den-brink-10.jpg\",\"contentUrl\":\"https:\/\/www.dakarmania.cz\/wp-content\/uploads\/2019\/07\/19-swr-van-den-brink-10.jpg\",\"width\":1600,\"height\":1066,\"caption\":\"Martin van den Brink\/Wouter de Graaff\/Mitchel van den Brink, Renault CBH 385, Mammoet Rallysport. Silk Way Rally 2019. \u00a9 MKR Technology\"},{\"@type\":\"BreadcrumbList\",\"@id\":\"https:\/\/www.dakarmania.cz\/index.php\/2019\/07\/16\/van-den-brink-dojel-silk-way-ctvrty\/#breadcrumb\",\"itemListElement\":[{\"@type\":\"ListItem\",\"position\":1,\"name\":\"Dom\u016f\",\"item\":\"https:\/\/www.dakarmania.cz\/\"},{\"@type\":\"ListItem\",\"position\":2,\"name\":\"Van den Brink dojel Silk Way \u010dtvrt\u00fd\"}]},{\"@type\":\"WebSite\",\"@id\":\"https:\/\/www.dakarmania.cz\/#website\",\"url\":\"https:\/\/www.dakarmania.cz\/\",\"name\":\"DAKARMANIA.cz\",\"description\":\"\u017dijeme Dakarem cel\u00fd rok\",\"publisher\":{\"@id\":\"https:\/\/www.dakarmania.cz\/#organization\"},\"potentialAction\":[{\"@type\":\"SearchAction\",\"target\":{\"@type\":\"EntryPoint\",\"urlTemplate\":\"https:\/\/www.dakarmania.cz\/?s={search_term_string}\"},\"query-input\":{\"@type\":\"PropertyValueSpecification\",\"valueRequired\":true,\"valueName\":\"search_term_string\"}}],\"inLanguage\":\"cs\"},{\"@type\":\"Organization\",\"@id\":\"https:\/\/www.dakarmania.cz\/#organization\",\"name\":\"DAKAR MANIA\",\"url\":\"https:\/\/www.dakarmania.cz\/\",\"logo\":{\"@type\":\"ImageObject\",\"inLanguage\":\"cs\",\"@id\":\"https:\/\/www.dakarmania.cz\/#\/schema\/logo\/image\/\",\"url\":\"https:\/\/www.dakarmania.cz\/wp-content\/uploads\/2018\/12\/Dakar-Mania-Logo-Square-Orange.png\",\"contentUrl\":\"https:\/\/www.dakarmania.cz\/wp-content\/uploads\/2018\/12\/Dakar-Mania-Logo-Square-Orange.png\",\"width\":992,\"height\":992,\"caption\":\"DAKAR MANIA\"},\"image\":{\"@id\":\"https:\/\/www.dakarmania.cz\/#\/schema\/logo\/image\/\"},\"sameAs\":[\"https:\/\/www.facebook.com\/dakarmania\/\"]},{\"@type\":\"Person\",\"@id\":\"https:\/\/www.dakarmania.cz\/#\/schema\/person\/bce8d1fe3633b1178e150fc5e340d5dd\",\"name\":\"tiskov\u00e1 zpr\u00e1va\",\"image\":{\"@type\":\"ImageObject\",\"inLanguage\":\"cs\",\"@id\":\"https:\/\/www.dakarmania.cz\/#\/schema\/person\/image\/\",\"url\":\"https:\/\/secure.gravatar.com\/avatar\/19aefcb6c7bfae691fca4d805686c670f59bb4f7414c7b398b88dc9c8f4e96d5?s=96&d=mm&r=g\",\"contentUrl\":\"https:\/\/secure.gravatar.com\/avatar\/19aefcb6c7bfae691fca4d805686c670f59bb4f7414c7b398b88dc9c8f4e96d5?s=96&d=mm&r=g\",\"caption\":\"tiskov\u00e1 zpr\u00e1va\"},\"url\":\"https:\/\/www.dakarmania.cz\/index.php\/author\/tiskovezpravy\/\"}]}<\/script>\n<!-- \/ Yoast SEO plugin. -->","yoast_head_json":{"title":"Van den Brink dojel Silk Way \u010dtvrt\u00fd - DAKARMANIA.cz","description":"Je dobojov\u00e1no! Z\u00e1vodn\u00ed kamiony jsou v c\u00edli. Leto\u0161n\u00ed Silk Way Rally kon\u010d\u00ed. Do nadvl\u00e1dy rusk\u00fdch Kamaz\u016f se dok\u00e1zal procpat jen Martin van den Brink.","robots":{"index":"index","follow":"follow","max-snippet":"max-snippet:-1","max-image-preview":"max-image-preview:large","max-video-preview":"max-video-preview:-1"},"canonical":"https:\/\/www.dakarmania.cz\/index.php\/2019\/07\/16\/van-den-brink-dojel-silk-way-ctvrty\/","og_locale":"cs_CZ","og_type":"article","og_title":"Van den Brink dojel Silk Way \u010dtvrt\u00fd - DAKARMANIA.cz","og_description":"Je dobojov\u00e1no! Z\u00e1vodn\u00ed kamiony jsou v c\u00edli. Leto\u0161n\u00ed Silk Way Rally kon\u010d\u00ed. Do nadvl\u00e1dy rusk\u00fdch Kamaz\u016f se dok\u00e1zal procpat jen Martin van den Brink.","og_url":"https:\/\/www.dakarmania.cz\/index.php\/2019\/07\/16\/van-den-brink-dojel-silk-way-ctvrty\/","og_site_name":"DAKARMANIA.cz","article_publisher":"https:\/\/www.facebook.com\/dakarmania\/","article_published_time":"2019-07-16T05:35:36+00:00","article_modified_time":"2019-10-30T22:08:11+00:00","og_image":[{"width":1600,"height":1066,"url":"https:\/\/www.dakarmania.cz\/wp-content\/uploads\/2019\/07\/19-swr-van-den-brink-10.jpg","type":"image\/jpeg"}],"author":"tiskov\u00e1 zpr\u00e1va","twitter_card":"summary_large_image","twitter_misc":{"Napsal(a)":"tiskov\u00e1 zpr\u00e1va","Odhadovan\u00e1 doba \u010dten\u00ed":"3 minuty"},"schema":{"@context":"https:\/\/schema.org","@graph":[{"@type":"Article","@id":"https:\/\/www.dakarmania.cz\/index.php\/2019\/07\/16\/van-den-brink-dojel-silk-way-ctvrty\/#article","isPartOf":{"@id":"https:\/\/www.dakarmania.cz\/index.php\/2019\/07\/16\/van-den-brink-dojel-silk-way-ctvrty\/"},"author":{"name":"tiskov\u00e1 zpr\u00e1va","@id":"https:\/\/www.dakarmania.cz\/#\/schema\/person\/bce8d1fe3633b1178e150fc5e340d5dd"},"headline":"Van den Brink dojel Silk Way \u010dtvrt\u00fd","datePublished":"2019-07-16T05:35:36+00:00","dateModified":"2019-10-30T22:08:11+00:00","mainEntityOfPage":{"@id":"https:\/\/www.dakarmania.cz\/index.php\/2019\/07\/16\/van-den-brink-dojel-silk-way-ctvrty\/"},"wordCount":571,"commentCount":0,"publisher":{"@id":"https:\/\/www.dakarmania.cz\/#organization"},"image":{"@id":"https:\/\/www.dakarmania.cz\/index.php\/2019\/07\/16\/van-den-brink-dojel-silk-way-ctvrty\/#primaryimage"},"thumbnailUrl":"https:\/\/www.dakarmania.cz\/wp-content\/uploads\/2019\/07\/19-swr-van-den-brink-10.jpg","keywords":["2019","Mammoet Rallysport","Mario Kress","Mitchel van den Brink","MKR Technology","Renault","SWR","SWR 2019","Wouter de Graaff"],"articleSection":["Tiskov\u00e9 zpr\u00e1vy"],"inLanguage":"cs","potentialAction":[{"@type":"CommentAction","name":"Comment","target":["https:\/\/www.dakarmania.cz\/index.php\/2019\/07\/16\/van-den-brink-dojel-silk-way-ctvrty\/#respond"]}]},{"@type":"WebPage","@id":"https:\/\/www.dakarmania.cz\/index.php\/2019\/07\/16\/van-den-brink-dojel-silk-way-ctvrty\/","url":"https:\/\/www.dakarmania.cz\/index.php\/2019\/07\/16\/van-den-brink-dojel-silk-way-ctvrty\/","name":"Van den Brink dojel Silk Way \u010dtvrt\u00fd - DAKARMANIA.cz","isPartOf":{"@id":"https:\/\/www.dakarmania.cz\/#website"},"primaryImageOfPage":{"@id":"https:\/\/www.dakarmania.cz\/index.php\/2019\/07\/16\/van-den-brink-dojel-silk-way-ctvrty\/#primaryimage"},"image":{"@id":"https:\/\/www.dakarmania.cz\/index.php\/2019\/07\/16\/van-den-brink-dojel-silk-way-ctvrty\/#primaryimage"},"thumbnailUrl":"https:\/\/www.dakarmania.cz\/wp-content\/uploads\/2019\/07\/19-swr-van-den-brink-10.jpg","datePublished":"2019-07-16T05:35:36+00:00","dateModified":"2019-10-30T22:08:11+00:00","description":"Je dobojov\u00e1no! Z\u00e1vodn\u00ed kamiony jsou v c\u00edli. Leto\u0161n\u00ed Silk Way Rally kon\u010d\u00ed. Do nadvl\u00e1dy rusk\u00fdch Kamaz\u016f se dok\u00e1zal procpat jen Martin van den Brink.","breadcrumb":{"@id":"https:\/\/www.dakarmania.cz\/index.php\/2019\/07\/16\/van-den-brink-dojel-silk-way-ctvrty\/#breadcrumb"},"inLanguage":"cs","potentialAction":[{"@type":"ReadAction","target":["https:\/\/www.dakarmania.cz\/index.php\/2019\/07\/16\/van-den-brink-dojel-silk-way-ctvrty\/"]}]},{"@type":"ImageObject","inLanguage":"cs","@id":"https:\/\/www.dakarmania.cz\/index.php\/2019\/07\/16\/van-den-brink-dojel-silk-way-ctvrty\/#primaryimage","url":"https:\/\/www.dakarmania.cz\/wp-content\/uploads\/2019\/07\/19-swr-van-den-brink-10.jpg","contentUrl":"https:\/\/www.dakarmania.cz\/wp-content\/uploads\/2019\/07\/19-swr-van-den-brink-10.jpg","width":1600,"height":1066,"caption":"Martin van den Brink\/Wouter de Graaff\/Mitchel van den Brink, Renault CBH 385, Mammoet Rallysport. Silk Way Rally 2019. \u00a9 MKR Technology"},{"@type":"BreadcrumbList","@id":"https:\/\/www.dakarmania.cz\/index.php\/2019\/07\/16\/van-den-brink-dojel-silk-way-ctvrty\/#breadcrumb","itemListElement":[{"@type":"ListItem","position":1,"name":"Dom\u016f","item":"https:\/\/www.dakarmania.cz\/"},{"@type":"ListItem","position":2,"name":"Van den Brink dojel Silk Way \u010dtvrt\u00fd"}]},{"@type":"WebSite","@id":"https:\/\/www.dakarmania.cz\/#website","url":"https:\/\/www.dakarmania.cz\/","name":"DAKARMANIA.cz","description":"\u017dijeme Dakarem cel\u00fd rok","publisher":{"@id":"https:\/\/www.dakarmania.cz\/#organization"},"potentialAction":[{"@type":"SearchAction","target":{"@type":"EntryPoint","urlTemplate":"https:\/\/www.dakarmania.cz\/?s={search_term_string}"},"query-input":{"@type":"PropertyValueSpecification","valueRequired":true,"valueName":"search_term_string"}}],"inLanguage":"cs"},{"@type":"Organization","@id":"https:\/\/www.dakarmania.cz\/#organization","name":"DAKAR MANIA","url":"https:\/\/www.dakarmania.cz\/","logo":{"@type":"ImageObject","inLanguage":"cs","@id":"https:\/\/www.dakarmania.cz\/#\/schema\/logo\/image\/","url":"https:\/\/www.dakarmania.cz\/wp-content\/uploads\/2018\/12\/Dakar-Mania-Logo-Square-Orange.png","contentUrl":"https:\/\/www.dakarmania.cz\/wp-content\/uploads\/2018\/12\/Dakar-Mania-Logo-Square-Orange.png","width":992,"height":992,"caption":"DAKAR MANIA"},"image":{"@id":"https:\/\/www.dakarmania.cz\/#\/schema\/logo\/image\/"},"sameAs":["https:\/\/www.facebook.com\/dakarmania\/"]},{"@type":"Person","@id":"https:\/\/www.dakarmania.cz\/#\/schema\/person\/bce8d1fe3633b1178e150fc5e340d5dd","name":"tiskov\u00e1 zpr\u00e1va","image":{"@type":"ImageObject","inLanguage":"cs","@id":"https:\/\/www.dakarmania.cz\/#\/schema\/person\/image\/","url":"https:\/\/secure.gravatar.com\/avatar\/19aefcb6c7bfae691fca4d805686c670f59bb4f7414c7b398b88dc9c8f4e96d5?s=96&d=mm&r=g","contentUrl":"https:\/\/secure.gravatar.com\/avatar\/19aefcb6c7bfae691fca4d805686c670f59bb4f7414c7b398b88dc9c8f4e96d5?s=96&d=mm&r=g","caption":"tiskov\u00e1 zpr\u00e1va"},"url":"https:\/\/www.dakarmania.cz\/index.php\/author\/tiskovezpravy\/"}]}},"amp_enabled":true,"_links":{"self":[{"href":"https:\/\/www.dakarmania.cz\/index.php\/wp-json\/wp\/v2\/posts\/8995","targetHints":{"allow":["GET"]}}],"collection":[{"href":"https:\/\/www.dakarmania.cz\/index.php\/wp-json\/wp\/v2\/posts"}],"about":[{"href":"https:\/\/www.dakarmania.cz\/index.php\/wp-json\/wp\/v2\/types\/post"}],"author":[{"embeddable":true,"href":"https:\/\/www.dakarmania.cz\/index.php\/wp-json\/wp\/v2\/users\/3"}],"replies":[{"embeddable":true,"href":"https:\/\/www.dakarmania.cz\/index.php\/wp-json\/wp\/v2\/comments?post=8995"}],"version-history":[{"count":2,"href":"https:\/\/www.dakarmania.cz\/index.php\/wp-json\/wp\/v2\/posts\/8995\/revisions"}],"predecessor-version":[{"id":12969,"href":"https:\/\/www.dakarmania.cz\/index.php\/wp-json\/wp\/v2\/posts\/8995\/revisions\/12969"}],"wp:featuredmedia":[{"embeddable":true,"href":"https:\/\/www.dakarmania.cz\/index.php\/wp-json\/wp\/v2\/media\/8993"}],"wp:attachment":[{"href":"https:\/\/www.dakarmania.cz\/index.php\/wp-json\/wp\/v2\/media?parent=8995"}],"wp:term":[{"taxonomy":"category","embeddable":true,"href":"https:\/\/www.dakarmania.cz\/index.php\/wp-json\/wp\/v2\/categories?post=8995"},{"taxonomy":"post_tag","embeddable":true,"href":"https:\/\/www.dakarmania.cz\/index.php\/wp-json\/wp\/v2\/tags?post=8995"}],"curies":[{"name":"wp","href":"https:\/\/api.w.org\/{rel}","templated":true}]}}