{"id":9036,"date":"2019-07-20T13:28:49","date_gmt":"2019-07-20T11:28:49","guid":{"rendered":"https:\/\/www.dakarmania.cz\/?p=9036"},"modified":"2019-11-12T17:36:15","modified_gmt":"2019-11-12T16:36:15","slug":"aragon-trojice-cechu","status":"publish","type":"post","link":"https:\/\/www.dakarmania.cz\/index.php\/2019\/07\/20\/aragon-trojice-cechu\/","title":{"rendered":"Arag\u00f3n: Trojice \u010desk\u00fdch jezdc\u016f proti siln\u00e9 konkurenci"},"content":{"rendered":"<p>[vc_row][vc_column][vc_column_text]<\/p>\n<h4>Baja Arag\u00f3n pat\u0159\u00ed k nejpopul\u00e1rn\u011bj\u0161\u00edm cross-country z\u00e1vod\u016fm na evropsk\u00e9m kontinentu a startovn\u00ed listina 36. ro\u010dn\u00edku v\u00fdsadn\u00ed postaven\u00ed \u0161pan\u011blsk\u00e9ho podniku jen potvrzuje. V nejpresti\u017en\u011bj\u0161\u00ed kategorii automobil\u016f je p\u0159ihl\u00e1\u0161eno 70 pos\u00e1dek.<\/h4>\n<p>Mezi nimi odstartuje v p\u00e1tek 26. \u010dervence z Teruelu do <a href=\"\/index.php\/souteze\/baja-aragon-2019\/\">Baja Arag\u00f3n 2019<\/a> trojice \u010desk\u00fdch jezdc\u016f.<\/p>\n<p><a href=\"\/index.php\/osobnosti\/martin-prokop\/\">Martin Prokop<\/a> s <a href=\"\/index.php\/osobnosti\/jan-tomanek\/\">Janem Tom\u00e1nkem<\/a> p\u0159ed rokem obsadili ve \u0160pan\u011blsku t\u0159et\u00ed p\u0159\u00ed\u010dku a tak\u00e9 letos se vracej\u00ed s Fordem t\u00fdmu MP-Sports. Jihlavsk\u00fd jezdec letos deklaroval, \u017ee se z\u00fa\u010dastn\u00ed pouze vybran\u00fdch sout\u011b\u017e\u00ed. \u00davodn\u00ed podnik <a href=\"\/index.php\/sampionaty\/svetovy-pohar-fia-v-cross-country-bajach-2019\/\">Sv\u011btov\u00e9ho poh\u00e1ru FIA v cross-country baj\u00e1ch<\/a> v Rusku vynechal, ale v Dubaji i It\u00e1lii obsadil shodn\u011b t\u0159et\u00ed p\u0159\u00ed\u010dku. D\u00edky tomu posb\u00edral 32 bod\u016f a v pr\u016fb\u011b\u017en\u00e9m hodnocen\u00ed SP figuruje na druh\u00e9 pozici.[\/vc_column_text][vc_column_text css=&#8221;.vc_custom_1563696242307{padding-top: 10px !important;padding-right: 10px !important;padding-bottom: 20px !important;padding-left: 10px !important;background-color: #d8d8d8 !important;}&#8221;]<strong>Dal\u0161\u00ed kategorie:<\/strong><\/p>\n<p style=\"padding-left: 40px;\"><a href=\"\/index.php\/2019\/07\/20\/aragon-macik-valtr-i-bonver\/\"><strong>KAMIONY:<\/strong> Mac\u00edk, Valtr i Bonver Dakar Project<\/a><br \/>\n<a href=\"index.php\/2019\/07\/21\/aragon-ceske-prekvapeni\/\"><strong>MOTO:<\/strong> Tov\u00e1rn\u00ed t\u00fdmy i \u010desk\u00e9 p\u0159ekvapen\u00ed<\/a><\/p>\n<p>[\/vc_column_text][vc_column_text]Ze z\u00e1vodu do z\u00e1vodu jde naopak <a href=\"\/index.php\/osobnosti\/miroslav-zapletal\/\">Miroslav Zapletal<\/a> se slovensk\u00fdm navig\u00e1torem <a href=\"\/index.php\/osobnosti\/marek-sykora\/\">Markem S\u00fdkorou<\/a>. D\u00edky tomu pos\u00e1dka t\u00fdmu Offroadsport st\u0159\u00eddav\u011b nasazuje Ford F-150 Evo a Hummer H3 Evo, s n\u00edm\u017e by se m\u011bla p\u0159edstavit pr\u00e1v\u011b ve \u0160pan\u011blsku.[\/vc_column_text][vc_single_image image=&#8221;7021&#8243; img_size=&#8221;large&#8221; add_caption=&#8221;yes&#8221; alignment=&#8221;center&#8221;][vc_column_text]Na Hummer spol\u00e9haj\u00ed tak\u00e9 Petr Hoz\u00e1k a Ren\u00e9 Kilian. Rockstar Energy AVE Team vstoupil do sezony p\u0159i \u010dervnov\u00e9 <a href=\"\/index.php\/souteze\/italian-baja-2019\/\">Italian Baja<\/a>, kterou <a href=\"\/index.php\/2019\/06\/25\/hozak-nastrahy-italske-souteze-nezdolal\/\">kv\u016fli po\u0161kozen\u00ed vozu nedokon\u010dil<\/a>. Cesta do \u0160pan\u011blska nen\u00ed pro Hoz\u00e1ka krokem do nezn\u00e1ma. V roce 2016 obsadil na Baja Arag\u00f3n des\u00e1t\u00e9 m\u00edsto.<\/p>\n<h4>Siln\u00e1 trojka<\/h4>\n<p>V\u00edt\u011bzstv\u00ed budou v okol\u00ed Teruelu obhajovat <a href=\"\/index.php\/osobnosti\/vladimir-vasiljev\/\">Vladimir Vasiljev<\/a> a <a href=\"\/index.php\/osobnosti\/konstantin-zilcov\/\">Konstantin \u017dilcov<\/a> s Toyotou. Rusk\u00e1 pos\u00e1dka zat\u00edm absolvovala v\u0161echny podniky leto\u0161n\u00ed sezony. V Rusku a It\u00e1lii byla druh\u00e1, v Dubaji skon\u010dila \u010dtvrt\u00e1 a d\u00edky tomu Vasiljev vede v <a href=\"\/index.php\/sampionaty\/svetovy-pohar-fia-v-cross-country-bajach-2019\/#2019-fia-baja-jezdci\">tabulce SP<\/a> s n\u00e1skokem 22 bod\u016f p\u0159ed Prokopem.[\/vc_column_text][vc_single_image image=&#8221;2869&#8243; img_size=&#8221;large&#8221; add_caption=&#8221;yes&#8221; alignment=&#8221;center&#8221;][vc_column_text]Skupina favorit\u016f je v\u0161ak mnohem \u0161ir\u0161\u00ed. S Mini John Cooper Works Rally se p\u0159edstav\u00ed Argentinec <a href=\"\/index.php\/osobnosti\/orlando-terranova\/\">Orlando Terranova<\/a>, kter\u00fd p\u0159ed m\u011bs\u00edcem <a href=\"\/index.php\/2019\/06\/23\/italia-prokop-na-podiu-zvitezil-terranova\/\">triumfoval v It\u00e1lii<\/a>. Stejnou techniku bude m\u00edt k dispozici tak\u00e9 v\u00edt\u011bz lo\u0148sk\u00e9ho Sv\u011btov\u00e9ho poh\u00e1ru FIA v cross-country rally <a href=\"\/index.php\/osobnosti\/kuba-przygonski\/\">Kuba Przygo\u0144ski<\/a>. Pol\u00e1k letos s Mini JCW Buggy <a href=\"\/index.php\/2019\/03\/09\/przygonski-vyhral-s-buggy\/\">vyhr\u00e1l v Dubaji<\/a> a s Terranovou (a Tapiem Lauronenem) se d\u011bl\u00ed o t\u0159et\u00ed p\u0159\u00ed\u010dku pr\u016fb\u011b\u017en\u00e9 klasifikace. Oba borci X-raidu se cht\u011bj\u00ed ve zb\u00fdvaj\u00edc\u00ed \u010d\u00e1sti sezony je\u0161t\u011b pokusit o \u00fatok na celkov\u00e9 v\u00edt\u011bzstv\u00ed ve sv\u011btov\u00e9m poh\u00e1ru.<\/p>\n<h4>Ambiciozn\u00ed vyzyvatel\u00e9<\/h4>\n<p>Ani ve \u0160pan\u011blsku nebudou chyb\u011bt dal\u0161\u00ed st\u00e1l\u00ed \u00fa\u010dastn\u00edci SP, Litevec Benediktas Vanagas s Toyotou a Rus Andrej Novikov se speci\u00e1lem G-Force Bars.<\/p>\n<p>Bernhard ten Brinke a Tom Colsoul po letech znovu spojili sv\u00e9 s\u00edly a v prvn\u00ed polovin\u011b sezony se objevovali ve <a href=\"\/index.php\/sampionaty\/svetovy-pohar-fia-v-cross-country-rally-2019\/\">Sv\u011btov\u00e9m poh\u00e1ru FIA v cross-country rally<\/a>. Arag\u00f3n je pro nizozemsko-belgickou pos\u00e1dkou dal\u0161\u00ed p\u0159\u00edle\u017eitost\u00ed, jak d\u00e1le zapracovat na vz\u00e1jemn\u00e9 souh\u0159e p\u0159ed podzimn\u00ed <a href=\"\/index.php\/souteze\/maroc-2019\/\">Rallye du Maroc<\/a> a hlavn\u011b p\u0159ed p\u0159\u00ed\u0161t\u00edm <a href=\"\/index.php\/souteze\/dakar-2020\/\">Dakarem<\/a>.[\/vc_column_text][vc_single_image image=&#8221;3570&#8243; img_size=&#8221;large&#8221; add_caption=&#8221;yes&#8221; alignment=&#8221;center&#8221;][vc_column_text]Tradi\u010dn\u00ed \u00fa\u010dastn\u00edky SP budou cht\u00edt potr\u00e1pit tak\u00e9 portugal\u0161t\u00ed matado\u0159i v \u010dele s Jo\u00e3em Ramosem nebo Ruiem Sousou.<\/p>\n<h4>Farr\u00e9s a Yacopini proti st\u00e1lic\u00edm skupiny T3<\/h4>\n<p>Zaj\u00edmavou bitvu slibuje i deseti\u010dlenn\u00e9 startovn\u00ed pole se SxS. Ve skupin\u011b T3 nechyb\u00ed nikdo z vedouc\u00ed p\u011btice pr\u016fb\u011b\u017en\u00e9ho po\u0159ad\u00ed SP. Michele Cinotto s Polarisem bude op\u011bt \u010delit p\u0159esile Can-Am\u016f pilotovan\u00fdch Fjodorem Vorobjovem, Adelem Abdullou, Santiagem Navarrem a Abdullahem Al Zubairem.<\/p>\n<p>O cenn\u00e9 body je v\u0161ak bude cht\u00edt p\u0159ipravit <a href=\"\/index.php\/osobnosti\/gerard-farres\/\">Gerard Farr\u00e9s<\/a> s Maverickem tov\u00e1rn\u00edho t\u00fdmu Monster Energy Can-Am. P\u011btin\u00e1sobn\u00fd v\u00edt\u011bz Baja Arag\u00f3n v kategorii motocykl\u016f letos debutoval na <a href=\"\/index.php\/souteze\/dakar-2019\/\">Dakaru<\/a> se SxS a rovnou bral st\u0159\u00edbro. Na dom\u00e1c\u00ed p\u016fd\u011b se poprv\u00e9 p\u0159edstav\u00ed s nov\u00fdm navig\u00e1torem, j\u00edm\u017e se stal dal\u0161\u00ed b\u00fdval\u00fd motocyklista Armand Monleon.[\/vc_column_text][vc_single_image image=&#8221;7765&#8243; img_size=&#8221;large&#8221; add_caption=&#8221;yes&#8221; alignment=&#8221;center&#8221;][vc_column_text]Velmi zaj\u00edmavou pos\u00e1dku najdeme tak\u00e9 pod startovn\u00edm \u010d\u00edslem 243. S dal\u0161\u00edm Maverickem p\u0159ipraven\u00fdm t\u00fdmem South Racing pojedou Adrian Yacopini a Ricardo Torlaschi. Oba Argentince m\u00e1me z posledn\u00edch let v pam\u011bti zapsan\u00e9 hlavn\u011b jako \u010dleny pos\u00e1dky Federica Villagry, s n\u00edm\u017e bojovali o vav\u0159\u00edny v kategorii kamion\u016f.<\/p>\n<p>Na \u00fa\u010dastn\u00edky Baja Arag\u00f3n 2019 \u010dek\u00e1 p\u0159\u00ed\u0161t\u00ed p\u00e1tek a sobotu (26. a 27. \u010dervence) tra\u0165 dlouh\u00e1 800 kilometr\u016f, z nich\u017e se 400 km pojede v r\u00e1mci \u010dty\u0159 rychlostn\u00edch zkou\u0161ek.[\/vc_column_text][vc_btn title=&#8221;Baja Arag\u00f3n 2019 &#8211; SEZNAM P\u0158IHL\u00c1\u0160EN\u00ddCH: AUTO&#8221; style=&#8221;outline&#8221; shape=&#8221;square&#8221; color=&#8221;warning&#8221; size=&#8221;sm&#8221; align=&#8221;center&#8221; i_icon_fontawesome=&#8221;fa fa-list&#8221; button_block=&#8221;true&#8221; add_icon=&#8221;true&#8221; link=&#8221;url:%2Fwp-content%2Fuploads%2F2019%2F07%2F19-aragon-entry-auto-v2.pdf||target:%20_blank|&#8221;][\/vc_column][\/vc_row]<\/p>\n","protected":false},"excerpt":{"rendered":"<p>Baja Arag\u00f3n pat\u0159\u00ed k nejpopul\u00e1rn\u011bj\u0161\u00edm cross-country z\u00e1vod\u016fm na evropsk\u00e9m kontinentu a startovn\u00ed listina 36. ro\u010dn\u00edku postaven\u00ed podniku jen potvrzuje.<\/p>\n","protected":false},"author":1,"featured_media":9035,"comment_status":"open","ping_status":"closed","sticky":false,"template":"","format":"standard","meta":{"footnotes":""},"categories":[3,1228,98],"tags":[425,574,465,1349,307,1348,312,289,95,460,11,309,1227,258,6,1346,306,288,261,5,316,219,303,457,4,304,1165,257,572,1166,1350,1347,1215,458,106,445,287,201,305,220],"class_list":["post-9036","post","type-post","status-publish","format-standard","has-post-thumbnail","hentry","category-auto","category-baja-aragon","category-fia-baja","tag-425","tag-abdullah-al-zubair","tag-adel-abdulla","tag-adrian-yacopini","tag-andrej-novikov","tag-armand-monleon","tag-benediktas-vanagas","tag-bernhard-ten-brinke","tag-can-am","tag-fjodor-vorobjov","tag-ford","tag-g-force-bars","tag-gerard-farres","tag-hummer","tag-jan-tomanek","tag-joao-ramos","tag-konstantin-zilcov","tag-kuba-przygonski","tag-marek-sykora","tag-martin-prokop","tag-michele-cinotto","tag-mini","tag-miroslav-zapletal","tag-monster-energy-can-am","tag-mp-sports","tag-offroadsport","tag-orlando-terranova","tag-petr-hozak","tag-polaris","tag-rene-kilian","tag-ricardo-torlaschi","tag-rui-sousa","tag-santiago-navarro","tag-south-racing","tag-sp-fia-baja","tag-sp-fia-baja-2019","tag-tom-colsoul","tag-toyota","tag-vladimir-vasiljev","tag-x-raid"],"yoast_head":"<!-- This site is optimized with the Yoast SEO plugin v24.9 - https:\/\/yoast.com\/wordpress\/plugins\/seo\/ -->\n<title>Arag\u00f3n: Trojice \u010desk\u00fdch jezdc\u016f proti siln\u00e9 konkurenci - DAKARMANIA.cz<\/title>\n<meta name=\"description\" content=\"Baja Arag\u00f3n pat\u0159\u00ed k nejpopul\u00e1rn\u011bj\u0161\u00edm cross-country z\u00e1vod\u016fm na evropsk\u00e9m kontinentu a startovn\u00ed listina 36. ro\u010dn\u00edku postaven\u00ed podniku jen potvrzuje.\" \/>\n<meta name=\"robots\" content=\"index, follow, max-snippet:-1, max-image-preview:large, max-video-preview:-1\" \/>\n<link rel=\"canonical\" href=\"https:\/\/www.dakarmania.cz\/index.php\/2019\/07\/20\/aragon-trojice-cechu\/\" \/>\n<meta property=\"og:locale\" content=\"cs_CZ\" \/>\n<meta property=\"og:type\" content=\"article\" \/>\n<meta property=\"og:title\" content=\"Arag\u00f3n: Trojice \u010desk\u00fdch jezdc\u016f proti siln\u00e9 konkurenci - DAKARMANIA.cz\" \/>\n<meta property=\"og:description\" content=\"Baja Arag\u00f3n pat\u0159\u00ed k nejpopul\u00e1rn\u011bj\u0161\u00edm cross-country z\u00e1vod\u016fm na evropsk\u00e9m kontinentu a startovn\u00ed listina 36. ro\u010dn\u00edku postaven\u00ed podniku jen potvrzuje.\" \/>\n<meta property=\"og:url\" content=\"https:\/\/www.dakarmania.cz\/index.php\/2019\/07\/20\/aragon-trojice-cechu\/\" \/>\n<meta property=\"og:site_name\" content=\"DAKARMANIA.cz\" \/>\n<meta property=\"article:publisher\" content=\"https:\/\/www.facebook.com\/dakarmania\/\" \/>\n<meta property=\"article:published_time\" content=\"2019-07-20T11:28:49+00:00\" \/>\n<meta property=\"article:modified_time\" content=\"2019-11-12T16:36:15+00:00\" \/>\n<meta property=\"og:image\" content=\"https:\/\/www.dakarmania.cz\/wp-content\/uploads\/2019\/07\/18-aragon-prokop-01.jpg\" \/>\n\t<meta property=\"og:image:width\" content=\"1600\" \/>\n\t<meta property=\"og:image:height\" content=\"1066\" \/>\n\t<meta property=\"og:image:type\" content=\"image\/jpeg\" \/>\n<meta name=\"author\" content=\"Zden\u011bk Zelenka\" \/>\n<meta name=\"twitter:card\" content=\"summary_large_image\" \/>\n<meta name=\"twitter:label1\" content=\"Napsal(a)\" \/>\n\t<meta name=\"twitter:data1\" content=\"Zden\u011bk Zelenka\" \/>\n\t<meta name=\"twitter:label2\" content=\"Odhadovan\u00e1 doba \u010dten\u00ed\" \/>\n\t<meta name=\"twitter:data2\" content=\"5 minut\" \/>\n<script type=\"application\/ld+json\" class=\"yoast-schema-graph\">{\"@context\":\"https:\/\/schema.org\",\"@graph\":[{\"@type\":\"Article\",\"@id\":\"https:\/\/www.dakarmania.cz\/index.php\/2019\/07\/20\/aragon-trojice-cechu\/#article\",\"isPartOf\":{\"@id\":\"https:\/\/www.dakarmania.cz\/index.php\/2019\/07\/20\/aragon-trojice-cechu\/\"},\"author\":{\"name\":\"Zden\u011bk Zelenka\",\"@id\":\"https:\/\/www.dakarmania.cz\/#\/schema\/person\/04eb0e87a389631c2169c0dddae7ff1e\"},\"headline\":\"Arag\u00f3n: Trojice \u010desk\u00fdch jezdc\u016f proti siln\u00e9 konkurenci\",\"datePublished\":\"2019-07-20T11:28:49+00:00\",\"dateModified\":\"2019-11-12T16:36:15+00:00\",\"mainEntityOfPage\":{\"@id\":\"https:\/\/www.dakarmania.cz\/index.php\/2019\/07\/20\/aragon-trojice-cechu\/\"},\"wordCount\":945,\"commentCount\":0,\"publisher\":{\"@id\":\"https:\/\/www.dakarmania.cz\/#organization\"},\"image\":{\"@id\":\"https:\/\/www.dakarmania.cz\/index.php\/2019\/07\/20\/aragon-trojice-cechu\/#primaryimage\"},\"thumbnailUrl\":\"https:\/\/www.dakarmania.cz\/wp-content\/uploads\/2019\/07\/18-aragon-prokop-01.jpg\",\"keywords\":[\"2019\",\"Abdullah Al Zubair\",\"Adel Abdulla\",\"Adrian Yacopini\",\"Andrej Novikov\",\"Armand Monleon\",\"Benediktas Vanagas\",\"Bernhard ten Brinke\",\"Can-Am\",\"Fjodor Vorobjov\",\"Ford\",\"G-Force BARS\",\"Gerard Farr\u00e9s\",\"Hummer\",\"Jan Tom\u00e1nek\",\"Jo\u00e3o Ramos\",\"Konstantin \u017dilcov\",\"Kuba Przygo\u0144ski\",\"Marek S\u00fdkora\",\"Martin Prokop\",\"Michele Cinotto\",\"Mini\",\"Miroslav Zapletal\",\"Monster Energy Can-Am\",\"MP-Sports\",\"Offroadsport\",\"Orlando Terranova\",\"Petr Hoz\u00e1k\",\"Polaris\",\"Ren\u00e9 Kilian\",\"Ricardo Torlaschi\",\"Rui Sousa\",\"Santiago Navarro\",\"South Racing\",\"SP FIA baja\",\"SP FIA baja 2019\",\"Tom Colsoul\",\"Toyota\",\"Vladimir Vasiljev\",\"X-raid\"],\"articleSection\":[\"Auto\",\"Baja Arag\u00f3n\",\"FIA SP baja\"],\"inLanguage\":\"cs\",\"potentialAction\":[{\"@type\":\"CommentAction\",\"name\":\"Comment\",\"target\":[\"https:\/\/www.dakarmania.cz\/index.php\/2019\/07\/20\/aragon-trojice-cechu\/#respond\"]}]},{\"@type\":\"WebPage\",\"@id\":\"https:\/\/www.dakarmania.cz\/index.php\/2019\/07\/20\/aragon-trojice-cechu\/\",\"url\":\"https:\/\/www.dakarmania.cz\/index.php\/2019\/07\/20\/aragon-trojice-cechu\/\",\"name\":\"Arag\u00f3n: Trojice \u010desk\u00fdch jezdc\u016f proti siln\u00e9 konkurenci - DAKARMANIA.cz\",\"isPartOf\":{\"@id\":\"https:\/\/www.dakarmania.cz\/#website\"},\"primaryImageOfPage\":{\"@id\":\"https:\/\/www.dakarmania.cz\/index.php\/2019\/07\/20\/aragon-trojice-cechu\/#primaryimage\"},\"image\":{\"@id\":\"https:\/\/www.dakarmania.cz\/index.php\/2019\/07\/20\/aragon-trojice-cechu\/#primaryimage\"},\"thumbnailUrl\":\"https:\/\/www.dakarmania.cz\/wp-content\/uploads\/2019\/07\/18-aragon-prokop-01.jpg\",\"datePublished\":\"2019-07-20T11:28:49+00:00\",\"dateModified\":\"2019-11-12T16:36:15+00:00\",\"description\":\"Baja Arag\u00f3n pat\u0159\u00ed k nejpopul\u00e1rn\u011bj\u0161\u00edm cross-country z\u00e1vod\u016fm na evropsk\u00e9m kontinentu a startovn\u00ed listina 36. ro\u010dn\u00edku postaven\u00ed podniku jen potvrzuje.\",\"breadcrumb\":{\"@id\":\"https:\/\/www.dakarmania.cz\/index.php\/2019\/07\/20\/aragon-trojice-cechu\/#breadcrumb\"},\"inLanguage\":\"cs\",\"potentialAction\":[{\"@type\":\"ReadAction\",\"target\":[\"https:\/\/www.dakarmania.cz\/index.php\/2019\/07\/20\/aragon-trojice-cechu\/\"]}]},{\"@type\":\"ImageObject\",\"inLanguage\":\"cs\",\"@id\":\"https:\/\/www.dakarmania.cz\/index.php\/2019\/07\/20\/aragon-trojice-cechu\/#primaryimage\",\"url\":\"https:\/\/www.dakarmania.cz\/wp-content\/uploads\/2019\/07\/18-aragon-prokop-01.jpg\",\"contentUrl\":\"https:\/\/www.dakarmania.cz\/wp-content\/uploads\/2019\/07\/18-aragon-prokop-01.jpg\",\"width\":1600,\"height\":1066,\"caption\":\"Martin Prokop\/Jan Tom\u00e1nek, Ford Raptor RS Cross-Country, MP-Sports. Baja Arag\u00f3n 2018. \u00a9 MP-Sports\"},{\"@type\":\"BreadcrumbList\",\"@id\":\"https:\/\/www.dakarmania.cz\/index.php\/2019\/07\/20\/aragon-trojice-cechu\/#breadcrumb\",\"itemListElement\":[{\"@type\":\"ListItem\",\"position\":1,\"name\":\"Dom\u016f\",\"item\":\"https:\/\/www.dakarmania.cz\/\"},{\"@type\":\"ListItem\",\"position\":2,\"name\":\"Arag\u00f3n: Trojice \u010desk\u00fdch jezdc\u016f proti siln\u00e9 konkurenci\"}]},{\"@type\":\"WebSite\",\"@id\":\"https:\/\/www.dakarmania.cz\/#website\",\"url\":\"https:\/\/www.dakarmania.cz\/\",\"name\":\"DAKARMANIA.cz\",\"description\":\"\u017dijeme Dakarem cel\u00fd rok\",\"publisher\":{\"@id\":\"https:\/\/www.dakarmania.cz\/#organization\"},\"potentialAction\":[{\"@type\":\"SearchAction\",\"target\":{\"@type\":\"EntryPoint\",\"urlTemplate\":\"https:\/\/www.dakarmania.cz\/?s={search_term_string}\"},\"query-input\":{\"@type\":\"PropertyValueSpecification\",\"valueRequired\":true,\"valueName\":\"search_term_string\"}}],\"inLanguage\":\"cs\"},{\"@type\":\"Organization\",\"@id\":\"https:\/\/www.dakarmania.cz\/#organization\",\"name\":\"DAKAR MANIA\",\"url\":\"https:\/\/www.dakarmania.cz\/\",\"logo\":{\"@type\":\"ImageObject\",\"inLanguage\":\"cs\",\"@id\":\"https:\/\/www.dakarmania.cz\/#\/schema\/logo\/image\/\",\"url\":\"https:\/\/www.dakarmania.cz\/wp-content\/uploads\/2018\/12\/Dakar-Mania-Logo-Square-Orange.png\",\"contentUrl\":\"https:\/\/www.dakarmania.cz\/wp-content\/uploads\/2018\/12\/Dakar-Mania-Logo-Square-Orange.png\",\"width\":992,\"height\":992,\"caption\":\"DAKAR MANIA\"},\"image\":{\"@id\":\"https:\/\/www.dakarmania.cz\/#\/schema\/logo\/image\/\"},\"sameAs\":[\"https:\/\/www.facebook.com\/dakarmania\/\"]},{\"@type\":\"Person\",\"@id\":\"https:\/\/www.dakarmania.cz\/#\/schema\/person\/04eb0e87a389631c2169c0dddae7ff1e\",\"name\":\"Zden\u011bk Zelenka\",\"image\":{\"@type\":\"ImageObject\",\"inLanguage\":\"cs\",\"@id\":\"https:\/\/www.dakarmania.cz\/#\/schema\/person\/image\/\",\"url\":\"https:\/\/secure.gravatar.com\/avatar\/2c80d5a4942fe0900b73cc7d3837a509d6ee0a276a2b76dac95c92bd0763a89b?s=96&d=mm&r=g\",\"contentUrl\":\"https:\/\/secure.gravatar.com\/avatar\/2c80d5a4942fe0900b73cc7d3837a509d6ee0a276a2b76dac95c92bd0763a89b?s=96&d=mm&r=g\",\"caption\":\"Zden\u011bk Zelenka\"},\"description\":\"Moji d\u011bt\u0161t\u00ed hrdinov\u00e9 se jmenovali Loprais, Moskal, Neveu, Vatanen, Rahier... A tihle borci, jejich n\u00e1sledovn\u00edci a jejich p\u0159\u00edb\u011bhy m\u011b nep\u0159estali fascinovat ani po letech, kdy jsem vyrostl a zam\u011bstn\u00e1valy m\u011b jin\u00e9 discipl\u00edny motorsportu. Proto se zrodila DAKARMANIA.\",\"url\":\"https:\/\/www.dakarmania.cz\/index.php\/author\/dakarmania\/\"}]}<\/script>\n<!-- \/ Yoast SEO plugin. -->","yoast_head_json":{"title":"Arag\u00f3n: Trojice \u010desk\u00fdch jezdc\u016f proti siln\u00e9 konkurenci - DAKARMANIA.cz","description":"Baja Arag\u00f3n pat\u0159\u00ed k nejpopul\u00e1rn\u011bj\u0161\u00edm cross-country z\u00e1vod\u016fm na evropsk\u00e9m kontinentu a startovn\u00ed listina 36. ro\u010dn\u00edku postaven\u00ed podniku jen potvrzuje.","robots":{"index":"index","follow":"follow","max-snippet":"max-snippet:-1","max-image-preview":"max-image-preview:large","max-video-preview":"max-video-preview:-1"},"canonical":"https:\/\/www.dakarmania.cz\/index.php\/2019\/07\/20\/aragon-trojice-cechu\/","og_locale":"cs_CZ","og_type":"article","og_title":"Arag\u00f3n: Trojice \u010desk\u00fdch jezdc\u016f proti siln\u00e9 konkurenci - DAKARMANIA.cz","og_description":"Baja Arag\u00f3n pat\u0159\u00ed k nejpopul\u00e1rn\u011bj\u0161\u00edm cross-country z\u00e1vod\u016fm na evropsk\u00e9m kontinentu a startovn\u00ed listina 36. ro\u010dn\u00edku postaven\u00ed podniku jen potvrzuje.","og_url":"https:\/\/www.dakarmania.cz\/index.php\/2019\/07\/20\/aragon-trojice-cechu\/","og_site_name":"DAKARMANIA.cz","article_publisher":"https:\/\/www.facebook.com\/dakarmania\/","article_published_time":"2019-07-20T11:28:49+00:00","article_modified_time":"2019-11-12T16:36:15+00:00","og_image":[{"width":1600,"height":1066,"url":"https:\/\/www.dakarmania.cz\/wp-content\/uploads\/2019\/07\/18-aragon-prokop-01.jpg","type":"image\/jpeg"}],"author":"Zden\u011bk Zelenka","twitter_card":"summary_large_image","twitter_misc":{"Napsal(a)":"Zden\u011bk Zelenka","Odhadovan\u00e1 doba \u010dten\u00ed":"5 minut"},"schema":{"@context":"https:\/\/schema.org","@graph":[{"@type":"Article","@id":"https:\/\/www.dakarmania.cz\/index.php\/2019\/07\/20\/aragon-trojice-cechu\/#article","isPartOf":{"@id":"https:\/\/www.dakarmania.cz\/index.php\/2019\/07\/20\/aragon-trojice-cechu\/"},"author":{"name":"Zden\u011bk Zelenka","@id":"https:\/\/www.dakarmania.cz\/#\/schema\/person\/04eb0e87a389631c2169c0dddae7ff1e"},"headline":"Arag\u00f3n: Trojice \u010desk\u00fdch jezdc\u016f proti siln\u00e9 konkurenci","datePublished":"2019-07-20T11:28:49+00:00","dateModified":"2019-11-12T16:36:15+00:00","mainEntityOfPage":{"@id":"https:\/\/www.dakarmania.cz\/index.php\/2019\/07\/20\/aragon-trojice-cechu\/"},"wordCount":945,"commentCount":0,"publisher":{"@id":"https:\/\/www.dakarmania.cz\/#organization"},"image":{"@id":"https:\/\/www.dakarmania.cz\/index.php\/2019\/07\/20\/aragon-trojice-cechu\/#primaryimage"},"thumbnailUrl":"https:\/\/www.dakarmania.cz\/wp-content\/uploads\/2019\/07\/18-aragon-prokop-01.jpg","keywords":["2019","Abdullah Al Zubair","Adel Abdulla","Adrian Yacopini","Andrej Novikov","Armand Monleon","Benediktas Vanagas","Bernhard ten Brinke","Can-Am","Fjodor Vorobjov","Ford","G-Force BARS","Gerard Farr\u00e9s","Hummer","Jan Tom\u00e1nek","Jo\u00e3o Ramos","Konstantin \u017dilcov","Kuba Przygo\u0144ski","Marek S\u00fdkora","Martin Prokop","Michele Cinotto","Mini","Miroslav Zapletal","Monster Energy Can-Am","MP-Sports","Offroadsport","Orlando Terranova","Petr Hoz\u00e1k","Polaris","Ren\u00e9 Kilian","Ricardo Torlaschi","Rui Sousa","Santiago Navarro","South Racing","SP FIA baja","SP FIA baja 2019","Tom Colsoul","Toyota","Vladimir Vasiljev","X-raid"],"articleSection":["Auto","Baja Arag\u00f3n","FIA SP baja"],"inLanguage":"cs","potentialAction":[{"@type":"CommentAction","name":"Comment","target":["https:\/\/www.dakarmania.cz\/index.php\/2019\/07\/20\/aragon-trojice-cechu\/#respond"]}]},{"@type":"WebPage","@id":"https:\/\/www.dakarmania.cz\/index.php\/2019\/07\/20\/aragon-trojice-cechu\/","url":"https:\/\/www.dakarmania.cz\/index.php\/2019\/07\/20\/aragon-trojice-cechu\/","name":"Arag\u00f3n: Trojice \u010desk\u00fdch jezdc\u016f proti siln\u00e9 konkurenci - DAKARMANIA.cz","isPartOf":{"@id":"https:\/\/www.dakarmania.cz\/#website"},"primaryImageOfPage":{"@id":"https:\/\/www.dakarmania.cz\/index.php\/2019\/07\/20\/aragon-trojice-cechu\/#primaryimage"},"image":{"@id":"https:\/\/www.dakarmania.cz\/index.php\/2019\/07\/20\/aragon-trojice-cechu\/#primaryimage"},"thumbnailUrl":"https:\/\/www.dakarmania.cz\/wp-content\/uploads\/2019\/07\/18-aragon-prokop-01.jpg","datePublished":"2019-07-20T11:28:49+00:00","dateModified":"2019-11-12T16:36:15+00:00","description":"Baja Arag\u00f3n pat\u0159\u00ed k nejpopul\u00e1rn\u011bj\u0161\u00edm cross-country z\u00e1vod\u016fm na evropsk\u00e9m kontinentu a startovn\u00ed listina 36. ro\u010dn\u00edku postaven\u00ed podniku jen potvrzuje.","breadcrumb":{"@id":"https:\/\/www.dakarmania.cz\/index.php\/2019\/07\/20\/aragon-trojice-cechu\/#breadcrumb"},"inLanguage":"cs","potentialAction":[{"@type":"ReadAction","target":["https:\/\/www.dakarmania.cz\/index.php\/2019\/07\/20\/aragon-trojice-cechu\/"]}]},{"@type":"ImageObject","inLanguage":"cs","@id":"https:\/\/www.dakarmania.cz\/index.php\/2019\/07\/20\/aragon-trojice-cechu\/#primaryimage","url":"https:\/\/www.dakarmania.cz\/wp-content\/uploads\/2019\/07\/18-aragon-prokop-01.jpg","contentUrl":"https:\/\/www.dakarmania.cz\/wp-content\/uploads\/2019\/07\/18-aragon-prokop-01.jpg","width":1600,"height":1066,"caption":"Martin Prokop\/Jan Tom\u00e1nek, Ford Raptor RS Cross-Country, MP-Sports. Baja Arag\u00f3n 2018. \u00a9 MP-Sports"},{"@type":"BreadcrumbList","@id":"https:\/\/www.dakarmania.cz\/index.php\/2019\/07\/20\/aragon-trojice-cechu\/#breadcrumb","itemListElement":[{"@type":"ListItem","position":1,"name":"Dom\u016f","item":"https:\/\/www.dakarmania.cz\/"},{"@type":"ListItem","position":2,"name":"Arag\u00f3n: Trojice \u010desk\u00fdch jezdc\u016f proti siln\u00e9 konkurenci"}]},{"@type":"WebSite","@id":"https:\/\/www.dakarmania.cz\/#website","url":"https:\/\/www.dakarmania.cz\/","name":"DAKARMANIA.cz","description":"\u017dijeme Dakarem cel\u00fd rok","publisher":{"@id":"https:\/\/www.dakarmania.cz\/#organization"},"potentialAction":[{"@type":"SearchAction","target":{"@type":"EntryPoint","urlTemplate":"https:\/\/www.dakarmania.cz\/?s={search_term_string}"},"query-input":{"@type":"PropertyValueSpecification","valueRequired":true,"valueName":"search_term_string"}}],"inLanguage":"cs"},{"@type":"Organization","@id":"https:\/\/www.dakarmania.cz\/#organization","name":"DAKAR MANIA","url":"https:\/\/www.dakarmania.cz\/","logo":{"@type":"ImageObject","inLanguage":"cs","@id":"https:\/\/www.dakarmania.cz\/#\/schema\/logo\/image\/","url":"https:\/\/www.dakarmania.cz\/wp-content\/uploads\/2018\/12\/Dakar-Mania-Logo-Square-Orange.png","contentUrl":"https:\/\/www.dakarmania.cz\/wp-content\/uploads\/2018\/12\/Dakar-Mania-Logo-Square-Orange.png","width":992,"height":992,"caption":"DAKAR MANIA"},"image":{"@id":"https:\/\/www.dakarmania.cz\/#\/schema\/logo\/image\/"},"sameAs":["https:\/\/www.facebook.com\/dakarmania\/"]},{"@type":"Person","@id":"https:\/\/www.dakarmania.cz\/#\/schema\/person\/04eb0e87a389631c2169c0dddae7ff1e","name":"Zden\u011bk Zelenka","image":{"@type":"ImageObject","inLanguage":"cs","@id":"https:\/\/www.dakarmania.cz\/#\/schema\/person\/image\/","url":"https:\/\/secure.gravatar.com\/avatar\/2c80d5a4942fe0900b73cc7d3837a509d6ee0a276a2b76dac95c92bd0763a89b?s=96&d=mm&r=g","contentUrl":"https:\/\/secure.gravatar.com\/avatar\/2c80d5a4942fe0900b73cc7d3837a509d6ee0a276a2b76dac95c92bd0763a89b?s=96&d=mm&r=g","caption":"Zden\u011bk Zelenka"},"description":"Moji d\u011bt\u0161t\u00ed hrdinov\u00e9 se jmenovali Loprais, Moskal, Neveu, Vatanen, Rahier... A tihle borci, jejich n\u00e1sledovn\u00edci a jejich p\u0159\u00edb\u011bhy m\u011b nep\u0159estali fascinovat ani po letech, kdy jsem vyrostl a zam\u011bstn\u00e1valy m\u011b jin\u00e9 discipl\u00edny motorsportu. Proto se zrodila DAKARMANIA.","url":"https:\/\/www.dakarmania.cz\/index.php\/author\/dakarmania\/"}]}},"amp_enabled":true,"_links":{"self":[{"href":"https:\/\/www.dakarmania.cz\/index.php\/wp-json\/wp\/v2\/posts\/9036","targetHints":{"allow":["GET"]}}],"collection":[{"href":"https:\/\/www.dakarmania.cz\/index.php\/wp-json\/wp\/v2\/posts"}],"about":[{"href":"https:\/\/www.dakarmania.cz\/index.php\/wp-json\/wp\/v2\/types\/post"}],"author":[{"embeddable":true,"href":"https:\/\/www.dakarmania.cz\/index.php\/wp-json\/wp\/v2\/users\/1"}],"replies":[{"embeddable":true,"href":"https:\/\/www.dakarmania.cz\/index.php\/wp-json\/wp\/v2\/comments?post=9036"}],"version-history":[{"count":12,"href":"https:\/\/www.dakarmania.cz\/index.php\/wp-json\/wp\/v2\/posts\/9036\/revisions"}],"predecessor-version":[{"id":13273,"href":"https:\/\/www.dakarmania.cz\/index.php\/wp-json\/wp\/v2\/posts\/9036\/revisions\/13273"}],"wp:featuredmedia":[{"embeddable":true,"href":"https:\/\/www.dakarmania.cz\/index.php\/wp-json\/wp\/v2\/media\/9035"}],"wp:attachment":[{"href":"https:\/\/www.dakarmania.cz\/index.php\/wp-json\/wp\/v2\/media?parent=9036"}],"wp:term":[{"taxonomy":"category","embeddable":true,"href":"https:\/\/www.dakarmania.cz\/index.php\/wp-json\/wp\/v2\/categories?post=9036"},{"taxonomy":"post_tag","embeddable":true,"href":"https:\/\/www.dakarmania.cz\/index.php\/wp-json\/wp\/v2\/tags?post=9036"}],"curies":[{"name":"wp","href":"https:\/\/api.w.org\/{rel}","templated":true}]}}