{"id":9059,"date":"2019-07-21T09:50:53","date_gmt":"2019-07-21T07:50:53","guid":{"rendered":"https:\/\/www.dakarmania.cz\/?p=9059"},"modified":"2023-01-30T20:46:28","modified_gmt":"2023-01-30T19:46:28","slug":"aragon-ceske-prekvapeni","status":"publish","type":"post","link":"https:\/\/www.dakarmania.cz\/index.php\/2019\/07\/21\/aragon-ceske-prekvapeni\/","title":{"rendered":"Arag\u00f3n: Tov\u00e1rn\u00ed t\u00fdmy i \u010desk\u00e9 p\u0159ekvapen\u00ed"},"content":{"rendered":"<p>[vc_row][vc_column][vc_column_text]<\/p>\n<h4>Velmi solidn\u00edm obsazen\u00edm se m\u016f\u017ee Baja Arag\u00f3n 2019 pochlubit i v kategorii motocykl\u016f. T\u0159et\u00ed a z\u00e1rove\u0148 p\u0159edposledn\u00ed podnik Sv\u011btov\u00e9ho poh\u00e1ru FIM v baj\u00e1ch p\u0159il\u00e1kal na start dva tov\u00e1rn\u00ed t\u00fdmy a n\u011bkolik dal\u0161\u00edch zaj\u00edmav\u00fdch jmen.<\/h4>\n<p>O obhajobu lo\u0148sk\u00e9ho v\u00edt\u011bzstv\u00ed se v okol\u00ed Teruelu pokus\u00ed Michael Metge, jen\u017e bude jedn\u00edm z p\u011bti jezdc\u016f tov\u00e1rn\u00ed st\u00e1je Sherco TVS. Francouzov\u00fdmi kolegy budou \u0160pan\u011bl Lorenzo Santolino, Ind Aravind Prabhakar, jeho krajanka Aishwarya Pissay a dal\u0161\u00ed Ind Harith-Noah Koitha-Veettil, kter\u00fd se v ned\u00e1vn\u00e9 minulosti prosazoval na trat\u00edch v N\u011bmecku a Belgii, ov\u0161em ve sjezdech na horsk\u00fdch kolech.[\/vc_column_text][vc_column_text css=&#8221;.vc_custom_1563629956791{padding-top: 10px !important;padding-right: 10px !important;padding-bottom: 20px !important;padding-left: 10px !important;background-color: #d8d8d8 !important;}&#8221;]<strong>Dal\u0161\u00ed kategorie:<\/strong><\/p>\n<p style=\"padding-left: 40px;\"><a href=\"\/index.php\/2019\/07\/20\/aragon-trojice-cechu\/\"><strong>AUTO:<\/strong> Trojice \u010desk\u00fdch jezdc\u016f proti siln\u00e9 konkurenci<\/a><br \/>\n<a href=\"\/index.php\/2019\/07\/20\/aragon-macik-valtr-i-bonver\/\"><strong>KAMIONY:<\/strong> Mac\u00edk, Valtr i Bonver Dakar Project<\/a><\/p>\n<p>[\/vc_column_text][vc_column_text]Konkuren\u010dn\u00ed Hero MotoSports nasad\u00ed ve \u0160pan\u011blsku Portugalce Joaquima Rodriguese a Inda Santoshe Chunchunguppeho, kte\u0159\u00ed na rozd\u00edl od Paula Gon\u00e7alvese a Oriola Meny nedostali v prvn\u00ed polovin\u011b \u010dervence p\u0159\u00edle\u017eitost p\u0159i <a href=\"\/index.php\/souteze\/swr-2019\/\">Silk Way Rally<\/a>.<\/p>\n<p>Na seznamu p\u0159ihl\u00e1\u0161en\u00fdch figuruje tak\u00e9 sedm z jeden\u00e1cti nejlep\u0161\u00edch jezdc\u016f pr\u016fb\u011b\u017en\u00e9ho po\u0159ad\u00ed <a href=\"\/index.php\/sampionaty\/svetovy-pohar-fim-v-bajach-2019\/\">Sv\u011btov\u00e9ho poh\u00e1ru FIM v baj\u00e1ch<\/a>. Krom\u011b vedouc\u00edho Francouze Benjamina Melota nebudou chyb\u011bt zat\u00edm \u010dtvrt\u00fd Kuba Pi\u0105tek, p\u00e1t\u00fd Sultan Al Balooshi, sedm\u00fd Tom\u00e1s de Gavardo, osm\u00fd Abdullah Al-Shatti, des\u00e1t\u00fd Ivan Donoso a jeden\u00e1ct\u00fd Mohammed Al Balooshi.<\/p>\n<p>K nejv\u011bt\u0161\u00edm favorit\u016fm mus\u00edme po\u010d\u00edtat zku\u0161en\u00e9ho a rychl\u00e9ho \u0160pan\u011bla Joana Pedrera, na n\u011bho\u017e v leto\u0161n\u00ed sezon\u011b nezbylo m\u00edsto v \u010desk\u00e9m t\u00fdmu Moto Racing Group.[\/vc_column_text][vc_single_image image=&#8221;5569&#8243; img_size=&#8221;large&#8221; add_caption=&#8221;yes&#8221; alignment=&#8221;center&#8221;][vc_column_text]P\u0159itom pr\u00e1v\u011b v sestav\u011b MRG se objevuje dal\u0161\u00ed nov\u00e9 jm\u00e9no. <a href=\"\/index.php\/souteze\/baja-aragon-2019\/\">Baja Arag\u00f3n<\/a> by m\u011bla b\u00fdt prvn\u00ed cross-country sout\u011b\u017e\u00ed pro Martina Michka. N\u011bkolikan\u00e1sobn\u00fd \u010desk\u00fd \u0161ampion je dal\u0161\u00edm motokrosa\u0159em, jeho\u017e n\u00e1sleduj\u00edc\u00edm sportovn\u00edm c\u00edlem se stala \u00fa\u010dast na Rally Dakar.<\/p>\n<p>Zapomenout nesm\u00edme ani na dvojici jezdc\u016f polsk\u00e9ho Orlen Teamu. Adam Tomiczek a Maciej Giemza o sob\u011b dali pom\u011brn\u011b hlasit\u011b v\u011bd\u011bt t\u0159eba na leto\u0161n\u00ed Silk Way Rally, v jej\u00edch\u017e v\u00fdsledc\u00edch se oba prosadili do prvn\u00ed des\u00edtky.<\/p>\n<p>Baja Aragon 2019 odstartuje v Teruelu v p\u00e1tek 26. \u010dervence. B\u011bhem dvou dn\u00ed absolvuj\u00ed \u00fa\u010dastn\u00edci z\u00e1vodu 810 kilometr\u016f, z nich\u017e se 400 pojede v r\u00e1mci \u010dty\u0159 rychlostn\u00edch zkou\u0161ek.[\/vc_column_text][vc_btn title=&#8221;Baja Arag\u00f3n 2019 &#8211; SEZNAM P\u0158IHL\u00c1\u0160EN\u00ddCH: MOTO&#8221; style=&#8221;outline&#8221; color=&#8221;warning&#8221; size=&#8221;sm&#8221; align=&#8221;center&#8221; i_icon_fontawesome=&#8221;fa fa-list&#8221; button_block=&#8221;true&#8221; add_icon=&#8221;true&#8221; link=&#8221;url:%2Fwp-content%2Fuploads%2F2019%2F07%2F19-aragon-entry-moto-0719.pdf||target:%20_blank|&#8221;][\/vc_column][\/vc_row]<\/p>\n","protected":false},"excerpt":{"rendered":"<p>Solidn\u00edm obsazen\u00edm se m\u016f\u017ee Baja Arag\u00f3n 2019 pochlubit v kategorii motocykl\u016f. T\u0159et\u00ed podnik Sv\u011btov\u00e9ho poh\u00e1ru FIM v baj\u00e1ch p\u0159il\u00e1kal na start dva tov\u00e1rn\u00ed t\u00fdmy.<\/p>\n","protected":false},"author":1,"featured_media":4965,"comment_status":"closed","ping_status":"closed","sticky":false,"template":"","format":"standard","meta":{"footnotes":""},"categories":[1228,155,15],"tags":[425,1354,1317,741,927,1338,245,554,1351,1172,820,1355,108,821,1353,926,1357,1356,234,556,74,75,291,1352,152,157,557,737,739,153],"class_list":["post-9059","post","type-post","status-publish","format-standard","has-post-thumbnail","hentry","category-baja-aragon","category-fim-baja","category-moto-quad","tag-425","tag-abdullah-al-shatti","tag-adam-tomiczek","tag-aishwarya-pissay","tag-aravind-prabhakar","tag-baja-aragon","tag-baja-aragon-2019","tag-benjamin-melot","tag-harith-noah-koitha-veettil","tag-hero","tag-hero-motosports","tag-ivan-donoso","tag-joan-pedrero","tag-joaquim-rodrigues","tag-kuba-piatek","tag-lorenzo-santolino","tag-maciej-giemza","tag-martin-michek","tag-michael-metge","tag-mohammed-al-balooshi","tag-moto-racing-group","tag-mrg","tag-orlen-team","tag-santosh-chunchunguppe","tag-sherco","tag-sp-fim-baja","tag-sp-fim-baja-2019","tag-sultan-al-balooshi","tag-tomas-de-gavardo","tag-tvs-racing"],"yoast_head":"<!-- This site is optimized with the Yoast SEO plugin v24.9 - https:\/\/yoast.com\/wordpress\/plugins\/seo\/ -->\n<title>Arag\u00f3n: Tov\u00e1rn\u00ed t\u00fdmy i \u010desk\u00e9 p\u0159ekvapen\u00ed - DAKARMANIA.cz<\/title>\n<meta name=\"description\" content=\"Solidn\u00edm obsazen\u00edm se m\u016f\u017ee Baja Arag\u00f3n 2019 pochlubit v kategorii motocykl\u016f. T\u0159et\u00ed podnik Sv\u011btov\u00e9ho poh\u00e1ru FIM v baj\u00e1ch p\u0159il\u00e1kal na start dva tov\u00e1rn\u00ed t\u00fdmy.\" \/>\n<meta name=\"robots\" content=\"index, follow, max-snippet:-1, max-image-preview:large, max-video-preview:-1\" \/>\n<link rel=\"canonical\" href=\"https:\/\/www.dakarmania.cz\/index.php\/2019\/07\/21\/aragon-ceske-prekvapeni\/\" \/>\n<meta property=\"og:locale\" content=\"cs_CZ\" \/>\n<meta property=\"og:type\" content=\"article\" \/>\n<meta property=\"og:title\" content=\"Arag\u00f3n: Tov\u00e1rn\u00ed t\u00fdmy i \u010desk\u00e9 p\u0159ekvapen\u00ed - DAKARMANIA.cz\" \/>\n<meta property=\"og:description\" content=\"Solidn\u00edm obsazen\u00edm se m\u016f\u017ee Baja Arag\u00f3n 2019 pochlubit v kategorii motocykl\u016f. T\u0159et\u00ed podnik Sv\u011btov\u00e9ho poh\u00e1ru FIM v baj\u00e1ch p\u0159il\u00e1kal na start dva tov\u00e1rn\u00ed t\u00fdmy.\" \/>\n<meta property=\"og:url\" content=\"https:\/\/www.dakarmania.cz\/index.php\/2019\/07\/21\/aragon-ceske-prekvapeni\/\" \/>\n<meta property=\"og:site_name\" content=\"DAKARMANIA.cz\" \/>\n<meta property=\"article:publisher\" content=\"https:\/\/www.facebook.com\/dakarmania\/\" \/>\n<meta property=\"article:published_time\" content=\"2019-07-21T07:50:53+00:00\" \/>\n<meta property=\"article:modified_time\" content=\"2023-01-30T19:46:28+00:00\" \/>\n<meta property=\"og:image\" content=\"https:\/\/www.dakarmania.cz\/wp-content\/uploads\/2019\/04\/19-merzouga-metge-01.jpg\" \/>\n\t<meta property=\"og:image:width\" content=\"2048\" \/>\n\t<meta property=\"og:image:height\" content=\"1365\" \/>\n\t<meta property=\"og:image:type\" content=\"image\/jpeg\" \/>\n<meta name=\"author\" content=\"Zden\u011bk Zelenka\" \/>\n<meta name=\"twitter:card\" content=\"summary_large_image\" \/>\n<meta name=\"twitter:label1\" content=\"Napsal(a)\" \/>\n\t<meta name=\"twitter:data1\" content=\"Zden\u011bk Zelenka\" \/>\n\t<meta name=\"twitter:label2\" content=\"Odhadovan\u00e1 doba \u010dten\u00ed\" \/>\n\t<meta name=\"twitter:data2\" content=\"2 minuty\" \/>\n<script type=\"application\/ld+json\" class=\"yoast-schema-graph\">{\"@context\":\"https:\/\/schema.org\",\"@graph\":[{\"@type\":\"Article\",\"@id\":\"https:\/\/www.dakarmania.cz\/index.php\/2019\/07\/21\/aragon-ceske-prekvapeni\/#article\",\"isPartOf\":{\"@id\":\"https:\/\/www.dakarmania.cz\/index.php\/2019\/07\/21\/aragon-ceske-prekvapeni\/\"},\"author\":{\"name\":\"Zden\u011bk Zelenka\",\"@id\":\"https:\/\/www.dakarmania.cz\/#\/schema\/person\/04eb0e87a389631c2169c0dddae7ff1e\"},\"headline\":\"Arag\u00f3n: Tov\u00e1rn\u00ed t\u00fdmy i \u010desk\u00e9 p\u0159ekvapen\u00ed\",\"datePublished\":\"2019-07-21T07:50:53+00:00\",\"dateModified\":\"2023-01-30T19:46:28+00:00\",\"mainEntityOfPage\":{\"@id\":\"https:\/\/www.dakarmania.cz\/index.php\/2019\/07\/21\/aragon-ceske-prekvapeni\/\"},\"wordCount\":533,\"publisher\":{\"@id\":\"https:\/\/www.dakarmania.cz\/#organization\"},\"image\":{\"@id\":\"https:\/\/www.dakarmania.cz\/index.php\/2019\/07\/21\/aragon-ceske-prekvapeni\/#primaryimage\"},\"thumbnailUrl\":\"https:\/\/www.dakarmania.cz\/wp-content\/uploads\/2019\/04\/19-merzouga-metge-01.jpg\",\"keywords\":[\"2019\",\"Abdullah Al-Shatti\",\"Adam Tomiczek\",\"Aishwarya Pissay\",\"Aravind Prabhakar\",\"Baja Arag\u00f3n\",\"Baja Arag\u00f3n 2019\",\"Benjamin Melot\",\"Harith-Noah Koitha-Veettil\",\"Hero\",\"Hero MotoSports\",\"Ivan Donoso\",\"Joan Pedrero\",\"Joaquim Rodrigues\",\"Kuba Pi\u0105tek\",\"Lorenzo Santolino\",\"Maciej Giemza\",\"Martin Michek\",\"Michael Metge\",\"Mohammed Al Balooshi\",\"Moto Racing Group\",\"MRG\",\"Orlen Team\",\"Santosh Chunchunguppe\",\"Sherco\",\"SP FIM baja\",\"SP FIM baja 2019\",\"Sultan Al Balooshi\",\"Tom\u00e1s de Gavardo\",\"TVS Racing\"],\"articleSection\":[\"Baja Arag\u00f3n\",\"FIM SP baja\",\"Moto\/Quad\"],\"inLanguage\":\"cs\"},{\"@type\":\"WebPage\",\"@id\":\"https:\/\/www.dakarmania.cz\/index.php\/2019\/07\/21\/aragon-ceske-prekvapeni\/\",\"url\":\"https:\/\/www.dakarmania.cz\/index.php\/2019\/07\/21\/aragon-ceske-prekvapeni\/\",\"name\":\"Arag\u00f3n: Tov\u00e1rn\u00ed t\u00fdmy i \u010desk\u00e9 p\u0159ekvapen\u00ed - DAKARMANIA.cz\",\"isPartOf\":{\"@id\":\"https:\/\/www.dakarmania.cz\/#website\"},\"primaryImageOfPage\":{\"@id\":\"https:\/\/www.dakarmania.cz\/index.php\/2019\/07\/21\/aragon-ceske-prekvapeni\/#primaryimage\"},\"image\":{\"@id\":\"https:\/\/www.dakarmania.cz\/index.php\/2019\/07\/21\/aragon-ceske-prekvapeni\/#primaryimage\"},\"thumbnailUrl\":\"https:\/\/www.dakarmania.cz\/wp-content\/uploads\/2019\/04\/19-merzouga-metge-01.jpg\",\"datePublished\":\"2019-07-21T07:50:53+00:00\",\"dateModified\":\"2023-01-30T19:46:28+00:00\",\"description\":\"Solidn\u00edm obsazen\u00edm se m\u016f\u017ee Baja Arag\u00f3n 2019 pochlubit v kategorii motocykl\u016f. T\u0159et\u00ed podnik Sv\u011btov\u00e9ho poh\u00e1ru FIM v baj\u00e1ch p\u0159il\u00e1kal na start dva tov\u00e1rn\u00ed t\u00fdmy.\",\"breadcrumb\":{\"@id\":\"https:\/\/www.dakarmania.cz\/index.php\/2019\/07\/21\/aragon-ceske-prekvapeni\/#breadcrumb\"},\"inLanguage\":\"cs\",\"potentialAction\":[{\"@type\":\"ReadAction\",\"target\":[\"https:\/\/www.dakarmania.cz\/index.php\/2019\/07\/21\/aragon-ceske-prekvapeni\/\"]}]},{\"@type\":\"ImageObject\",\"inLanguage\":\"cs\",\"@id\":\"https:\/\/www.dakarmania.cz\/index.php\/2019\/07\/21\/aragon-ceske-prekvapeni\/#primaryimage\",\"url\":\"https:\/\/www.dakarmania.cz\/wp-content\/uploads\/2019\/04\/19-merzouga-metge-01.jpg\",\"contentUrl\":\"https:\/\/www.dakarmania.cz\/wp-content\/uploads\/2019\/04\/19-merzouga-metge-01.jpg\",\"width\":2048,\"height\":1365,\"caption\":\"Michael Metge, Sherco TVS 450 RTR, Sherco TVS Rally Factory. Merzouga Rally 2019. \u00a9 Aurelien Vialatte\/ASO\"},{\"@type\":\"BreadcrumbList\",\"@id\":\"https:\/\/www.dakarmania.cz\/index.php\/2019\/07\/21\/aragon-ceske-prekvapeni\/#breadcrumb\",\"itemListElement\":[{\"@type\":\"ListItem\",\"position\":1,\"name\":\"Dom\u016f\",\"item\":\"https:\/\/www.dakarmania.cz\/\"},{\"@type\":\"ListItem\",\"position\":2,\"name\":\"Arag\u00f3n: Tov\u00e1rn\u00ed t\u00fdmy i \u010desk\u00e9 p\u0159ekvapen\u00ed\"}]},{\"@type\":\"WebSite\",\"@id\":\"https:\/\/www.dakarmania.cz\/#website\",\"url\":\"https:\/\/www.dakarmania.cz\/\",\"name\":\"DAKARMANIA.cz\",\"description\":\"\u017dijeme Dakarem cel\u00fd rok\",\"publisher\":{\"@id\":\"https:\/\/www.dakarmania.cz\/#organization\"},\"potentialAction\":[{\"@type\":\"SearchAction\",\"target\":{\"@type\":\"EntryPoint\",\"urlTemplate\":\"https:\/\/www.dakarmania.cz\/?s={search_term_string}\"},\"query-input\":{\"@type\":\"PropertyValueSpecification\",\"valueRequired\":true,\"valueName\":\"search_term_string\"}}],\"inLanguage\":\"cs\"},{\"@type\":\"Organization\",\"@id\":\"https:\/\/www.dakarmania.cz\/#organization\",\"name\":\"DAKAR MANIA\",\"url\":\"https:\/\/www.dakarmania.cz\/\",\"logo\":{\"@type\":\"ImageObject\",\"inLanguage\":\"cs\",\"@id\":\"https:\/\/www.dakarmania.cz\/#\/schema\/logo\/image\/\",\"url\":\"https:\/\/www.dakarmania.cz\/wp-content\/uploads\/2018\/12\/Dakar-Mania-Logo-Square-Orange.png\",\"contentUrl\":\"https:\/\/www.dakarmania.cz\/wp-content\/uploads\/2018\/12\/Dakar-Mania-Logo-Square-Orange.png\",\"width\":992,\"height\":992,\"caption\":\"DAKAR MANIA\"},\"image\":{\"@id\":\"https:\/\/www.dakarmania.cz\/#\/schema\/logo\/image\/\"},\"sameAs\":[\"https:\/\/www.facebook.com\/dakarmania\/\"]},{\"@type\":\"Person\",\"@id\":\"https:\/\/www.dakarmania.cz\/#\/schema\/person\/04eb0e87a389631c2169c0dddae7ff1e\",\"name\":\"Zden\u011bk Zelenka\",\"image\":{\"@type\":\"ImageObject\",\"inLanguage\":\"cs\",\"@id\":\"https:\/\/www.dakarmania.cz\/#\/schema\/person\/image\/\",\"url\":\"https:\/\/secure.gravatar.com\/avatar\/2c80d5a4942fe0900b73cc7d3837a509d6ee0a276a2b76dac95c92bd0763a89b?s=96&d=mm&r=g\",\"contentUrl\":\"https:\/\/secure.gravatar.com\/avatar\/2c80d5a4942fe0900b73cc7d3837a509d6ee0a276a2b76dac95c92bd0763a89b?s=96&d=mm&r=g\",\"caption\":\"Zden\u011bk Zelenka\"},\"description\":\"Moji d\u011bt\u0161t\u00ed hrdinov\u00e9 se jmenovali Loprais, Moskal, Neveu, Vatanen, Rahier... A tihle borci, jejich n\u00e1sledovn\u00edci a jejich p\u0159\u00edb\u011bhy m\u011b nep\u0159estali fascinovat ani po letech, kdy jsem vyrostl a zam\u011bstn\u00e1valy m\u011b jin\u00e9 discipl\u00edny motorsportu. Proto se zrodila DAKARMANIA.\",\"url\":\"https:\/\/www.dakarmania.cz\/index.php\/author\/dakarmania\/\"}]}<\/script>\n<!-- \/ Yoast SEO plugin. -->","yoast_head_json":{"title":"Arag\u00f3n: Tov\u00e1rn\u00ed t\u00fdmy i \u010desk\u00e9 p\u0159ekvapen\u00ed - DAKARMANIA.cz","description":"Solidn\u00edm obsazen\u00edm se m\u016f\u017ee Baja Arag\u00f3n 2019 pochlubit v kategorii motocykl\u016f. T\u0159et\u00ed podnik Sv\u011btov\u00e9ho poh\u00e1ru FIM v baj\u00e1ch p\u0159il\u00e1kal na start dva tov\u00e1rn\u00ed t\u00fdmy.","robots":{"index":"index","follow":"follow","max-snippet":"max-snippet:-1","max-image-preview":"max-image-preview:large","max-video-preview":"max-video-preview:-1"},"canonical":"https:\/\/www.dakarmania.cz\/index.php\/2019\/07\/21\/aragon-ceske-prekvapeni\/","og_locale":"cs_CZ","og_type":"article","og_title":"Arag\u00f3n: Tov\u00e1rn\u00ed t\u00fdmy i \u010desk\u00e9 p\u0159ekvapen\u00ed - DAKARMANIA.cz","og_description":"Solidn\u00edm obsazen\u00edm se m\u016f\u017ee Baja Arag\u00f3n 2019 pochlubit v kategorii motocykl\u016f. T\u0159et\u00ed podnik Sv\u011btov\u00e9ho poh\u00e1ru FIM v baj\u00e1ch p\u0159il\u00e1kal na start dva tov\u00e1rn\u00ed t\u00fdmy.","og_url":"https:\/\/www.dakarmania.cz\/index.php\/2019\/07\/21\/aragon-ceske-prekvapeni\/","og_site_name":"DAKARMANIA.cz","article_publisher":"https:\/\/www.facebook.com\/dakarmania\/","article_published_time":"2019-07-21T07:50:53+00:00","article_modified_time":"2023-01-30T19:46:28+00:00","og_image":[{"width":2048,"height":1365,"url":"https:\/\/www.dakarmania.cz\/wp-content\/uploads\/2019\/04\/19-merzouga-metge-01.jpg","type":"image\/jpeg"}],"author":"Zden\u011bk Zelenka","twitter_card":"summary_large_image","twitter_misc":{"Napsal(a)":"Zden\u011bk Zelenka","Odhadovan\u00e1 doba \u010dten\u00ed":"2 minuty"},"schema":{"@context":"https:\/\/schema.org","@graph":[{"@type":"Article","@id":"https:\/\/www.dakarmania.cz\/index.php\/2019\/07\/21\/aragon-ceske-prekvapeni\/#article","isPartOf":{"@id":"https:\/\/www.dakarmania.cz\/index.php\/2019\/07\/21\/aragon-ceske-prekvapeni\/"},"author":{"name":"Zden\u011bk Zelenka","@id":"https:\/\/www.dakarmania.cz\/#\/schema\/person\/04eb0e87a389631c2169c0dddae7ff1e"},"headline":"Arag\u00f3n: Tov\u00e1rn\u00ed t\u00fdmy i \u010desk\u00e9 p\u0159ekvapen\u00ed","datePublished":"2019-07-21T07:50:53+00:00","dateModified":"2023-01-30T19:46:28+00:00","mainEntityOfPage":{"@id":"https:\/\/www.dakarmania.cz\/index.php\/2019\/07\/21\/aragon-ceske-prekvapeni\/"},"wordCount":533,"publisher":{"@id":"https:\/\/www.dakarmania.cz\/#organization"},"image":{"@id":"https:\/\/www.dakarmania.cz\/index.php\/2019\/07\/21\/aragon-ceske-prekvapeni\/#primaryimage"},"thumbnailUrl":"https:\/\/www.dakarmania.cz\/wp-content\/uploads\/2019\/04\/19-merzouga-metge-01.jpg","keywords":["2019","Abdullah Al-Shatti","Adam Tomiczek","Aishwarya Pissay","Aravind Prabhakar","Baja Arag\u00f3n","Baja Arag\u00f3n 2019","Benjamin Melot","Harith-Noah Koitha-Veettil","Hero","Hero MotoSports","Ivan Donoso","Joan Pedrero","Joaquim Rodrigues","Kuba Pi\u0105tek","Lorenzo Santolino","Maciej Giemza","Martin Michek","Michael Metge","Mohammed Al Balooshi","Moto Racing Group","MRG","Orlen Team","Santosh Chunchunguppe","Sherco","SP FIM baja","SP FIM baja 2019","Sultan Al Balooshi","Tom\u00e1s de Gavardo","TVS Racing"],"articleSection":["Baja Arag\u00f3n","FIM SP baja","Moto\/Quad"],"inLanguage":"cs"},{"@type":"WebPage","@id":"https:\/\/www.dakarmania.cz\/index.php\/2019\/07\/21\/aragon-ceske-prekvapeni\/","url":"https:\/\/www.dakarmania.cz\/index.php\/2019\/07\/21\/aragon-ceske-prekvapeni\/","name":"Arag\u00f3n: Tov\u00e1rn\u00ed t\u00fdmy i \u010desk\u00e9 p\u0159ekvapen\u00ed - DAKARMANIA.cz","isPartOf":{"@id":"https:\/\/www.dakarmania.cz\/#website"},"primaryImageOfPage":{"@id":"https:\/\/www.dakarmania.cz\/index.php\/2019\/07\/21\/aragon-ceske-prekvapeni\/#primaryimage"},"image":{"@id":"https:\/\/www.dakarmania.cz\/index.php\/2019\/07\/21\/aragon-ceske-prekvapeni\/#primaryimage"},"thumbnailUrl":"https:\/\/www.dakarmania.cz\/wp-content\/uploads\/2019\/04\/19-merzouga-metge-01.jpg","datePublished":"2019-07-21T07:50:53+00:00","dateModified":"2023-01-30T19:46:28+00:00","description":"Solidn\u00edm obsazen\u00edm se m\u016f\u017ee Baja Arag\u00f3n 2019 pochlubit v kategorii motocykl\u016f. T\u0159et\u00ed podnik Sv\u011btov\u00e9ho poh\u00e1ru FIM v baj\u00e1ch p\u0159il\u00e1kal na start dva tov\u00e1rn\u00ed t\u00fdmy.","breadcrumb":{"@id":"https:\/\/www.dakarmania.cz\/index.php\/2019\/07\/21\/aragon-ceske-prekvapeni\/#breadcrumb"},"inLanguage":"cs","potentialAction":[{"@type":"ReadAction","target":["https:\/\/www.dakarmania.cz\/index.php\/2019\/07\/21\/aragon-ceske-prekvapeni\/"]}]},{"@type":"ImageObject","inLanguage":"cs","@id":"https:\/\/www.dakarmania.cz\/index.php\/2019\/07\/21\/aragon-ceske-prekvapeni\/#primaryimage","url":"https:\/\/www.dakarmania.cz\/wp-content\/uploads\/2019\/04\/19-merzouga-metge-01.jpg","contentUrl":"https:\/\/www.dakarmania.cz\/wp-content\/uploads\/2019\/04\/19-merzouga-metge-01.jpg","width":2048,"height":1365,"caption":"Michael Metge, Sherco TVS 450 RTR, Sherco TVS Rally Factory. Merzouga Rally 2019. \u00a9 Aurelien Vialatte\/ASO"},{"@type":"BreadcrumbList","@id":"https:\/\/www.dakarmania.cz\/index.php\/2019\/07\/21\/aragon-ceske-prekvapeni\/#breadcrumb","itemListElement":[{"@type":"ListItem","position":1,"name":"Dom\u016f","item":"https:\/\/www.dakarmania.cz\/"},{"@type":"ListItem","position":2,"name":"Arag\u00f3n: Tov\u00e1rn\u00ed t\u00fdmy i \u010desk\u00e9 p\u0159ekvapen\u00ed"}]},{"@type":"WebSite","@id":"https:\/\/www.dakarmania.cz\/#website","url":"https:\/\/www.dakarmania.cz\/","name":"DAKARMANIA.cz","description":"\u017dijeme Dakarem cel\u00fd rok","publisher":{"@id":"https:\/\/www.dakarmania.cz\/#organization"},"potentialAction":[{"@type":"SearchAction","target":{"@type":"EntryPoint","urlTemplate":"https:\/\/www.dakarmania.cz\/?s={search_term_string}"},"query-input":{"@type":"PropertyValueSpecification","valueRequired":true,"valueName":"search_term_string"}}],"inLanguage":"cs"},{"@type":"Organization","@id":"https:\/\/www.dakarmania.cz\/#organization","name":"DAKAR MANIA","url":"https:\/\/www.dakarmania.cz\/","logo":{"@type":"ImageObject","inLanguage":"cs","@id":"https:\/\/www.dakarmania.cz\/#\/schema\/logo\/image\/","url":"https:\/\/www.dakarmania.cz\/wp-content\/uploads\/2018\/12\/Dakar-Mania-Logo-Square-Orange.png","contentUrl":"https:\/\/www.dakarmania.cz\/wp-content\/uploads\/2018\/12\/Dakar-Mania-Logo-Square-Orange.png","width":992,"height":992,"caption":"DAKAR MANIA"},"image":{"@id":"https:\/\/www.dakarmania.cz\/#\/schema\/logo\/image\/"},"sameAs":["https:\/\/www.facebook.com\/dakarmania\/"]},{"@type":"Person","@id":"https:\/\/www.dakarmania.cz\/#\/schema\/person\/04eb0e87a389631c2169c0dddae7ff1e","name":"Zden\u011bk Zelenka","image":{"@type":"ImageObject","inLanguage":"cs","@id":"https:\/\/www.dakarmania.cz\/#\/schema\/person\/image\/","url":"https:\/\/secure.gravatar.com\/avatar\/2c80d5a4942fe0900b73cc7d3837a509d6ee0a276a2b76dac95c92bd0763a89b?s=96&d=mm&r=g","contentUrl":"https:\/\/secure.gravatar.com\/avatar\/2c80d5a4942fe0900b73cc7d3837a509d6ee0a276a2b76dac95c92bd0763a89b?s=96&d=mm&r=g","caption":"Zden\u011bk Zelenka"},"description":"Moji d\u011bt\u0161t\u00ed hrdinov\u00e9 se jmenovali Loprais, Moskal, Neveu, Vatanen, Rahier... A tihle borci, jejich n\u00e1sledovn\u00edci a jejich p\u0159\u00edb\u011bhy m\u011b nep\u0159estali fascinovat ani po letech, kdy jsem vyrostl a zam\u011bstn\u00e1valy m\u011b jin\u00e9 discipl\u00edny motorsportu. Proto se zrodila DAKARMANIA.","url":"https:\/\/www.dakarmania.cz\/index.php\/author\/dakarmania\/"}]}},"amp_enabled":true,"_links":{"self":[{"href":"https:\/\/www.dakarmania.cz\/index.php\/wp-json\/wp\/v2\/posts\/9059","targetHints":{"allow":["GET"]}}],"collection":[{"href":"https:\/\/www.dakarmania.cz\/index.php\/wp-json\/wp\/v2\/posts"}],"about":[{"href":"https:\/\/www.dakarmania.cz\/index.php\/wp-json\/wp\/v2\/types\/post"}],"author":[{"embeddable":true,"href":"https:\/\/www.dakarmania.cz\/index.php\/wp-json\/wp\/v2\/users\/1"}],"replies":[{"embeddable":true,"href":"https:\/\/www.dakarmania.cz\/index.php\/wp-json\/wp\/v2\/comments?post=9059"}],"version-history":[{"count":6,"href":"https:\/\/www.dakarmania.cz\/index.php\/wp-json\/wp\/v2\/posts\/9059\/revisions"}],"predecessor-version":[{"id":22395,"href":"https:\/\/www.dakarmania.cz\/index.php\/wp-json\/wp\/v2\/posts\/9059\/revisions\/22395"}],"wp:featuredmedia":[{"embeddable":true,"href":"https:\/\/www.dakarmania.cz\/index.php\/wp-json\/wp\/v2\/media\/4965"}],"wp:attachment":[{"href":"https:\/\/www.dakarmania.cz\/index.php\/wp-json\/wp\/v2\/media?parent=9059"}],"wp:term":[{"taxonomy":"category","embeddable":true,"href":"https:\/\/www.dakarmania.cz\/index.php\/wp-json\/wp\/v2\/categories?post=9059"},{"taxonomy":"post_tag","embeddable":true,"href":"https:\/\/www.dakarmania.cz\/index.php\/wp-json\/wp\/v2\/tags?post=9059"}],"curies":[{"name":"wp","href":"https:\/\/api.w.org\/{rel}","templated":true}]}}