{"id":9077,"date":"2019-07-23T18:17:31","date_gmt":"2019-07-23T16:17:31","guid":{"rendered":"https:\/\/www.dakarmania.cz\/?p=9077"},"modified":"2019-09-06T01:22:08","modified_gmt":"2019-09-05T23:22:08","slug":"fia-svetovy-sampionat","status":"publish","type":"post","link":"https:\/\/www.dakarmania.cz\/index.php\/2019\/07\/23\/fia-svetovy-sampionat\/","title":{"rendered":"FIA st\u00e1le po\u010d\u00edt\u00e1 s transformac\u00ed poh\u00e1ru ve sv\u011btov\u00fd \u0161ampion\u00e1t"},"content":{"rendered":"<p>[vc_row][vc_column][vc_column_text]<\/p>\n<h4>Mezin\u00e1rodn\u00ed automobilov\u00e1 federace (FIA) by r\u00e1da u\u010dinila krok, k n\u011bmu\u017e se jej\u00ed motocyklov\u00e1 obdoba FIM odhodlala u\u017e v roce 2003. Ze Sv\u011btov\u00e9ho poh\u00e1ru FIA v cross-country rally by se m\u011bl st\u00e1t sv\u011btov\u00fd \u0161ampion\u00e1t.<\/h4>\n<p>N\u00e1vrh je na stole a zainteresovan\u00e9 subjekty o n\u011bm jednaj\u00ed u\u017e n\u011bjakou dobu. Loni se dokonce podle n\u011bkter\u00fdch n\u00e1znak\u016f zd\u00e1lo, \u017ee se sv\u011btov\u00e9ho \u0161ampion\u00e1tu do\u010dk\u00e1me u\u017e letos. Prosincov\u00e9 zve\u0159ejn\u011bn\u00ed kalend\u00e1\u0159e pak zp\u016fsobilo p\u0159ekvapen\u00ed a do jist\u00e9 m\u00edry i roz\u010darov\u00e1n\u00ed. Statut sv\u011btov\u00e9ho poh\u00e1ru byl zachov\u00e1n, nav\u00edc do\u0161lo k jeho rozd\u011blen\u00ed. V kalend\u00e1\u0159i <a href=\"\/index.php\/sampionaty\/svetovy-pohar-fia-v-cross-country-rally-2019\/\">Sv\u011btov\u00e9ho poh\u00e1ru FIA v cross-country rally<\/a> (SP CCR) z\u016fstalo jen p\u011bt podnik\u016f, osm krat\u0161\u00edch baj bylo vy\u010dlen\u011bno do <a href=\"\/index.php\/sampionaty\/svetovy-pohar-fia-v-cross-country-bajach-2019\/\">samostatn\u00e9 s\u00e9rie<\/a>.<\/p>\n<p>Po <a href=\"\/index.php\/2019\/03\/14\/ze-svetoveho-poharu-zbylo-torzo-turkmenistan-zrusen\/\">zru\u0161en\u00ed Turkmen Desert Race<\/a> zbylo ze SP CCR jen \u010dty\u0159d\u00edln\u00e9 torzo. Nav\u00edc neatraktivn\u011b rozta\u017een\u00e9 do osmi m\u011bs\u00edc\u016f. Zat\u00edmco <a href=\"https:\/\/www.dakarmania.cz\/index.php\/sampionaty\/svetovy-pohar-fia-v-cross-country-rally-2019\/qatar-cross-country-rally-2019\/\">Qatar Cross-Country Rally<\/a>, <a href=\"https:\/\/www.dakarmania.cz\/index.php\/sampionaty\/svetovy-pohar-fia-v-cross-country-rally-2019\/addc-2019\/\">Abu Dhabi Desert Challenge<\/a> a <a href=\"https:\/\/www.dakarmania.cz\/index.php\/souteze\/rally-kazakhstan-2019\/\">Rally Kazakhstan<\/a> se odjely v podstat\u011b b\u011bhem t\u0159\u00ed m\u011bs\u00edc\u016f, z\u00e1v\u011bre\u010dnou <a href=\"https:\/\/www.dakarmania.cz\/index.php\/souteze\/maroc-2019\/\">Rallye du Maroc<\/a> d\u011bl\u00ed od zm\u00edn\u011bn\u00e9 trojice \u010dty\u0159m\u011bs\u00ed\u010dn\u00ed p\u0159est\u00e1vka.[\/vc_column_text][vc_single_image image=&#8221;9080&#8243; img_size=&#8221;large&#8221; add_caption=&#8221;yes&#8221; alignment=&#8221;center&#8221;][vc_column_text]<\/p>\n<h4>Sejde z o\u010d\u00ed, sejde z mysli<\/h4>\n<p>Takov\u00fd form\u00e1t je z pohledu medi\u00e1ln\u00edho i fanou\u0161kovsk\u00e9ho z\u00e1jmu p\u0159inejmen\u0161\u00edm ne\u0161\u0165astn\u00fd. \u017dijeme v dob\u011b, kdy p\u0159\u00edznivci jak\u00e9hokoliv sportu cht\u011bj\u00ed svou porci z\u00e1bavy podstatn\u011b \u010dast\u011bji a pokud mo\u017eno pravideln\u011b. Jinak ztr\u00e1cej\u00ed pozornost. Na p\u0159\u00edklad fotbal, kter\u00fd co do sledovanosti a popularity st\u00e1le z\u016fst\u00e1v\u00e1 celosv\u011btov\u00fdm fenom\u00e9nem, se hraje ka\u017ed\u00fd v\u00edkend a v t\u00fddnu se serv\u00edruje poh\u00e1rov\u00fd n\u00e1\u0161up. Ale i motoristick\u00e9 sporty syt\u00ed sv\u00e9 fanou\u0161ky \u010dasto ve \u010dtrn\u00e1ctidenn\u00edch \u2013 a n\u011bkdy i t\u00fddenn\u00edch \u2013 intervalech (F1, IndyCar, NASCAR). Div\u00e1cky podstatn\u011b atraktivn\u011bj\u0161\u00ed form\u00e1t m\u00e1 tak\u00e9 discipl\u00edna, kter\u00e1 je cross-country rally nejbli\u017e\u0161\u00ed. Sezona mistrovstv\u00ed sv\u011bta v rally ub\u00edh\u00e1 p\u0159ibli\u017en\u011b v t\u0159\u00edt\u00fddenn\u00edm rytmu.<\/p>\n<p>P\u0159itom cross-country rally m\u00e1 trumfy ve sv\u00fdch rukou. P\u0159\u00edchu\u0165 extr\u00e9mn\u00ed z\u00e1bavy, jakou dal\u0161\u00ed sporty (v\u010detn\u011b v\u011bt\u0161iny motoristick\u00fdch discipl\u00edn), jejich\u017e kolbi\u0161t\u011bm jsou uzav\u0159en\u00e9 stadiony nebo jin\u00e1 st\u00e1l\u00e1 sportovi\u0161t\u011b, jednodu\u0161e m\u00edt nemohou. Podm\u00ednky, kter\u00e9 nelze nikdy stoprocentn\u011b p\u0159edv\u00eddat, a proto se mohou ka\u017ed\u00fd den postarat o naps\u00e1n\u00ed hned n\u011bkolika \u2013 \u010dasto cel\u00e9 \u0159ady \u2013 zaj\u00edmav\u00fdch sportovn\u00edch p\u0159\u00edb\u011bh\u016f. Div\u00e1cky mimo\u0159\u00e1dn\u011b atraktivn\u00ed z\u00e1b\u011bry. Modern\u00ed technologie, d\u00edky nim\u017e lze zprost\u0159edkovat velmi detailn\u011b pr\u016fb\u011bh z\u00e1vodu, a\u0165 u\u017e se jede v jak\u00e9mkoliv kout\u011b planety.<\/p>\n<p>Odpov\u011bdn\u00e9 osoby a osobnosti z FIA si v\u00fd\u0161e zm\u00edn\u011bn\u00e9 dob\u0159e uv\u011bdomuj\u00ed. Aktivn\u00ed propag\u00e1torkou zm\u011bny je sou\u010dasn\u00e1 prezidentka komise FIA pro cross-country rally Jutta Kleinschmidt. Z jej\u00edch vyj\u00e1d\u0159en\u00ed lze usuzovat, \u017ee i leto\u0161n\u00ed pon\u011bkud ne\u0161\u0165astn\u00e1 podoba SP CCR nebyla po\u010d\u00e1tkem pouti \u0161patn\u00fdm sm\u011brem, ale sp\u00ed\u0161 prvn\u00edm krokem na cest\u011b k vytvo\u0159en\u00ed ide\u00e1ln\u00edho form\u00e1tu budouc\u00edho mistrovstv\u00ed sv\u011bta.[\/vc_column_text][vc_single_image image=&#8221;9082&#8243; img_size=&#8221;large&#8221; add_caption=&#8221;yes&#8221; alignment=&#8221;center&#8221;][vc_column_text]<em>\u201eJednozna\u010dn\u011b se jedn\u00e1 o obdob\u00ed zm\u011bn. Aby z\u00e1vodn\u00edci rostli, pot\u0159ebuj\u00ed jednu plnohodnotnou s\u00e9rii. Na\u0161\u00edm c\u00edlem je zaujmout v\u00edce sout\u011b\u017e\u00edc\u00edch, z\u00edskat v\u011bt\u0161\u00ed medi\u00e1ln\u00ed pokryt\u00ed a transformovat sv\u011btov\u00fd poh\u00e1r do mistrovstv\u00ed sv\u011bta. Sv\u011btov\u00fd \u0161ampion\u00e1t by zv\u00fd\u0161il hodnotu cross-country rally jako sportovn\u00ed discipl\u00edny,\u201c<\/em> v\u011b\u0159\u00ed <strong>Jutta Kleinschmidt<\/strong>.<\/p>\n<h4>M\u00e9n\u011b podnik\u016f podm\u00ednkou<\/h4>\n<p>V roce 2018, kdy se o body do SP CCR bojovalo jak p\u0159i del\u0161\u00edch rally, tak p\u0159i krat\u0161\u00edch baj\u00e1ch, \u010d\u00edtal kalend\u00e1\u0159 jeden\u00e1ct podnik\u016f. Tak n\u00e1ro\u010dn\u00fd program \u00fa\u010dastn\u00edky p\u0159\u00edpadn\u00e9ho sv\u011btov\u00e9ho \u0161ampion\u00e1tu ne\u010dek\u00e1.<\/p>\n<p><em>\u201eV minulosti jsme m\u011bli i t\u0159in\u00e1ct z\u00e1vod\u016f za rok, co\u017e je pro soukrom\u00e9 t\u00fdmy p\u0159\u00edli\u0161,\u201c<\/em> p\u0159ipom\u00edn\u00e1 v\u00edt\u011bzka Rally Dakar v kategorii automobil\u016f z roku 2001. <em>\u201eMen\u0161\u00ed po\u010det podnik\u016f sni\u017euje n\u00e1klady t\u00fdm\u016f. Proto bychom tolik z\u00e1vod\u016f m\u00edt nem\u011bli.\u201c<\/em><\/p>\n<p>FIA nemus\u00ed nic vym\u00fd\u0161let. Funguj\u00edc\u00ed model existuje. Inspiraci lze \u010derpat u ji\u017e zm\u00edn\u011bn\u00e9 FIM. Ta krom\u011b <a href=\"\/index.php\/sampionaty\/ms-fim-ccr-2019\/\">mistrovstv\u00ed sv\u011bta v cross-country rally<\/a> po\u0159\u00e1d\u00e1 tak\u00e9 samostatn\u00fd <a href=\"https:\/\/www.dakarmania.cz\/index.php\/sampionaty\/svetovy-pohar-fim-v-bajach-2019\/\">sv\u011btov\u00fd poh\u00e1r v baj\u00e1ch<\/a>. \u0160ampion\u00e1t m\u00e1 svou v\u00e1hu, presti\u017e a t\u011b\u0161\u00ed se z\u00e1jmu nejlep\u0161\u00edch tov\u00e1rn\u00edch t\u00fdm\u016f. Poh\u00e1r slou\u017e\u00ed jezdc\u016fm, kte\u0159\u00ed se na sc\u00e9n\u011b cross-country etabluj\u00ed a z\u00edsk\u00e1vaj\u00ed prvn\u00ed zku\u0161enosti, stejn\u011b jako \u201ehob\u00edk\u016fm\u201c, jim\u017e krat\u0161\u00ed sout\u011b\u017ee sta\u010d\u00ed k jejich sportovn\u00edmu vy\u017eit\u00ed.[\/vc_column_text][vc_single_image image=&#8221;9084&#8243; img_size=&#8221;large&#8221; add_caption=&#8221;yes&#8221; alignment=&#8221;center&#8221;][vc_column_text]<\/p>\n<h4>Silk Way hork\u00fdm kandid\u00e1tem<\/h4>\n<p>Jak by tedy mohl kalend\u00e1\u0159 budouc\u00edho mistrovstv\u00ed sv\u011bta vypadat? \u010ctve\u0159ice z\u00e1vod\u016f, kter\u00e9 jsou sou\u010d\u00e1st\u00ed SP CCR letos, m\u00e1 svou kvalitu a pravd\u011bpodobn\u011b by m\u011bla tvo\u0159it kostru s\u00e9rie i do budoucna.<\/p>\n<p>Nep\u0159\u00edjemn\u011b dlouhou p\u0159est\u00e1vku by mohla rozb\u00edt letn\u00ed Silk Way Rally. Jej\u00ed <a href=\"https:\/\/www.dakarmania.cz\/index.php\/souteze\/swr-2019\/\">dev\u00e1t\u00fd ro\u010dn\u00edk<\/a> se organiz\u00e1tor\u016fm d\u00edky pestrosti a n\u00e1ro\u010dnosti trat\u00ed mimo\u0159\u00e1dn\u011b povedl. A jel se jako kandid\u00e1tsk\u00fd podnik FIA. Nav\u00edc SWR byla letos poprv\u00e9 sou\u010d\u00e1st\u00ed sv\u011btov\u00e9ho \u0161ampion\u00e1tu FIM. D\u00edky tomu v kategorii motocykl\u016f <a href=\"\/index.php\/2019\/06\/17\/silk-way-moto-a-quad\/\">p\u0159il\u00e1kala na start vynikaj\u00edc\u00ed konkurenci<\/a> a jezdci p\u011bti tov\u00e1rn\u00edch t\u00fdm\u016f se postarali o velmi atraktivn\u00ed pr\u016fb\u011bh z\u00e1vodu. Kdyby v budoucnu SWR nab\u00eddla n\u011bco podobn\u00e9ho i v kategorii automobil\u016f, jej\u00ed u\u017e tak nemal\u00e1 presti\u017e by op\u011bt o n\u011bco stoupla.<\/p>\n<h4>Africa Eco Race nebo Dakar?<\/h4>\n<p>Ji\u017e na ja\u0159e se v italsk\u00fdch m\u00e9di\u00edch objevily informace, \u017ee o za\u0159azen\u00ed sv\u00e9ho africk\u00e9ho z\u00e1vodu do kalend\u00e1\u0159e SP\/MS s FIA jedn\u00e1 Jean-Louis Schlesser. D\u016fvod je z\u0159ejm\u00fd: Francouz by na start Africa Eco Race (AER) r\u00e1d p\u0159il\u00e1kal opravdu velk\u00e1 jm\u00e9na. Je v\u0161ak ot\u00e1zkou, kolik \u0161pi\u010dkov\u00fdch t\u00fdm\u016f a jezdc\u016f by kv\u016fli bod\u016fm do SP\/MS, skute\u010dn\u011b o\u017eelelo medi\u00e1ln\u011b \u2013 a tud\u00ed\u017e i marketingov\u011b \u2013 jednozna\u010dn\u011b atraktivn\u011bj\u0161\u00ed vrchol sezony, j\u00edm\u017e st\u00e1le z\u016fst\u00e1v\u00e1 Rally Dakar.[\/vc_column_text][vc_single_image image=&#8221;9086&#8243; img_size=&#8221;large&#8221; add_caption=&#8221;yes&#8221; alignment=&#8221;center&#8221;][vc_column_text]A pro\u010d by pod nov\u00fdm veden\u00edm nemohl o m\u00edsto v kalend\u00e1\u0159i usilovat Dakar? Kalend\u00e1\u0159 SP CCR otev\u00edral u\u017e v 90. letech minul\u00e9ho stolet\u00ed. Nav\u00edc prezident motocyklov\u00e9 federace Jorge Viegas projevil <a href=\"\/index.php\/2019\/01\/25\/fim-usiluje-o-zarazeni-dakaru-2020-do-mistrovstvi-sveta\/\">z\u00e1jem o za\u0159azen\u00ed Dakaru do sv\u011btov\u00e9ho \u0161ampion\u00e1tu FIM<\/a>. Pokud dakarsk\u00fd \u0159editel <a href=\"https:\/\/www.dakarmania.cz\/index.php\/osobnosti\/david-castera\/\">David Castera<\/a> najde spole\u010dnou \u0159e\u010d s jednou federac\u00ed, pro\u010d by se nem\u011bl dohodnout s druhou?<\/p>\n<p>Kdyby k dohod\u011b mezi ASO a FIM opravdu do\u0161lo, byla by Schlesserova vyjedn\u00e1vac\u00ed pozice oslabena. \u0160pi\u010dkov\u00e9 motocyklov\u00e9 t\u00fdmy by se na Arabsk\u00fd poloostrov vydaly stoprocentn\u011b a po zku\u0161enostech z minul\u00fdch let v\u00edme, \u017ee z p\u0159edn\u00edch trucker\u016f p\u0159il\u00e1kaly jednotliv\u00e9 ro\u010dn\u00edky AER sp\u00ed\u0161e jednotlivce, ne\u017e \u017ee by mezi z\u00e1stupci \u0161ir\u0161\u00ed \u0161pi\u010dky vedly k hromadn\u00e9mu \u00faprku z Dakaru do severn\u00ed Afriky.<\/p>\n<p>Proto nen\u00ed jist\u00e9, \u017ee by se velc\u00ed hr\u00e1\u010di kategorie automobil\u016f cht\u011bli ve stejn\u00e9m term\u00ednu \u00fa\u010dastnit jin\u00e9ho z\u00e1vodu. Dakar m\u00e1 marketingovou v\u00e1hu. Je to zna\u010dka. \u00dasp\u011b\u0161n\u00e1. A\u0165 se jede kdekoliv.<\/p>\n<h4>Konec sezony v lednu?<\/h4>\n<p>Nicm\u00e9n\u011b pokud by se Schlesser s FIA dohodl, existuje zp\u016fsob, jak v\u00e1\u017en\u00e9 uchaze\u010de o zisk titulu sv\u011btov\u00e9ho \u0161ampiona k \u00fa\u010dasti na AER p\u0159im\u011bt. A znovu nen\u00ed pot\u0159eba vym\u00fd\u0161let nic nov\u00e9ho. Jedn\u00e1 se o koncept, kter\u00fd sama FIA ji\u017e n\u011bkolik let vyu\u017e\u00edv\u00e1 v p\u0159\u00edpad\u011b formule E a nov\u011b jej zavedla i v mistrovstv\u00ed sv\u011bta ve vytrvalostn\u00edch z\u00e1vodech (WEC).[\/vc_column_text][vc_single_image image=&#8221;9088&#8243; img_size=&#8221;large&#8221; add_caption=&#8221;yes&#8221; alignment=&#8221;center&#8221;][vc_column_text]Jde o rozprost\u0159en\u00ed sezony do dvou kalend\u00e1\u0159n\u00edch let. D\u00edky n\u011bmu se \u0161t\u011bd\u0159eji bodovan\u00e1 \u010dty\u0159iadvacetihodinovka v Le Mans p\u0159esunula na \u00fapln\u00fd z\u00e1v\u011br sezony WEC. Legend\u00e1rn\u00ed z\u00e1vod byl vrcholem \u0161ampion\u00e1tu i v dob\u00e1ch, kdy se jel v jeho \u00favodn\u00ed \u010d\u00e1sti. Probl\u00e9m tkv\u011bl v tom, \u017ee z\u00e1jem o s\u00e9rii po Le Mans opadal. A to jak ze strany fanou\u0161k\u016f a m\u00e9di\u00ed, tak nez\u0159\u00eddka i v p\u0159\u00edpad\u011b n\u011bkter\u00fdch t\u00fdm\u016f. Od po\u010d\u00e1tku roku se p\u0159ipravovaly na \u010dty\u0159iadvacetihodinovku, po n\u00ed \u0161et\u0159ily zdroje, aby pak od p\u0159elomu podzimu a zimy znovu up\u0159ely pozornost k dal\u0161\u00edmu ro\u010dn\u00edku.<\/p>\n<p>A ve sv\u011bt\u011b cross-country rally to je podobn\u00e9. Navzdory lednov\u00e9mu term\u00ednu vn\u00edm\u00e1 v\u011bt\u0161ina t\u00fdm\u016f Dakar, p\u0159\u00edpadn\u011b AER, jako konec sezony, nikoliv jako jej\u00ed za\u010d\u00e1tek. Ne p\u0159ed Dakarem, ale a\u017e po n\u011bm obvykle doch\u00e1z\u00ed k p\u0159estup\u016fm jezdc\u016f, v\u00fdm\u011bn\u011b navig\u00e1tor\u016f apod. Jen takov\u00fd postup toti\u017e poskytuje dostate\u010dn\u00fd prostor pro d\u016fkladnou p\u0159\u00edpravu na dal\u0161\u00ed ro\u010dn\u00edk.<\/p>\n<p>Premi\u00e9rov\u00e1 sezona Mistrovstv\u00ed sv\u011bta FIA v cross-country rally by tud\u00ed\u017e rovnou mohla n\u00e9st ozna\u010den\u00ed 2020\/21 (p\u0159\u00edp. 2021\/22 atd.). Pokud jde o bodov\u00e9 ohodnocen\u00ed, maraton jako AER (nebo Dakar) by byl ur\u010dit\u011b ocen\u011bn vy\u0161\u0161\u00edm koeficientem ne\u017e krat\u0161\u00ed z\u00e1vody. D\u00edky tomu by i jezdci, kte\u0159\u00ed v p\u0159edchoz\u00edm pr\u016fb\u011bhu sezony na n\u011bkter\u00e9 ze sout\u011b\u017e\u00ed zav\u00e1hali, m\u011bli do posledn\u00ed chv\u00edle \u0161anci smazat manko a oto\u010dit v\u00fdvoj na svou stranu. A to je dostate\u010dn\u00fd d\u016fvod, pro\u010d se rv\u00e1t a\u017e do posledn\u00edho podniku sezony.[\/vc_column_text][vc_single_image image=&#8221;9090&#8243; img_size=&#8221;large&#8221; add_caption=&#8221;yes&#8221; alignment=&#8221;center&#8221;][vc_column_text]<\/p>\n<h4>Jedin\u00e1 technick\u00e1 koncepce?<\/h4>\n<p>D\u016fle\u017eit\u00fdm bodem jedn\u00e1n\u00ed o mo\u017en\u00e9 budouc\u00ed podob\u011b Mistrovstv\u00ed sv\u011bta FIA v cross-country rally jsou tak\u00e9 technick\u00e9 p\u0159edpisy. V sou\u010dasn\u00e9m SP CCR se na \u0161pici utk\u00e1vaj\u00ed vozy s benzinov\u00fdmi i dieselov\u00fdmi motory, stejn\u011b jako \u010dty\u0159kolky s buginami s jedinou poh\u00e1n\u011bnou n\u00e1pravou. Ve sv\u011btov\u00e9m \u0161ampion\u00e1tu by v\u0161ak m\u011blo j\u00edt o jedin\u00fd koncept. Hovo\u0159\u00ed se o vozech 4&#215;4 s benzinov\u00fdmi motory. A lze p\u0159edpokl\u00e1dat, \u017ee rozhodnut\u00ed v t\u00e9to oblasti FIA neu\u010din\u00ed bez souhlasu velk\u00fdch t\u00fdm\u016f, kter\u00e9 discipl\u00ednu v posledn\u00edch letech dr\u017e\u00ed na \u00farovni.<\/p>\n<p>Jedno je jist\u00e9: Sv\u011btov\u00fd poh\u00e1r FIA v cross-country rally v leto\u0161n\u00ed podob\u011b m\u00e1 k ide\u00e1lu daleko. Mezin\u00e1rodn\u00ed automobilov\u00e1 federace by m\u011bla p\u0159ed p\u0159\u00ed\u0161t\u00ed sezonou zm\u011bnit alespo\u0148 \u201en\u011bco\u201c. Do\u010dk\u00e1me se evoluce? Nebo se m\u016f\u017eeme t\u011b\u0161it rovnou na revoluci? Odpov\u011bdi p\u0159inesou n\u00e1sleduj\u00edc\u00ed m\u011bs\u00edce\u2026[\/vc_column_text][\/vc_column][\/vc_row]<\/p>\n","protected":false},"excerpt":{"rendered":"<p>[vc_row][vc_column][vc_column_text] Mezin\u00e1rodn\u00ed automobilov\u00e1 federace (FIA) by r\u00e1da u\u010dinila krok, k n\u011bmu\u017e se jej\u00ed motocyklov\u00e1 obdoba FIM odhodlala u\u017e v roce 2003. Ze Sv\u011btov\u00e9ho poh\u00e1ru FIA v cross-country rally by se m\u011bl st\u00e1t sv\u011btov\u00fd \u0161ampion\u00e1t. N\u00e1vrh je na stole a zainteresovan\u00e9 subjekty o n\u011bm jednaj\u00ed u\u017e n\u011bjakou dobu. Loni se dokonce podle n\u011bkter\u00fdch n\u00e1znak\u016f zd\u00e1lo, \u017ee [&hellip;]<\/p>\n","protected":false},"author":1,"featured_media":6987,"comment_status":"open","ping_status":"closed","sticky":false,"template":"","format":"standard","meta":{"footnotes":""},"categories":[3,97],"tags":[99,1359,1358,105],"class_list":["post-9077","post","type-post","status-publish","format-standard","has-post-thumbnail","hentry","category-auto","category-fia-ccr","tag-fia","tag-jutta-kleinschmidt","tag-ms-fia-ccr","tag-sp-fia-ccr"],"yoast_head":"<!-- This site is optimized with the Yoast SEO plugin v24.9 - https:\/\/yoast.com\/wordpress\/plugins\/seo\/ -->\n<title>FIA st\u00e1le po\u010d\u00edt\u00e1 s transformac\u00ed poh\u00e1ru ve sv\u011btov\u00fd \u0161ampion\u00e1t - DAKARMANIA.cz<\/title>\n<meta name=\"description\" content=\"Mezin\u00e1rodn\u00ed automobilov\u00e1 federace (FIA) pl\u00e1nuje krok, k n\u011bmu\u017e se FIM odhodlala v roce 2003. Ze Sv\u011btov\u00e9ho poh\u00e1ru v cross-country rally by se m\u011bl st\u00e1t sv\u011btov\u00fd \u0161ampion\u00e1t.\" \/>\n<meta name=\"robots\" content=\"index, follow, max-snippet:-1, max-image-preview:large, max-video-preview:-1\" \/>\n<link rel=\"canonical\" href=\"https:\/\/www.dakarmania.cz\/index.php\/2019\/07\/23\/fia-svetovy-sampionat\/\" \/>\n<meta property=\"og:locale\" content=\"cs_CZ\" \/>\n<meta property=\"og:type\" content=\"article\" \/>\n<meta property=\"og:title\" content=\"FIA st\u00e1le po\u010d\u00edt\u00e1 s transformac\u00ed poh\u00e1ru ve sv\u011btov\u00fd \u0161ampion\u00e1t - DAKARMANIA.cz\" \/>\n<meta property=\"og:description\" content=\"Mezin\u00e1rodn\u00ed automobilov\u00e1 federace (FIA) pl\u00e1nuje krok, k n\u011bmu\u017e se FIM odhodlala v roce 2003. Ze Sv\u011btov\u00e9ho poh\u00e1ru v cross-country rally by se m\u011bl st\u00e1t sv\u011btov\u00fd \u0161ampion\u00e1t.\" \/>\n<meta property=\"og:url\" content=\"https:\/\/www.dakarmania.cz\/index.php\/2019\/07\/23\/fia-svetovy-sampionat\/\" \/>\n<meta property=\"og:site_name\" content=\"DAKARMANIA.cz\" \/>\n<meta property=\"article:publisher\" content=\"https:\/\/www.facebook.com\/dakarmania\/\" \/>\n<meta property=\"article:published_time\" content=\"2019-07-23T16:17:31+00:00\" \/>\n<meta property=\"article:modified_time\" content=\"2019-09-05T23:22:08+00:00\" \/>\n<meta property=\"og:image\" content=\"https:\/\/www.dakarmania.cz\/wp-content\/uploads\/2019\/05\/19-kazakhstan-al-attiyah-03.jpg\" \/>\n\t<meta property=\"og:image:width\" content=\"1600\" \/>\n\t<meta property=\"og:image:height\" content=\"1065\" \/>\n\t<meta property=\"og:image:type\" content=\"image\/jpeg\" \/>\n<meta name=\"author\" content=\"Zden\u011bk Zelenka\" \/>\n<meta name=\"twitter:card\" content=\"summary_large_image\" \/>\n<meta name=\"twitter:label1\" content=\"Napsal(a)\" \/>\n\t<meta name=\"twitter:data1\" content=\"Zden\u011bk Zelenka\" \/>\n\t<meta name=\"twitter:label2\" content=\"Odhadovan\u00e1 doba \u010dten\u00ed\" \/>\n\t<meta name=\"twitter:data2\" content=\"10 minut\" \/>\n<script type=\"application\/ld+json\" class=\"yoast-schema-graph\">{\"@context\":\"https:\/\/schema.org\",\"@graph\":[{\"@type\":\"Article\",\"@id\":\"https:\/\/www.dakarmania.cz\/index.php\/2019\/07\/23\/fia-svetovy-sampionat\/#article\",\"isPartOf\":{\"@id\":\"https:\/\/www.dakarmania.cz\/index.php\/2019\/07\/23\/fia-svetovy-sampionat\/\"},\"author\":{\"name\":\"Zden\u011bk Zelenka\",\"@id\":\"https:\/\/www.dakarmania.cz\/#\/schema\/person\/04eb0e87a389631c2169c0dddae7ff1e\"},\"headline\":\"FIA st\u00e1le po\u010d\u00edt\u00e1 s transformac\u00ed poh\u00e1ru ve sv\u011btov\u00fd \u0161ampion\u00e1t\",\"datePublished\":\"2019-07-23T16:17:31+00:00\",\"dateModified\":\"2019-09-05T23:22:08+00:00\",\"mainEntityOfPage\":{\"@id\":\"https:\/\/www.dakarmania.cz\/index.php\/2019\/07\/23\/fia-svetovy-sampionat\/\"},\"wordCount\":1953,\"commentCount\":0,\"publisher\":{\"@id\":\"https:\/\/www.dakarmania.cz\/#organization\"},\"image\":{\"@id\":\"https:\/\/www.dakarmania.cz\/index.php\/2019\/07\/23\/fia-svetovy-sampionat\/#primaryimage\"},\"thumbnailUrl\":\"https:\/\/www.dakarmania.cz\/wp-content\/uploads\/2019\/05\/19-kazakhstan-al-attiyah-03.jpg\",\"keywords\":[\"FIA\",\"Jutta Kleinschmidt\",\"MS FIA CCR\",\"SP FIA CCR\"],\"articleSection\":[\"Auto\",\"FIA SP CCR\"],\"inLanguage\":\"cs\",\"potentialAction\":[{\"@type\":\"CommentAction\",\"name\":\"Comment\",\"target\":[\"https:\/\/www.dakarmania.cz\/index.php\/2019\/07\/23\/fia-svetovy-sampionat\/#respond\"]}]},{\"@type\":\"WebPage\",\"@id\":\"https:\/\/www.dakarmania.cz\/index.php\/2019\/07\/23\/fia-svetovy-sampionat\/\",\"url\":\"https:\/\/www.dakarmania.cz\/index.php\/2019\/07\/23\/fia-svetovy-sampionat\/\",\"name\":\"FIA st\u00e1le po\u010d\u00edt\u00e1 s transformac\u00ed poh\u00e1ru ve sv\u011btov\u00fd \u0161ampion\u00e1t - DAKARMANIA.cz\",\"isPartOf\":{\"@id\":\"https:\/\/www.dakarmania.cz\/#website\"},\"primaryImageOfPage\":{\"@id\":\"https:\/\/www.dakarmania.cz\/index.php\/2019\/07\/23\/fia-svetovy-sampionat\/#primaryimage\"},\"image\":{\"@id\":\"https:\/\/www.dakarmania.cz\/index.php\/2019\/07\/23\/fia-svetovy-sampionat\/#primaryimage\"},\"thumbnailUrl\":\"https:\/\/www.dakarmania.cz\/wp-content\/uploads\/2019\/05\/19-kazakhstan-al-attiyah-03.jpg\",\"datePublished\":\"2019-07-23T16:17:31+00:00\",\"dateModified\":\"2019-09-05T23:22:08+00:00\",\"description\":\"Mezin\u00e1rodn\u00ed automobilov\u00e1 federace (FIA) pl\u00e1nuje krok, k n\u011bmu\u017e se FIM odhodlala v roce 2003. Ze Sv\u011btov\u00e9ho poh\u00e1ru v cross-country rally by se m\u011bl st\u00e1t sv\u011btov\u00fd \u0161ampion\u00e1t.\",\"breadcrumb\":{\"@id\":\"https:\/\/www.dakarmania.cz\/index.php\/2019\/07\/23\/fia-svetovy-sampionat\/#breadcrumb\"},\"inLanguage\":\"cs\",\"potentialAction\":[{\"@type\":\"ReadAction\",\"target\":[\"https:\/\/www.dakarmania.cz\/index.php\/2019\/07\/23\/fia-svetovy-sampionat\/\"]}]},{\"@type\":\"ImageObject\",\"inLanguage\":\"cs\",\"@id\":\"https:\/\/www.dakarmania.cz\/index.php\/2019\/07\/23\/fia-svetovy-sampionat\/#primaryimage\",\"url\":\"https:\/\/www.dakarmania.cz\/wp-content\/uploads\/2019\/05\/19-kazakhstan-al-attiyah-03.jpg\",\"contentUrl\":\"https:\/\/www.dakarmania.cz\/wp-content\/uploads\/2019\/05\/19-kazakhstan-al-attiyah-03.jpg\",\"width\":1600,\"height\":1065,\"caption\":\"Nasser Al-Attiyah\/Mathieu Baumel, Toyota Hilux, Nasser Al-Attiyah Team. Rally Kazakhstan 2019. \u00a9 Red Bull Content Pool\"},{\"@type\":\"BreadcrumbList\",\"@id\":\"https:\/\/www.dakarmania.cz\/index.php\/2019\/07\/23\/fia-svetovy-sampionat\/#breadcrumb\",\"itemListElement\":[{\"@type\":\"ListItem\",\"position\":1,\"name\":\"Dom\u016f\",\"item\":\"https:\/\/www.dakarmania.cz\/\"},{\"@type\":\"ListItem\",\"position\":2,\"name\":\"FIA st\u00e1le po\u010d\u00edt\u00e1 s transformac\u00ed poh\u00e1ru ve sv\u011btov\u00fd \u0161ampion\u00e1t\"}]},{\"@type\":\"WebSite\",\"@id\":\"https:\/\/www.dakarmania.cz\/#website\",\"url\":\"https:\/\/www.dakarmania.cz\/\",\"name\":\"DAKARMANIA.cz\",\"description\":\"\u017dijeme Dakarem cel\u00fd rok\",\"publisher\":{\"@id\":\"https:\/\/www.dakarmania.cz\/#organization\"},\"potentialAction\":[{\"@type\":\"SearchAction\",\"target\":{\"@type\":\"EntryPoint\",\"urlTemplate\":\"https:\/\/www.dakarmania.cz\/?s={search_term_string}\"},\"query-input\":{\"@type\":\"PropertyValueSpecification\",\"valueRequired\":true,\"valueName\":\"search_term_string\"}}],\"inLanguage\":\"cs\"},{\"@type\":\"Organization\",\"@id\":\"https:\/\/www.dakarmania.cz\/#organization\",\"name\":\"DAKAR MANIA\",\"url\":\"https:\/\/www.dakarmania.cz\/\",\"logo\":{\"@type\":\"ImageObject\",\"inLanguage\":\"cs\",\"@id\":\"https:\/\/www.dakarmania.cz\/#\/schema\/logo\/image\/\",\"url\":\"https:\/\/www.dakarmania.cz\/wp-content\/uploads\/2018\/12\/Dakar-Mania-Logo-Square-Orange.png\",\"contentUrl\":\"https:\/\/www.dakarmania.cz\/wp-content\/uploads\/2018\/12\/Dakar-Mania-Logo-Square-Orange.png\",\"width\":992,\"height\":992,\"caption\":\"DAKAR MANIA\"},\"image\":{\"@id\":\"https:\/\/www.dakarmania.cz\/#\/schema\/logo\/image\/\"},\"sameAs\":[\"https:\/\/www.facebook.com\/dakarmania\/\"]},{\"@type\":\"Person\",\"@id\":\"https:\/\/www.dakarmania.cz\/#\/schema\/person\/04eb0e87a389631c2169c0dddae7ff1e\",\"name\":\"Zden\u011bk Zelenka\",\"image\":{\"@type\":\"ImageObject\",\"inLanguage\":\"cs\",\"@id\":\"https:\/\/www.dakarmania.cz\/#\/schema\/person\/image\/\",\"url\":\"https:\/\/secure.gravatar.com\/avatar\/2c80d5a4942fe0900b73cc7d3837a509d6ee0a276a2b76dac95c92bd0763a89b?s=96&d=mm&r=g\",\"contentUrl\":\"https:\/\/secure.gravatar.com\/avatar\/2c80d5a4942fe0900b73cc7d3837a509d6ee0a276a2b76dac95c92bd0763a89b?s=96&d=mm&r=g\",\"caption\":\"Zden\u011bk Zelenka\"},\"description\":\"Moji d\u011bt\u0161t\u00ed hrdinov\u00e9 se jmenovali Loprais, Moskal, Neveu, Vatanen, Rahier... A tihle borci, jejich n\u00e1sledovn\u00edci a jejich p\u0159\u00edb\u011bhy m\u011b nep\u0159estali fascinovat ani po letech, kdy jsem vyrostl a zam\u011bstn\u00e1valy m\u011b jin\u00e9 discipl\u00edny motorsportu. Proto se zrodila DAKARMANIA.\",\"url\":\"https:\/\/www.dakarmania.cz\/index.php\/author\/dakarmania\/\"}]}<\/script>\n<!-- \/ Yoast SEO plugin. -->","yoast_head_json":{"title":"FIA st\u00e1le po\u010d\u00edt\u00e1 s transformac\u00ed poh\u00e1ru ve sv\u011btov\u00fd \u0161ampion\u00e1t - DAKARMANIA.cz","description":"Mezin\u00e1rodn\u00ed automobilov\u00e1 federace (FIA) pl\u00e1nuje krok, k n\u011bmu\u017e se FIM odhodlala v roce 2003. Ze Sv\u011btov\u00e9ho poh\u00e1ru v cross-country rally by se m\u011bl st\u00e1t sv\u011btov\u00fd \u0161ampion\u00e1t.","robots":{"index":"index","follow":"follow","max-snippet":"max-snippet:-1","max-image-preview":"max-image-preview:large","max-video-preview":"max-video-preview:-1"},"canonical":"https:\/\/www.dakarmania.cz\/index.php\/2019\/07\/23\/fia-svetovy-sampionat\/","og_locale":"cs_CZ","og_type":"article","og_title":"FIA st\u00e1le po\u010d\u00edt\u00e1 s transformac\u00ed poh\u00e1ru ve sv\u011btov\u00fd \u0161ampion\u00e1t - DAKARMANIA.cz","og_description":"Mezin\u00e1rodn\u00ed automobilov\u00e1 federace (FIA) pl\u00e1nuje krok, k n\u011bmu\u017e se FIM odhodlala v roce 2003. Ze Sv\u011btov\u00e9ho poh\u00e1ru v cross-country rally by se m\u011bl st\u00e1t sv\u011btov\u00fd \u0161ampion\u00e1t.","og_url":"https:\/\/www.dakarmania.cz\/index.php\/2019\/07\/23\/fia-svetovy-sampionat\/","og_site_name":"DAKARMANIA.cz","article_publisher":"https:\/\/www.facebook.com\/dakarmania\/","article_published_time":"2019-07-23T16:17:31+00:00","article_modified_time":"2019-09-05T23:22:08+00:00","og_image":[{"width":1600,"height":1065,"url":"https:\/\/www.dakarmania.cz\/wp-content\/uploads\/2019\/05\/19-kazakhstan-al-attiyah-03.jpg","type":"image\/jpeg"}],"author":"Zden\u011bk Zelenka","twitter_card":"summary_large_image","twitter_misc":{"Napsal(a)":"Zden\u011bk Zelenka","Odhadovan\u00e1 doba \u010dten\u00ed":"10 minut"},"schema":{"@context":"https:\/\/schema.org","@graph":[{"@type":"Article","@id":"https:\/\/www.dakarmania.cz\/index.php\/2019\/07\/23\/fia-svetovy-sampionat\/#article","isPartOf":{"@id":"https:\/\/www.dakarmania.cz\/index.php\/2019\/07\/23\/fia-svetovy-sampionat\/"},"author":{"name":"Zden\u011bk Zelenka","@id":"https:\/\/www.dakarmania.cz\/#\/schema\/person\/04eb0e87a389631c2169c0dddae7ff1e"},"headline":"FIA st\u00e1le po\u010d\u00edt\u00e1 s transformac\u00ed poh\u00e1ru ve sv\u011btov\u00fd \u0161ampion\u00e1t","datePublished":"2019-07-23T16:17:31+00:00","dateModified":"2019-09-05T23:22:08+00:00","mainEntityOfPage":{"@id":"https:\/\/www.dakarmania.cz\/index.php\/2019\/07\/23\/fia-svetovy-sampionat\/"},"wordCount":1953,"commentCount":0,"publisher":{"@id":"https:\/\/www.dakarmania.cz\/#organization"},"image":{"@id":"https:\/\/www.dakarmania.cz\/index.php\/2019\/07\/23\/fia-svetovy-sampionat\/#primaryimage"},"thumbnailUrl":"https:\/\/www.dakarmania.cz\/wp-content\/uploads\/2019\/05\/19-kazakhstan-al-attiyah-03.jpg","keywords":["FIA","Jutta Kleinschmidt","MS FIA CCR","SP FIA CCR"],"articleSection":["Auto","FIA SP CCR"],"inLanguage":"cs","potentialAction":[{"@type":"CommentAction","name":"Comment","target":["https:\/\/www.dakarmania.cz\/index.php\/2019\/07\/23\/fia-svetovy-sampionat\/#respond"]}]},{"@type":"WebPage","@id":"https:\/\/www.dakarmania.cz\/index.php\/2019\/07\/23\/fia-svetovy-sampionat\/","url":"https:\/\/www.dakarmania.cz\/index.php\/2019\/07\/23\/fia-svetovy-sampionat\/","name":"FIA st\u00e1le po\u010d\u00edt\u00e1 s transformac\u00ed poh\u00e1ru ve sv\u011btov\u00fd \u0161ampion\u00e1t - DAKARMANIA.cz","isPartOf":{"@id":"https:\/\/www.dakarmania.cz\/#website"},"primaryImageOfPage":{"@id":"https:\/\/www.dakarmania.cz\/index.php\/2019\/07\/23\/fia-svetovy-sampionat\/#primaryimage"},"image":{"@id":"https:\/\/www.dakarmania.cz\/index.php\/2019\/07\/23\/fia-svetovy-sampionat\/#primaryimage"},"thumbnailUrl":"https:\/\/www.dakarmania.cz\/wp-content\/uploads\/2019\/05\/19-kazakhstan-al-attiyah-03.jpg","datePublished":"2019-07-23T16:17:31+00:00","dateModified":"2019-09-05T23:22:08+00:00","description":"Mezin\u00e1rodn\u00ed automobilov\u00e1 federace (FIA) pl\u00e1nuje krok, k n\u011bmu\u017e se FIM odhodlala v roce 2003. Ze Sv\u011btov\u00e9ho poh\u00e1ru v cross-country rally by se m\u011bl st\u00e1t sv\u011btov\u00fd \u0161ampion\u00e1t.","breadcrumb":{"@id":"https:\/\/www.dakarmania.cz\/index.php\/2019\/07\/23\/fia-svetovy-sampionat\/#breadcrumb"},"inLanguage":"cs","potentialAction":[{"@type":"ReadAction","target":["https:\/\/www.dakarmania.cz\/index.php\/2019\/07\/23\/fia-svetovy-sampionat\/"]}]},{"@type":"ImageObject","inLanguage":"cs","@id":"https:\/\/www.dakarmania.cz\/index.php\/2019\/07\/23\/fia-svetovy-sampionat\/#primaryimage","url":"https:\/\/www.dakarmania.cz\/wp-content\/uploads\/2019\/05\/19-kazakhstan-al-attiyah-03.jpg","contentUrl":"https:\/\/www.dakarmania.cz\/wp-content\/uploads\/2019\/05\/19-kazakhstan-al-attiyah-03.jpg","width":1600,"height":1065,"caption":"Nasser Al-Attiyah\/Mathieu Baumel, Toyota Hilux, Nasser Al-Attiyah Team. Rally Kazakhstan 2019. \u00a9 Red Bull Content Pool"},{"@type":"BreadcrumbList","@id":"https:\/\/www.dakarmania.cz\/index.php\/2019\/07\/23\/fia-svetovy-sampionat\/#breadcrumb","itemListElement":[{"@type":"ListItem","position":1,"name":"Dom\u016f","item":"https:\/\/www.dakarmania.cz\/"},{"@type":"ListItem","position":2,"name":"FIA st\u00e1le po\u010d\u00edt\u00e1 s transformac\u00ed poh\u00e1ru ve sv\u011btov\u00fd \u0161ampion\u00e1t"}]},{"@type":"WebSite","@id":"https:\/\/www.dakarmania.cz\/#website","url":"https:\/\/www.dakarmania.cz\/","name":"DAKARMANIA.cz","description":"\u017dijeme Dakarem cel\u00fd rok","publisher":{"@id":"https:\/\/www.dakarmania.cz\/#organization"},"potentialAction":[{"@type":"SearchAction","target":{"@type":"EntryPoint","urlTemplate":"https:\/\/www.dakarmania.cz\/?s={search_term_string}"},"query-input":{"@type":"PropertyValueSpecification","valueRequired":true,"valueName":"search_term_string"}}],"inLanguage":"cs"},{"@type":"Organization","@id":"https:\/\/www.dakarmania.cz\/#organization","name":"DAKAR MANIA","url":"https:\/\/www.dakarmania.cz\/","logo":{"@type":"ImageObject","inLanguage":"cs","@id":"https:\/\/www.dakarmania.cz\/#\/schema\/logo\/image\/","url":"https:\/\/www.dakarmania.cz\/wp-content\/uploads\/2018\/12\/Dakar-Mania-Logo-Square-Orange.png","contentUrl":"https:\/\/www.dakarmania.cz\/wp-content\/uploads\/2018\/12\/Dakar-Mania-Logo-Square-Orange.png","width":992,"height":992,"caption":"DAKAR MANIA"},"image":{"@id":"https:\/\/www.dakarmania.cz\/#\/schema\/logo\/image\/"},"sameAs":["https:\/\/www.facebook.com\/dakarmania\/"]},{"@type":"Person","@id":"https:\/\/www.dakarmania.cz\/#\/schema\/person\/04eb0e87a389631c2169c0dddae7ff1e","name":"Zden\u011bk Zelenka","image":{"@type":"ImageObject","inLanguage":"cs","@id":"https:\/\/www.dakarmania.cz\/#\/schema\/person\/image\/","url":"https:\/\/secure.gravatar.com\/avatar\/2c80d5a4942fe0900b73cc7d3837a509d6ee0a276a2b76dac95c92bd0763a89b?s=96&d=mm&r=g","contentUrl":"https:\/\/secure.gravatar.com\/avatar\/2c80d5a4942fe0900b73cc7d3837a509d6ee0a276a2b76dac95c92bd0763a89b?s=96&d=mm&r=g","caption":"Zden\u011bk Zelenka"},"description":"Moji d\u011bt\u0161t\u00ed hrdinov\u00e9 se jmenovali Loprais, Moskal, Neveu, Vatanen, Rahier... A tihle borci, jejich n\u00e1sledovn\u00edci a jejich p\u0159\u00edb\u011bhy m\u011b nep\u0159estali fascinovat ani po letech, kdy jsem vyrostl a zam\u011bstn\u00e1valy m\u011b jin\u00e9 discipl\u00edny motorsportu. Proto se zrodila DAKARMANIA.","url":"https:\/\/www.dakarmania.cz\/index.php\/author\/dakarmania\/"}]}},"amp_enabled":true,"_links":{"self":[{"href":"https:\/\/www.dakarmania.cz\/index.php\/wp-json\/wp\/v2\/posts\/9077","targetHints":{"allow":["GET"]}}],"collection":[{"href":"https:\/\/www.dakarmania.cz\/index.php\/wp-json\/wp\/v2\/posts"}],"about":[{"href":"https:\/\/www.dakarmania.cz\/index.php\/wp-json\/wp\/v2\/types\/post"}],"author":[{"embeddable":true,"href":"https:\/\/www.dakarmania.cz\/index.php\/wp-json\/wp\/v2\/users\/1"}],"replies":[{"embeddable":true,"href":"https:\/\/www.dakarmania.cz\/index.php\/wp-json\/wp\/v2\/comments?post=9077"}],"version-history":[{"count":10,"href":"https:\/\/www.dakarmania.cz\/index.php\/wp-json\/wp\/v2\/posts\/9077\/revisions"}],"predecessor-version":[{"id":9094,"href":"https:\/\/www.dakarmania.cz\/index.php\/wp-json\/wp\/v2\/posts\/9077\/revisions\/9094"}],"wp:featuredmedia":[{"embeddable":true,"href":"https:\/\/www.dakarmania.cz\/index.php\/wp-json\/wp\/v2\/media\/6987"}],"wp:attachment":[{"href":"https:\/\/www.dakarmania.cz\/index.php\/wp-json\/wp\/v2\/media?parent=9077"}],"wp:term":[{"taxonomy":"category","embeddable":true,"href":"https:\/\/www.dakarmania.cz\/index.php\/wp-json\/wp\/v2\/categories?post=9077"},{"taxonomy":"post_tag","embeddable":true,"href":"https:\/\/www.dakarmania.cz\/index.php\/wp-json\/wp\/v2\/tags?post=9077"}],"curies":[{"name":"wp","href":"https:\/\/api.w.org\/{rel}","templated":true}]}}