{"id":9187,"date":"2019-07-26T17:48:06","date_gmt":"2019-07-26T15:48:06","guid":{"rendered":"https:\/\/www.dakarmania.cz\/?p=9187"},"modified":"2019-11-12T17:36:43","modified_gmt":"2019-11-12T16:36:43","slug":"aragon-suverenni-terranova","status":"publish","type":"post","link":"https:\/\/www.dakarmania.cz\/index.php\/2019\/07\/26\/aragon-suverenni-terranova\/","title":{"rendered":"Baja Arag\u00f3n: Prokop zat\u00edm druh\u00fd, suver\u00e9nn\u00ed Terranova"},"content":{"rendered":"<p>[vc_row][vc_column][vc_column_text]<\/p>\n<h4>Po \u010dervnov\u00e9m v\u00edt\u011bzstv\u00ed v It\u00e1lii rozjel Orlando Terranova s Mini v\u00fdte\u010dn\u011b i n\u00e1sleduj\u00edc\u00ed podnik sv\u011btov\u00e9ho poh\u00e1ru ve \u0160pan\u011blsku. Argentinec se po prvn\u00edm dnu Baji Arag\u00f3n usadil v \u010dele pr\u016fb\u011b\u017en\u00e9ho hodnocen\u00ed. Nav\u00edc s komfortn\u00edm n\u00e1skokem.<\/h4>\n<p>\u00davodn\u00ed etapu \u010dtvrt\u00e9ho d\u011bjstv\u00ed <a href=\"\/index.php\/sampionaty\/svetovy-pohar-fia-v-cross-country-bajach-2019\/\">Sv\u011btov\u00e9ho poh\u00e1ru FIA v cross-country baj\u00e1ch<\/a> tvo\u0159ily dv\u011b rychlostn\u00ed zkou\u0161ky. Nejl\u00e9pe do sout\u011b\u017ee vstoupili <a href=\"https:\/\/www.dakarmania.cz\/index.php\/osobnosti\/orlando-terranova\/\">Orlando Terranova<\/a> a <a href=\"https:\/\/www.dakarmania.cz\/index.php\/osobnosti\/ronnie-graue\/\">Ronnie Graue<\/a>. Argentinci vyhr\u00e1li dlouhou dopoledn\u00ed erzetu (165 km), p\u0159esto\u017ee je\u0161t\u011b zhruba v jej\u00ed polovin\u011b zaost\u00e1vali o v\u00edce ne\u017e dv\u011b minuty. Pak ale za\u00fato\u010dili a ujali se veden\u00ed p\u0159ed Przygo\u0144skim a Romou.[\/vc_column_text][vc_single_image image=&#8221;9195&#8243; img_size=&#8221;large&#8221; add_caption=&#8221;yes&#8221; alignment=&#8221;center&#8221;][vc_column_text]Pos\u00e1dka t\u00fdmu X-raid nena\u0161la p\u0159emo\u017eitele ani na krat\u0161\u00edm odpoledn\u00edm testu (87 km). D\u00edky tomu m\u00e1 p\u0159ed sobotn\u00ed z\u00e1v\u011bre\u010dnou etapou k dobru t\u0159i minuty a 17 sekund.<\/p>\n<p><a href=\"https:\/\/www.dakarmania.cz\/index.php\/osobnosti\/martin-prokop\/\">Martin Prokop<\/a> s <a href=\"https:\/\/www.dakarmania.cz\/index.php\/osobnosti\/jan-tomanek\/\">Janem Tom\u00e1nkem<\/a> byli po prvn\u00edm m\u011b\u0159en\u00e9m \u00faseku \u010dtvrt\u00ed (+2:13 min), ale odpoledne dok\u00e1zali trojblok pilot\u016f X-raidu rozb\u00edt. S Fordem t\u00fdmu MP-Sports prol\u00e9tli RZ2 ve t\u0159et\u00edm nejrychlej\u0161\u00edm \u010dase a d\u00edky tomu v pr\u016fb\u011b\u017en\u00e9 klasifikaci p\u0159esko\u010dili oba Terranovovy t\u00fdmov\u00e9 kolegy.<\/p>\n<p><a href=\"https:\/\/www.dakarmania.cz\/index.php\/osobnosti\/kuba-przygonski\/\">Kuba Przygo\u0144ski<\/a> s <a href=\"https:\/\/www.dakarmania.cz\/index.php\/osobnosti\/timo-gottschalk\/\">Timem Gottschalkem<\/a> (Mini) klesli na t\u0159et\u00ed p\u0159\u00ed\u010dku, ov\u0161em jen s p\u011btisekundov\u00fdm odstupem od \u010desk\u00e9 dvojice.[\/vc_column_text][vc_single_image image=&#8221;9196&#8243; img_size=&#8221;large&#8221; add_caption=&#8221;yes&#8221; alignment=&#8221;center&#8221;][vc_column_text]<a href=\"https:\/\/www.dakarmania.cz\/index.php\/osobnosti\/nani-roma\/\">Nani Roma<\/a> r\u00e1no potvrzoval sv\u00e9 odhodl\u00e1n\u00ed bojovat na \u0161pan\u011blsk\u00e9 baje u\u017e o des\u00e1t\u00e9 v\u00edt\u011bzstv\u00ed. P\u0159esto\u017ee za volantem sout\u011b\u017en\u00edho vozu nesed\u011bl od lednov\u00e9ho Dakaru. S navig\u00e1torem <a href=\"https:\/\/www.dakarmania.cz\/index.php\/osobnosti\/alex-haro\/\">\u00c0lexem Harem<\/a> vedli od prvn\u00edho mezi\u010dasu a 34 km p\u0159ed c\u00edlem \u00favodn\u00edho testu m\u011bli k dobru 66 sekund. V z\u00e1v\u011bru v\u0161ak nikoliv vlastn\u00ed vinou dv\u011b minuty prohospoda\u0159ili a za\u0159adili se na t\u0159et\u00ed m\u00edsto (+ 1:01 min).<\/p>\n<p><em>\u201eR\u00e1no jsme si vedli dob\u0159e, ale pades\u00e1t kilometr\u016f p\u0159ed c\u00edlem jsme dojeli ten Brinkeho, kter\u00fd m\u011bl probl\u00e9my s brzdami a nepustil n\u00e1s p\u0159ed sebe. To n\u00e1s st\u00e1lo spoustu \u010dasu,\u201c<\/em> popsal <strong>Nani Roma<\/strong>.[\/vc_column_text][vc_single_image image=&#8221;9211&#8243; img_size=&#8221;large&#8221; add_caption=&#8221;yes&#8221; alignment=&#8221;center&#8221;][vc_column_text]Odpoledne \u0160pan\u011bl\u00e9 sice medailov\u00e9 pozice po probl\u00e9mech s p\u0159evodovkou opustili, ale tak\u00e9 jejich ztr\u00e1ta na druh\u00e9ho Prokopa z\u016fst\u00e1v\u00e1 nepatrn\u00e1.<\/p>\n<p><em>\u201eV\u016fz dostal zabrat, ale vydr\u017eel, a\u010dkoliv jsem musel z prvn\u00edho stupn\u011b \u0159adit rovnou na t\u0159et\u00ed. Zat\u00e1\u010dky jsem proj\u00ed\u017ed\u011bl velmi rychle na trojku, dokud jsme se na jednom m\u00edst\u011b nedostali mimo tra\u0165,\u201c<\/em> rekapituloval \u0160pan\u011bl. <em>\u201eZkr\u00e1tka p\u0159\u00edli\u0161 mnoho probl\u00e9m\u016f za jedin\u00fd den. D\u016fle\u017eit\u00e9 je, \u017ee po\u0159\u00e1d jedeme. T\u011b\u0161\u00edme se na z\u00edt\u0159ek. Mysl\u00edm, \u017ee navzdory sedmim\u011bs\u00ed\u010dn\u00ed p\u0159est\u00e1vce n\u00e1m rychlost nechyb\u00ed. Pokus\u00edm se vydat ze sebe to nejlep\u0161\u00ed. Z\u00e1vod je st\u00e1le otev\u0159en\u00fd.\u201c<\/em><\/p>\n<p>Obh\u00e1jce lo\u0148sk\u00e9ho v\u00edt\u011bzstv\u00ed a vedouc\u00ed mu\u017e pr\u016fb\u011b\u017en\u00e9ho hodnocen\u00ed sv\u011btov\u00e9ho poh\u00e1ru <a href=\"https:\/\/www.dakarmania.cz\/index.php\/osobnosti\/vladimir-vasiljev\/\">Vladimir Vasiljev<\/a> (Toyota) v p\u00e1tek do boje o nejvy\u0161\u0161\u00ed p\u0159\u00ed\u010dky nezas\u00e1hl. Po RZ1 figuroval s v\u00edce ne\u017e \u010dty\u0159minutovou ztr\u00e1tou na sedm\u00e9 pozici. Pokud jde o po\u0159ad\u00ed, nezm\u011bnila se situace rusk\u00e9ho jezdce ani po dal\u0161\u00ed speci\u00e1lce. Jen jeho ztr\u00e1ta na leadera z\u00e1vodu se zdvojn\u00e1sobila.[\/vc_column_text][vc_single_image image=&#8221;9193&#8243; img_size=&#8221;large&#8221; add_caption=&#8221;yes&#8221; alignment=&#8221;center&#8221;][vc_column_text]Pouze kr\u00e1tce se dnes v ostr\u00e9m tempu svezli Petr Hoz\u00e1k a Ren\u00e9 Kilian. Na vin\u011b bylo vadn\u00e9 lo\u017eisko prav\u00e9ho zadn\u00edho kola, kter\u00e9 se zad\u0159elo u\u017e po patn\u00e1cti kilometrech. Pro Rockstar Energy AVE Team je situace o to smutn\u011bj\u0161\u00ed, \u017ee po p\u0159edchoz\u00ed <a href=\"https:\/\/www.dakarmania.cz\/index.php\/souteze\/italian-baja-2019\/\">italsk\u00e9 baje<\/a> do\u0161lo na sout\u011b\u017en\u00edm Hummeru k v\u00fdm\u011bn\u011b v\u0161ech lo\u017eisek za nov\u00e1. V r\u00e1mci z\u00edsk\u00e1v\u00e1n\u00ed dal\u0161\u00edch zku\u0161enost\u00ed, testov\u00e1n\u00ed vozu a p\u0159\u00edpravy na n\u00e1sleduj\u00edc\u00ed z\u00e1vody nastoup\u00ed Hoz\u00e1k s Kilianem do sobotn\u00ed etapy, by\u0165 s v\u00fdraznou penalizac\u00ed, a tud\u00ed\u017e bez nad\u011bje na dobr\u00fd v\u00fdsledek.<\/p>\n<p>P\u016fvodn\u011b p\u0159ihl\u00e1\u0161en\u00e1 \u010desko-slovensk\u00e1 pos\u00e1dka <a href=\"https:\/\/www.dakarmania.cz\/index.php\/osobnosti\/miroslav-zapletal\/\">Miroslav Zapletal<\/a>, <a href=\"https:\/\/www.dakarmania.cz\/index.php\/osobnosti\/marek-sykora\/\">Marek S\u00fdkora<\/a> dala nakonec p\u0159ednost startu na 4V Rally Raidu, kter\u00fd se ve stejn\u00e9m term\u00ednu jede v rumunsk\u00e9 Constan\u021b\u011b.<\/p>\n<p><a href=\"https:\/\/www.dakarmania.cz\/index.php\/souteze\/baja-aragon-2019\/\">Baja Arag\u00f3n<\/a> pokra\u010duje v sobotu 27. \u010dervence druhou etapou. Z\u00e1vodit se bude na stejn\u00fdch trat\u00edch jako v p\u00e1tek. M\u011b\u0159en\u00e9 \u00faseky v\u0161ak budou v programu n\u00e1sledovat v opa\u010dn\u00e9m po\u0159ad\u00ed. Sout\u011b\u017e tak uzav\u0159e 165kilometrov\u00e1 RZ Notre.[\/vc_column_text][vc_column_text]<\/p>\n<table style=\"width: 97.7654%;\" rules=\"rows\" cellpadding=\"4px\">\n<tbody>\n<tr style=\"background-color: #9e9d9d; color: white;\">\n<td style=\"text-align: center;\" colspan=\"4\"><span style=\"font-size: 10pt;\"><strong>Baja Arag\u00f3n 2019<br \/>\nAUTOMOBILY<br \/>\npo 1. etap\u011b (RZ2)<\/strong><\/span><\/td>\n<\/tr>\n<tr style=\"background-color: #dbd9d9;\">\n<td>1.<\/td>\n<td>Terranova \/ Graue<\/td>\n<td>Mini JCW Rally<\/td>\n<td style=\"text-align: right;\">3:14:41<\/td>\n<\/tr>\n<tr style=\"background-color: #f2f2f2;\">\n<td>2.<\/td>\n<td>Prokop \/ Tom\u00e1nek<\/td>\n<td>Ford F-150 Evo<\/td>\n<td style=\"text-align: right;\">+3:17<\/td>\n<\/tr>\n<tr style=\"background-color: #dbd9d9;\">\n<td>3.<\/td>\n<td>Przygo\u0144ski \/ Gottschalk<\/td>\n<td>Mini JCW Rally<\/td>\n<td style=\"text-align: right;\">+3:22<\/td>\n<\/tr>\n<tr style=\"background-color: #f2f2f2;\">\n<td>4.<\/td>\n<td>Roma \/ Haro<\/td>\n<td>Mini JCW Rally<\/td>\n<td style=\"text-align: right;\">+3:37<\/td>\n<\/tr>\n<tr style=\"background-color: #dbd9d9;\">\n<td>5.<\/td>\n<td>Ten Brinke \/ Colsoul<\/td>\n<td>Toyota Hilux<\/td>\n<td style=\"text-align: right;\">+4:19<\/td>\n<\/tr>\n<tr style=\"background-color: #f2f2f2;\">\n<td>6.<\/td>\n<td>Ramos \/ Jesus<\/td>\n<td>Toyota Hilux<\/td>\n<td style=\"text-align: right;\">+5:50<\/td>\n<\/tr>\n<tr style=\"background-color: #dbd9d9;\">\n<td>7.<\/td>\n<td>Vasiljev \/ \u017dilcov<\/td>\n<td>Toyota Hilux<\/td>\n<td style=\"text-align: right;\">+8:11<\/td>\n<\/tr>\n<tr style=\"background-color: #f2f2f2;\">\n<td>8.<\/td>\n<td>Recuenco \/ Alijas<\/td>\n<td>Mini<\/td>\n<td style=\"text-align: right;\">+10:31<\/td>\n<\/tr>\n<tr style=\"background-color: #dbd9d9;\">\n<td>9.<\/td>\n<td>Vanagas \/ Rozwadowski<\/td>\n<td>Toyota Hilux<\/td>\n<td style=\"text-align: right;\">+14:35<\/td>\n<\/tr>\n<tr style=\"background-color: #f2f2f2;\">\n<td>10.<\/td>\n<td>Alvarez \/ Monasterolo<\/td>\n<td>Volkswagen Amarok<\/td>\n<td style=\"text-align: right;\">+16:10<\/td>\n<\/tr>\n<\/tbody>\n<\/table>\n<p>[\/vc_column_text][\/vc_column][\/vc_row]<\/p>\n","protected":false},"excerpt":{"rendered":"<p>Po \u010dervnov\u00e9m v\u00edt\u011bzstv\u00ed v It\u00e1lii rozjel Orlando Terranova s Mini v\u00fdte\u010dn\u011b i n\u00e1sleduj\u00edc\u00ed podnik sv\u011btov\u00e9ho poh\u00e1ru ve \u0160pan\u011blsku.<\/p>\n","protected":false},"author":1,"featured_media":9190,"comment_status":"open","ping_status":"closed","sticky":false,"template":"","format":"standard","meta":{"footnotes":""},"categories":[3,1228,98],"tags":[425,1186,1338,245,11,258,6,306,288,5,219,4,232,1165,326,257,1166,1381,1205,106,445,290,201,305,1100,220],"class_list":["post-9187","post","type-post","status-publish","format-standard","has-post-thumbnail","hentry","category-auto","category-baja-aragon","category-fia-baja","tag-425","tag-alex-haro","tag-baja-aragon","tag-baja-aragon-2019","tag-ford","tag-hummer","tag-jan-tomanek","tag-konstantin-zilcov","tag-kuba-przygonski","tag-martin-prokop","tag-mini","tag-mp-sports","tag-nani-roma","tag-orlando-terranova","tag-overdrive-racing","tag-petr-hozak","tag-rene-kilian","tag-rockstar-energy-ave-team","tag-ronnie-graue","tag-sp-fia-baja","tag-sp-fia-baja-2019","tag-timo-gottschalk","tag-toyota","tag-vladimir-vasiljev","tag-vrt","tag-x-raid"],"yoast_head":"<!-- This site is optimized with the Yoast SEO plugin v24.9 - https:\/\/yoast.com\/wordpress\/plugins\/seo\/ -->\n<title>Baja Arag\u00f3n: Prokop zat\u00edm druh\u00fd, suver\u00e9nn\u00ed Terranova - DAKARMANIA.cz<\/title>\n<meta name=\"description\" content=\"Po \u010dervnov\u00e9m v\u00edt\u011bzstv\u00ed v It\u00e1lii rozjel Orlando Terranova s Mini v\u00fdte\u010dn\u011b i n\u00e1sleduj\u00edc\u00ed podnik sv\u011btov\u00e9ho poh\u00e1ru ve \u0160pan\u011blsku.\" \/>\n<meta name=\"robots\" content=\"index, follow, max-snippet:-1, max-image-preview:large, max-video-preview:-1\" \/>\n<link rel=\"canonical\" href=\"https:\/\/www.dakarmania.cz\/index.php\/2019\/07\/26\/aragon-suverenni-terranova\/\" \/>\n<meta property=\"og:locale\" content=\"cs_CZ\" \/>\n<meta property=\"og:type\" content=\"article\" \/>\n<meta property=\"og:title\" content=\"Baja Arag\u00f3n: Prokop zat\u00edm druh\u00fd, suver\u00e9nn\u00ed Terranova - DAKARMANIA.cz\" \/>\n<meta property=\"og:description\" content=\"Po \u010dervnov\u00e9m v\u00edt\u011bzstv\u00ed v It\u00e1lii rozjel Orlando Terranova s Mini v\u00fdte\u010dn\u011b i n\u00e1sleduj\u00edc\u00ed podnik sv\u011btov\u00e9ho poh\u00e1ru ve \u0160pan\u011blsku.\" \/>\n<meta property=\"og:url\" content=\"https:\/\/www.dakarmania.cz\/index.php\/2019\/07\/26\/aragon-suverenni-terranova\/\" \/>\n<meta property=\"og:site_name\" content=\"DAKARMANIA.cz\" \/>\n<meta property=\"article:publisher\" content=\"https:\/\/www.facebook.com\/dakarmania\/\" \/>\n<meta property=\"article:published_time\" content=\"2019-07-26T15:48:06+00:00\" \/>\n<meta property=\"article:modified_time\" content=\"2019-11-12T16:36:43+00:00\" \/>\n<meta property=\"og:image\" content=\"https:\/\/www.dakarmania.cz\/wp-content\/uploads\/2019\/07\/19-aragon-prokop-01.jpg\" \/>\n\t<meta property=\"og:image:width\" content=\"1600\" \/>\n\t<meta property=\"og:image:height\" content=\"1066\" \/>\n\t<meta property=\"og:image:type\" content=\"image\/jpeg\" \/>\n<meta name=\"author\" content=\"Zden\u011bk Zelenka\" \/>\n<meta name=\"twitter:card\" content=\"summary_large_image\" \/>\n<meta name=\"twitter:label1\" content=\"Napsal(a)\" \/>\n\t<meta name=\"twitter:data1\" content=\"Zden\u011bk Zelenka\" \/>\n\t<meta name=\"twitter:label2\" content=\"Odhadovan\u00e1 doba \u010dten\u00ed\" \/>\n\t<meta name=\"twitter:data2\" content=\"5 minut\" \/>\n<script type=\"application\/ld+json\" class=\"yoast-schema-graph\">{\"@context\":\"https:\/\/schema.org\",\"@graph\":[{\"@type\":\"Article\",\"@id\":\"https:\/\/www.dakarmania.cz\/index.php\/2019\/07\/26\/aragon-suverenni-terranova\/#article\",\"isPartOf\":{\"@id\":\"https:\/\/www.dakarmania.cz\/index.php\/2019\/07\/26\/aragon-suverenni-terranova\/\"},\"author\":{\"name\":\"Zden\u011bk Zelenka\",\"@id\":\"https:\/\/www.dakarmania.cz\/#\/schema\/person\/04eb0e87a389631c2169c0dddae7ff1e\"},\"headline\":\"Baja Arag\u00f3n: Prokop zat\u00edm druh\u00fd, suver\u00e9nn\u00ed Terranova\",\"datePublished\":\"2019-07-26T15:48:06+00:00\",\"dateModified\":\"2019-11-12T16:36:43+00:00\",\"mainEntityOfPage\":{\"@id\":\"https:\/\/www.dakarmania.cz\/index.php\/2019\/07\/26\/aragon-suverenni-terranova\/\"},\"wordCount\":919,\"commentCount\":0,\"publisher\":{\"@id\":\"https:\/\/www.dakarmania.cz\/#organization\"},\"image\":{\"@id\":\"https:\/\/www.dakarmania.cz\/index.php\/2019\/07\/26\/aragon-suverenni-terranova\/#primaryimage\"},\"thumbnailUrl\":\"https:\/\/www.dakarmania.cz\/wp-content\/uploads\/2019\/07\/19-aragon-prokop-01.jpg\",\"keywords\":[\"2019\",\"\u00c0lex Haro\",\"Baja Arag\u00f3n\",\"Baja Arag\u00f3n 2019\",\"Ford\",\"Hummer\",\"Jan Tom\u00e1nek\",\"Konstantin \u017dilcov\",\"Kuba Przygo\u0144ski\",\"Martin Prokop\",\"Mini\",\"MP-Sports\",\"Nani Roma\",\"Orlando Terranova\",\"Overdrive Racing\",\"Petr Hoz\u00e1k\",\"Ren\u00e9 Kilian\",\"Rockstar Energy AVE Team\",\"Ronnie Graue\",\"SP FIA baja\",\"SP FIA baja 2019\",\"Timo Gottschalk\",\"Toyota\",\"Vladimir Vasiljev\",\"VRT\",\"X-raid\"],\"articleSection\":[\"Auto\",\"Baja Arag\u00f3n\",\"FIA SP baja\"],\"inLanguage\":\"cs\",\"potentialAction\":[{\"@type\":\"CommentAction\",\"name\":\"Comment\",\"target\":[\"https:\/\/www.dakarmania.cz\/index.php\/2019\/07\/26\/aragon-suverenni-terranova\/#respond\"]}]},{\"@type\":\"WebPage\",\"@id\":\"https:\/\/www.dakarmania.cz\/index.php\/2019\/07\/26\/aragon-suverenni-terranova\/\",\"url\":\"https:\/\/www.dakarmania.cz\/index.php\/2019\/07\/26\/aragon-suverenni-terranova\/\",\"name\":\"Baja Arag\u00f3n: Prokop zat\u00edm druh\u00fd, suver\u00e9nn\u00ed Terranova - DAKARMANIA.cz\",\"isPartOf\":{\"@id\":\"https:\/\/www.dakarmania.cz\/#website\"},\"primaryImageOfPage\":{\"@id\":\"https:\/\/www.dakarmania.cz\/index.php\/2019\/07\/26\/aragon-suverenni-terranova\/#primaryimage\"},\"image\":{\"@id\":\"https:\/\/www.dakarmania.cz\/index.php\/2019\/07\/26\/aragon-suverenni-terranova\/#primaryimage\"},\"thumbnailUrl\":\"https:\/\/www.dakarmania.cz\/wp-content\/uploads\/2019\/07\/19-aragon-prokop-01.jpg\",\"datePublished\":\"2019-07-26T15:48:06+00:00\",\"dateModified\":\"2019-11-12T16:36:43+00:00\",\"description\":\"Po \u010dervnov\u00e9m v\u00edt\u011bzstv\u00ed v It\u00e1lii rozjel Orlando Terranova s Mini v\u00fdte\u010dn\u011b i n\u00e1sleduj\u00edc\u00ed podnik sv\u011btov\u00e9ho poh\u00e1ru ve \u0160pan\u011blsku.\",\"breadcrumb\":{\"@id\":\"https:\/\/www.dakarmania.cz\/index.php\/2019\/07\/26\/aragon-suverenni-terranova\/#breadcrumb\"},\"inLanguage\":\"cs\",\"potentialAction\":[{\"@type\":\"ReadAction\",\"target\":[\"https:\/\/www.dakarmania.cz\/index.php\/2019\/07\/26\/aragon-suverenni-terranova\/\"]}]},{\"@type\":\"ImageObject\",\"inLanguage\":\"cs\",\"@id\":\"https:\/\/www.dakarmania.cz\/index.php\/2019\/07\/26\/aragon-suverenni-terranova\/#primaryimage\",\"url\":\"https:\/\/www.dakarmania.cz\/wp-content\/uploads\/2019\/07\/19-aragon-prokop-01.jpg\",\"contentUrl\":\"https:\/\/www.dakarmania.cz\/wp-content\/uploads\/2019\/07\/19-aragon-prokop-01.jpg\",\"width\":1600,\"height\":1066,\"caption\":\"Martin Prokop\/Jan Tom\u00e1nek, Ford Raptor RS Cross-Country, MP-Sports. Shakedown p\u0159ed Baja Arag\u00f3n 2019. \u00a9 MP-Sports\"},{\"@type\":\"BreadcrumbList\",\"@id\":\"https:\/\/www.dakarmania.cz\/index.php\/2019\/07\/26\/aragon-suverenni-terranova\/#breadcrumb\",\"itemListElement\":[{\"@type\":\"ListItem\",\"position\":1,\"name\":\"Dom\u016f\",\"item\":\"https:\/\/www.dakarmania.cz\/\"},{\"@type\":\"ListItem\",\"position\":2,\"name\":\"Baja Arag\u00f3n: Prokop zat\u00edm druh\u00fd, suver\u00e9nn\u00ed Terranova\"}]},{\"@type\":\"WebSite\",\"@id\":\"https:\/\/www.dakarmania.cz\/#website\",\"url\":\"https:\/\/www.dakarmania.cz\/\",\"name\":\"DAKARMANIA.cz\",\"description\":\"\u017dijeme Dakarem cel\u00fd rok\",\"publisher\":{\"@id\":\"https:\/\/www.dakarmania.cz\/#organization\"},\"potentialAction\":[{\"@type\":\"SearchAction\",\"target\":{\"@type\":\"EntryPoint\",\"urlTemplate\":\"https:\/\/www.dakarmania.cz\/?s={search_term_string}\"},\"query-input\":{\"@type\":\"PropertyValueSpecification\",\"valueRequired\":true,\"valueName\":\"search_term_string\"}}],\"inLanguage\":\"cs\"},{\"@type\":\"Organization\",\"@id\":\"https:\/\/www.dakarmania.cz\/#organization\",\"name\":\"DAKAR MANIA\",\"url\":\"https:\/\/www.dakarmania.cz\/\",\"logo\":{\"@type\":\"ImageObject\",\"inLanguage\":\"cs\",\"@id\":\"https:\/\/www.dakarmania.cz\/#\/schema\/logo\/image\/\",\"url\":\"https:\/\/www.dakarmania.cz\/wp-content\/uploads\/2018\/12\/Dakar-Mania-Logo-Square-Orange.png\",\"contentUrl\":\"https:\/\/www.dakarmania.cz\/wp-content\/uploads\/2018\/12\/Dakar-Mania-Logo-Square-Orange.png\",\"width\":992,\"height\":992,\"caption\":\"DAKAR MANIA\"},\"image\":{\"@id\":\"https:\/\/www.dakarmania.cz\/#\/schema\/logo\/image\/\"},\"sameAs\":[\"https:\/\/www.facebook.com\/dakarmania\/\"]},{\"@type\":\"Person\",\"@id\":\"https:\/\/www.dakarmania.cz\/#\/schema\/person\/04eb0e87a389631c2169c0dddae7ff1e\",\"name\":\"Zden\u011bk Zelenka\",\"image\":{\"@type\":\"ImageObject\",\"inLanguage\":\"cs\",\"@id\":\"https:\/\/www.dakarmania.cz\/#\/schema\/person\/image\/\",\"url\":\"https:\/\/secure.gravatar.com\/avatar\/2c80d5a4942fe0900b73cc7d3837a509d6ee0a276a2b76dac95c92bd0763a89b?s=96&d=mm&r=g\",\"contentUrl\":\"https:\/\/secure.gravatar.com\/avatar\/2c80d5a4942fe0900b73cc7d3837a509d6ee0a276a2b76dac95c92bd0763a89b?s=96&d=mm&r=g\",\"caption\":\"Zden\u011bk Zelenka\"},\"description\":\"Moji d\u011bt\u0161t\u00ed hrdinov\u00e9 se jmenovali Loprais, Moskal, Neveu, Vatanen, Rahier... A tihle borci, jejich n\u00e1sledovn\u00edci a jejich p\u0159\u00edb\u011bhy m\u011b nep\u0159estali fascinovat ani po letech, kdy jsem vyrostl a zam\u011bstn\u00e1valy m\u011b jin\u00e9 discipl\u00edny motorsportu. Proto se zrodila DAKARMANIA.\",\"url\":\"https:\/\/www.dakarmania.cz\/index.php\/author\/dakarmania\/\"}]}<\/script>\n<!-- \/ Yoast SEO plugin. -->","yoast_head_json":{"title":"Baja Arag\u00f3n: Prokop zat\u00edm druh\u00fd, suver\u00e9nn\u00ed Terranova - DAKARMANIA.cz","description":"Po \u010dervnov\u00e9m v\u00edt\u011bzstv\u00ed v It\u00e1lii rozjel Orlando Terranova s Mini v\u00fdte\u010dn\u011b i n\u00e1sleduj\u00edc\u00ed podnik sv\u011btov\u00e9ho poh\u00e1ru ve \u0160pan\u011blsku.","robots":{"index":"index","follow":"follow","max-snippet":"max-snippet:-1","max-image-preview":"max-image-preview:large","max-video-preview":"max-video-preview:-1"},"canonical":"https:\/\/www.dakarmania.cz\/index.php\/2019\/07\/26\/aragon-suverenni-terranova\/","og_locale":"cs_CZ","og_type":"article","og_title":"Baja Arag\u00f3n: Prokop zat\u00edm druh\u00fd, suver\u00e9nn\u00ed Terranova - DAKARMANIA.cz","og_description":"Po \u010dervnov\u00e9m v\u00edt\u011bzstv\u00ed v It\u00e1lii rozjel Orlando Terranova s Mini v\u00fdte\u010dn\u011b i n\u00e1sleduj\u00edc\u00ed podnik sv\u011btov\u00e9ho poh\u00e1ru ve \u0160pan\u011blsku.","og_url":"https:\/\/www.dakarmania.cz\/index.php\/2019\/07\/26\/aragon-suverenni-terranova\/","og_site_name":"DAKARMANIA.cz","article_publisher":"https:\/\/www.facebook.com\/dakarmania\/","article_published_time":"2019-07-26T15:48:06+00:00","article_modified_time":"2019-11-12T16:36:43+00:00","og_image":[{"width":1600,"height":1066,"url":"https:\/\/www.dakarmania.cz\/wp-content\/uploads\/2019\/07\/19-aragon-prokop-01.jpg","type":"image\/jpeg"}],"author":"Zden\u011bk Zelenka","twitter_card":"summary_large_image","twitter_misc":{"Napsal(a)":"Zden\u011bk Zelenka","Odhadovan\u00e1 doba \u010dten\u00ed":"5 minut"},"schema":{"@context":"https:\/\/schema.org","@graph":[{"@type":"Article","@id":"https:\/\/www.dakarmania.cz\/index.php\/2019\/07\/26\/aragon-suverenni-terranova\/#article","isPartOf":{"@id":"https:\/\/www.dakarmania.cz\/index.php\/2019\/07\/26\/aragon-suverenni-terranova\/"},"author":{"name":"Zden\u011bk Zelenka","@id":"https:\/\/www.dakarmania.cz\/#\/schema\/person\/04eb0e87a389631c2169c0dddae7ff1e"},"headline":"Baja Arag\u00f3n: Prokop zat\u00edm druh\u00fd, suver\u00e9nn\u00ed Terranova","datePublished":"2019-07-26T15:48:06+00:00","dateModified":"2019-11-12T16:36:43+00:00","mainEntityOfPage":{"@id":"https:\/\/www.dakarmania.cz\/index.php\/2019\/07\/26\/aragon-suverenni-terranova\/"},"wordCount":919,"commentCount":0,"publisher":{"@id":"https:\/\/www.dakarmania.cz\/#organization"},"image":{"@id":"https:\/\/www.dakarmania.cz\/index.php\/2019\/07\/26\/aragon-suverenni-terranova\/#primaryimage"},"thumbnailUrl":"https:\/\/www.dakarmania.cz\/wp-content\/uploads\/2019\/07\/19-aragon-prokop-01.jpg","keywords":["2019","\u00c0lex Haro","Baja Arag\u00f3n","Baja Arag\u00f3n 2019","Ford","Hummer","Jan Tom\u00e1nek","Konstantin \u017dilcov","Kuba Przygo\u0144ski","Martin Prokop","Mini","MP-Sports","Nani Roma","Orlando Terranova","Overdrive Racing","Petr Hoz\u00e1k","Ren\u00e9 Kilian","Rockstar Energy AVE Team","Ronnie Graue","SP FIA baja","SP FIA baja 2019","Timo Gottschalk","Toyota","Vladimir Vasiljev","VRT","X-raid"],"articleSection":["Auto","Baja Arag\u00f3n","FIA SP baja"],"inLanguage":"cs","potentialAction":[{"@type":"CommentAction","name":"Comment","target":["https:\/\/www.dakarmania.cz\/index.php\/2019\/07\/26\/aragon-suverenni-terranova\/#respond"]}]},{"@type":"WebPage","@id":"https:\/\/www.dakarmania.cz\/index.php\/2019\/07\/26\/aragon-suverenni-terranova\/","url":"https:\/\/www.dakarmania.cz\/index.php\/2019\/07\/26\/aragon-suverenni-terranova\/","name":"Baja Arag\u00f3n: Prokop zat\u00edm druh\u00fd, suver\u00e9nn\u00ed Terranova - DAKARMANIA.cz","isPartOf":{"@id":"https:\/\/www.dakarmania.cz\/#website"},"primaryImageOfPage":{"@id":"https:\/\/www.dakarmania.cz\/index.php\/2019\/07\/26\/aragon-suverenni-terranova\/#primaryimage"},"image":{"@id":"https:\/\/www.dakarmania.cz\/index.php\/2019\/07\/26\/aragon-suverenni-terranova\/#primaryimage"},"thumbnailUrl":"https:\/\/www.dakarmania.cz\/wp-content\/uploads\/2019\/07\/19-aragon-prokop-01.jpg","datePublished":"2019-07-26T15:48:06+00:00","dateModified":"2019-11-12T16:36:43+00:00","description":"Po \u010dervnov\u00e9m v\u00edt\u011bzstv\u00ed v It\u00e1lii rozjel Orlando Terranova s Mini v\u00fdte\u010dn\u011b i n\u00e1sleduj\u00edc\u00ed podnik sv\u011btov\u00e9ho poh\u00e1ru ve \u0160pan\u011blsku.","breadcrumb":{"@id":"https:\/\/www.dakarmania.cz\/index.php\/2019\/07\/26\/aragon-suverenni-terranova\/#breadcrumb"},"inLanguage":"cs","potentialAction":[{"@type":"ReadAction","target":["https:\/\/www.dakarmania.cz\/index.php\/2019\/07\/26\/aragon-suverenni-terranova\/"]}]},{"@type":"ImageObject","inLanguage":"cs","@id":"https:\/\/www.dakarmania.cz\/index.php\/2019\/07\/26\/aragon-suverenni-terranova\/#primaryimage","url":"https:\/\/www.dakarmania.cz\/wp-content\/uploads\/2019\/07\/19-aragon-prokop-01.jpg","contentUrl":"https:\/\/www.dakarmania.cz\/wp-content\/uploads\/2019\/07\/19-aragon-prokop-01.jpg","width":1600,"height":1066,"caption":"Martin Prokop\/Jan Tom\u00e1nek, Ford Raptor RS Cross-Country, MP-Sports. Shakedown p\u0159ed Baja Arag\u00f3n 2019. \u00a9 MP-Sports"},{"@type":"BreadcrumbList","@id":"https:\/\/www.dakarmania.cz\/index.php\/2019\/07\/26\/aragon-suverenni-terranova\/#breadcrumb","itemListElement":[{"@type":"ListItem","position":1,"name":"Dom\u016f","item":"https:\/\/www.dakarmania.cz\/"},{"@type":"ListItem","position":2,"name":"Baja Arag\u00f3n: Prokop zat\u00edm druh\u00fd, suver\u00e9nn\u00ed Terranova"}]},{"@type":"WebSite","@id":"https:\/\/www.dakarmania.cz\/#website","url":"https:\/\/www.dakarmania.cz\/","name":"DAKARMANIA.cz","description":"\u017dijeme Dakarem cel\u00fd rok","publisher":{"@id":"https:\/\/www.dakarmania.cz\/#organization"},"potentialAction":[{"@type":"SearchAction","target":{"@type":"EntryPoint","urlTemplate":"https:\/\/www.dakarmania.cz\/?s={search_term_string}"},"query-input":{"@type":"PropertyValueSpecification","valueRequired":true,"valueName":"search_term_string"}}],"inLanguage":"cs"},{"@type":"Organization","@id":"https:\/\/www.dakarmania.cz\/#organization","name":"DAKAR MANIA","url":"https:\/\/www.dakarmania.cz\/","logo":{"@type":"ImageObject","inLanguage":"cs","@id":"https:\/\/www.dakarmania.cz\/#\/schema\/logo\/image\/","url":"https:\/\/www.dakarmania.cz\/wp-content\/uploads\/2018\/12\/Dakar-Mania-Logo-Square-Orange.png","contentUrl":"https:\/\/www.dakarmania.cz\/wp-content\/uploads\/2018\/12\/Dakar-Mania-Logo-Square-Orange.png","width":992,"height":992,"caption":"DAKAR MANIA"},"image":{"@id":"https:\/\/www.dakarmania.cz\/#\/schema\/logo\/image\/"},"sameAs":["https:\/\/www.facebook.com\/dakarmania\/"]},{"@type":"Person","@id":"https:\/\/www.dakarmania.cz\/#\/schema\/person\/04eb0e87a389631c2169c0dddae7ff1e","name":"Zden\u011bk Zelenka","image":{"@type":"ImageObject","inLanguage":"cs","@id":"https:\/\/www.dakarmania.cz\/#\/schema\/person\/image\/","url":"https:\/\/secure.gravatar.com\/avatar\/2c80d5a4942fe0900b73cc7d3837a509d6ee0a276a2b76dac95c92bd0763a89b?s=96&d=mm&r=g","contentUrl":"https:\/\/secure.gravatar.com\/avatar\/2c80d5a4942fe0900b73cc7d3837a509d6ee0a276a2b76dac95c92bd0763a89b?s=96&d=mm&r=g","caption":"Zden\u011bk Zelenka"},"description":"Moji d\u011bt\u0161t\u00ed hrdinov\u00e9 se jmenovali Loprais, Moskal, Neveu, Vatanen, Rahier... A tihle borci, jejich n\u00e1sledovn\u00edci a jejich p\u0159\u00edb\u011bhy m\u011b nep\u0159estali fascinovat ani po letech, kdy jsem vyrostl a zam\u011bstn\u00e1valy m\u011b jin\u00e9 discipl\u00edny motorsportu. Proto se zrodila DAKARMANIA.","url":"https:\/\/www.dakarmania.cz\/index.php\/author\/dakarmania\/"}]}},"amp_enabled":true,"_links":{"self":[{"href":"https:\/\/www.dakarmania.cz\/index.php\/wp-json\/wp\/v2\/posts\/9187","targetHints":{"allow":["GET"]}}],"collection":[{"href":"https:\/\/www.dakarmania.cz\/index.php\/wp-json\/wp\/v2\/posts"}],"about":[{"href":"https:\/\/www.dakarmania.cz\/index.php\/wp-json\/wp\/v2\/types\/post"}],"author":[{"embeddable":true,"href":"https:\/\/www.dakarmania.cz\/index.php\/wp-json\/wp\/v2\/users\/1"}],"replies":[{"embeddable":true,"href":"https:\/\/www.dakarmania.cz\/index.php\/wp-json\/wp\/v2\/comments?post=9187"}],"version-history":[{"count":12,"href":"https:\/\/www.dakarmania.cz\/index.php\/wp-json\/wp\/v2\/posts\/9187\/revisions"}],"predecessor-version":[{"id":13274,"href":"https:\/\/www.dakarmania.cz\/index.php\/wp-json\/wp\/v2\/posts\/9187\/revisions\/13274"}],"wp:featuredmedia":[{"embeddable":true,"href":"https:\/\/www.dakarmania.cz\/index.php\/wp-json\/wp\/v2\/media\/9190"}],"wp:attachment":[{"href":"https:\/\/www.dakarmania.cz\/index.php\/wp-json\/wp\/v2\/media?parent=9187"}],"wp:term":[{"taxonomy":"category","embeddable":true,"href":"https:\/\/www.dakarmania.cz\/index.php\/wp-json\/wp\/v2\/categories?post=9187"},{"taxonomy":"post_tag","embeddable":true,"href":"https:\/\/www.dakarmania.cz\/index.php\/wp-json\/wp\/v2\/tags?post=9187"}],"curies":[{"name":"wp","href":"https:\/\/api.w.org\/{rel}","templated":true}]}}