{"id":9242,"date":"2019-07-27T15:32:10","date_gmt":"2019-07-27T13:32:10","guid":{"rendered":"https:\/\/www.dakarmania.cz\/?p=9242"},"modified":"2019-12-01T23:02:56","modified_gmt":"2019-12-01T22:02:56","slug":"baja-aragon-vitezem-terranova","status":"publish","type":"post","link":"https:\/\/www.dakarmania.cz\/index.php\/2019\/07\/27\/baja-aragon-vitezem-terranova\/","title":{"rendered":"Baja Arag\u00f3n: Prokop medailovou pozici neuh\u00e1jil, v\u00edt\u011bzem Terranova"},"content":{"rendered":"<p>[vc_row][vc_column][vc_column_text]<\/p>\n<h3>Zat\u00edmco Orlando Terranova v z\u00e1v\u011bre\u010dn\u00e9 etap\u011b \u0161pan\u011blsk\u00e9 baji zku\u0161en\u011b kontroloval veden\u00ed, za jeho z\u00e1dy zu\u0159ila bitva o dal\u0161\u00ed dv\u011b m\u00edsta na stupn\u00edch v\u00edt\u011bz\u016f. Rozhodla a\u017e posledn\u00ed rychlostn\u00ed zkou\u0161ka. Jako pora\u017een\u00fd z n\u00ed vy\u0161el Martin Prokop.<\/h3>\n<p>[\/vc_column_text][vc_single_image image=&#8221;9241&#8243; img_size=&#8221;large&#8221; add_caption=&#8221;yes&#8221; alignment=&#8221;center&#8221;][vc_column_text]Automobily zah\u00e1jily sobotn\u00ed etapu <a href=\"\/index.php\/souteze\/baja-aragon-2019\/\">Baji Arag\u00f3n 2019<\/a> druh\u00fdm pr\u016fjezdem krat\u0161\u00ed rychlostn\u00ed zkou\u0161kou Sur, jej\u00ed\u017e \u00fazk\u00e1 kamenit\u00e1 tra\u0165 m\u011b\u0159ila 87 kilometr\u016f. <a href=\"https:\/\/www.dakarmania.cz\/index.php\/osobnosti\/orlando-terranova\/\">Orlando Terranova<\/a> a <a href=\"https:\/\/www.dakarmania.cz\/index.php\/osobnosti\/ronnie-graue\/\">Ronnie Graue<\/a> s Mini nezav\u00e1hali. Pos\u00e1dka t\u00fdmu X-raid udr\u017eela stoprocentn\u00ed bilanci a pot\u0159et\u00ed si p\u0159ipsala nejrychlej\u0161\u00ed \u010das. Sv\u016fj n\u00e1skok na \u010dele pr\u016fb\u011b\u017en\u00e9ho hodnocen\u00ed nav\u00fd\u0161ila na v\u00edce ne\u017e \u010dty\u0159i a p\u016fl minuty.<\/p>\n<p>Na odpoledn\u00ed speci\u00e1lce (165 km) Argentinec neriskoval. Celkov\u00e9 v\u00edt\u011bzstv\u00ed potvrdil \u010dtvrt\u00fdm \u010dasem (+1:18 min). P\u0159esto\u017ee vynechal dva \u00favodn\u00ed podniky sezony, body za v\u00fdhry <a href=\"https:\/\/www.dakarmania.cz\/index.php\/2019\/06\/23\/italia-prokop-na-podiu-zvitezil-terranova\/\">v It\u00e1lii<\/a> a \u0160pan\u011blsku vynesly Terranovu u\u017e na druh\u00e9 m\u00edsto pr\u016fb\u011b\u017en\u00e9ho hodnocen\u00ed sv\u011btov\u00e9ho poh\u00e1ru.<\/p>\n<p><em>\u201eDruh\u00e9 v\u00edt\u011bzstv\u00ed v \u0159ad\u011b a d\u016fle\u017eit\u00e9 body do \u0161ampion\u00e1tu. Byl to p\u0159\u00edjemn\u00fd z\u00e1vod. Nov\u00fd form\u00e1t p\u0159inesl dobr\u00e9 souboje,\u201c<\/em> pochvaloval si <strong>Orlando Terranova<\/strong>. <em>\u201eSna\u017eili jsme se jet \u010dist\u011b a zvl\u00e1dli jsme to s jedin\u00fdm defektem. Uvid\u00edme, \u010deho dok\u00e1\u017eeme dos\u00e1hnout v Ma\u010farsku.\u201c<\/em>[\/vc_column_text][vc_single_image image=&#8221;9249&#8243; img_size=&#8221;large&#8221; add_caption=&#8221;yes&#8221; alignment=&#8221;center&#8221;][vc_column_text]<a href=\"https:\/\/www.dakarmania.cz\/index.php\/osobnosti\/martin-prokop\/\">Martin Prokop<\/a> s <a href=\"https:\/\/www.dakarmania.cz\/index.php\/osobnosti\/jan-tomanek\/\">Janem Tom\u00e1nkem<\/a> (Ford) r\u00e1no nesta\u010dili na Terranovu ani ten Brinka (Toyota), ale sv\u00e9 soupe\u0159e v souboji o druh\u00e9 m\u00edsto si pohl\u00eddali. Romu udolali o pouhou sekundu a Przygo\u0144sk\u00e9mu (oba Mini) ujeli o v\u00edce ne\u017e p\u016fl minuty.<\/p>\n<p>Jen\u017ee na posledn\u00ed speci\u00e1lce byla situace naprosto jin\u00e1. \u0160pan\u011bl i Pol\u00e1k p\u0159edvedli v\u00fdkony hodn\u00e9 dev\u00edtin\u00e1sobn\u00e9ho <a href=\"https:\/\/www.dakarmania.cz\/index.php\/souteze\/aragon-vitezove\/\">v\u00edt\u011bze Baji Arag\u00f3n<\/a>, resp. \u00fa\u0159aduj\u00edc\u00edho \u0161ampiona sv\u011btov\u00e9ho poh\u00e1ru, a odsunuli pos\u00e1dku t\u00fdmu MP-Sports mimo medailov\u00e9 pozice.<\/p>\n<p><em>\u201eNa za\u010d\u00e1tku jsme sice m\u011bli probl\u00e9my s brzdami a n\u011bco jsme ztratili na prvn\u00ed erzet\u011b, ale pak jsme dlouho dr\u017eeli druh\u00e9 m\u00edsto a byli jsme odhodlan\u00ed bojovat o n\u011bj a\u017e do c\u00edle. Bohu\u017eel, dv\u011b auta byla rychlej\u0161\u00ed ne\u017e my. Posledn\u00ed dlouh\u00e1 erzeta byla fakt odmakan\u00e1. Nechali jsme tam v\u0161echno, co jsme m\u011bli. Ale je vid\u011bt, \u017ee je to je\u0161t\u011b po\u0159\u00e1d m\u00e1lo,\u201c<\/em> bilancoval \u010derstv\u011b \u017eenat\u00fd <strong>Martin Prokop<\/strong>. <em>\u201eJak se \u0159\u00edk\u00e1, po svatb\u011b ka\u017ed\u00fd z\u00e1vodn\u00edk o vte\u0159inu na kil\u00e1k zpomal\u00ed. Ale nakonec ten rozd\u00edl nebyl tak velk\u00fd, tak\u017ee t\u00edm to asi nen\u00ed. \u0160koda. Jinak super z\u00e1vody, skv\u011bl\u00e9 svezen\u00ed, ale to podium n\u00e1s bude mrzet. Bramborov\u00e1 medaile je ta nejhor\u0161\u00ed, co m\u016f\u017ee b\u00fdt.\u201c<\/em>[\/vc_column_text][vc_single_image image=&#8221;9241&#8243; img_size=&#8221;large&#8221; add_caption=&#8221;yes&#8221; alignment=&#8221;center&#8221;][vc_column_text]<\/p>\n<h4><strong>Roma \u00fato\u010d\u00ed<\/strong><\/h4>\n<p>Po p\u00e1te\u010dn\u00edch probl\u00e9mech s technikou i diskutabiln\u00edm po\u010d\u00edn\u00e1n\u00ed jednoho ze soupe\u0159\u016f se <a href=\"https:\/\/www.dakarmania.cz\/index.php\/osobnosti\/nani-roma\/\">Nani Roma<\/a> a <a href=\"https:\/\/www.dakarmania.cz\/index.php\/osobnosti\/alex-haro\/\">\u00c0lex Haro<\/a> v sobotu prezentovali v pln\u00e9 s\u00edle. Dopoledne vyst\u0159\u00eddali na t\u0159et\u00ed p\u0159\u00ed\u010dce pr\u016fb\u011b\u017en\u00e9 klasifikace t\u00fdmov\u00e9 kolegy <a href=\"https:\/\/www.dakarmania.cz\/index.php\/osobnosti\/kuba-przygonski\/\">Kubu Przygo\u0144sk\u00e9ho<\/a> a <a href=\"https:\/\/www.dakarmania.cz\/index.php\/osobnosti\/timo-gottschalk\/\">Tima Gottschalka<\/a>. Po ob\u011bd\u011b nedali \u0161anci ani Prokopovi.<\/p>\n<p>Roma byl p\u0159i druh\u00e9m pr\u016fjezdu dlouhou erzetou Notre nejrychlej\u0161\u00ed, Przygo\u0144sk\u00e9ho porazil o 21 sekund a bylo rozhodnuto. Jezdci t\u00fdmu X-raid obsadili kompletn\u00ed stupn\u011b v\u00edt\u011bz\u016f v po\u0159ad\u00ed Terranova, Roma, Przygo\u0144ski.<\/p>\n<p><em>\u201eDruh\u00e9 m\u00edsto samoz\u0159ejm\u011b nen\u00ed to, co jsme cht\u011bli,\u201c<\/em> p\u0159ipustil <strong>Nani Roma<\/strong>, kter\u00fd se jen t\u011b\u017eko smi\u0159oval s minutami ztracen\u00fdmi v p\u00e1tek za pomalej\u0161\u00edm ten Brinkem. <em>\u201ePo pravd\u011b \u0159e\u010deno, v\u010dera mi zni\u010dil z\u00e1vod. Ale dob\u0159e, i to je sou\u010d\u00e1st hry. N\u011bkte\u0159\u00ed lid\u00e9 zkr\u00e1tka nejsou dostate\u010dn\u011b u\u0161lechtil\u00ed, aby uhnuli a pustili soupe\u0159e p\u0159ed sebe. Dnes bylo auto perfektn\u00ed, dostali jsme se do tempa a vyhr\u00e1li erzetu. Orly podal skv\u011bl\u00fd v\u00fdkon, stejn\u011b jako Kuba. Je \u00fa\u017easn\u00e9, \u017ee jsme v\u0161ichni na p\u00f3diu.\u201c<\/em>[\/vc_column_text][vc_single_image image=&#8221;9288&#8243; img_size=&#8221;large&#8221; add_caption=&#8221;yes&#8221; alignment=&#8221;center&#8221;][vc_column_text]<em>\u201eT\u011b\u0161\u00ed n\u00e1s, \u017ee jsme dok\u00e1zali z\u00edskat t\u0159et\u00ed m\u00edsto navzdory n\u011bkolika probl\u00e9m\u016fm. Rozhodla posledn\u00ed speci\u00e1lka. Na n\u00ed jsme svedli skv\u011bl\u00fd souboj s Nanim a Prokopem. \u010cty\u0159icet kilometr\u016f p\u0159ed c\u00edlem p\u0159estalo fungovat chlazen\u00ed brzd, tak\u017ee jejich teplota se v jednu chv\u00edli pohybovala kolem dvou set stup\u0148\u016f. Auto prakticky nebrzdilo, ale zvl\u00e1dli jsme to. Po\u010das\u00ed bylo b\u011bhem rally hodn\u011b prom\u011bnliv\u00e9. Od de\u0161t\u011b a bou\u0159ky a\u017e po horko se spoustou prachu. Trat\u011b byly hodn\u011b \u00fazk\u00e9, pneumatiky a brzdy na nich dostaly po\u0159\u00e1dn\u011b zabrat,\u201c<\/em> konstatoval <strong>Kuba Przygo\u0144ski<\/strong>. <em>\u201eJsem r\u00e1d, \u017ee se vrac\u00edme do hry. U\u017e se t\u011b\u0161\u00edme na dal\u0161\u00ed baju v Ma\u010farsku.\u201c<\/em><\/p>\n<p>A\u017e do posledn\u00edho m\u011b\u0159en\u00e9ho \u00faseku mohli na medailov\u00e9 pozice pom\u00fd\u0161let tak\u00e9 Bernhard ten Brinke a Tom Colsoul. D\u00edky druh\u00e9mu \u010dasu na RZ3 se v celkov\u00e9m sou\u010dtu \u010das\u016f vyrovnali pr\u016fb\u011b\u017en\u011b \u010dtvrt\u00e9mu Przygo\u0144sk\u00e9mu. Jen\u017ee Nizozemec ani ve \u0160pan\u011blsku nedok\u00e1zal jet \u010dist\u011b a\u017e do konce a z\u00e1v\u011bre\u010dn\u00fd test nedokon\u010dil.[\/vc_column_text][vc_single_image image=&#8221;9295&#8243; img_size=&#8221;large&#8221; add_caption=&#8221;yes&#8221; alignment=&#8221;center&#8221;][vc_column_text]<em>\u201eJsme zklaman\u00ed. Praskl n\u00e1boj kola,\u201c<\/em> vysv\u011btloval p\u0159\u00ed\u010dinu navig\u00e1tor <strong>Tom Colsoul<\/strong>. <em>\u201eJe to obrovsk\u00e1 \u0161koda, proto\u017ee na t\u0159ic\u00e1t\u00e9m kilometru jsme byli o \u010dty\u0159icet sekund rychlej\u0161\u00ed ne\u017e v\u0161ichni ostatn\u00ed a m\u011bli jsme p\u00f3dium na dosah.\u201c<\/em><\/p>\n<h4>\u201eNeviditeln\u00fd\u201c\u00a0obh\u00e1jce<\/h4>\n<p>Obh\u00e1jce lo\u0148sk\u00e9ho v\u00edt\u011bzstv\u00ed <a href=\"\/index.php\/osobnosti\/vladimir-vasiljev\/\">Vladimir Vasiljev<\/a> nebyl u\u017e od p\u00e1tku spokojen s nastaven\u00edm sv\u00e9 Toyoty. Po probl\u00e9mech soupe\u0159\u016f si s navig\u00e1torem <a href=\"\/index.php\/osobnosti\/konstantin-zilcov\/\">Konstantinem \u017dilcovem<\/a> v sobotu o dv\u011b p\u0159\u00ed\u010dky polep\u0161ili, nicm\u00e9n\u011b jejich ztr\u00e1ta na v\u00edt\u011bze z\u016fstala velk\u00e1. Rus p\u0159esto udr\u017eel veden\u00ed v tabulce sv\u011btov\u00e9ho poh\u00e1ru, i kdy\u017e pouze o \u010dty\u0159i body p\u0159ed Terranovou. O dal\u0161\u00edch 14 bod\u016f m\u00e9n\u011b maj\u00ed na sv\u00e9m kont\u011b Prokop a Przygo\u0144ski, kte\u0159\u00ed se po \u0160pan\u011blsku d\u011bl\u00ed o t\u0159et\u00ed p\u0159\u00ed\u010dku.[\/vc_column_text][vc_single_image image=&#8221;9250&#8243; img_size=&#8221;large&#8221; add_caption=&#8221;yes&#8221; alignment=&#8221;center&#8221;][vc_column_text]<\/p>\n<h4>Pro Hoz\u00e1ka s Kilianem u\u017eite\u010dn\u00e1 zku\u0161enost<\/h4>\n<p>Petr Hoz\u00e1k a Ren\u00e9 Kilian se po p\u00e1te\u010dn\u00edm odstoupen\u00ed do sout\u011b\u017ee v sobotu vr\u00e1tili a z hlediska vz\u00e1jemn\u00e9 spolupr\u00e1ce pro\u017eili d\u016fle\u017eit\u00fd den. Poprv\u00e9 m\u011bli p\u0159\u00edle\u017eitost sv\u00e9zt se spole\u010dn\u011b ve skute\u010dn\u011b ostr\u00e9m tempu a vz\u00e1jemnou souhru si pochvalovali. Doplatili v\u0161ak na startovn\u00ed pozici. Na tra\u0165 vyr\u00e1\u017eeli a\u017e jako p\u011bta\u010dty\u0159ic\u00e1t\u00ed, museli p\u0159edj\u00ed\u017ed\u011bt pomalej\u0161\u00ed vozy, a proto dosahovan\u00e9 mezi\u010dasy nemaj\u00ed tentokr\u00e1t v\u00fdznamnou vypov\u00eddac\u00ed hodnotu.<\/p>\n<p>Z\u00e1pado\u010desk\u00fd z\u00e1vodn\u00edk ocenil tak\u00e9 potenci\u00e1l sv\u00e9ho Hummeru, a\u010dkoliv zat\u00edm technice chyb\u00ed spolehlivost. Na z\u00e1v\u011bre\u010dn\u00e9m testu toti\u017e vypov\u011bd\u011bly slu\u017ebu brzdy. Proto Hoz\u00e1k s Kilianem na 130. kilometru RZ4 ze z\u00e1vodu odstoupili podruh\u00e9.<\/p>\n<p>Baja Arag\u00f3n uzav\u0159ela prvn\u00ed polovinu leto\u0161n\u00ed sezony <a href=\"\/index.php\/sampionaty\/svetovy-pohar-fia-v-cross-country-bajach-2019\/\">Sv\u011btov\u00e9ho poh\u00e1ru FIA v cross-country baj\u00e1ch<\/a>. P\u00e1t\u00e9 d\u011bjstv\u00ed host\u00ed u\u017e za dva t\u00fddny (8. a\u017e 11. srpna) ma\u010farsk\u00e1 V\u00e1rpalota, v jej\u00edm\u017e okol\u00ed se pojede popul\u00e1rn\u00ed <a href=\"\/index.php\/souteze\/hungarian-baja-2019\/\">Hungarian Baja<\/a>.[\/vc_column_text][vc_column_text]<\/p>\n<table style=\"width: 97.7654%;\" rules=\"rows\" cellpadding=\"4px\">\n<tbody>\n<tr style=\"background-color: #9e9d9d; color: white;\">\n<td style=\"text-align: center;\" colspan=\"4\"><span style=\"font-size: 10pt;\"><strong>Baja Arag\u00f3n 2019<br \/>\nAUTOMOBILY<br \/>\nneofici\u00e1ln\u00ed v\u00fdsledky<\/strong><\/span><\/td>\n<\/tr>\n<tr style=\"background-color: #dbd9d9;\">\n<td>1.<\/td>\n<td>Terranova \/ Graue<\/td>\n<td>Mini JCW Rally<\/td>\n<td style=\"text-align: right;\">6:21:40<\/td>\n<\/tr>\n<tr style=\"background-color: #f2f2f2;\">\n<td>2.<\/td>\n<td>Roma \/ Haro<\/td>\n<td>Mini JCW Rally<\/td>\n<td style=\"text-align: right;\">+3:36<\/td>\n<\/tr>\n<tr style=\"background-color: #dbd9d9;\">\n<td>3.<\/td>\n<td>Przygo\u0144ski \/ Gottschalk<\/td>\n<td>Mini JCW Rally<\/td>\n<td style=\"text-align: right;\">+4:12<\/td>\n<\/tr>\n<tr style=\"background-color: #f2f2f2;\">\n<td>4.<\/td>\n<td>Prokop \/ Tom\u00e1nek<\/td>\n<td>Ford F-150 Evo<\/td>\n<td style=\"text-align: right;\">+5:33<\/td>\n<\/tr>\n<tr style=\"background-color: #dbd9d9;\">\n<td>5.<\/td>\n<td>Vasiljev \/ \u017dilcov<\/td>\n<td>Toyota Hilux<\/td>\n<td style=\"text-align: right;\">+12:17<\/td>\n<\/tr>\n<tr style=\"background-color: #f2f2f2;\">\n<td>6.<\/td>\n<td>Ramos \/ Jesus<\/td>\n<td>Toyota Hilux<\/td>\n<td style=\"text-align: right;\">+16:29<\/td>\n<\/tr>\n<tr style=\"background-color: #dbd9d9;\">\n<td>7.<\/td>\n<td>Recuenco \/ Alijas<\/td>\n<td>Mini<\/td>\n<td style=\"text-align: right;\">+22:17<\/td>\n<\/tr>\n<tr style=\"background-color: #f2f2f2;\">\n<td>8.<\/td>\n<td>Carapeta \/ Pereira<\/td>\n<td>Range Rover Evoque<\/td>\n<td style=\"text-align: right;\">+36:59<\/td>\n<\/tr>\n<\/tbody>\n<\/table>\n<p>[\/vc_column_text][\/vc_column][\/vc_row]<\/p>\n","protected":false},"excerpt":{"rendered":"<p>Zat\u00edmco Orlando Terranova v z\u00e1v\u011bre\u010dn\u00e9 etap\u011b \u0161pan\u011blsk\u00e9 baji zku\u0161en\u011b kontroloval veden\u00ed, za jeho z\u00e1dy zu\u0159ila bitva o dal\u0161\u00ed dv\u011b m\u00edsta na stupn\u00edch v\u00edt\u011bz\u016f.<\/p>\n","protected":false},"author":1,"featured_media":9241,"comment_status":"open","ping_status":"closed","sticky":false,"template":"","format":"standard","meta":{"footnotes":""},"categories":[3,1228,98],"tags":[425,1186,1338,245,289,11,258,6,306,288,5,219,4,232,1165,291,326,257,1166,1381,1205,106,445,290,287,201,305,220],"class_list":["post-9242","post","type-post","status-publish","format-standard","has-post-thumbnail","hentry","category-auto","category-baja-aragon","category-fia-baja","tag-425","tag-alex-haro","tag-baja-aragon","tag-baja-aragon-2019","tag-bernhard-ten-brinke","tag-ford","tag-hummer","tag-jan-tomanek","tag-konstantin-zilcov","tag-kuba-przygonski","tag-martin-prokop","tag-mini","tag-mp-sports","tag-nani-roma","tag-orlando-terranova","tag-orlen-team","tag-overdrive-racing","tag-petr-hozak","tag-rene-kilian","tag-rockstar-energy-ave-team","tag-ronnie-graue","tag-sp-fia-baja","tag-sp-fia-baja-2019","tag-timo-gottschalk","tag-tom-colsoul","tag-toyota","tag-vladimir-vasiljev","tag-x-raid"],"yoast_head":"<!-- This site is optimized with the Yoast SEO plugin v24.9 - https:\/\/yoast.com\/wordpress\/plugins\/seo\/ -->\n<title>Baja Arag\u00f3n: Prokop medailovou pozici neuh\u00e1jil, v\u00edt\u011bzem Terranova - DAKARMANIA.cz<\/title>\n<meta name=\"description\" content=\"Zat\u00edmco Orlando Terranova v z\u00e1v\u011bre\u010dn\u00e9 etap\u011b \u0161pan\u011blsk\u00e9 baji zku\u0161en\u011b kontroloval veden\u00ed, za jeho z\u00e1dy zu\u0159ila bitva o dal\u0161\u00ed dv\u011b m\u00edsta na stupn\u00edch v\u00edt\u011bz\u016f.\" \/>\n<meta name=\"robots\" content=\"index, follow, max-snippet:-1, max-image-preview:large, max-video-preview:-1\" \/>\n<link rel=\"canonical\" href=\"https:\/\/www.dakarmania.cz\/index.php\/2019\/07\/27\/baja-aragon-vitezem-terranova\/\" \/>\n<meta property=\"og:locale\" content=\"cs_CZ\" \/>\n<meta property=\"og:type\" content=\"article\" \/>\n<meta property=\"og:title\" content=\"Baja Arag\u00f3n: Prokop medailovou pozici neuh\u00e1jil, v\u00edt\u011bzem Terranova - DAKARMANIA.cz\" \/>\n<meta property=\"og:description\" content=\"Zat\u00edmco Orlando Terranova v z\u00e1v\u011bre\u010dn\u00e9 etap\u011b \u0161pan\u011blsk\u00e9 baji zku\u0161en\u011b kontroloval veden\u00ed, za jeho z\u00e1dy zu\u0159ila bitva o dal\u0161\u00ed dv\u011b m\u00edsta na stupn\u00edch v\u00edt\u011bz\u016f.\" \/>\n<meta property=\"og:url\" content=\"https:\/\/www.dakarmania.cz\/index.php\/2019\/07\/27\/baja-aragon-vitezem-terranova\/\" \/>\n<meta property=\"og:site_name\" content=\"DAKARMANIA.cz\" \/>\n<meta property=\"article:publisher\" content=\"https:\/\/www.facebook.com\/dakarmania\/\" \/>\n<meta property=\"article:published_time\" content=\"2019-07-27T13:32:10+00:00\" \/>\n<meta property=\"article:modified_time\" content=\"2019-12-01T22:02:56+00:00\" \/>\n<meta property=\"og:image\" content=\"https:\/\/www.dakarmania.cz\/wp-content\/uploads\/2019\/07\/19-aragon-prokop-02.jpg\" \/>\n\t<meta property=\"og:image:width\" content=\"960\" \/>\n\t<meta property=\"og:image:height\" content=\"640\" \/>\n\t<meta property=\"og:image:type\" content=\"image\/jpeg\" \/>\n<meta name=\"author\" content=\"Zden\u011bk Zelenka\" \/>\n<meta name=\"twitter:card\" content=\"summary_large_image\" \/>\n<meta name=\"twitter:label1\" content=\"Napsal(a)\" \/>\n\t<meta name=\"twitter:data1\" content=\"Zden\u011bk Zelenka\" \/>\n\t<meta name=\"twitter:label2\" content=\"Odhadovan\u00e1 doba \u010dten\u00ed\" \/>\n\t<meta name=\"twitter:data2\" content=\"7 minut\" \/>\n<script type=\"application\/ld+json\" class=\"yoast-schema-graph\">{\"@context\":\"https:\/\/schema.org\",\"@graph\":[{\"@type\":\"Article\",\"@id\":\"https:\/\/www.dakarmania.cz\/index.php\/2019\/07\/27\/baja-aragon-vitezem-terranova\/#article\",\"isPartOf\":{\"@id\":\"https:\/\/www.dakarmania.cz\/index.php\/2019\/07\/27\/baja-aragon-vitezem-terranova\/\"},\"author\":{\"name\":\"Zden\u011bk Zelenka\",\"@id\":\"https:\/\/www.dakarmania.cz\/#\/schema\/person\/04eb0e87a389631c2169c0dddae7ff1e\"},\"headline\":\"Baja Arag\u00f3n: Prokop medailovou pozici neuh\u00e1jil, v\u00edt\u011bzem Terranova\",\"datePublished\":\"2019-07-27T13:32:10+00:00\",\"dateModified\":\"2019-12-01T22:02:56+00:00\",\"mainEntityOfPage\":{\"@id\":\"https:\/\/www.dakarmania.cz\/index.php\/2019\/07\/27\/baja-aragon-vitezem-terranova\/\"},\"wordCount\":1393,\"commentCount\":0,\"publisher\":{\"@id\":\"https:\/\/www.dakarmania.cz\/#organization\"},\"image\":{\"@id\":\"https:\/\/www.dakarmania.cz\/index.php\/2019\/07\/27\/baja-aragon-vitezem-terranova\/#primaryimage\"},\"thumbnailUrl\":\"https:\/\/www.dakarmania.cz\/wp-content\/uploads\/2019\/07\/19-aragon-prokop-02.jpg\",\"keywords\":[\"2019\",\"\u00c0lex Haro\",\"Baja Arag\u00f3n\",\"Baja Arag\u00f3n 2019\",\"Bernhard ten Brinke\",\"Ford\",\"Hummer\",\"Jan Tom\u00e1nek\",\"Konstantin \u017dilcov\",\"Kuba Przygo\u0144ski\",\"Martin Prokop\",\"Mini\",\"MP-Sports\",\"Nani Roma\",\"Orlando Terranova\",\"Orlen Team\",\"Overdrive Racing\",\"Petr Hoz\u00e1k\",\"Ren\u00e9 Kilian\",\"Rockstar Energy AVE Team\",\"Ronnie Graue\",\"SP FIA baja\",\"SP FIA baja 2019\",\"Timo Gottschalk\",\"Tom Colsoul\",\"Toyota\",\"Vladimir Vasiljev\",\"X-raid\"],\"articleSection\":[\"Auto\",\"Baja Arag\u00f3n\",\"FIA SP baja\"],\"inLanguage\":\"cs\",\"potentialAction\":[{\"@type\":\"CommentAction\",\"name\":\"Comment\",\"target\":[\"https:\/\/www.dakarmania.cz\/index.php\/2019\/07\/27\/baja-aragon-vitezem-terranova\/#respond\"]}]},{\"@type\":\"WebPage\",\"@id\":\"https:\/\/www.dakarmania.cz\/index.php\/2019\/07\/27\/baja-aragon-vitezem-terranova\/\",\"url\":\"https:\/\/www.dakarmania.cz\/index.php\/2019\/07\/27\/baja-aragon-vitezem-terranova\/\",\"name\":\"Baja Arag\u00f3n: Prokop medailovou pozici neuh\u00e1jil, v\u00edt\u011bzem Terranova - DAKARMANIA.cz\",\"isPartOf\":{\"@id\":\"https:\/\/www.dakarmania.cz\/#website\"},\"primaryImageOfPage\":{\"@id\":\"https:\/\/www.dakarmania.cz\/index.php\/2019\/07\/27\/baja-aragon-vitezem-terranova\/#primaryimage\"},\"image\":{\"@id\":\"https:\/\/www.dakarmania.cz\/index.php\/2019\/07\/27\/baja-aragon-vitezem-terranova\/#primaryimage\"},\"thumbnailUrl\":\"https:\/\/www.dakarmania.cz\/wp-content\/uploads\/2019\/07\/19-aragon-prokop-02.jpg\",\"datePublished\":\"2019-07-27T13:32:10+00:00\",\"dateModified\":\"2019-12-01T22:02:56+00:00\",\"description\":\"Zat\u00edmco Orlando Terranova v z\u00e1v\u011bre\u010dn\u00e9 etap\u011b \u0161pan\u011blsk\u00e9 baji zku\u0161en\u011b kontroloval veden\u00ed, za jeho z\u00e1dy zu\u0159ila bitva o dal\u0161\u00ed dv\u011b m\u00edsta na stupn\u00edch v\u00edt\u011bz\u016f.\",\"breadcrumb\":{\"@id\":\"https:\/\/www.dakarmania.cz\/index.php\/2019\/07\/27\/baja-aragon-vitezem-terranova\/#breadcrumb\"},\"inLanguage\":\"cs\",\"potentialAction\":[{\"@type\":\"ReadAction\",\"target\":[\"https:\/\/www.dakarmania.cz\/index.php\/2019\/07\/27\/baja-aragon-vitezem-terranova\/\"]}]},{\"@type\":\"ImageObject\",\"inLanguage\":\"cs\",\"@id\":\"https:\/\/www.dakarmania.cz\/index.php\/2019\/07\/27\/baja-aragon-vitezem-terranova\/#primaryimage\",\"url\":\"https:\/\/www.dakarmania.cz\/wp-content\/uploads\/2019\/07\/19-aragon-prokop-02.jpg\",\"contentUrl\":\"https:\/\/www.dakarmania.cz\/wp-content\/uploads\/2019\/07\/19-aragon-prokop-02.jpg\",\"width\":960,\"height\":640,\"caption\":\"Martin Prokop\/Jan Tom\u00e1nek, Ford Raptor RS Cross-Country, MP-Sports. Baja Arag\u00f3n 2019. \u00a9 MP-Sports\"},{\"@type\":\"BreadcrumbList\",\"@id\":\"https:\/\/www.dakarmania.cz\/index.php\/2019\/07\/27\/baja-aragon-vitezem-terranova\/#breadcrumb\",\"itemListElement\":[{\"@type\":\"ListItem\",\"position\":1,\"name\":\"Dom\u016f\",\"item\":\"https:\/\/www.dakarmania.cz\/\"},{\"@type\":\"ListItem\",\"position\":2,\"name\":\"Baja Arag\u00f3n: Prokop medailovou pozici neuh\u00e1jil, v\u00edt\u011bzem Terranova\"}]},{\"@type\":\"WebSite\",\"@id\":\"https:\/\/www.dakarmania.cz\/#website\",\"url\":\"https:\/\/www.dakarmania.cz\/\",\"name\":\"DAKARMANIA.cz\",\"description\":\"\u017dijeme Dakarem cel\u00fd rok\",\"publisher\":{\"@id\":\"https:\/\/www.dakarmania.cz\/#organization\"},\"potentialAction\":[{\"@type\":\"SearchAction\",\"target\":{\"@type\":\"EntryPoint\",\"urlTemplate\":\"https:\/\/www.dakarmania.cz\/?s={search_term_string}\"},\"query-input\":{\"@type\":\"PropertyValueSpecification\",\"valueRequired\":true,\"valueName\":\"search_term_string\"}}],\"inLanguage\":\"cs\"},{\"@type\":\"Organization\",\"@id\":\"https:\/\/www.dakarmania.cz\/#organization\",\"name\":\"DAKAR MANIA\",\"url\":\"https:\/\/www.dakarmania.cz\/\",\"logo\":{\"@type\":\"ImageObject\",\"inLanguage\":\"cs\",\"@id\":\"https:\/\/www.dakarmania.cz\/#\/schema\/logo\/image\/\",\"url\":\"https:\/\/www.dakarmania.cz\/wp-content\/uploads\/2018\/12\/Dakar-Mania-Logo-Square-Orange.png\",\"contentUrl\":\"https:\/\/www.dakarmania.cz\/wp-content\/uploads\/2018\/12\/Dakar-Mania-Logo-Square-Orange.png\",\"width\":992,\"height\":992,\"caption\":\"DAKAR MANIA\"},\"image\":{\"@id\":\"https:\/\/www.dakarmania.cz\/#\/schema\/logo\/image\/\"},\"sameAs\":[\"https:\/\/www.facebook.com\/dakarmania\/\"]},{\"@type\":\"Person\",\"@id\":\"https:\/\/www.dakarmania.cz\/#\/schema\/person\/04eb0e87a389631c2169c0dddae7ff1e\",\"name\":\"Zden\u011bk Zelenka\",\"image\":{\"@type\":\"ImageObject\",\"inLanguage\":\"cs\",\"@id\":\"https:\/\/www.dakarmania.cz\/#\/schema\/person\/image\/\",\"url\":\"https:\/\/secure.gravatar.com\/avatar\/2c80d5a4942fe0900b73cc7d3837a509d6ee0a276a2b76dac95c92bd0763a89b?s=96&d=mm&r=g\",\"contentUrl\":\"https:\/\/secure.gravatar.com\/avatar\/2c80d5a4942fe0900b73cc7d3837a509d6ee0a276a2b76dac95c92bd0763a89b?s=96&d=mm&r=g\",\"caption\":\"Zden\u011bk Zelenka\"},\"description\":\"Moji d\u011bt\u0161t\u00ed hrdinov\u00e9 se jmenovali Loprais, Moskal, Neveu, Vatanen, Rahier... A tihle borci, jejich n\u00e1sledovn\u00edci a jejich p\u0159\u00edb\u011bhy m\u011b nep\u0159estali fascinovat ani po letech, kdy jsem vyrostl a zam\u011bstn\u00e1valy m\u011b jin\u00e9 discipl\u00edny motorsportu. Proto se zrodila DAKARMANIA.\",\"url\":\"https:\/\/www.dakarmania.cz\/index.php\/author\/dakarmania\/\"}]}<\/script>\n<!-- \/ Yoast SEO plugin. -->","yoast_head_json":{"title":"Baja Arag\u00f3n: Prokop medailovou pozici neuh\u00e1jil, v\u00edt\u011bzem Terranova - DAKARMANIA.cz","description":"Zat\u00edmco Orlando Terranova v z\u00e1v\u011bre\u010dn\u00e9 etap\u011b \u0161pan\u011blsk\u00e9 baji zku\u0161en\u011b kontroloval veden\u00ed, za jeho z\u00e1dy zu\u0159ila bitva o dal\u0161\u00ed dv\u011b m\u00edsta na stupn\u00edch v\u00edt\u011bz\u016f.","robots":{"index":"index","follow":"follow","max-snippet":"max-snippet:-1","max-image-preview":"max-image-preview:large","max-video-preview":"max-video-preview:-1"},"canonical":"https:\/\/www.dakarmania.cz\/index.php\/2019\/07\/27\/baja-aragon-vitezem-terranova\/","og_locale":"cs_CZ","og_type":"article","og_title":"Baja Arag\u00f3n: Prokop medailovou pozici neuh\u00e1jil, v\u00edt\u011bzem Terranova - DAKARMANIA.cz","og_description":"Zat\u00edmco Orlando Terranova v z\u00e1v\u011bre\u010dn\u00e9 etap\u011b \u0161pan\u011blsk\u00e9 baji zku\u0161en\u011b kontroloval veden\u00ed, za jeho z\u00e1dy zu\u0159ila bitva o dal\u0161\u00ed dv\u011b m\u00edsta na stupn\u00edch v\u00edt\u011bz\u016f.","og_url":"https:\/\/www.dakarmania.cz\/index.php\/2019\/07\/27\/baja-aragon-vitezem-terranova\/","og_site_name":"DAKARMANIA.cz","article_publisher":"https:\/\/www.facebook.com\/dakarmania\/","article_published_time":"2019-07-27T13:32:10+00:00","article_modified_time":"2019-12-01T22:02:56+00:00","og_image":[{"width":960,"height":640,"url":"https:\/\/www.dakarmania.cz\/wp-content\/uploads\/2019\/07\/19-aragon-prokop-02.jpg","type":"image\/jpeg"}],"author":"Zden\u011bk Zelenka","twitter_card":"summary_large_image","twitter_misc":{"Napsal(a)":"Zden\u011bk Zelenka","Odhadovan\u00e1 doba \u010dten\u00ed":"7 minut"},"schema":{"@context":"https:\/\/schema.org","@graph":[{"@type":"Article","@id":"https:\/\/www.dakarmania.cz\/index.php\/2019\/07\/27\/baja-aragon-vitezem-terranova\/#article","isPartOf":{"@id":"https:\/\/www.dakarmania.cz\/index.php\/2019\/07\/27\/baja-aragon-vitezem-terranova\/"},"author":{"name":"Zden\u011bk Zelenka","@id":"https:\/\/www.dakarmania.cz\/#\/schema\/person\/04eb0e87a389631c2169c0dddae7ff1e"},"headline":"Baja Arag\u00f3n: Prokop medailovou pozici neuh\u00e1jil, v\u00edt\u011bzem Terranova","datePublished":"2019-07-27T13:32:10+00:00","dateModified":"2019-12-01T22:02:56+00:00","mainEntityOfPage":{"@id":"https:\/\/www.dakarmania.cz\/index.php\/2019\/07\/27\/baja-aragon-vitezem-terranova\/"},"wordCount":1393,"commentCount":0,"publisher":{"@id":"https:\/\/www.dakarmania.cz\/#organization"},"image":{"@id":"https:\/\/www.dakarmania.cz\/index.php\/2019\/07\/27\/baja-aragon-vitezem-terranova\/#primaryimage"},"thumbnailUrl":"https:\/\/www.dakarmania.cz\/wp-content\/uploads\/2019\/07\/19-aragon-prokop-02.jpg","keywords":["2019","\u00c0lex Haro","Baja Arag\u00f3n","Baja Arag\u00f3n 2019","Bernhard ten Brinke","Ford","Hummer","Jan Tom\u00e1nek","Konstantin \u017dilcov","Kuba Przygo\u0144ski","Martin Prokop","Mini","MP-Sports","Nani Roma","Orlando Terranova","Orlen Team","Overdrive Racing","Petr Hoz\u00e1k","Ren\u00e9 Kilian","Rockstar Energy AVE Team","Ronnie Graue","SP FIA baja","SP FIA baja 2019","Timo Gottschalk","Tom Colsoul","Toyota","Vladimir Vasiljev","X-raid"],"articleSection":["Auto","Baja Arag\u00f3n","FIA SP baja"],"inLanguage":"cs","potentialAction":[{"@type":"CommentAction","name":"Comment","target":["https:\/\/www.dakarmania.cz\/index.php\/2019\/07\/27\/baja-aragon-vitezem-terranova\/#respond"]}]},{"@type":"WebPage","@id":"https:\/\/www.dakarmania.cz\/index.php\/2019\/07\/27\/baja-aragon-vitezem-terranova\/","url":"https:\/\/www.dakarmania.cz\/index.php\/2019\/07\/27\/baja-aragon-vitezem-terranova\/","name":"Baja Arag\u00f3n: Prokop medailovou pozici neuh\u00e1jil, v\u00edt\u011bzem Terranova - DAKARMANIA.cz","isPartOf":{"@id":"https:\/\/www.dakarmania.cz\/#website"},"primaryImageOfPage":{"@id":"https:\/\/www.dakarmania.cz\/index.php\/2019\/07\/27\/baja-aragon-vitezem-terranova\/#primaryimage"},"image":{"@id":"https:\/\/www.dakarmania.cz\/index.php\/2019\/07\/27\/baja-aragon-vitezem-terranova\/#primaryimage"},"thumbnailUrl":"https:\/\/www.dakarmania.cz\/wp-content\/uploads\/2019\/07\/19-aragon-prokop-02.jpg","datePublished":"2019-07-27T13:32:10+00:00","dateModified":"2019-12-01T22:02:56+00:00","description":"Zat\u00edmco Orlando Terranova v z\u00e1v\u011bre\u010dn\u00e9 etap\u011b \u0161pan\u011blsk\u00e9 baji zku\u0161en\u011b kontroloval veden\u00ed, za jeho z\u00e1dy zu\u0159ila bitva o dal\u0161\u00ed dv\u011b m\u00edsta na stupn\u00edch v\u00edt\u011bz\u016f.","breadcrumb":{"@id":"https:\/\/www.dakarmania.cz\/index.php\/2019\/07\/27\/baja-aragon-vitezem-terranova\/#breadcrumb"},"inLanguage":"cs","potentialAction":[{"@type":"ReadAction","target":["https:\/\/www.dakarmania.cz\/index.php\/2019\/07\/27\/baja-aragon-vitezem-terranova\/"]}]},{"@type":"ImageObject","inLanguage":"cs","@id":"https:\/\/www.dakarmania.cz\/index.php\/2019\/07\/27\/baja-aragon-vitezem-terranova\/#primaryimage","url":"https:\/\/www.dakarmania.cz\/wp-content\/uploads\/2019\/07\/19-aragon-prokop-02.jpg","contentUrl":"https:\/\/www.dakarmania.cz\/wp-content\/uploads\/2019\/07\/19-aragon-prokop-02.jpg","width":960,"height":640,"caption":"Martin Prokop\/Jan Tom\u00e1nek, Ford Raptor RS Cross-Country, MP-Sports. Baja Arag\u00f3n 2019. \u00a9 MP-Sports"},{"@type":"BreadcrumbList","@id":"https:\/\/www.dakarmania.cz\/index.php\/2019\/07\/27\/baja-aragon-vitezem-terranova\/#breadcrumb","itemListElement":[{"@type":"ListItem","position":1,"name":"Dom\u016f","item":"https:\/\/www.dakarmania.cz\/"},{"@type":"ListItem","position":2,"name":"Baja Arag\u00f3n: Prokop medailovou pozici neuh\u00e1jil, v\u00edt\u011bzem Terranova"}]},{"@type":"WebSite","@id":"https:\/\/www.dakarmania.cz\/#website","url":"https:\/\/www.dakarmania.cz\/","name":"DAKARMANIA.cz","description":"\u017dijeme Dakarem cel\u00fd rok","publisher":{"@id":"https:\/\/www.dakarmania.cz\/#organization"},"potentialAction":[{"@type":"SearchAction","target":{"@type":"EntryPoint","urlTemplate":"https:\/\/www.dakarmania.cz\/?s={search_term_string}"},"query-input":{"@type":"PropertyValueSpecification","valueRequired":true,"valueName":"search_term_string"}}],"inLanguage":"cs"},{"@type":"Organization","@id":"https:\/\/www.dakarmania.cz\/#organization","name":"DAKAR MANIA","url":"https:\/\/www.dakarmania.cz\/","logo":{"@type":"ImageObject","inLanguage":"cs","@id":"https:\/\/www.dakarmania.cz\/#\/schema\/logo\/image\/","url":"https:\/\/www.dakarmania.cz\/wp-content\/uploads\/2018\/12\/Dakar-Mania-Logo-Square-Orange.png","contentUrl":"https:\/\/www.dakarmania.cz\/wp-content\/uploads\/2018\/12\/Dakar-Mania-Logo-Square-Orange.png","width":992,"height":992,"caption":"DAKAR MANIA"},"image":{"@id":"https:\/\/www.dakarmania.cz\/#\/schema\/logo\/image\/"},"sameAs":["https:\/\/www.facebook.com\/dakarmania\/"]},{"@type":"Person","@id":"https:\/\/www.dakarmania.cz\/#\/schema\/person\/04eb0e87a389631c2169c0dddae7ff1e","name":"Zden\u011bk Zelenka","image":{"@type":"ImageObject","inLanguage":"cs","@id":"https:\/\/www.dakarmania.cz\/#\/schema\/person\/image\/","url":"https:\/\/secure.gravatar.com\/avatar\/2c80d5a4942fe0900b73cc7d3837a509d6ee0a276a2b76dac95c92bd0763a89b?s=96&d=mm&r=g","contentUrl":"https:\/\/secure.gravatar.com\/avatar\/2c80d5a4942fe0900b73cc7d3837a509d6ee0a276a2b76dac95c92bd0763a89b?s=96&d=mm&r=g","caption":"Zden\u011bk Zelenka"},"description":"Moji d\u011bt\u0161t\u00ed hrdinov\u00e9 se jmenovali Loprais, Moskal, Neveu, Vatanen, Rahier... A tihle borci, jejich n\u00e1sledovn\u00edci a jejich p\u0159\u00edb\u011bhy m\u011b nep\u0159estali fascinovat ani po letech, kdy jsem vyrostl a zam\u011bstn\u00e1valy m\u011b jin\u00e9 discipl\u00edny motorsportu. Proto se zrodila DAKARMANIA.","url":"https:\/\/www.dakarmania.cz\/index.php\/author\/dakarmania\/"}]}},"amp_enabled":true,"_links":{"self":[{"href":"https:\/\/www.dakarmania.cz\/index.php\/wp-json\/wp\/v2\/posts\/9242","targetHints":{"allow":["GET"]}}],"collection":[{"href":"https:\/\/www.dakarmania.cz\/index.php\/wp-json\/wp\/v2\/posts"}],"about":[{"href":"https:\/\/www.dakarmania.cz\/index.php\/wp-json\/wp\/v2\/types\/post"}],"author":[{"embeddable":true,"href":"https:\/\/www.dakarmania.cz\/index.php\/wp-json\/wp\/v2\/users\/1"}],"replies":[{"embeddable":true,"href":"https:\/\/www.dakarmania.cz\/index.php\/wp-json\/wp\/v2\/comments?post=9242"}],"version-history":[{"count":22,"href":"https:\/\/www.dakarmania.cz\/index.php\/wp-json\/wp\/v2\/posts\/9242\/revisions"}],"predecessor-version":[{"id":13543,"href":"https:\/\/www.dakarmania.cz\/index.php\/wp-json\/wp\/v2\/posts\/9242\/revisions\/13543"}],"wp:featuredmedia":[{"embeddable":true,"href":"https:\/\/www.dakarmania.cz\/index.php\/wp-json\/wp\/v2\/media\/9241"}],"wp:attachment":[{"href":"https:\/\/www.dakarmania.cz\/index.php\/wp-json\/wp\/v2\/media?parent=9242"}],"wp:term":[{"taxonomy":"category","embeddable":true,"href":"https:\/\/www.dakarmania.cz\/index.php\/wp-json\/wp\/v2\/categories?post=9242"},{"taxonomy":"post_tag","embeddable":true,"href":"https:\/\/www.dakarmania.cz\/index.php\/wp-json\/wp\/v2\/tags?post=9242"}],"curies":[{"name":"wp","href":"https:\/\/api.w.org\/{rel}","templated":true}]}}