{"id":9258,"date":"2019-07-27T17:54:32","date_gmt":"2019-07-27T15:54:32","guid":{"rendered":"https:\/\/www.dakarmania.cz\/?p=9258"},"modified":"2023-04-30T13:55:36","modified_gmt":"2023-04-30T11:55:36","slug":"aragon-michael-metge-obhajil","status":"publish","type":"post","link":"https:\/\/www.dakarmania.cz\/index.php\/2019\/07\/27\/aragon-michael-metge-obhajil\/","title":{"rendered":"Baja Arag\u00f3n: Metge obh\u00e1jil, Michek p\u00e1t\u00fd"},"content":{"rendered":"<p>[vc_row][vc_column][vc_column_text]<\/p>\n<h4>Francouz Michael Metge obh\u00e1jil na Baje Arag\u00f3n lo\u0148sk\u00e9 v\u00edt\u011bzstv\u00ed. Vynikaj\u00edc\u00ed premi\u00e9ru na poli cross-country rally pro\u017eil Martin Michek. \u00dasp\u011b\u0161n\u00fd \u010desk\u00fd motokrosa\u0159 se na n\u00e1ro\u010dn\u00e9 \u0161pan\u011blsk\u00e9 sout\u011b\u017ei prosadil mezi p\u011btici nejlep\u0161\u00edch.<\/h4>\n<p>Michael Metge s motocyklem tov\u00e1rn\u00edho t\u00fdmu Sherco TVS Rally Factory byl nejrychlej\u0161\u00ed na t\u0159ech ze \u010dty\u0159 rychlostn\u00edch zkou\u0161ek 36. ro\u010dn\u00edku <a href=\"\/index.php\/souteze\/baja-aragon-2019\/\">Baji Arag\u00f3n<\/a> a jako jej\u00ed dvojn\u00e1sobn\u00fd v\u00edt\u011bz se za\u0159adil po bok takov\u00fdch legend, jak\u00fdmi jsou Jordi Arcarons nebo Marc Coma.<\/p>\n<p><em>\u201ePro n\u00e1s to bylo trochu obt\u00ed\u017en\u00e9, proto\u017ee i tady jedeme na velk\u00e9 dakarsk\u00e9 motorce, zat\u00edmco \u0159ada soupe\u0159\u016f s\u00e1z\u00ed na endurovou techniku,\u201c<\/em> p\u0159ipomn\u011bl <strong>Michael Metge<\/strong> jedno ze specifik sout\u011b\u017e\u00ed typu baja. <em>\u201eAle v uplynul\u00fdch t\u00fddnech jsme hodn\u011b testovali a motorka fungovala velmi dob\u0159e. Z\u00e1vod\u011bn\u00ed v okol\u00ed Teruelu m\u011b velice bav\u00ed, zdej\u0161\u00ed trat\u011b jsou opravdu kr\u00e1sn\u00e9. Tentokr\u00e1t jsem musel hodn\u011b zabrat. Nav\u00edc to bylo trochu komplikovan\u00e9, proto\u017ee jsem si v\u010dera p\u0159i p\u00e1du poranil ruku a nohu. M\u00e1m radost za cel\u00fd t\u00fdm, \u017ee se n\u00e1m tu poda\u0159ilo z\u00edskat dal\u0161\u00ed v\u00edt\u011bzstv\u00ed. Pro m\u011b osobn\u011b je to dal\u0161\u00ed motivace, abych se sem za rok op\u011bt vr\u00e1til.\u201c<\/em>[\/vc_column_text][vc_column_text]Druh\u00e9 m\u00edsto je fantastick\u00fdm v\u00fdsledkem pro Toshu Schareinu (Husqvarna). Mlad\u00fd \u0160pan\u011bl v sobotu r\u00e1no nena\u0161el p\u0159emo\u017eitele p\u0159i druh\u00e9m pr\u016fjezdu speci\u00e1lkou Notre. Na trati dlouh\u00e9 165 kilometr\u016f byl o dv\u011b a t\u0159i \u010dtvrt\u011b minuty rychlej\u0161\u00ed ne\u017e Joan Pedrero (KTM) a d\u00edky tomu v pr\u016fb\u011b\u017en\u00e9m po\u0159ad\u00ed odsunul nesrovnateln\u011b zku\u0161en\u011bj\u0161\u00edho krajana na t\u0159et\u00ed p\u0159\u00ed\u010dku.<\/p>\n<p>Situace se nezm\u011bnila ani na posledn\u00edm m\u011b\u0159en\u00e9m \u00faseku. Pedrero ztratil ve srovn\u00e1n\u00ed se Schareinou dal\u0161\u00ed dv\u011b minuty a celkov\u011b se musel spokojit s bronzem. \u010ctvrt\u00fd skon\u010dil Lorenzo Santolino s dal\u0161\u00edm tov\u00e1rn\u00edm Schercem.[\/vc_column_text][vc_single_image image=&#8221;9256&#8243; img_size=&#8221;large&#8221; add_caption=&#8221;yes&#8221; alignment=&#8221;center&#8221;][vc_column_text]<\/p>\n<h4>P\u0159i\u0161el, vid\u011bl, bl\u00fdskl se<\/h4>\n<p>Martin Michek m\u00ed\u0159\u00ed na Dakar a baju v okol\u00ed Teruelu up\u0159ednostnil p\u0159ed z\u00e1vodem mistrovstv\u00ed sv\u011bta v motokrosu v Lokti nad Oh\u0159\u00ed. A vyplatilo se. V nov\u00e9m prost\u0159ed\u00ed se jezdec t\u00fdmu Moto Racing Group etabloval mimo\u0159\u00e1dn\u011b rychle. Na prvn\u00ed sobotn\u00ed erzet\u011b dlouho na mezi\u010dasech bojoval o d\u00edl\u010d\u00ed v\u00edt\u011bzstv\u00ed. V z\u00e1v\u011bru sice minutu ztratil, ale i \u010dtvrt\u00e9 m\u00edsto bylo vynikaj\u00edc\u00edm v\u00fdsledkem. Se sout\u011b\u017e\u00ed se rozlou\u010dil p\u00e1t\u00fdm \u010dasem na posledn\u00ed speci\u00e1lce a do elitn\u00ed p\u011btky pronikl i v kone\u010dn\u00e9 klasifikaci.<\/p>\n<p>Sezonu <a href=\"\/index.php\/sampionaty\/svetovy-pohar-fim-v-bajach-2019\/\">Sv\u011btov\u00e9ho poh\u00e1ru FIM v baj\u00e1ch<\/a> uzav\u0159e <a href=\"\/index.php\/souteze\/hungarian-baja-2019\/\">Hungarian Baja<\/a>, kter\u00e1 se v okol\u00ed ma\u010farsk\u00e9 V\u00e1rpaloty pojede u\u017e za dva t\u00fddny (8. a\u017e 11. srpna).[\/vc_column_text][vc_column_text]<\/p>\n<table style=\"width: 97.7654%;\" rules=\"rows\" cellpadding=\"4px\">\n<tbody>\n<tr style=\"background-color: #9e9d9d; color: white;\">\n<td style=\"text-align: center;\" colspan=\"4\"><span style=\"font-size: 10pt;\"><strong>Baja Arag\u00f3n 2019<br \/>\nMOTOCYKLY (SP FIM)<br \/>\nneofici\u00e1ln\u00ed v\u00fdsledky<\/strong><\/span><\/td>\n<\/tr>\n<tr style=\"background-color: #dbd9d9;\">\n<td>1.<\/td>\n<td>Michael Metge<\/td>\n<td>Sherco<\/td>\n<td style=\"text-align: right;\">6:30:21<\/td>\n<\/tr>\n<tr style=\"background-color: #f2f2f2;\">\n<td>2.<\/td>\n<td>Tosha Schareina<\/td>\n<td>Husqvarna<\/td>\n<td style=\"text-align: right;\">+3:39<\/td>\n<\/tr>\n<tr style=\"background-color: #dbd9d9;\">\n<td>3.<\/td>\n<td>Joan Perdero<\/td>\n<td>KTM<\/td>\n<td style=\"text-align: right;\">+7:18<\/td>\n<\/tr>\n<tr style=\"background-color: #f2f2f2;\">\n<td>4.<\/td>\n<td>Lorenzo Santolino<\/td>\n<td>Sherco<\/td>\n<td style=\"text-align: right;\">+14:36<\/td>\n<\/tr>\n<tr style=\"background-color: #dbd9d9;\">\n<td>5.<\/td>\n<td>Martin Michek<\/td>\n<td>KTM<\/td>\n<td style=\"text-align: right;\">+21:10<\/td>\n<\/tr>\n<tr style=\"background-color: #f2f2f2;\">\n<td>6.<\/td>\n<td>Maciej Giemza<\/td>\n<td>Husqvarna<\/td>\n<td style=\"text-align: right;\">+25:03<\/td>\n<\/tr>\n<tr style=\"background-color: #dbd9d9;\">\n<td>7.<\/td>\n<td>Harith-Noah Koitha-Veettil<\/td>\n<td>Sherco<\/td>\n<td style=\"text-align: right;\">+29:38<\/td>\n<\/tr>\n<tr style=\"background-color: #f2f2f2;\">\n<td>8.<\/td>\n<td>Cristian Espa\u00f1a<\/td>\n<td>KTM<\/td>\n<td style=\"text-align: right;\">+35:19<\/td>\n<\/tr>\n<tr style=\"background-color: #dbd9d9;\">\n<td>9.<\/td>\n<td>Benjamin Melot<\/td>\n<td>KTM<\/td>\n<td style=\"text-align: right;\">+21:46<\/td>\n<\/tr>\n<tr style=\"background-color: #f2f2f2;\">\n<td>10.<\/td>\n<td>Santosh Chunchunguppe<\/td>\n<td>Sherco<\/td>\n<td style=\"text-align: right;\">+52:35<\/td>\n<\/tr>\n<\/tbody>\n<\/table>\n<p>[\/vc_column_text][\/vc_column][\/vc_row]<\/p>\n","protected":false},"excerpt":{"rendered":"<p>Francouz Michael Metge obh\u00e1jil na Baje Arag\u00f3n lo\u0148sk\u00e9 v\u00edt\u011bzstv\u00ed. Vynikaj\u00edc\u00ed premi\u00e9ru na poli cross-country rally pro\u017eil Martin Michek.<\/p>\n","protected":false},"author":1,"featured_media":9270,"comment_status":"closed","ping_status":"closed","sticky":false,"template":"","format":"standard","meta":{"footnotes":""},"categories":[1228,155,15],"tags":[425,1338,245,64,108,63,926,1356,234,74,75,152,1394,157,557,1395,153],"class_list":["post-9258","post","type-post","status-publish","format-standard","has-post-thumbnail","hentry","category-baja-aragon","category-fim-baja","category-moto-quad","tag-425","tag-baja-aragon","tag-baja-aragon-2019","tag-husqvarna","tag-joan-pedrero","tag-ktm","tag-lorenzo-santolino","tag-martin-michek","tag-michael-metge","tag-moto-racing-group","tag-mrg","tag-sherco","tag-sherco-tvs-rally-factory","tag-sp-fim-baja","tag-sp-fim-baja-2019","tag-tosha-schareina","tag-tvs-racing"],"yoast_head":"<!-- This site is optimized with the Yoast SEO plugin v24.9 - https:\/\/yoast.com\/wordpress\/plugins\/seo\/ -->\n<title>Baja Arag\u00f3n: Metge obh\u00e1jil, Michek p\u00e1t\u00fd - DAKARMANIA.cz<\/title>\n<meta name=\"description\" content=\"Francouz Michael Metge obh\u00e1jil na Baje Arag\u00f3n lo\u0148sk\u00e9 v\u00edt\u011bzstv\u00ed. Vynikaj\u00edc\u00ed premi\u00e9ru na poli cross-country rally pro\u017eil Martin Michek.\" \/>\n<meta name=\"robots\" content=\"index, follow, max-snippet:-1, max-image-preview:large, max-video-preview:-1\" \/>\n<link rel=\"canonical\" href=\"https:\/\/www.dakarmania.cz\/index.php\/2019\/07\/27\/aragon-michael-metge-obhajil\/\" \/>\n<meta property=\"og:locale\" content=\"cs_CZ\" \/>\n<meta property=\"og:type\" content=\"article\" \/>\n<meta property=\"og:title\" content=\"Baja Arag\u00f3n: Metge obh\u00e1jil, Michek p\u00e1t\u00fd - DAKARMANIA.cz\" \/>\n<meta property=\"og:description\" content=\"Francouz Michael Metge obh\u00e1jil na Baje Arag\u00f3n lo\u0148sk\u00e9 v\u00edt\u011bzstv\u00ed. Vynikaj\u00edc\u00ed premi\u00e9ru na poli cross-country rally pro\u017eil Martin Michek.\" \/>\n<meta property=\"og:url\" content=\"https:\/\/www.dakarmania.cz\/index.php\/2019\/07\/27\/aragon-michael-metge-obhajil\/\" \/>\n<meta property=\"og:site_name\" content=\"DAKARMANIA.cz\" \/>\n<meta property=\"article:publisher\" content=\"https:\/\/www.facebook.com\/dakarmania\/\" \/>\n<meta property=\"article:published_time\" content=\"2019-07-27T15:54:32+00:00\" \/>\n<meta property=\"article:modified_time\" content=\"2023-04-30T11:55:36+00:00\" \/>\n<meta property=\"og:image\" content=\"https:\/\/www.dakarmania.cz\/wp-content\/uploads\/2019\/07\/19-aragon-metge-04.jpg\" \/>\n\t<meta property=\"og:image:width\" content=\"1600\" \/>\n\t<meta property=\"og:image:height\" content=\"1066\" \/>\n\t<meta property=\"og:image:type\" content=\"image\/jpeg\" \/>\n<meta name=\"author\" content=\"Zden\u011bk Zelenka\" \/>\n<meta name=\"twitter:card\" content=\"summary_large_image\" \/>\n<meta name=\"twitter:label1\" content=\"Napsal(a)\" \/>\n\t<meta name=\"twitter:data1\" content=\"Zden\u011bk Zelenka\" \/>\n\t<meta name=\"twitter:label2\" content=\"Odhadovan\u00e1 doba \u010dten\u00ed\" \/>\n\t<meta name=\"twitter:data2\" content=\"3 minuty\" \/>\n<script type=\"application\/ld+json\" class=\"yoast-schema-graph\">{\"@context\":\"https:\/\/schema.org\",\"@graph\":[{\"@type\":\"Article\",\"@id\":\"https:\/\/www.dakarmania.cz\/index.php\/2019\/07\/27\/aragon-michael-metge-obhajil\/#article\",\"isPartOf\":{\"@id\":\"https:\/\/www.dakarmania.cz\/index.php\/2019\/07\/27\/aragon-michael-metge-obhajil\/\"},\"author\":{\"name\":\"Zden\u011bk Zelenka\",\"@id\":\"https:\/\/www.dakarmania.cz\/#\/schema\/person\/04eb0e87a389631c2169c0dddae7ff1e\"},\"headline\":\"Baja Arag\u00f3n: Metge obh\u00e1jil, Michek p\u00e1t\u00fd\",\"datePublished\":\"2019-07-27T15:54:32+00:00\",\"dateModified\":\"2023-04-30T11:55:36+00:00\",\"mainEntityOfPage\":{\"@id\":\"https:\/\/www.dakarmania.cz\/index.php\/2019\/07\/27\/aragon-michael-metge-obhajil\/\"},\"wordCount\":575,\"publisher\":{\"@id\":\"https:\/\/www.dakarmania.cz\/#organization\"},\"image\":{\"@id\":\"https:\/\/www.dakarmania.cz\/index.php\/2019\/07\/27\/aragon-michael-metge-obhajil\/#primaryimage\"},\"thumbnailUrl\":\"https:\/\/www.dakarmania.cz\/wp-content\/uploads\/2019\/07\/19-aragon-metge-04.jpg\",\"keywords\":[\"2019\",\"Baja Arag\u00f3n\",\"Baja Arag\u00f3n 2019\",\"Husqvarna\",\"Joan Pedrero\",\"KTM\",\"Lorenzo Santolino\",\"Martin Michek\",\"Michael Metge\",\"Moto Racing Group\",\"MRG\",\"Sherco\",\"Sherco TVS Rally Factory\",\"SP FIM baja\",\"SP FIM baja 2019\",\"Tosha Schareina\",\"TVS Racing\"],\"articleSection\":[\"Baja Arag\u00f3n\",\"FIM SP baja\",\"Moto\/Quad\"],\"inLanguage\":\"cs\"},{\"@type\":\"WebPage\",\"@id\":\"https:\/\/www.dakarmania.cz\/index.php\/2019\/07\/27\/aragon-michael-metge-obhajil\/\",\"url\":\"https:\/\/www.dakarmania.cz\/index.php\/2019\/07\/27\/aragon-michael-metge-obhajil\/\",\"name\":\"Baja Arag\u00f3n: Metge obh\u00e1jil, Michek p\u00e1t\u00fd - DAKARMANIA.cz\",\"isPartOf\":{\"@id\":\"https:\/\/www.dakarmania.cz\/#website\"},\"primaryImageOfPage\":{\"@id\":\"https:\/\/www.dakarmania.cz\/index.php\/2019\/07\/27\/aragon-michael-metge-obhajil\/#primaryimage\"},\"image\":{\"@id\":\"https:\/\/www.dakarmania.cz\/index.php\/2019\/07\/27\/aragon-michael-metge-obhajil\/#primaryimage\"},\"thumbnailUrl\":\"https:\/\/www.dakarmania.cz\/wp-content\/uploads\/2019\/07\/19-aragon-metge-04.jpg\",\"datePublished\":\"2019-07-27T15:54:32+00:00\",\"dateModified\":\"2023-04-30T11:55:36+00:00\",\"description\":\"Francouz Michael Metge obh\u00e1jil na Baje Arag\u00f3n lo\u0148sk\u00e9 v\u00edt\u011bzstv\u00ed. Vynikaj\u00edc\u00ed premi\u00e9ru na poli cross-country rally pro\u017eil Martin Michek.\",\"breadcrumb\":{\"@id\":\"https:\/\/www.dakarmania.cz\/index.php\/2019\/07\/27\/aragon-michael-metge-obhajil\/#breadcrumb\"},\"inLanguage\":\"cs\",\"potentialAction\":[{\"@type\":\"ReadAction\",\"target\":[\"https:\/\/www.dakarmania.cz\/index.php\/2019\/07\/27\/aragon-michael-metge-obhajil\/\"]}]},{\"@type\":\"ImageObject\",\"inLanguage\":\"cs\",\"@id\":\"https:\/\/www.dakarmania.cz\/index.php\/2019\/07\/27\/aragon-michael-metge-obhajil\/#primaryimage\",\"url\":\"https:\/\/www.dakarmania.cz\/wp-content\/uploads\/2019\/07\/19-aragon-metge-04.jpg\",\"contentUrl\":\"https:\/\/www.dakarmania.cz\/wp-content\/uploads\/2019\/07\/19-aragon-metge-04.jpg\",\"width\":1600,\"height\":1066,\"caption\":\"Michael Metge, Sherco, Sherco TVS Rally Factory. Baja Arag\u00f3n 2019. \u00a9 Sherco\"},{\"@type\":\"BreadcrumbList\",\"@id\":\"https:\/\/www.dakarmania.cz\/index.php\/2019\/07\/27\/aragon-michael-metge-obhajil\/#breadcrumb\",\"itemListElement\":[{\"@type\":\"ListItem\",\"position\":1,\"name\":\"Dom\u016f\",\"item\":\"https:\/\/www.dakarmania.cz\/\"},{\"@type\":\"ListItem\",\"position\":2,\"name\":\"Baja Arag\u00f3n: Metge obh\u00e1jil, Michek p\u00e1t\u00fd\"}]},{\"@type\":\"WebSite\",\"@id\":\"https:\/\/www.dakarmania.cz\/#website\",\"url\":\"https:\/\/www.dakarmania.cz\/\",\"name\":\"DAKARMANIA.cz\",\"description\":\"\u017dijeme Dakarem cel\u00fd rok\",\"publisher\":{\"@id\":\"https:\/\/www.dakarmania.cz\/#organization\"},\"potentialAction\":[{\"@type\":\"SearchAction\",\"target\":{\"@type\":\"EntryPoint\",\"urlTemplate\":\"https:\/\/www.dakarmania.cz\/?s={search_term_string}\"},\"query-input\":{\"@type\":\"PropertyValueSpecification\",\"valueRequired\":true,\"valueName\":\"search_term_string\"}}],\"inLanguage\":\"cs\"},{\"@type\":\"Organization\",\"@id\":\"https:\/\/www.dakarmania.cz\/#organization\",\"name\":\"DAKAR MANIA\",\"url\":\"https:\/\/www.dakarmania.cz\/\",\"logo\":{\"@type\":\"ImageObject\",\"inLanguage\":\"cs\",\"@id\":\"https:\/\/www.dakarmania.cz\/#\/schema\/logo\/image\/\",\"url\":\"https:\/\/www.dakarmania.cz\/wp-content\/uploads\/2018\/12\/Dakar-Mania-Logo-Square-Orange.png\",\"contentUrl\":\"https:\/\/www.dakarmania.cz\/wp-content\/uploads\/2018\/12\/Dakar-Mania-Logo-Square-Orange.png\",\"width\":992,\"height\":992,\"caption\":\"DAKAR MANIA\"},\"image\":{\"@id\":\"https:\/\/www.dakarmania.cz\/#\/schema\/logo\/image\/\"},\"sameAs\":[\"https:\/\/www.facebook.com\/dakarmania\/\"]},{\"@type\":\"Person\",\"@id\":\"https:\/\/www.dakarmania.cz\/#\/schema\/person\/04eb0e87a389631c2169c0dddae7ff1e\",\"name\":\"Zden\u011bk Zelenka\",\"image\":{\"@type\":\"ImageObject\",\"inLanguage\":\"cs\",\"@id\":\"https:\/\/www.dakarmania.cz\/#\/schema\/person\/image\/\",\"url\":\"https:\/\/secure.gravatar.com\/avatar\/2c80d5a4942fe0900b73cc7d3837a509d6ee0a276a2b76dac95c92bd0763a89b?s=96&d=mm&r=g\",\"contentUrl\":\"https:\/\/secure.gravatar.com\/avatar\/2c80d5a4942fe0900b73cc7d3837a509d6ee0a276a2b76dac95c92bd0763a89b?s=96&d=mm&r=g\",\"caption\":\"Zden\u011bk Zelenka\"},\"description\":\"Moji d\u011bt\u0161t\u00ed hrdinov\u00e9 se jmenovali Loprais, Moskal, Neveu, Vatanen, Rahier... A tihle borci, jejich n\u00e1sledovn\u00edci a jejich p\u0159\u00edb\u011bhy m\u011b nep\u0159estali fascinovat ani po letech, kdy jsem vyrostl a zam\u011bstn\u00e1valy m\u011b jin\u00e9 discipl\u00edny motorsportu. Proto se zrodila DAKARMANIA.\",\"url\":\"https:\/\/www.dakarmania.cz\/index.php\/author\/dakarmania\/\"}]}<\/script>\n<!-- \/ Yoast SEO plugin. -->","yoast_head_json":{"title":"Baja Arag\u00f3n: Metge obh\u00e1jil, Michek p\u00e1t\u00fd - DAKARMANIA.cz","description":"Francouz Michael Metge obh\u00e1jil na Baje Arag\u00f3n lo\u0148sk\u00e9 v\u00edt\u011bzstv\u00ed. Vynikaj\u00edc\u00ed premi\u00e9ru na poli cross-country rally pro\u017eil Martin Michek.","robots":{"index":"index","follow":"follow","max-snippet":"max-snippet:-1","max-image-preview":"max-image-preview:large","max-video-preview":"max-video-preview:-1"},"canonical":"https:\/\/www.dakarmania.cz\/index.php\/2019\/07\/27\/aragon-michael-metge-obhajil\/","og_locale":"cs_CZ","og_type":"article","og_title":"Baja Arag\u00f3n: Metge obh\u00e1jil, Michek p\u00e1t\u00fd - DAKARMANIA.cz","og_description":"Francouz Michael Metge obh\u00e1jil na Baje Arag\u00f3n lo\u0148sk\u00e9 v\u00edt\u011bzstv\u00ed. Vynikaj\u00edc\u00ed premi\u00e9ru na poli cross-country rally pro\u017eil Martin Michek.","og_url":"https:\/\/www.dakarmania.cz\/index.php\/2019\/07\/27\/aragon-michael-metge-obhajil\/","og_site_name":"DAKARMANIA.cz","article_publisher":"https:\/\/www.facebook.com\/dakarmania\/","article_published_time":"2019-07-27T15:54:32+00:00","article_modified_time":"2023-04-30T11:55:36+00:00","og_image":[{"width":1600,"height":1066,"url":"https:\/\/www.dakarmania.cz\/wp-content\/uploads\/2019\/07\/19-aragon-metge-04.jpg","type":"image\/jpeg"}],"author":"Zden\u011bk Zelenka","twitter_card":"summary_large_image","twitter_misc":{"Napsal(a)":"Zden\u011bk Zelenka","Odhadovan\u00e1 doba \u010dten\u00ed":"3 minuty"},"schema":{"@context":"https:\/\/schema.org","@graph":[{"@type":"Article","@id":"https:\/\/www.dakarmania.cz\/index.php\/2019\/07\/27\/aragon-michael-metge-obhajil\/#article","isPartOf":{"@id":"https:\/\/www.dakarmania.cz\/index.php\/2019\/07\/27\/aragon-michael-metge-obhajil\/"},"author":{"name":"Zden\u011bk Zelenka","@id":"https:\/\/www.dakarmania.cz\/#\/schema\/person\/04eb0e87a389631c2169c0dddae7ff1e"},"headline":"Baja Arag\u00f3n: Metge obh\u00e1jil, Michek p\u00e1t\u00fd","datePublished":"2019-07-27T15:54:32+00:00","dateModified":"2023-04-30T11:55:36+00:00","mainEntityOfPage":{"@id":"https:\/\/www.dakarmania.cz\/index.php\/2019\/07\/27\/aragon-michael-metge-obhajil\/"},"wordCount":575,"publisher":{"@id":"https:\/\/www.dakarmania.cz\/#organization"},"image":{"@id":"https:\/\/www.dakarmania.cz\/index.php\/2019\/07\/27\/aragon-michael-metge-obhajil\/#primaryimage"},"thumbnailUrl":"https:\/\/www.dakarmania.cz\/wp-content\/uploads\/2019\/07\/19-aragon-metge-04.jpg","keywords":["2019","Baja Arag\u00f3n","Baja Arag\u00f3n 2019","Husqvarna","Joan Pedrero","KTM","Lorenzo Santolino","Martin Michek","Michael Metge","Moto Racing Group","MRG","Sherco","Sherco TVS Rally Factory","SP FIM baja","SP FIM baja 2019","Tosha Schareina","TVS Racing"],"articleSection":["Baja Arag\u00f3n","FIM SP baja","Moto\/Quad"],"inLanguage":"cs"},{"@type":"WebPage","@id":"https:\/\/www.dakarmania.cz\/index.php\/2019\/07\/27\/aragon-michael-metge-obhajil\/","url":"https:\/\/www.dakarmania.cz\/index.php\/2019\/07\/27\/aragon-michael-metge-obhajil\/","name":"Baja Arag\u00f3n: Metge obh\u00e1jil, Michek p\u00e1t\u00fd - DAKARMANIA.cz","isPartOf":{"@id":"https:\/\/www.dakarmania.cz\/#website"},"primaryImageOfPage":{"@id":"https:\/\/www.dakarmania.cz\/index.php\/2019\/07\/27\/aragon-michael-metge-obhajil\/#primaryimage"},"image":{"@id":"https:\/\/www.dakarmania.cz\/index.php\/2019\/07\/27\/aragon-michael-metge-obhajil\/#primaryimage"},"thumbnailUrl":"https:\/\/www.dakarmania.cz\/wp-content\/uploads\/2019\/07\/19-aragon-metge-04.jpg","datePublished":"2019-07-27T15:54:32+00:00","dateModified":"2023-04-30T11:55:36+00:00","description":"Francouz Michael Metge obh\u00e1jil na Baje Arag\u00f3n lo\u0148sk\u00e9 v\u00edt\u011bzstv\u00ed. Vynikaj\u00edc\u00ed premi\u00e9ru na poli cross-country rally pro\u017eil Martin Michek.","breadcrumb":{"@id":"https:\/\/www.dakarmania.cz\/index.php\/2019\/07\/27\/aragon-michael-metge-obhajil\/#breadcrumb"},"inLanguage":"cs","potentialAction":[{"@type":"ReadAction","target":["https:\/\/www.dakarmania.cz\/index.php\/2019\/07\/27\/aragon-michael-metge-obhajil\/"]}]},{"@type":"ImageObject","inLanguage":"cs","@id":"https:\/\/www.dakarmania.cz\/index.php\/2019\/07\/27\/aragon-michael-metge-obhajil\/#primaryimage","url":"https:\/\/www.dakarmania.cz\/wp-content\/uploads\/2019\/07\/19-aragon-metge-04.jpg","contentUrl":"https:\/\/www.dakarmania.cz\/wp-content\/uploads\/2019\/07\/19-aragon-metge-04.jpg","width":1600,"height":1066,"caption":"Michael Metge, Sherco, Sherco TVS Rally Factory. Baja Arag\u00f3n 2019. \u00a9 Sherco"},{"@type":"BreadcrumbList","@id":"https:\/\/www.dakarmania.cz\/index.php\/2019\/07\/27\/aragon-michael-metge-obhajil\/#breadcrumb","itemListElement":[{"@type":"ListItem","position":1,"name":"Dom\u016f","item":"https:\/\/www.dakarmania.cz\/"},{"@type":"ListItem","position":2,"name":"Baja Arag\u00f3n: Metge obh\u00e1jil, Michek p\u00e1t\u00fd"}]},{"@type":"WebSite","@id":"https:\/\/www.dakarmania.cz\/#website","url":"https:\/\/www.dakarmania.cz\/","name":"DAKARMANIA.cz","description":"\u017dijeme Dakarem cel\u00fd rok","publisher":{"@id":"https:\/\/www.dakarmania.cz\/#organization"},"potentialAction":[{"@type":"SearchAction","target":{"@type":"EntryPoint","urlTemplate":"https:\/\/www.dakarmania.cz\/?s={search_term_string}"},"query-input":{"@type":"PropertyValueSpecification","valueRequired":true,"valueName":"search_term_string"}}],"inLanguage":"cs"},{"@type":"Organization","@id":"https:\/\/www.dakarmania.cz\/#organization","name":"DAKAR MANIA","url":"https:\/\/www.dakarmania.cz\/","logo":{"@type":"ImageObject","inLanguage":"cs","@id":"https:\/\/www.dakarmania.cz\/#\/schema\/logo\/image\/","url":"https:\/\/www.dakarmania.cz\/wp-content\/uploads\/2018\/12\/Dakar-Mania-Logo-Square-Orange.png","contentUrl":"https:\/\/www.dakarmania.cz\/wp-content\/uploads\/2018\/12\/Dakar-Mania-Logo-Square-Orange.png","width":992,"height":992,"caption":"DAKAR MANIA"},"image":{"@id":"https:\/\/www.dakarmania.cz\/#\/schema\/logo\/image\/"},"sameAs":["https:\/\/www.facebook.com\/dakarmania\/"]},{"@type":"Person","@id":"https:\/\/www.dakarmania.cz\/#\/schema\/person\/04eb0e87a389631c2169c0dddae7ff1e","name":"Zden\u011bk Zelenka","image":{"@type":"ImageObject","inLanguage":"cs","@id":"https:\/\/www.dakarmania.cz\/#\/schema\/person\/image\/","url":"https:\/\/secure.gravatar.com\/avatar\/2c80d5a4942fe0900b73cc7d3837a509d6ee0a276a2b76dac95c92bd0763a89b?s=96&d=mm&r=g","contentUrl":"https:\/\/secure.gravatar.com\/avatar\/2c80d5a4942fe0900b73cc7d3837a509d6ee0a276a2b76dac95c92bd0763a89b?s=96&d=mm&r=g","caption":"Zden\u011bk Zelenka"},"description":"Moji d\u011bt\u0161t\u00ed hrdinov\u00e9 se jmenovali Loprais, Moskal, Neveu, Vatanen, Rahier... A tihle borci, jejich n\u00e1sledovn\u00edci a jejich p\u0159\u00edb\u011bhy m\u011b nep\u0159estali fascinovat ani po letech, kdy jsem vyrostl a zam\u011bstn\u00e1valy m\u011b jin\u00e9 discipl\u00edny motorsportu. Proto se zrodila DAKARMANIA.","url":"https:\/\/www.dakarmania.cz\/index.php\/author\/dakarmania\/"}]}},"amp_enabled":true,"_links":{"self":[{"href":"https:\/\/www.dakarmania.cz\/index.php\/wp-json\/wp\/v2\/posts\/9258","targetHints":{"allow":["GET"]}}],"collection":[{"href":"https:\/\/www.dakarmania.cz\/index.php\/wp-json\/wp\/v2\/posts"}],"about":[{"href":"https:\/\/www.dakarmania.cz\/index.php\/wp-json\/wp\/v2\/types\/post"}],"author":[{"embeddable":true,"href":"https:\/\/www.dakarmania.cz\/index.php\/wp-json\/wp\/v2\/users\/1"}],"replies":[{"embeddable":true,"href":"https:\/\/www.dakarmania.cz\/index.php\/wp-json\/wp\/v2\/comments?post=9258"}],"version-history":[{"count":18,"href":"https:\/\/www.dakarmania.cz\/index.php\/wp-json\/wp\/v2\/posts\/9258\/revisions"}],"predecessor-version":[{"id":22394,"href":"https:\/\/www.dakarmania.cz\/index.php\/wp-json\/wp\/v2\/posts\/9258\/revisions\/22394"}],"wp:featuredmedia":[{"embeddable":true,"href":"https:\/\/www.dakarmania.cz\/index.php\/wp-json\/wp\/v2\/media\/9270"}],"wp:attachment":[{"href":"https:\/\/www.dakarmania.cz\/index.php\/wp-json\/wp\/v2\/media?parent=9258"}],"wp:term":[{"taxonomy":"category","embeddable":true,"href":"https:\/\/www.dakarmania.cz\/index.php\/wp-json\/wp\/v2\/categories?post=9258"},{"taxonomy":"post_tag","embeddable":true,"href":"https:\/\/www.dakarmania.cz\/index.php\/wp-json\/wp\/v2\/tags?post=9258"}],"curies":[{"name":"wp","href":"https:\/\/api.w.org\/{rel}","templated":true}]}}