{"id":9320,"date":"2019-07-28T02:12:06","date_gmt":"2019-07-28T00:12:06","guid":{"rendered":"https:\/\/www.dakarmania.cz\/?p=9320"},"modified":"2023-08-08T12:36:00","modified_gmt":"2023-08-08T10:36:00","slug":"baja-aragon-rozhodlo-5-vterin","status":"publish","type":"post","link":"https:\/\/www.dakarmania.cz\/index.php\/2019\/07\/28\/baja-aragon-rozhodlo-5-vterin\/","title":{"rendered":"Baja Arag\u00f3n: Po 400 kilometrech rozhodlo 5 vte\u0159in"},"content":{"rendered":"<p>[vc_row][vc_column][vc_column_text]<\/p>\n<h4>Santiago Navarro vyv\u00e1l\u010dil na dom\u00e1c\u00ed p\u016fd\u011b prvn\u00ed v\u00edt\u011bzstv\u00ed sezony ve skupin\u011b T3 (SxS), a\u010dkoliv v z\u00e1v\u011bru Baji Arag\u00f3n musel \u010delit obrovsk\u00e9mu tlaku. Vedouc\u00ed mu\u017e sv\u011btov\u00e9ho poh\u00e1ru Michele Cinotto se tentokr\u00e1t na stupn\u011b v\u00edt\u011bz\u016f neve\u0161el.<\/h4>\n<p>\u0160pan\u011bl Navarro jde kr\u016f\u010dek po kr\u016f\u010dku. Po t\u0159et\u00edm m\u00edst\u011b v <a href=\"\/index.php\/sampionaty\/svetovy-pohar-fia-v-cross-country-bajach-2019\/dubai-international-baja-2019\/\">Dubaji<\/a> a druh\u00e9m v <a href=\"\/index.php\/souteze\/italian-baja-2019\/\">It\u00e1lii<\/a> zkompletoval na <a href=\"\/index.php\/souteze\/baja-aragon-2019\/\">Baje Arag\u00f3n<\/a> svou medailovou sb\u00edrku. Se spolujezdcem <a href=\"\/index.php\/osobnosti\/daniel-oliveras\/\">Danielem Oliverasem<\/a> se v p\u00e1tek odpoledne ujali veden\u00ed, kter\u00e9 si na prvn\u00ed sobotn\u00ed speci\u00e1lce upevnili dal\u0161\u00edm nejrychlej\u0161\u00edm \u010dasem.<\/p>\n<p>Ov\u0161em rozhodnuto zdaleka nebylo. Ze druh\u00e9 p\u0159\u00ed\u010dky za\u00fato\u010dil Alexandr Dorossinskij. Z\u00e1v\u011bre\u010dn\u00fd m\u011b\u0159en\u00fd \u00fasek dlouh\u00fd 165 kilometr\u016f zdolal Rus t\u00e9m\u011b\u0159 o minutu a p\u016fl rychleji ne\u017e \u0160pan\u011bl, z jeho\u017e n\u00e1skoku najednou zbylo pouh\u00fdch p\u011bt sekund. Nicm\u00e9n\u011b i to po 400 kilometrech rychlostn\u00edch zkou\u0161ek sta\u010dilo.<\/p>\n<p>D\u00edky z\u00edskan\u00fdm bod\u016fm posko\u010dil Navarro v tabulce <a href=\"\/index.php\/sampionaty\/svetovy-pohar-fia-v-cross-country-bajach-2019\/\">Sv\u011btov\u00e9ho poh\u00e1ru FIA v cross-country baj\u00e1ch<\/a> ze \u010dtvrt\u00e9 na druhou pozici. Na prvn\u00edho Cinotta ztr\u00e1c\u00ed pouh\u00e9 \u010dty\u0159i body. Jen o bod m\u00e9n\u011b m\u00e1 na sv\u00e9m kont\u011b nyn\u00ed t\u0159et\u00ed Fjodor Vorobjov. Dorossinskij si polep\u0161il z dev\u00e1t\u00e9ho na \u0161est\u00e9 m\u00edsto.[\/vc_column_text][vc_single_image image=&#8221;9318&#8243; img_size=&#8221;large&#8221; add_caption=&#8221;yes&#8221; alignment=&#8221;center&#8221;][vc_column_text]Sestavu na stupn\u00edch v\u00edt\u011bz\u016f v Teruelu zkompletoval <a href=\"\/index.php\/osobnosti\/gerard-farres\/\">Gerard Farr\u00e9s<\/a> s Maverickem tov\u00e1rn\u00edho t\u00fdmu Monster Energy Can-Am. P\u011btin\u00e1sobn\u00fd <a href=\"\/index.php\/souteze\/aragon-vitezove\/\">v\u00edt\u011bz Baji Arag\u00f3n<\/a> v kategorii motocykl\u016f startoval poprv\u00e9 s nov\u00fdm navig\u00e1torem, dal\u0161\u00edm b\u00fdval\u00fdm motocyklistou Armandem Monle\u00f3nem. A tohle spojen\u00ed funguje. \u0160pan\u011bl\u00e9 byli na jednotliv\u00fdch m\u011b\u0159en\u00fdch \u00fasec\u00edch jednou druz\u00ed a t\u0159ikr\u00e1t t\u0159et\u00ed.<\/p>\n<p><em>\u201eGerard a Armand spolu jeli poprv\u00e9 a b\u011bhem v\u00edkendu se hodn\u011b nau\u010dili. Kv\u016fli penalizaci p\u0159i\u0161li o n\u011bjak\u00fd \u010das, ale na rychlostn\u00edch zkou\u0161k\u00e1ch dok\u00e1zali konkurovat nejlep\u0161\u00edm,\u201c<\/em> zhodnotil <strong>Scott Abraham<\/strong>, jeho\u017e South Racing po technick\u00e9 str\u00e1nce zaji\u0161\u0165uje chod tov\u00e1rn\u00edho t\u00fdmu Can-Am. <em>\u201eTe\u010f u\u017e se t\u011b\u0161\u00ed na <a href=\"\/index.php\/souteze\/maroc-2019\/\">Rallye du Maroc<\/a>. V Maroku se sejde kompletn\u00ed t\u00fdm Monster Energy a spole\u010dn\u011b budeme pokra\u010dovat v p\u0159\u00edprav\u011b na <a href=\"\/index.php\/souteze\/dakar-2020\/\">Dakar 2020<\/a>.\u201c<\/em>[\/vc_column_text][vc_single_image image=&#8221;9321&#8243; img_size=&#8221;large&#8221; add_caption=&#8221;yes&#8221; alignment=&#8221;center&#8221;][vc_column_text]Italu Cinottovi, kter\u00fd bojuje proti p\u0159esile Can-Am\u016f s konkuren\u010dn\u00edm Polarisem, sta\u010dilo k uh\u00e1jen\u00ed celkov\u00e9ho veden\u00ed ve sv\u011btov\u00e9m poh\u00e1ru p\u00e1t\u00e9 m\u00edsto.<\/p>\n<p>Z deseti startuj\u00edc\u00edch voz\u016f nedorazila do c\u00edle pouze Yamaha pilotovan\u00e1 Belgi\u010danem Ghislainem de Meviusem.<\/p>\n<p>Osmid\u00edln\u00e1 sezona sv\u011btov\u00e9ho poh\u00e1ru se do sv\u00e9 druh\u00e9 poloviny p\u0159ehoupne u\u017e za dva t\u00fddny (8. a\u017e 11. srpna), kdy je na programu <a href=\"\/index.php\/souteze\/hungarian-baja-2019\/\">Hungarian Baja<\/a> s centrem v ma\u010farsk\u00e9 V\u00e1rpalot\u011b.[\/vc_column_text][vc_column_text]<\/p>\n<table style=\"width: 97.7654%;\" rules=\"rows\" cellpadding=\"4px\">\n<tbody>\n<tr style=\"background-color: #9e9d9d; color: white;\">\n<td style=\"text-align: center;\" colspan=\"4\"><span style=\"font-size: 10pt;\"><strong>Baja Arag\u00f3n 2019<br \/>\nSxS (T3)<br \/>\nkone\u010dn\u00e9 v\u00fdsledky<\/strong><\/span><\/td>\n<\/tr>\n<tr style=\"background-color: #dbd9d9;\">\n<td>1.<\/td>\n<td>Navarro \/ Oliveras<\/td>\n<td>Can-Am Maverick X3<\/td>\n<td style=\"text-align: right;\">7:04:12<\/td>\n<\/tr>\n<tr style=\"background-color: #f2f2f2;\">\n<td>2.<\/td>\n<td>Dorossinskij \/ Pavlov<\/td>\n<td>Can-Am Maverick X3<\/td>\n<td style=\"text-align: right;\">+0:05<\/td>\n<\/tr>\n<tr style=\"background-color: #dbd9d9;\">\n<td>3.<\/td>\n<td>Farr\u00e9s \/ Monle\u00f3n<\/td>\n<td>Can-Am Maverick X3<\/td>\n<td style=\"text-align: right;\">+6:14<\/td>\n<\/tr>\n<tr style=\"background-color: #f2f2f2;\">\n<td>4.<\/td>\n<td>Abdulla \/ Polato<\/td>\n<td>Can-Am Maverick X3<\/td>\n<td style=\"text-align: right;\">+11:16<\/td>\n<\/tr>\n<tr style=\"background-color: #dbd9d9;\">\n<td>5.<\/td>\n<td>Cinotto \/ Tornabell<\/td>\n<td>Polaris RZR 1000 Turbo<\/td>\n<td style=\"text-align: right;\">+20:25<\/td>\n<\/tr>\n<tr style=\"background-color: #f2f2f2;\">\n<td>6.<\/td>\n<td>Zubair \/ Al Raisi<\/td>\n<td>Can-Am Maverick X3<\/td>\n<td style=\"text-align: right;\">+34:46<\/td>\n<\/tr>\n<tr style=\"background-color: #dbd9d9;\">\n<td>7.<\/td>\n<td>Vorobjov \/ \u0160ubin<\/td>\n<td>Can-Am Maverick X3<\/td>\n<td style=\"text-align: right;\">+58:10<\/td>\n<\/tr>\n<tr style=\"background-color: #f2f2f2;\">\n<td>8.<\/td>\n<td>Rouss \/ Yarashuk<\/td>\n<td>Can-Am Maverick X3<\/td>\n<td style=\"text-align: right;\">+1:56:51<\/td>\n<\/tr>\n<tr style=\"background-color: #dbd9d9;\">\n<td>9.<\/td>\n<td>Yacopini \/ Torlaschi<\/td>\n<td>Can-Am Maverick X3<\/td>\n<td style=\"text-align: right;\">+2:14:04<\/td>\n<\/tr>\n<\/tbody>\n<\/table>\n<p>[\/vc_column_text][\/vc_column][\/vc_row]<\/p>\n","protected":false},"excerpt":{"rendered":"<p>Santiago Navarro z\u00edskal na dom\u00e1c\u00ed p\u016fd\u011b prvn\u00ed v\u00edt\u011bzstv\u00ed sezony ve skupin\u011b T3 (SxS), a\u010dkoliv v z\u00e1v\u011bru Baji Arag\u00f3n musel \u010delit obrovsk\u00e9mu tlaku.<\/p>\n","protected":false},"author":1,"featured_media":9319,"comment_status":"closed","ping_status":"closed","sticky":false,"template":"","format":"standard","meta":{"footnotes":""},"categories":[1228,98,90],"tags":[425,1217,1348,1338,245,95,1406,776,460,570,1227,1407,316,457,572,1215,459,458,106,445,168],"class_list":["post-9320","post","type-post","status-publish","format-standard","has-post-thumbnail","hentry","category-baja-aragon","category-fia-baja","category-sxs","tag-425","tag-alexandr-dorossinskij","tag-armand-monleon","tag-baja-aragon","tag-baja-aragon-2019","tag-can-am","tag-cr-racing","tag-daniel-oliveras","tag-fjodor-vorobjov","tag-fn-speed-team","tag-gerard-farres","tag-ghislain-de-mevius","tag-michele-cinotto","tag-monster-energy-can-am","tag-polaris","tag-santiago-navarro","tag-scott-abraham","tag-south-racing","tag-sp-fia-baja","tag-sp-fia-baja-2019","tag-yamaha"],"yoast_head":"<!-- This site is optimized with the Yoast SEO plugin v24.9 - https:\/\/yoast.com\/wordpress\/plugins\/seo\/ -->\n<title>Baja Arag\u00f3n: Po 400 kilometrech rozhodlo 5 vte\u0159in - DAKARMANIA.cz<\/title>\n<meta name=\"description\" content=\"Santiago Navarro z\u00edskal na dom\u00e1c\u00ed p\u016fd\u011b prvn\u00ed v\u00edt\u011bzstv\u00ed sezony ve skupin\u011b T3 (SxS), a\u010dkoliv v z\u00e1v\u011bru Baji Arag\u00f3n musel \u010delit obrovsk\u00e9mu tlaku.\" \/>\n<meta name=\"robots\" content=\"index, follow, max-snippet:-1, max-image-preview:large, max-video-preview:-1\" \/>\n<link rel=\"canonical\" href=\"https:\/\/www.dakarmania.cz\/index.php\/2019\/07\/28\/baja-aragon-rozhodlo-5-vterin\/\" \/>\n<meta property=\"og:locale\" content=\"cs_CZ\" \/>\n<meta property=\"og:type\" content=\"article\" \/>\n<meta property=\"og:title\" content=\"Baja Arag\u00f3n: Po 400 kilometrech rozhodlo 5 vte\u0159in - DAKARMANIA.cz\" \/>\n<meta property=\"og:description\" content=\"Santiago Navarro z\u00edskal na dom\u00e1c\u00ed p\u016fd\u011b prvn\u00ed v\u00edt\u011bzstv\u00ed sezony ve skupin\u011b T3 (SxS), a\u010dkoliv v z\u00e1v\u011bru Baji Arag\u00f3n musel \u010delit obrovsk\u00e9mu tlaku.\" \/>\n<meta property=\"og:url\" content=\"https:\/\/www.dakarmania.cz\/index.php\/2019\/07\/28\/baja-aragon-rozhodlo-5-vterin\/\" \/>\n<meta property=\"og:site_name\" content=\"DAKARMANIA.cz\" \/>\n<meta property=\"article:publisher\" content=\"https:\/\/www.facebook.com\/dakarmania\/\" \/>\n<meta property=\"article:published_time\" content=\"2019-07-28T00:12:06+00:00\" \/>\n<meta property=\"article:modified_time\" content=\"2023-08-08T10:36:00+00:00\" \/>\n<meta property=\"og:image\" content=\"https:\/\/www.dakarmania.cz\/wp-content\/uploads\/2019\/07\/19-aragon-navarro-01.jpg\" \/>\n\t<meta property=\"og:image:width\" content=\"1600\" \/>\n\t<meta property=\"og:image:height\" content=\"1067\" \/>\n\t<meta property=\"og:image:type\" content=\"image\/jpeg\" \/>\n<meta name=\"author\" content=\"Zden\u011bk Zelenka\" \/>\n<meta name=\"twitter:card\" content=\"summary_large_image\" \/>\n<meta name=\"twitter:label1\" content=\"Napsal(a)\" \/>\n\t<meta name=\"twitter:data1\" content=\"Zden\u011bk Zelenka\" \/>\n\t<meta name=\"twitter:label2\" content=\"Odhadovan\u00e1 doba \u010dten\u00ed\" \/>\n\t<meta name=\"twitter:data2\" content=\"3 minuty\" \/>\n<script type=\"application\/ld+json\" class=\"yoast-schema-graph\">{\"@context\":\"https:\/\/schema.org\",\"@graph\":[{\"@type\":\"Article\",\"@id\":\"https:\/\/www.dakarmania.cz\/index.php\/2019\/07\/28\/baja-aragon-rozhodlo-5-vterin\/#article\",\"isPartOf\":{\"@id\":\"https:\/\/www.dakarmania.cz\/index.php\/2019\/07\/28\/baja-aragon-rozhodlo-5-vterin\/\"},\"author\":{\"name\":\"Zden\u011bk Zelenka\",\"@id\":\"https:\/\/www.dakarmania.cz\/#\/schema\/person\/04eb0e87a389631c2169c0dddae7ff1e\"},\"headline\":\"Baja Arag\u00f3n: Po 400 kilometrech rozhodlo 5 vte\u0159in\",\"datePublished\":\"2019-07-28T00:12:06+00:00\",\"dateModified\":\"2023-08-08T10:36:00+00:00\",\"mainEntityOfPage\":{\"@id\":\"https:\/\/www.dakarmania.cz\/index.php\/2019\/07\/28\/baja-aragon-rozhodlo-5-vterin\/\"},\"wordCount\":594,\"publisher\":{\"@id\":\"https:\/\/www.dakarmania.cz\/#organization\"},\"image\":{\"@id\":\"https:\/\/www.dakarmania.cz\/index.php\/2019\/07\/28\/baja-aragon-rozhodlo-5-vterin\/#primaryimage\"},\"thumbnailUrl\":\"https:\/\/www.dakarmania.cz\/wp-content\/uploads\/2019\/07\/19-aragon-navarro-01.jpg\",\"keywords\":[\"2019\",\"Alexandr Dorossinskij\",\"Armand Monleon\",\"Baja Arag\u00f3n\",\"Baja Arag\u00f3n 2019\",\"Can-Am\",\"CR Racing\",\"Daniel Oliveras\",\"Fjodor Vorobjov\",\"FN Speed Team\",\"Gerard Farr\u00e9s\",\"Ghislain de Mevius\",\"Michele Cinotto\",\"Monster Energy Can-Am\",\"Polaris\",\"Santiago Navarro\",\"Scott Abraham\",\"South Racing\",\"SP FIA baja\",\"SP FIA baja 2019\",\"Yamaha\"],\"articleSection\":[\"Baja Arag\u00f3n\",\"FIA SP baja\",\"S\u00d7S\"],\"inLanguage\":\"cs\"},{\"@type\":\"WebPage\",\"@id\":\"https:\/\/www.dakarmania.cz\/index.php\/2019\/07\/28\/baja-aragon-rozhodlo-5-vterin\/\",\"url\":\"https:\/\/www.dakarmania.cz\/index.php\/2019\/07\/28\/baja-aragon-rozhodlo-5-vterin\/\",\"name\":\"Baja Arag\u00f3n: Po 400 kilometrech rozhodlo 5 vte\u0159in - DAKARMANIA.cz\",\"isPartOf\":{\"@id\":\"https:\/\/www.dakarmania.cz\/#website\"},\"primaryImageOfPage\":{\"@id\":\"https:\/\/www.dakarmania.cz\/index.php\/2019\/07\/28\/baja-aragon-rozhodlo-5-vterin\/#primaryimage\"},\"image\":{\"@id\":\"https:\/\/www.dakarmania.cz\/index.php\/2019\/07\/28\/baja-aragon-rozhodlo-5-vterin\/#primaryimage\"},\"thumbnailUrl\":\"https:\/\/www.dakarmania.cz\/wp-content\/uploads\/2019\/07\/19-aragon-navarro-01.jpg\",\"datePublished\":\"2019-07-28T00:12:06+00:00\",\"dateModified\":\"2023-08-08T10:36:00+00:00\",\"description\":\"Santiago Navarro z\u00edskal na dom\u00e1c\u00ed p\u016fd\u011b prvn\u00ed v\u00edt\u011bzstv\u00ed sezony ve skupin\u011b T3 (SxS), a\u010dkoliv v z\u00e1v\u011bru Baji Arag\u00f3n musel \u010delit obrovsk\u00e9mu tlaku.\",\"breadcrumb\":{\"@id\":\"https:\/\/www.dakarmania.cz\/index.php\/2019\/07\/28\/baja-aragon-rozhodlo-5-vterin\/#breadcrumb\"},\"inLanguage\":\"cs\",\"potentialAction\":[{\"@type\":\"ReadAction\",\"target\":[\"https:\/\/www.dakarmania.cz\/index.php\/2019\/07\/28\/baja-aragon-rozhodlo-5-vterin\/\"]}]},{\"@type\":\"ImageObject\",\"inLanguage\":\"cs\",\"@id\":\"https:\/\/www.dakarmania.cz\/index.php\/2019\/07\/28\/baja-aragon-rozhodlo-5-vterin\/#primaryimage\",\"url\":\"https:\/\/www.dakarmania.cz\/wp-content\/uploads\/2019\/07\/19-aragon-navarro-01.jpg\",\"contentUrl\":\"https:\/\/www.dakarmania.cz\/wp-content\/uploads\/2019\/07\/19-aragon-navarro-01.jpg\",\"width\":1600,\"height\":1067,\"caption\":\"Santiago Navarro\/Daniel Oliveras, Can-Am Maverick X3, FN Speed Team. Baja Arag\u00f3n 2019. \u00a9 Baja Arag\u00f3n Media\"},{\"@type\":\"BreadcrumbList\",\"@id\":\"https:\/\/www.dakarmania.cz\/index.php\/2019\/07\/28\/baja-aragon-rozhodlo-5-vterin\/#breadcrumb\",\"itemListElement\":[{\"@type\":\"ListItem\",\"position\":1,\"name\":\"Dom\u016f\",\"item\":\"https:\/\/www.dakarmania.cz\/\"},{\"@type\":\"ListItem\",\"position\":2,\"name\":\"Baja Arag\u00f3n: Po 400 kilometrech rozhodlo 5 vte\u0159in\"}]},{\"@type\":\"WebSite\",\"@id\":\"https:\/\/www.dakarmania.cz\/#website\",\"url\":\"https:\/\/www.dakarmania.cz\/\",\"name\":\"DAKARMANIA.cz\",\"description\":\"\u017dijeme Dakarem cel\u00fd rok\",\"publisher\":{\"@id\":\"https:\/\/www.dakarmania.cz\/#organization\"},\"potentialAction\":[{\"@type\":\"SearchAction\",\"target\":{\"@type\":\"EntryPoint\",\"urlTemplate\":\"https:\/\/www.dakarmania.cz\/?s={search_term_string}\"},\"query-input\":{\"@type\":\"PropertyValueSpecification\",\"valueRequired\":true,\"valueName\":\"search_term_string\"}}],\"inLanguage\":\"cs\"},{\"@type\":\"Organization\",\"@id\":\"https:\/\/www.dakarmania.cz\/#organization\",\"name\":\"DAKAR MANIA\",\"url\":\"https:\/\/www.dakarmania.cz\/\",\"logo\":{\"@type\":\"ImageObject\",\"inLanguage\":\"cs\",\"@id\":\"https:\/\/www.dakarmania.cz\/#\/schema\/logo\/image\/\",\"url\":\"https:\/\/www.dakarmania.cz\/wp-content\/uploads\/2018\/12\/Dakar-Mania-Logo-Square-Orange.png\",\"contentUrl\":\"https:\/\/www.dakarmania.cz\/wp-content\/uploads\/2018\/12\/Dakar-Mania-Logo-Square-Orange.png\",\"width\":992,\"height\":992,\"caption\":\"DAKAR MANIA\"},\"image\":{\"@id\":\"https:\/\/www.dakarmania.cz\/#\/schema\/logo\/image\/\"},\"sameAs\":[\"https:\/\/www.facebook.com\/dakarmania\/\"]},{\"@type\":\"Person\",\"@id\":\"https:\/\/www.dakarmania.cz\/#\/schema\/person\/04eb0e87a389631c2169c0dddae7ff1e\",\"name\":\"Zden\u011bk Zelenka\",\"image\":{\"@type\":\"ImageObject\",\"inLanguage\":\"cs\",\"@id\":\"https:\/\/www.dakarmania.cz\/#\/schema\/person\/image\/\",\"url\":\"https:\/\/secure.gravatar.com\/avatar\/2c80d5a4942fe0900b73cc7d3837a509d6ee0a276a2b76dac95c92bd0763a89b?s=96&d=mm&r=g\",\"contentUrl\":\"https:\/\/secure.gravatar.com\/avatar\/2c80d5a4942fe0900b73cc7d3837a509d6ee0a276a2b76dac95c92bd0763a89b?s=96&d=mm&r=g\",\"caption\":\"Zden\u011bk Zelenka\"},\"description\":\"Moji d\u011bt\u0161t\u00ed hrdinov\u00e9 se jmenovali Loprais, Moskal, Neveu, Vatanen, Rahier... A tihle borci, jejich n\u00e1sledovn\u00edci a jejich p\u0159\u00edb\u011bhy m\u011b nep\u0159estali fascinovat ani po letech, kdy jsem vyrostl a zam\u011bstn\u00e1valy m\u011b jin\u00e9 discipl\u00edny motorsportu. Proto se zrodila DAKARMANIA.\",\"url\":\"https:\/\/www.dakarmania.cz\/index.php\/author\/dakarmania\/\"}]}<\/script>\n<!-- \/ Yoast SEO plugin. -->","yoast_head_json":{"title":"Baja Arag\u00f3n: Po 400 kilometrech rozhodlo 5 vte\u0159in - DAKARMANIA.cz","description":"Santiago Navarro z\u00edskal na dom\u00e1c\u00ed p\u016fd\u011b prvn\u00ed v\u00edt\u011bzstv\u00ed sezony ve skupin\u011b T3 (SxS), a\u010dkoliv v z\u00e1v\u011bru Baji Arag\u00f3n musel \u010delit obrovsk\u00e9mu tlaku.","robots":{"index":"index","follow":"follow","max-snippet":"max-snippet:-1","max-image-preview":"max-image-preview:large","max-video-preview":"max-video-preview:-1"},"canonical":"https:\/\/www.dakarmania.cz\/index.php\/2019\/07\/28\/baja-aragon-rozhodlo-5-vterin\/","og_locale":"cs_CZ","og_type":"article","og_title":"Baja Arag\u00f3n: Po 400 kilometrech rozhodlo 5 vte\u0159in - DAKARMANIA.cz","og_description":"Santiago Navarro z\u00edskal na dom\u00e1c\u00ed p\u016fd\u011b prvn\u00ed v\u00edt\u011bzstv\u00ed sezony ve skupin\u011b T3 (SxS), a\u010dkoliv v z\u00e1v\u011bru Baji Arag\u00f3n musel \u010delit obrovsk\u00e9mu tlaku.","og_url":"https:\/\/www.dakarmania.cz\/index.php\/2019\/07\/28\/baja-aragon-rozhodlo-5-vterin\/","og_site_name":"DAKARMANIA.cz","article_publisher":"https:\/\/www.facebook.com\/dakarmania\/","article_published_time":"2019-07-28T00:12:06+00:00","article_modified_time":"2023-08-08T10:36:00+00:00","og_image":[{"width":1600,"height":1067,"url":"https:\/\/www.dakarmania.cz\/wp-content\/uploads\/2019\/07\/19-aragon-navarro-01.jpg","type":"image\/jpeg"}],"author":"Zden\u011bk Zelenka","twitter_card":"summary_large_image","twitter_misc":{"Napsal(a)":"Zden\u011bk Zelenka","Odhadovan\u00e1 doba \u010dten\u00ed":"3 minuty"},"schema":{"@context":"https:\/\/schema.org","@graph":[{"@type":"Article","@id":"https:\/\/www.dakarmania.cz\/index.php\/2019\/07\/28\/baja-aragon-rozhodlo-5-vterin\/#article","isPartOf":{"@id":"https:\/\/www.dakarmania.cz\/index.php\/2019\/07\/28\/baja-aragon-rozhodlo-5-vterin\/"},"author":{"name":"Zden\u011bk Zelenka","@id":"https:\/\/www.dakarmania.cz\/#\/schema\/person\/04eb0e87a389631c2169c0dddae7ff1e"},"headline":"Baja Arag\u00f3n: Po 400 kilometrech rozhodlo 5 vte\u0159in","datePublished":"2019-07-28T00:12:06+00:00","dateModified":"2023-08-08T10:36:00+00:00","mainEntityOfPage":{"@id":"https:\/\/www.dakarmania.cz\/index.php\/2019\/07\/28\/baja-aragon-rozhodlo-5-vterin\/"},"wordCount":594,"publisher":{"@id":"https:\/\/www.dakarmania.cz\/#organization"},"image":{"@id":"https:\/\/www.dakarmania.cz\/index.php\/2019\/07\/28\/baja-aragon-rozhodlo-5-vterin\/#primaryimage"},"thumbnailUrl":"https:\/\/www.dakarmania.cz\/wp-content\/uploads\/2019\/07\/19-aragon-navarro-01.jpg","keywords":["2019","Alexandr Dorossinskij","Armand Monleon","Baja Arag\u00f3n","Baja Arag\u00f3n 2019","Can-Am","CR Racing","Daniel Oliveras","Fjodor Vorobjov","FN Speed Team","Gerard Farr\u00e9s","Ghislain de Mevius","Michele Cinotto","Monster Energy Can-Am","Polaris","Santiago Navarro","Scott Abraham","South Racing","SP FIA baja","SP FIA baja 2019","Yamaha"],"articleSection":["Baja Arag\u00f3n","FIA SP baja","S\u00d7S"],"inLanguage":"cs"},{"@type":"WebPage","@id":"https:\/\/www.dakarmania.cz\/index.php\/2019\/07\/28\/baja-aragon-rozhodlo-5-vterin\/","url":"https:\/\/www.dakarmania.cz\/index.php\/2019\/07\/28\/baja-aragon-rozhodlo-5-vterin\/","name":"Baja Arag\u00f3n: Po 400 kilometrech rozhodlo 5 vte\u0159in - DAKARMANIA.cz","isPartOf":{"@id":"https:\/\/www.dakarmania.cz\/#website"},"primaryImageOfPage":{"@id":"https:\/\/www.dakarmania.cz\/index.php\/2019\/07\/28\/baja-aragon-rozhodlo-5-vterin\/#primaryimage"},"image":{"@id":"https:\/\/www.dakarmania.cz\/index.php\/2019\/07\/28\/baja-aragon-rozhodlo-5-vterin\/#primaryimage"},"thumbnailUrl":"https:\/\/www.dakarmania.cz\/wp-content\/uploads\/2019\/07\/19-aragon-navarro-01.jpg","datePublished":"2019-07-28T00:12:06+00:00","dateModified":"2023-08-08T10:36:00+00:00","description":"Santiago Navarro z\u00edskal na dom\u00e1c\u00ed p\u016fd\u011b prvn\u00ed v\u00edt\u011bzstv\u00ed sezony ve skupin\u011b T3 (SxS), a\u010dkoliv v z\u00e1v\u011bru Baji Arag\u00f3n musel \u010delit obrovsk\u00e9mu tlaku.","breadcrumb":{"@id":"https:\/\/www.dakarmania.cz\/index.php\/2019\/07\/28\/baja-aragon-rozhodlo-5-vterin\/#breadcrumb"},"inLanguage":"cs","potentialAction":[{"@type":"ReadAction","target":["https:\/\/www.dakarmania.cz\/index.php\/2019\/07\/28\/baja-aragon-rozhodlo-5-vterin\/"]}]},{"@type":"ImageObject","inLanguage":"cs","@id":"https:\/\/www.dakarmania.cz\/index.php\/2019\/07\/28\/baja-aragon-rozhodlo-5-vterin\/#primaryimage","url":"https:\/\/www.dakarmania.cz\/wp-content\/uploads\/2019\/07\/19-aragon-navarro-01.jpg","contentUrl":"https:\/\/www.dakarmania.cz\/wp-content\/uploads\/2019\/07\/19-aragon-navarro-01.jpg","width":1600,"height":1067,"caption":"Santiago Navarro\/Daniel Oliveras, Can-Am Maverick X3, FN Speed Team. Baja Arag\u00f3n 2019. \u00a9 Baja Arag\u00f3n Media"},{"@type":"BreadcrumbList","@id":"https:\/\/www.dakarmania.cz\/index.php\/2019\/07\/28\/baja-aragon-rozhodlo-5-vterin\/#breadcrumb","itemListElement":[{"@type":"ListItem","position":1,"name":"Dom\u016f","item":"https:\/\/www.dakarmania.cz\/"},{"@type":"ListItem","position":2,"name":"Baja Arag\u00f3n: Po 400 kilometrech rozhodlo 5 vte\u0159in"}]},{"@type":"WebSite","@id":"https:\/\/www.dakarmania.cz\/#website","url":"https:\/\/www.dakarmania.cz\/","name":"DAKARMANIA.cz","description":"\u017dijeme Dakarem cel\u00fd rok","publisher":{"@id":"https:\/\/www.dakarmania.cz\/#organization"},"potentialAction":[{"@type":"SearchAction","target":{"@type":"EntryPoint","urlTemplate":"https:\/\/www.dakarmania.cz\/?s={search_term_string}"},"query-input":{"@type":"PropertyValueSpecification","valueRequired":true,"valueName":"search_term_string"}}],"inLanguage":"cs"},{"@type":"Organization","@id":"https:\/\/www.dakarmania.cz\/#organization","name":"DAKAR MANIA","url":"https:\/\/www.dakarmania.cz\/","logo":{"@type":"ImageObject","inLanguage":"cs","@id":"https:\/\/www.dakarmania.cz\/#\/schema\/logo\/image\/","url":"https:\/\/www.dakarmania.cz\/wp-content\/uploads\/2018\/12\/Dakar-Mania-Logo-Square-Orange.png","contentUrl":"https:\/\/www.dakarmania.cz\/wp-content\/uploads\/2018\/12\/Dakar-Mania-Logo-Square-Orange.png","width":992,"height":992,"caption":"DAKAR MANIA"},"image":{"@id":"https:\/\/www.dakarmania.cz\/#\/schema\/logo\/image\/"},"sameAs":["https:\/\/www.facebook.com\/dakarmania\/"]},{"@type":"Person","@id":"https:\/\/www.dakarmania.cz\/#\/schema\/person\/04eb0e87a389631c2169c0dddae7ff1e","name":"Zden\u011bk Zelenka","image":{"@type":"ImageObject","inLanguage":"cs","@id":"https:\/\/www.dakarmania.cz\/#\/schema\/person\/image\/","url":"https:\/\/secure.gravatar.com\/avatar\/2c80d5a4942fe0900b73cc7d3837a509d6ee0a276a2b76dac95c92bd0763a89b?s=96&d=mm&r=g","contentUrl":"https:\/\/secure.gravatar.com\/avatar\/2c80d5a4942fe0900b73cc7d3837a509d6ee0a276a2b76dac95c92bd0763a89b?s=96&d=mm&r=g","caption":"Zden\u011bk Zelenka"},"description":"Moji d\u011bt\u0161t\u00ed hrdinov\u00e9 se jmenovali Loprais, Moskal, Neveu, Vatanen, Rahier... A tihle borci, jejich n\u00e1sledovn\u00edci a jejich p\u0159\u00edb\u011bhy m\u011b nep\u0159estali fascinovat ani po letech, kdy jsem vyrostl a zam\u011bstn\u00e1valy m\u011b jin\u00e9 discipl\u00edny motorsportu. Proto se zrodila DAKARMANIA.","url":"https:\/\/www.dakarmania.cz\/index.php\/author\/dakarmania\/"}]}},"amp_enabled":true,"_links":{"self":[{"href":"https:\/\/www.dakarmania.cz\/index.php\/wp-json\/wp\/v2\/posts\/9320","targetHints":{"allow":["GET"]}}],"collection":[{"href":"https:\/\/www.dakarmania.cz\/index.php\/wp-json\/wp\/v2\/posts"}],"about":[{"href":"https:\/\/www.dakarmania.cz\/index.php\/wp-json\/wp\/v2\/types\/post"}],"author":[{"embeddable":true,"href":"https:\/\/www.dakarmania.cz\/index.php\/wp-json\/wp\/v2\/users\/1"}],"replies":[{"embeddable":true,"href":"https:\/\/www.dakarmania.cz\/index.php\/wp-json\/wp\/v2\/comments?post=9320"}],"version-history":[{"count":6,"href":"https:\/\/www.dakarmania.cz\/index.php\/wp-json\/wp\/v2\/posts\/9320\/revisions"}],"predecessor-version":[{"id":28527,"href":"https:\/\/www.dakarmania.cz\/index.php\/wp-json\/wp\/v2\/posts\/9320\/revisions\/28527"}],"wp:featuredmedia":[{"embeddable":true,"href":"https:\/\/www.dakarmania.cz\/index.php\/wp-json\/wp\/v2\/media\/9319"}],"wp:attachment":[{"href":"https:\/\/www.dakarmania.cz\/index.php\/wp-json\/wp\/v2\/media?parent=9320"}],"wp:term":[{"taxonomy":"category","embeddable":true,"href":"https:\/\/www.dakarmania.cz\/index.php\/wp-json\/wp\/v2\/categories?post=9320"},{"taxonomy":"post_tag","embeddable":true,"href":"https:\/\/www.dakarmania.cz\/index.php\/wp-json\/wp\/v2\/tags?post=9320"}],"curies":[{"name":"wp","href":"https:\/\/api.w.org\/{rel}","templated":true}]}}