{"id":9559,"date":"2019-08-10T01:12:14","date_gmt":"2019-08-09T23:12:14","guid":{"rendered":"https:\/\/www.dakarmania.cz\/?p=9559"},"modified":"2023-02-10T08:46:56","modified_gmt":"2023-02-10T07:46:56","slug":"hungarian-baja-sp-vrcholi","status":"publish","type":"post","link":"https:\/\/www.dakarmania.cz\/index.php\/2019\/08\/10\/hungarian-baja-sp-vrcholi\/","title":{"rendered":"Hungarian Baja: Obh\u00e1jce Svitko se vrac\u00ed po zran\u011bn\u00ed. SP vrchol\u00ed"},"content":{"rendered":"<p>[vc_row][vc_column][vc_column_text css_animation=&#8221;fadeIn&#8221;]<\/p>\n<h4>Hungarian Baja uzav\u00edr\u00e1 leto\u0161n\u00ed sezonu Sv\u011btov\u00e9ho poh\u00e1ru FIM v baj\u00e1ch. Definitivn\u011b rozhodnuto je\u0161t\u011b nen\u00ed v \u017e\u00e1dn\u00e9 z kategori\u00ed. Hlavn\u00edm favoritem sout\u011b\u017ee je v\u0161ak jezdec, kter\u00fd o celkov\u00fd \u00fasp\u011bch v poh\u00e1ru nebojuje.<\/h4>\n<p>Slov\u00e1k \u0160tefan Svitko vyhr\u00e1l dva p\u0159edchoz\u00ed ro\u010dn\u00edky Hungarian Baja. D\u00edky tomu se d\u011bl\u00ed o prvn\u00ed m\u00edsto <a href=\"\/index.php\/souteze\/hungarian-baja-vitezove\/#moto\">historick\u00e9 tabulky<\/a> s krajanem Jaroslavem Katri\u0148\u00e1kem, kter\u00fd v Ma\u010farsku triumfoval v letech 2006 a 2008. Jezdec Slovnaft Rally Teamu usiluje o t\u0159et\u00ed v\u00fdhru v \u0159ad\u011b, a\u010dkoliv se na mezin\u00e1rodn\u00ed sc\u00e9nu cross-country rally vrac\u00ed po zran\u011bn\u00ed.<\/p>\n<p>V dubnu po p\u00e1du ve t\u0159et\u00ed etap\u011b <a href=\"\/index.php\/souteze\/merzouga-rally-2019\/\">Merzouga Rally<\/a> utrp\u011bl Svitko zlomeninu z\u00e1p\u011bst\u00ed, jej\u00ed\u017e l\u00e9\u010dba se oproti p\u0159edpoklad\u016fm prot\u00e1hla. V \u010dervenci v\u0161ak absolvoval z\u00e1vod Mezin\u00e1rodn\u00edho mistrovstv\u00ed Slovenska v cross-country v oravsk\u00e9m \u017da\u0161kov\u011b, kter\u00fd spolupo\u0159\u00e1d\u00e1, a na dom\u00e1c\u00ed p\u016fd\u011b nena\u0161el p\u0159emo\u017eitele.[\/vc_column_text][vc_single_image image=&#8221;9557&#8243; img_size=&#8221;large&#8221; add_caption=&#8221;yes&#8221; alignment=&#8221;center&#8221; css_animation=&#8221;fadeIn&#8221;][vc_column_text css_animation=&#8221;fadeIn&#8221;]Zat\u00edmco Svitkovy ambice jsou jasn\u00e9, v\u011bt\u0161in\u011b ze t\u0159in\u00e1cti dal\u0161\u00edch jezdc\u016f p\u0159ihl\u00e1\u0161en\u00fdch do sout\u011b\u017ee v r\u00e1mci <a href=\"\/index.php\/sampionaty\/svetovy-pohar-fim-v-bajach-2019\/\">Sv\u011btov\u00e9ho poh\u00e1ru FIM v baj\u00e1ch<\/a> p\u016fjde tak\u00e9 o d\u016fle\u017eit\u00e9 body.<\/p>\n<p>Benjamin Melot v lednu na druh\u00fd pokus dokon\u010dil <a href=\"https:\/\/www.dakarmania.cz\/index.php\/souteze\/dakar-2019\/\">Rally Dakar<\/a> a v kategorii motocykl\u016f skon\u010dil jednadvac\u00e1t\u00fd. Te\u010f m\u016f\u017ee 30let\u00fd Francouz ozdobit sezonu 2019 tak\u00e9 celkov\u00fdm v\u00edt\u011bzstv\u00edm ve sv\u011btov\u00e9m poh\u00e1ru. P\u0159ed z\u00e1v\u011bre\u010dnou ma\u010farskou bajou vede o 23 bod\u016f p\u0159ed Kubou Pi\u0105tkem, kter\u00fd je pro Melota jedinou zb\u00fdvaj\u00edc\u00ed hrozbou. Pol\u00e1k by v\u0161ak musel vyhr\u00e1t a doufat v soupe\u0159ovu sm\u016flu. Melotovi k titulu sta\u010d\u00ed sout\u011b\u017e dokon\u010dit.<\/p>\n<p><em>\u201eV Ma\u010farsku panuje dobr\u00e9 po\u010das\u00ed, je docela teplo a j\u00e1 se t\u011b\u0161\u00edm na n\u00e1sleduj\u00edc\u00ed dva z\u00e1vodn\u00ed dny. I kdy\u017e si mysl\u00edm, \u017ee v sobotu to bude tvrd\u00e9,\u201c<\/em> \u0159ekl p\u0159i slavnostn\u00edm startu ve V\u00e1rpalot\u011b <strong>Benjamin Melot<\/strong>.[\/vc_column_text][vc_single_image image=&#8221;9938&#8243; img_size=&#8221;large&#8221; add_caption=&#8221;yes&#8221; alignment=&#8221;center&#8221; css_animation=&#8221;fadeIn&#8221;][vc_column_text css_animation=&#8221;fadeIn&#8221;]K v\u00edt\u011bzstv\u00ed v <a href=\"\/index.php\/sampionaty\/svetovy-pohar-fim-v-bajach-2019\/#2019-fim-baja-junior\">poh\u00e1ru junior\u016f<\/a> m\u00e1 bl\u00edzko Chilan Tom\u00e1s de Gavardo. P\u0159ed pr\u016fb\u011b\u017en\u011b druhou Aishwaryou Pissay m\u00e1 k dobru 19 bod\u016f a v p\u0159edchoz\u00edch t\u0159ech podnic\u00edch Indku v\u017edy v\u00fdkonnostn\u011b v\u00fdrazn\u011b p\u0159ed\u010dil.<\/p>\n<p><em>\u201eV Ma\u010farsku jedu poprv\u00e9 a r\u00e1d bych vyhr\u00e1l \u0161ampion\u00e1t. Proto si budu d\u00e1vat pozor, abych nehavaroval a odvedl dobrou pr\u00e1ci,\u201c <\/em>nast\u00ednil strategii <strong>Tom\u00e1s de Gavardo<\/strong>.<\/p>\n<p>Naopak Pissay bude muset o st\u0159\u00edbro je\u0161t\u011b hodn\u011b zabojovat. Pol\u00e1ci Maciej Giemza a Adam Tomiczek do sv\u011btov\u00e9ho poh\u00e1ru nasko\u010dili a\u017e p\u0159i \u010dervencov\u00e9 <a href=\"\/index.php\/souteze\/baja-aragon-2019\/\">Baje Arag\u00f3n<\/a>, oba v\u0161ak v p\u0159\u00edpad\u011b \u00fasp\u011bchu v okol\u00ed Veszpr\u00e9mu a V\u00e1rpaloty mohou soupe\u0159ku odsunout za sv\u00e1 z\u00e1da.[\/vc_column_text][vc_single_image image=&#8221;9558&#8243; img_size=&#8221;large&#8221; add_caption=&#8221;yes&#8221; alignment=&#8221;center&#8221; css_animation=&#8221;fadeIn&#8221;][vc_column_text css_animation=&#8221;fadeIn&#8221;]P\u0159i absenci Portugalky Rity Viery naopak je\u0161t\u011b vzrostly \u0161ance Aishwaryi Pissay na triumf v celkov\u00e9m hodnocen\u00ed sv\u011btov\u00e9ho poh\u00e1ru v <a href=\"\/index.php\/sampionaty\/svetovy-pohar-fim-v-bajach-2019\/#2019-fim-baja-women\">kategorii \u017een<\/a>. Pr\u016fb\u011b\u017en\u011b t\u0159et\u00ed \u0160pan\u011blka Sara Garc\u00eda ztr\u00e1c\u00ed 16 bod\u016f, jej\u00ed krajanka Rosa Romero u\u017e Indku p\u0159edstihnout nem\u016f\u017ee, p\u0159esto\u017ee na dom\u00e1c\u00ed p\u016fd\u011b mezi \u017eenami zv\u00edt\u011bzila.<\/p>\n<p>V <a href=\"\/index.php\/sampionaty\/svetovy-pohar-fim-v-bajach-2019\/#2019-fim-baja-quad\">kategorii \u010dty\u0159kolek<\/a> by v p\u0159\u00edpad\u011b probl\u00e9m\u016f vedouc\u00edho Rusa Alexandra Maximova mohl na zisk sv\u011btov\u00e9ho poh\u00e1ru pom\u00fd\u0161let Slov\u00e1k Juraj Varga.<\/p>\n<p>V r\u00e1mci ma\u010farsk\u00e9ho \u0161ampion\u00e1tu je do sout\u011b\u017ee p\u0159ihl\u00e1\u0161eno dal\u0161\u00edch osm slovensk\u00fdch motork\u00e1\u0159\u016f a jeden \u010dty\u0159kolk\u00e1\u0159.<\/p>\n<p><a href=\"\/index.php\/souteze\/hungarian-baja-2019\/\">Hungarian Baja 2019<\/a> za\u010dne pro motocyklisty naostro a\u017e v sobotu r\u00e1no, nebo\u0165 p\u00e1te\u010dn\u00ed prolog byl po <a href=\"\/index.php\/2019\/08\/09\/hungarian-baja-nejlepe-zacal-prokop-prolog-zastavila-nehoda\/\">hav\u00e1rii Dirka von Zitzewitze<\/a> se SxS zastaven a n\u00e1sledn\u011b zru\u0161en. O v\u00edkendu \u010dekaj\u00ed na z\u00e1vodn\u00edky \u010dty\u0159i m\u011b\u0159en\u00e9 \u00faseky. Celkem po\u0159adatel\u00e9 p\u0159ipravili 588 kilometr\u016f rychlostn\u00edch zkou\u0161ek.[\/vc_column_text][vc_btn title=&#8221;Hungarian Baja 2019: STARTOVN\u00cd PO\u0158AD\u00cd do 2. etapy &#8211; motocykly&#8221; style=&#8221;outline&#8221; shape=&#8221;square&#8221; color=&#8221;warning&#8221; size=&#8221;sm&#8221; align=&#8221;center&#8221; i_icon_fontawesome=&#8221;fa fa-th-list&#8221; css_animation=&#8221;fadeIn&#8221; button_block=&#8221;true&#8221; add_icon=&#8221;true&#8221; link=&#8221;url:%2Fwp-content%2Fuploads%2F2019%2F08%2F19-hunbaja-moto-start-list-leg2.pdf||target:%20_blank|&#8221;][\/vc_column][\/vc_row]<\/p>\n","protected":false},"excerpt":{"rendered":"<p>Hungarian Baja uzav\u0159e leto\u0161n\u00ed sezonu Sv\u011btov\u00e9ho poh\u00e1ru FIM v baj\u00e1ch. Definitivn\u011b rozhodnuto je\u0161t\u011b nen\u00ed v \u017e\u00e1dn\u00e9 z kategori\u00ed.<\/p>\n","protected":false},"author":1,"featured_media":9556,"comment_status":"closed","ping_status":"closed","sticky":false,"template":"","format":"standard","meta":{"footnotes":""},"categories":[155,1410,15],"tags":[425,1317,741,831,554,1411,1245,745,63,1353,1357,1416,1415,1414,157,557,216,739],"class_list":["post-9559","post","type-post","status-publish","format-standard","has-post-thumbnail","hentry","category-fim-baja","category-hungarian-baja-rally","category-moto-quad","tag-425","tag-adam-tomiczek","tag-aishwarya-pissay","tag-alexandr-maximov","tag-benjamin-melot","tag-hungarian-baja","tag-hungarian-baja-2019","tag-juraj-varga","tag-ktm","tag-kuba-piatek","tag-maciej-giemza","tag-rosa-romero","tag-sara-garcia","tag-slovnaft-rally-team","tag-sp-fim-baja","tag-sp-fim-baja-2019","tag-stefan-svitko","tag-tomas-de-gavardo"],"yoast_head":"<!-- This site is optimized with the Yoast SEO plugin v24.9 - https:\/\/yoast.com\/wordpress\/plugins\/seo\/ -->\n<title>Hungarian Baja: Obh\u00e1jce Svitko se vrac\u00ed po zran\u011bn\u00ed. SP vrchol\u00ed - DAKARMANIA.cz<\/title>\n<meta name=\"description\" content=\"Hungarian Baja uzav\u0159e leto\u0161n\u00ed sezonu Sv\u011btov\u00e9ho poh\u00e1ru FIM v baj\u00e1ch. Definitivn\u011b rozhodnuto je\u0161t\u011b nen\u00ed v \u017e\u00e1dn\u00e9 z kategori\u00ed.\" \/>\n<meta name=\"robots\" content=\"index, follow, max-snippet:-1, max-image-preview:large, max-video-preview:-1\" \/>\n<link rel=\"canonical\" href=\"https:\/\/www.dakarmania.cz\/index.php\/2019\/08\/10\/hungarian-baja-sp-vrcholi\/\" \/>\n<meta property=\"og:locale\" content=\"cs_CZ\" \/>\n<meta property=\"og:type\" content=\"article\" \/>\n<meta property=\"og:title\" content=\"Hungarian Baja: Obh\u00e1jce Svitko se vrac\u00ed po zran\u011bn\u00ed. SP vrchol\u00ed - DAKARMANIA.cz\" \/>\n<meta property=\"og:description\" content=\"Hungarian Baja uzav\u0159e leto\u0161n\u00ed sezonu Sv\u011btov\u00e9ho poh\u00e1ru FIM v baj\u00e1ch. Definitivn\u011b rozhodnuto je\u0161t\u011b nen\u00ed v \u017e\u00e1dn\u00e9 z kategori\u00ed.\" \/>\n<meta property=\"og:url\" content=\"https:\/\/www.dakarmania.cz\/index.php\/2019\/08\/10\/hungarian-baja-sp-vrcholi\/\" \/>\n<meta property=\"og:site_name\" content=\"DAKARMANIA.cz\" \/>\n<meta property=\"article:publisher\" content=\"https:\/\/www.facebook.com\/dakarmania\/\" \/>\n<meta property=\"article:published_time\" content=\"2019-08-09T23:12:14+00:00\" \/>\n<meta property=\"article:modified_time\" content=\"2023-02-10T07:46:56+00:00\" \/>\n<meta property=\"og:image\" content=\"https:\/\/www.dakarmania.cz\/wp-content\/uploads\/2019\/08\/18-hungarian-baja-svitko-01.jpg\" \/>\n\t<meta property=\"og:image:width\" content=\"1201\" \/>\n\t<meta property=\"og:image:height\" content=\"801\" \/>\n\t<meta property=\"og:image:type\" content=\"image\/jpeg\" \/>\n<meta name=\"author\" content=\"Zden\u011bk Zelenka\" \/>\n<meta name=\"twitter:card\" content=\"summary_large_image\" \/>\n<meta name=\"twitter:label1\" content=\"Napsal(a)\" \/>\n\t<meta name=\"twitter:data1\" content=\"Zden\u011bk Zelenka\" \/>\n\t<meta name=\"twitter:label2\" content=\"Odhadovan\u00e1 doba \u010dten\u00ed\" \/>\n\t<meta name=\"twitter:data2\" content=\"3 minuty\" \/>\n<script type=\"application\/ld+json\" class=\"yoast-schema-graph\">{\"@context\":\"https:\/\/schema.org\",\"@graph\":[{\"@type\":\"Article\",\"@id\":\"https:\/\/www.dakarmania.cz\/index.php\/2019\/08\/10\/hungarian-baja-sp-vrcholi\/#article\",\"isPartOf\":{\"@id\":\"https:\/\/www.dakarmania.cz\/index.php\/2019\/08\/10\/hungarian-baja-sp-vrcholi\/\"},\"author\":{\"name\":\"Zden\u011bk Zelenka\",\"@id\":\"https:\/\/www.dakarmania.cz\/#\/schema\/person\/04eb0e87a389631c2169c0dddae7ff1e\"},\"headline\":\"Hungarian Baja: Obh\u00e1jce Svitko se vrac\u00ed po zran\u011bn\u00ed. SP vrchol\u00ed\",\"datePublished\":\"2019-08-09T23:12:14+00:00\",\"dateModified\":\"2023-02-10T07:46:56+00:00\",\"mainEntityOfPage\":{\"@id\":\"https:\/\/www.dakarmania.cz\/index.php\/2019\/08\/10\/hungarian-baja-sp-vrcholi\/\"},\"wordCount\":800,\"publisher\":{\"@id\":\"https:\/\/www.dakarmania.cz\/#organization\"},\"image\":{\"@id\":\"https:\/\/www.dakarmania.cz\/index.php\/2019\/08\/10\/hungarian-baja-sp-vrcholi\/#primaryimage\"},\"thumbnailUrl\":\"https:\/\/www.dakarmania.cz\/wp-content\/uploads\/2019\/08\/18-hungarian-baja-svitko-01.jpg\",\"keywords\":[\"2019\",\"Adam Tomiczek\",\"Aishwarya Pissay\",\"Alexandr Maximov\",\"Benjamin Melot\",\"Hungarian Baja\",\"Hungarian Baja 2019\",\"Juraj Varga\",\"KTM\",\"Kuba Pi\u0105tek\",\"Maciej Giemza\",\"Rosa Romero\",\"Sara Garc\u00eda\",\"Slovnaft Rally Team\",\"SP FIM baja\",\"SP FIM baja 2019\",\"\u0160tefan Svitko\",\"Tom\u00e1s de Gavardo\"],\"articleSection\":[\"FIM SP baja\",\"Hungarian Baja\",\"Moto\/Quad\"],\"inLanguage\":\"cs\"},{\"@type\":\"WebPage\",\"@id\":\"https:\/\/www.dakarmania.cz\/index.php\/2019\/08\/10\/hungarian-baja-sp-vrcholi\/\",\"url\":\"https:\/\/www.dakarmania.cz\/index.php\/2019\/08\/10\/hungarian-baja-sp-vrcholi\/\",\"name\":\"Hungarian Baja: Obh\u00e1jce Svitko se vrac\u00ed po zran\u011bn\u00ed. SP vrchol\u00ed - DAKARMANIA.cz\",\"isPartOf\":{\"@id\":\"https:\/\/www.dakarmania.cz\/#website\"},\"primaryImageOfPage\":{\"@id\":\"https:\/\/www.dakarmania.cz\/index.php\/2019\/08\/10\/hungarian-baja-sp-vrcholi\/#primaryimage\"},\"image\":{\"@id\":\"https:\/\/www.dakarmania.cz\/index.php\/2019\/08\/10\/hungarian-baja-sp-vrcholi\/#primaryimage\"},\"thumbnailUrl\":\"https:\/\/www.dakarmania.cz\/wp-content\/uploads\/2019\/08\/18-hungarian-baja-svitko-01.jpg\",\"datePublished\":\"2019-08-09T23:12:14+00:00\",\"dateModified\":\"2023-02-10T07:46:56+00:00\",\"description\":\"Hungarian Baja uzav\u0159e leto\u0161n\u00ed sezonu Sv\u011btov\u00e9ho poh\u00e1ru FIM v baj\u00e1ch. Definitivn\u011b rozhodnuto je\u0161t\u011b nen\u00ed v \u017e\u00e1dn\u00e9 z kategori\u00ed.\",\"breadcrumb\":{\"@id\":\"https:\/\/www.dakarmania.cz\/index.php\/2019\/08\/10\/hungarian-baja-sp-vrcholi\/#breadcrumb\"},\"inLanguage\":\"cs\",\"potentialAction\":[{\"@type\":\"ReadAction\",\"target\":[\"https:\/\/www.dakarmania.cz\/index.php\/2019\/08\/10\/hungarian-baja-sp-vrcholi\/\"]}]},{\"@type\":\"ImageObject\",\"inLanguage\":\"cs\",\"@id\":\"https:\/\/www.dakarmania.cz\/index.php\/2019\/08\/10\/hungarian-baja-sp-vrcholi\/#primaryimage\",\"url\":\"https:\/\/www.dakarmania.cz\/wp-content\/uploads\/2019\/08\/18-hungarian-baja-svitko-01.jpg\",\"contentUrl\":\"https:\/\/www.dakarmania.cz\/wp-content\/uploads\/2019\/08\/18-hungarian-baja-svitko-01.jpg\",\"width\":1201,\"height\":801,\"caption\":\"\u0160tefan Svitko, KTM 450 Rally Replica, Slovnaft Rally Team. Hungarian Baja 2018. \u00a9 Hungarian Baja Media\"},{\"@type\":\"BreadcrumbList\",\"@id\":\"https:\/\/www.dakarmania.cz\/index.php\/2019\/08\/10\/hungarian-baja-sp-vrcholi\/#breadcrumb\",\"itemListElement\":[{\"@type\":\"ListItem\",\"position\":1,\"name\":\"Dom\u016f\",\"item\":\"https:\/\/www.dakarmania.cz\/\"},{\"@type\":\"ListItem\",\"position\":2,\"name\":\"Hungarian Baja: Obh\u00e1jce Svitko se vrac\u00ed po zran\u011bn\u00ed. SP vrchol\u00ed\"}]},{\"@type\":\"WebSite\",\"@id\":\"https:\/\/www.dakarmania.cz\/#website\",\"url\":\"https:\/\/www.dakarmania.cz\/\",\"name\":\"DAKARMANIA.cz\",\"description\":\"\u017dijeme Dakarem cel\u00fd rok\",\"publisher\":{\"@id\":\"https:\/\/www.dakarmania.cz\/#organization\"},\"potentialAction\":[{\"@type\":\"SearchAction\",\"target\":{\"@type\":\"EntryPoint\",\"urlTemplate\":\"https:\/\/www.dakarmania.cz\/?s={search_term_string}\"},\"query-input\":{\"@type\":\"PropertyValueSpecification\",\"valueRequired\":true,\"valueName\":\"search_term_string\"}}],\"inLanguage\":\"cs\"},{\"@type\":\"Organization\",\"@id\":\"https:\/\/www.dakarmania.cz\/#organization\",\"name\":\"DAKAR MANIA\",\"url\":\"https:\/\/www.dakarmania.cz\/\",\"logo\":{\"@type\":\"ImageObject\",\"inLanguage\":\"cs\",\"@id\":\"https:\/\/www.dakarmania.cz\/#\/schema\/logo\/image\/\",\"url\":\"https:\/\/www.dakarmania.cz\/wp-content\/uploads\/2018\/12\/Dakar-Mania-Logo-Square-Orange.png\",\"contentUrl\":\"https:\/\/www.dakarmania.cz\/wp-content\/uploads\/2018\/12\/Dakar-Mania-Logo-Square-Orange.png\",\"width\":992,\"height\":992,\"caption\":\"DAKAR MANIA\"},\"image\":{\"@id\":\"https:\/\/www.dakarmania.cz\/#\/schema\/logo\/image\/\"},\"sameAs\":[\"https:\/\/www.facebook.com\/dakarmania\/\"]},{\"@type\":\"Person\",\"@id\":\"https:\/\/www.dakarmania.cz\/#\/schema\/person\/04eb0e87a389631c2169c0dddae7ff1e\",\"name\":\"Zden\u011bk Zelenka\",\"image\":{\"@type\":\"ImageObject\",\"inLanguage\":\"cs\",\"@id\":\"https:\/\/www.dakarmania.cz\/#\/schema\/person\/image\/\",\"url\":\"https:\/\/secure.gravatar.com\/avatar\/2c80d5a4942fe0900b73cc7d3837a509d6ee0a276a2b76dac95c92bd0763a89b?s=96&d=mm&r=g\",\"contentUrl\":\"https:\/\/secure.gravatar.com\/avatar\/2c80d5a4942fe0900b73cc7d3837a509d6ee0a276a2b76dac95c92bd0763a89b?s=96&d=mm&r=g\",\"caption\":\"Zden\u011bk Zelenka\"},\"description\":\"Moji d\u011bt\u0161t\u00ed hrdinov\u00e9 se jmenovali Loprais, Moskal, Neveu, Vatanen, Rahier... A tihle borci, jejich n\u00e1sledovn\u00edci a jejich p\u0159\u00edb\u011bhy m\u011b nep\u0159estali fascinovat ani po letech, kdy jsem vyrostl a zam\u011bstn\u00e1valy m\u011b jin\u00e9 discipl\u00edny motorsportu. Proto se zrodila DAKARMANIA.\",\"url\":\"https:\/\/www.dakarmania.cz\/index.php\/author\/dakarmania\/\"}]}<\/script>\n<!-- \/ Yoast SEO plugin. -->","yoast_head_json":{"title":"Hungarian Baja: Obh\u00e1jce Svitko se vrac\u00ed po zran\u011bn\u00ed. SP vrchol\u00ed - DAKARMANIA.cz","description":"Hungarian Baja uzav\u0159e leto\u0161n\u00ed sezonu Sv\u011btov\u00e9ho poh\u00e1ru FIM v baj\u00e1ch. Definitivn\u011b rozhodnuto je\u0161t\u011b nen\u00ed v \u017e\u00e1dn\u00e9 z kategori\u00ed.","robots":{"index":"index","follow":"follow","max-snippet":"max-snippet:-1","max-image-preview":"max-image-preview:large","max-video-preview":"max-video-preview:-1"},"canonical":"https:\/\/www.dakarmania.cz\/index.php\/2019\/08\/10\/hungarian-baja-sp-vrcholi\/","og_locale":"cs_CZ","og_type":"article","og_title":"Hungarian Baja: Obh\u00e1jce Svitko se vrac\u00ed po zran\u011bn\u00ed. SP vrchol\u00ed - DAKARMANIA.cz","og_description":"Hungarian Baja uzav\u0159e leto\u0161n\u00ed sezonu Sv\u011btov\u00e9ho poh\u00e1ru FIM v baj\u00e1ch. Definitivn\u011b rozhodnuto je\u0161t\u011b nen\u00ed v \u017e\u00e1dn\u00e9 z kategori\u00ed.","og_url":"https:\/\/www.dakarmania.cz\/index.php\/2019\/08\/10\/hungarian-baja-sp-vrcholi\/","og_site_name":"DAKARMANIA.cz","article_publisher":"https:\/\/www.facebook.com\/dakarmania\/","article_published_time":"2019-08-09T23:12:14+00:00","article_modified_time":"2023-02-10T07:46:56+00:00","og_image":[{"width":1201,"height":801,"url":"https:\/\/www.dakarmania.cz\/wp-content\/uploads\/2019\/08\/18-hungarian-baja-svitko-01.jpg","type":"image\/jpeg"}],"author":"Zden\u011bk Zelenka","twitter_card":"summary_large_image","twitter_misc":{"Napsal(a)":"Zden\u011bk Zelenka","Odhadovan\u00e1 doba \u010dten\u00ed":"3 minuty"},"schema":{"@context":"https:\/\/schema.org","@graph":[{"@type":"Article","@id":"https:\/\/www.dakarmania.cz\/index.php\/2019\/08\/10\/hungarian-baja-sp-vrcholi\/#article","isPartOf":{"@id":"https:\/\/www.dakarmania.cz\/index.php\/2019\/08\/10\/hungarian-baja-sp-vrcholi\/"},"author":{"name":"Zden\u011bk Zelenka","@id":"https:\/\/www.dakarmania.cz\/#\/schema\/person\/04eb0e87a389631c2169c0dddae7ff1e"},"headline":"Hungarian Baja: Obh\u00e1jce Svitko se vrac\u00ed po zran\u011bn\u00ed. SP vrchol\u00ed","datePublished":"2019-08-09T23:12:14+00:00","dateModified":"2023-02-10T07:46:56+00:00","mainEntityOfPage":{"@id":"https:\/\/www.dakarmania.cz\/index.php\/2019\/08\/10\/hungarian-baja-sp-vrcholi\/"},"wordCount":800,"publisher":{"@id":"https:\/\/www.dakarmania.cz\/#organization"},"image":{"@id":"https:\/\/www.dakarmania.cz\/index.php\/2019\/08\/10\/hungarian-baja-sp-vrcholi\/#primaryimage"},"thumbnailUrl":"https:\/\/www.dakarmania.cz\/wp-content\/uploads\/2019\/08\/18-hungarian-baja-svitko-01.jpg","keywords":["2019","Adam Tomiczek","Aishwarya Pissay","Alexandr Maximov","Benjamin Melot","Hungarian Baja","Hungarian Baja 2019","Juraj Varga","KTM","Kuba Pi\u0105tek","Maciej Giemza","Rosa Romero","Sara Garc\u00eda","Slovnaft Rally Team","SP FIM baja","SP FIM baja 2019","\u0160tefan Svitko","Tom\u00e1s de Gavardo"],"articleSection":["FIM SP baja","Hungarian Baja","Moto\/Quad"],"inLanguage":"cs"},{"@type":"WebPage","@id":"https:\/\/www.dakarmania.cz\/index.php\/2019\/08\/10\/hungarian-baja-sp-vrcholi\/","url":"https:\/\/www.dakarmania.cz\/index.php\/2019\/08\/10\/hungarian-baja-sp-vrcholi\/","name":"Hungarian Baja: Obh\u00e1jce Svitko se vrac\u00ed po zran\u011bn\u00ed. SP vrchol\u00ed - DAKARMANIA.cz","isPartOf":{"@id":"https:\/\/www.dakarmania.cz\/#website"},"primaryImageOfPage":{"@id":"https:\/\/www.dakarmania.cz\/index.php\/2019\/08\/10\/hungarian-baja-sp-vrcholi\/#primaryimage"},"image":{"@id":"https:\/\/www.dakarmania.cz\/index.php\/2019\/08\/10\/hungarian-baja-sp-vrcholi\/#primaryimage"},"thumbnailUrl":"https:\/\/www.dakarmania.cz\/wp-content\/uploads\/2019\/08\/18-hungarian-baja-svitko-01.jpg","datePublished":"2019-08-09T23:12:14+00:00","dateModified":"2023-02-10T07:46:56+00:00","description":"Hungarian Baja uzav\u0159e leto\u0161n\u00ed sezonu Sv\u011btov\u00e9ho poh\u00e1ru FIM v baj\u00e1ch. Definitivn\u011b rozhodnuto je\u0161t\u011b nen\u00ed v \u017e\u00e1dn\u00e9 z kategori\u00ed.","breadcrumb":{"@id":"https:\/\/www.dakarmania.cz\/index.php\/2019\/08\/10\/hungarian-baja-sp-vrcholi\/#breadcrumb"},"inLanguage":"cs","potentialAction":[{"@type":"ReadAction","target":["https:\/\/www.dakarmania.cz\/index.php\/2019\/08\/10\/hungarian-baja-sp-vrcholi\/"]}]},{"@type":"ImageObject","inLanguage":"cs","@id":"https:\/\/www.dakarmania.cz\/index.php\/2019\/08\/10\/hungarian-baja-sp-vrcholi\/#primaryimage","url":"https:\/\/www.dakarmania.cz\/wp-content\/uploads\/2019\/08\/18-hungarian-baja-svitko-01.jpg","contentUrl":"https:\/\/www.dakarmania.cz\/wp-content\/uploads\/2019\/08\/18-hungarian-baja-svitko-01.jpg","width":1201,"height":801,"caption":"\u0160tefan Svitko, KTM 450 Rally Replica, Slovnaft Rally Team. Hungarian Baja 2018. \u00a9 Hungarian Baja Media"},{"@type":"BreadcrumbList","@id":"https:\/\/www.dakarmania.cz\/index.php\/2019\/08\/10\/hungarian-baja-sp-vrcholi\/#breadcrumb","itemListElement":[{"@type":"ListItem","position":1,"name":"Dom\u016f","item":"https:\/\/www.dakarmania.cz\/"},{"@type":"ListItem","position":2,"name":"Hungarian Baja: Obh\u00e1jce Svitko se vrac\u00ed po zran\u011bn\u00ed. SP vrchol\u00ed"}]},{"@type":"WebSite","@id":"https:\/\/www.dakarmania.cz\/#website","url":"https:\/\/www.dakarmania.cz\/","name":"DAKARMANIA.cz","description":"\u017dijeme Dakarem cel\u00fd rok","publisher":{"@id":"https:\/\/www.dakarmania.cz\/#organization"},"potentialAction":[{"@type":"SearchAction","target":{"@type":"EntryPoint","urlTemplate":"https:\/\/www.dakarmania.cz\/?s={search_term_string}"},"query-input":{"@type":"PropertyValueSpecification","valueRequired":true,"valueName":"search_term_string"}}],"inLanguage":"cs"},{"@type":"Organization","@id":"https:\/\/www.dakarmania.cz\/#organization","name":"DAKAR MANIA","url":"https:\/\/www.dakarmania.cz\/","logo":{"@type":"ImageObject","inLanguage":"cs","@id":"https:\/\/www.dakarmania.cz\/#\/schema\/logo\/image\/","url":"https:\/\/www.dakarmania.cz\/wp-content\/uploads\/2018\/12\/Dakar-Mania-Logo-Square-Orange.png","contentUrl":"https:\/\/www.dakarmania.cz\/wp-content\/uploads\/2018\/12\/Dakar-Mania-Logo-Square-Orange.png","width":992,"height":992,"caption":"DAKAR MANIA"},"image":{"@id":"https:\/\/www.dakarmania.cz\/#\/schema\/logo\/image\/"},"sameAs":["https:\/\/www.facebook.com\/dakarmania\/"]},{"@type":"Person","@id":"https:\/\/www.dakarmania.cz\/#\/schema\/person\/04eb0e87a389631c2169c0dddae7ff1e","name":"Zden\u011bk Zelenka","image":{"@type":"ImageObject","inLanguage":"cs","@id":"https:\/\/www.dakarmania.cz\/#\/schema\/person\/image\/","url":"https:\/\/secure.gravatar.com\/avatar\/2c80d5a4942fe0900b73cc7d3837a509d6ee0a276a2b76dac95c92bd0763a89b?s=96&d=mm&r=g","contentUrl":"https:\/\/secure.gravatar.com\/avatar\/2c80d5a4942fe0900b73cc7d3837a509d6ee0a276a2b76dac95c92bd0763a89b?s=96&d=mm&r=g","caption":"Zden\u011bk Zelenka"},"description":"Moji d\u011bt\u0161t\u00ed hrdinov\u00e9 se jmenovali Loprais, Moskal, Neveu, Vatanen, Rahier... A tihle borci, jejich n\u00e1sledovn\u00edci a jejich p\u0159\u00edb\u011bhy m\u011b nep\u0159estali fascinovat ani po letech, kdy jsem vyrostl a zam\u011bstn\u00e1valy m\u011b jin\u00e9 discipl\u00edny motorsportu. Proto se zrodila DAKARMANIA.","url":"https:\/\/www.dakarmania.cz\/index.php\/author\/dakarmania\/"}]}},"amp_enabled":true,"_links":{"self":[{"href":"https:\/\/www.dakarmania.cz\/index.php\/wp-json\/wp\/v2\/posts\/9559","targetHints":{"allow":["GET"]}}],"collection":[{"href":"https:\/\/www.dakarmania.cz\/index.php\/wp-json\/wp\/v2\/posts"}],"about":[{"href":"https:\/\/www.dakarmania.cz\/index.php\/wp-json\/wp\/v2\/types\/post"}],"author":[{"embeddable":true,"href":"https:\/\/www.dakarmania.cz\/index.php\/wp-json\/wp\/v2\/users\/1"}],"replies":[{"embeddable":true,"href":"https:\/\/www.dakarmania.cz\/index.php\/wp-json\/wp\/v2\/comments?post=9559"}],"version-history":[{"count":8,"href":"https:\/\/www.dakarmania.cz\/index.php\/wp-json\/wp\/v2\/posts\/9559\/revisions"}],"predecessor-version":[{"id":21797,"href":"https:\/\/www.dakarmania.cz\/index.php\/wp-json\/wp\/v2\/posts\/9559\/revisions\/21797"}],"wp:featuredmedia":[{"embeddable":true,"href":"https:\/\/www.dakarmania.cz\/index.php\/wp-json\/wp\/v2\/media\/9556"}],"wp:attachment":[{"href":"https:\/\/www.dakarmania.cz\/index.php\/wp-json\/wp\/v2\/media?parent=9559"}],"wp:term":[{"taxonomy":"category","embeddable":true,"href":"https:\/\/www.dakarmania.cz\/index.php\/wp-json\/wp\/v2\/categories?post=9559"},{"taxonomy":"post_tag","embeddable":true,"href":"https:\/\/www.dakarmania.cz\/index.php\/wp-json\/wp\/v2\/tags?post=9559"}],"curies":[{"name":"wp","href":"https:\/\/api.w.org\/{rel}","templated":true}]}}