{"id":958,"date":"2018-11-16T11:47:25","date_gmt":"2018-11-16T11:47:25","guid":{"rendered":"http:\/\/www.dakarmania.cz\/?p=958"},"modified":"2023-06-08T12:27:33","modified_gmt":"2023-06-08T10:27:33","slug":"dakar-2019-macik-pripraven-bojovat-o-stupne-vitezu","status":"publish","type":"post","link":"https:\/\/www.dakarmania.cz\/index.php\/2018\/11\/16\/dakar-2019-macik-pripraven-bojovat-o-stupne-vitezu\/","title":{"rendered":"Dakar 2019: Martin Mac\u00edk p\u0159ipraven bojovat o stupn\u011b v\u00edt\u011bz\u016f"},"content":{"rendered":"\r\n<h4 class=\"wp-block-heading\">Na po\u010d\u00e1tku p\u0159\u00ed\u0161t\u00edho roku odstartuje Martin Mac\u00edk do Rally Dakar u\u017e posedm\u00e9 a pop\u00e1t\u00e9 v roli \u0159idi\u010de sout\u011b\u017en\u00edho kamionu. Po p\u00e1t\u00e9m m\u00edst\u011b, kter\u00e9 v kategorii kamion\u016f vybojoval letos, chce tentokr\u00e1t \u00fato\u010dit na stupn\u011b v\u00edt\u011bz\u016f.<\/h4>\r\n\r\n\r\n\r\n<p>Liaz 111.154 t\u00fdmu Big Shock Racing pojede se startovn\u00edm \u010d\u00edslem 504 a s pozm\u011bn\u011bnou pos\u00e1dkou. Zat\u00edmco zku\u0161en\u00fd navig\u00e1tor Franti\u0161ek Tom\u00e1\u0161ek v sestav\u011b z\u016fst\u00e1v\u00e1, mechanika Michala Mrkvu st\u0159\u00edd\u00e1 slovensk\u00fd kolega a dakarsk\u00fd debutant Luk\u00e1\u0161 Kalanka, kter\u00fd se kv\u016fli pr\u00e1ci v t\u00fdmu Big Shock Racing nev\u00e1hal s celou rodinou p\u0159est\u011bhovat na Sedl\u010dansko.<\/p>\r\n\r\n\r\n\r\n<p>Mac\u00edkova pos\u00e1dka chce nav\u00e1zat na \u00fasp\u011b\u0161n\u00fd Dakar 2018, kdy dos\u00e1hla nejlep\u0161\u00edho v\u00fdsledku ze v\u0161ech \u010cech\u016f nap\u0159\u00ed\u010d kategoriemi. Velkou motivac\u00ed je tak\u00e9 p\u0159ekon\u00e1n\u00ed maxima Martinova otce Martina Mac\u00edka star\u0161\u00edho, kter\u00fd v roce 2010 obsadil v kategorii kamion\u016f \u010dtvrt\u00e9 m\u00edsto, co\u017e je dodnes nejlep\u0161\u00ed um\u00edst\u011bn\u00ed \u010desk\u00e9 kamionov\u00e9 pos\u00e1dky na Dakaru od p\u0159esunu sout\u011b\u017ee do Ji\u017en\u00ed Ameriky.<\/p>\r\n\r\n\r\n\r\n<p>Dakarsk\u00fd speci\u00e1l, kter\u00e9mu v t\u00fdmu nikdo ne\u0159ekne jinak ne\u017e Franta, pro\u0161el b\u011bhem uplynul\u00e9ho roku dal\u0161\u00edm v\u00fdvojem, jeho\u017e v\u00fdsledkem je zv\u00fd\u0161en\u00ed v\u00fdkonu na 1100 kon\u00ed a lep\u0161\u00ed ovladatelnost.<\/p>\r\n\r\n\r\n\r\n<p><em>\u201ePracovali jsme na vyv\u00e1\u017een\u00ed auta, brzd\u00edc\u00ed soustav\u011b a mechanici vylep\u0161ili tak\u00e9 vrtuli, kter\u00e1 loni v p\u00edsku trochu zlobila. Franta bude m\u00edt v\u011bt\u0161\u00ed palivov\u00e9 n\u00e1dr\u017ee a \u00fapravami pro\u0161la i kabina,\u201c<\/em> popisuje dal\u0161\u00ed zm\u011bny \u0161\u00e9f t\u00fdmu <strong>Martin Mac\u00edk<\/strong> star\u0161\u00ed.<\/p>\r\n\r\n\r\n\r\n<p>V r\u00e1mci p\u0159\u00edpravy na Dakar t\u00fdm tr\u00e9noval a testoval u\u017e na p\u0159elomu kv\u011btna a \u010dervna t\u00e9m\u011b\u0159 cel\u00fd m\u011bs\u00edc na Saha\u0159e v Tunisku a n\u00e1sledn\u011b prov\u011b\u0159il techniku i souhru pos\u00e1dky na t\u0159ech sout\u011b\u017e\u00edch.<\/p>\r\n\r\n\r\n\r\n<p>Na \u010dervencov\u00e9m podniku Baja Espa\u00f1a Arag\u00f3n, p\u0159i n\u011bm\u017e Big Shock Racing obhajoval v\u00edt\u011bzstv\u00ed v kategorii kamion\u016f z roku 2017, startoval s Mac\u00edkem a Tom\u00e1\u0161kem je\u0161t\u011b mechanik Mrkva. Po dvou prora\u017een\u00fdch pneumatik\u00e1ch v pr\u016fb\u011bhu sobotn\u00ed etapy si tentokr\u00e1t odvezli poh\u00e1ry za druh\u00e9 m\u00edsto. <\/p>\r\n\r\n\r\n\r\n<figure class=\"wp-block-image\"><img loading=\"lazy\" decoding=\"async\" width=\"1024\" height=\"684\" src=\"http:\/\/www.dakarmania.cz\/wp-content\/uploads\/2018\/12\/18-rallye-du-maroc-macik-1024x684.jpg\" alt=\"Big Shock Racing, Maroko 2018\" class=\"wp-image-957\" srcset=\"https:\/\/www.dakarmania.cz\/wp-content\/uploads\/2018\/12\/18-rallye-du-maroc-macik.jpg 1024w, https:\/\/www.dakarmania.cz\/wp-content\/uploads\/2018\/12\/18-rallye-du-maroc-macik-300x200.jpg 300w, https:\/\/www.dakarmania.cz\/wp-content\/uploads\/2018\/12\/18-rallye-du-maroc-macik-768x513.jpg 768w, https:\/\/www.dakarmania.cz\/wp-content\/uploads\/2018\/12\/18-rallye-du-maroc-macik-823x550.jpg 823w, https:\/\/www.dakarmania.cz\/wp-content\/uploads\/2018\/12\/18-rallye-du-maroc-macik-446x298.jpg 446w, https:\/\/www.dakarmania.cz\/wp-content\/uploads\/2018\/12\/18-rallye-du-maroc-macik-599x400.jpg 599w\" sizes=\"auto, (max-width: 1024px) 100vw, 1024px\" \/><figcaption>L. Kalanka, F. Tom\u00e1\u0161ek a M. Mac\u00edk, Liaz 111.154, Big Shock Racing. Rallye du Maroc 2018. Foto: Big Shock Racing<\/figcaption><\/figure>\r\n\r\n\r\n\r\n<hr class=\"wp-block-separator\"\/>\r\n\r\n\r\n\r\n<p>Kalanka v sestav\u011b debutoval na po\u010d\u00e1tku z\u00e1\u0159\u00ed p\u0159i podniku Baja Poland, kde sice \u010desko-slovensk\u00e1 pos\u00e1dka jela jako jedin\u00e1 s kamionem, p\u0159esto si dob\u0159e zatr\u00e9novala a obsadila 11. m\u00edsto mezi automobily nap\u0159\u00ed\u010d kategoriemi.<\/p>\r\n\r\n\r\n\r\n<p>Konkurenci v kategorii kamion\u016f nem\u011bli Mac\u00edk a spol. ani p\u0159i \u0159\u00edjnov\u00e9 Rallye du Maroc, nicm\u00e9n\u011b dal\u0161\u00ed zku\u0161enosti z pou\u0161t\u011b a dev\u00e1t\u00e9 m\u00edsto celkov\u011b m\u011bly tak\u00e9 svou nezpochybnitelnou hodnotu.<\/p>\r\n\r\n\r\n\r\n<p>V Peru bude Mac\u00edk mlad\u0161\u00ed z\u00e1vodit v r\u00e1mci Rally Dakar u\u017e pot\u0159et\u00ed, proto m\u00e1 jasnou p\u0159edstavu, co jej b\u011bhem zdej\u0161\u00edch etap \u010dek\u00e1.<\/p>\r\n\r\n\r\n\r\n<p><em>\u201eT\u011b\u0161\u00edme se na p\u00edsek, i kdy\u017e n\u00e1s trochu mrz\u00ed, \u017ee budou chyb\u011bt Argentina a Bol\u00edvie. Tra\u0165 bude trochu jednotv\u00e1rn\u011bj\u0161\u00ed, Peru, to je pou\u0161\u0165, p\u00edsek, duny a technick\u00e1 j\u00edzda. V tom si libujeme. I kdy\u017e to bude po\u0159\u00e1dn\u00fd masakr,\u201c<\/em> upozor\u0148uje <strong>Martin Mac\u00edk<\/strong>. <em>\u201eHlavn\u011b nezmatkovat. Nesk\u00e1kat. Jet plynule, bez stresu. Soust\u0159edit se. V p\u00edsku nen\u00ed prostor pro chyby, za ka\u017edou se plat\u00ed dlouh\u00fdmi ztracen\u00fdmi minutami. Pom\u00e1hat si budeme podhu\u0161t\u011bn\u00edm pneumatik. Navig\u00e1tor Franti\u0161ek Tom\u00e1\u0161ek se rozcvi\u010dil v Maroku. Za rok jsme se zase posunuli o kus d\u00e1l.\u201c<\/em><\/p>\r\n\r\n\r\n\r\n<p>41. ro\u010dn\u00edk Rally Dakar se poprv\u00e9 v historii sout\u011b\u017ee uskute\u010dn\u00ed v jedin\u00e9 zemi, konkr\u00e9tn\u011b v ji\u017en\u00ed \u010d\u00e1sti Peru. Na \u00fa\u010dastn\u00edky \u010dek\u00e1 deset n\u00e1ro\u010dn\u00fdch etap p\u0159ev\u00e1\u017en\u011b v p\u00edse\u010dn\u00fdch dun\u00e1ch. Celkem <a href=\"http:\/\/www.dakarmania.cz\/index.php\/2018\/11\/27\/dakar-2019-5500-km-v-peruanskych-poustich\/\">trasa m\u011b\u0159\u00ed p\u0159es 5500 kilometr\u016f<\/a>, z nich\u017e se t\u00e9m\u011b\u0159 3000 pojedou na \u010das. Sout\u011b\u017e odstartuje 6. ledna v Lim\u011b a 17. ledna v peru\u00e1nsk\u00e9m hlavn\u00edm m\u011bst\u011b tak\u00e9 skon\u010d\u00ed.<\/p>\r\n\r\n\r\n\r\n<p>T\u00fdm Big Shock Racing bude na Dakaru 2019 reprezentovat tak\u00e9 <a href=\"http:\/\/www.dakarmania.cz\/index.php\/2018\/11\/18\/dakar-2019-brabec-zrychlil-a-zlepsil-navigaci\/\">motocyklista Jan Brabec<\/a>.<\/p>\r\n","protected":false},"excerpt":{"rendered":"<p>Preview t\u00fdmu Big Shock Racing p\u0159ed Rally Dakar 2019<\/p>\n","protected":false},"author":1,"featured_media":956,"comment_status":"closed","ping_status":"closed","sticky":false,"template":"","format":"standard","meta":{"footnotes":""},"categories":[16,2],"tags":[111,8,9,117,112,116,114,115],"class_list":["post-958","post","type-post","status-publish","format-standard","has-post-thumbnail","hentry","category-kamion","category-dakar","tag-big-shock-racing","tag-dakar","tag-dakar-2019","tag-frantisek-tomasek","tag-liaz","tag-lukas-kalanka","tag-martin-macik-ml","tag-martin-macik-st"],"yoast_head":"<!-- This site is optimized with the Yoast SEO plugin v24.9 - https:\/\/yoast.com\/wordpress\/plugins\/seo\/ -->\n<title>Dakar 2019: Martin Mac\u00edk p\u0159ipraven bojovat o stupn\u011b v\u00edt\u011bz\u016f - DAKARMANIA.cz<\/title>\n<meta name=\"description\" content=\"Martin Mac\u00edk odstartuje do Rally Dakar u\u017e pop\u00e1t\u00e9 v roli \u0159idi\u010de sout\u011b\u017en\u00edho kamionu. Po p\u00e1t\u00e9m m\u00edst\u011b z roku 2018 chce tentokr\u00e1t \u00fato\u010dit na stupn\u011b v\u00edt\u011bz\u016f.\" \/>\n<meta name=\"robots\" content=\"index, follow, max-snippet:-1, max-image-preview:large, max-video-preview:-1\" \/>\n<link rel=\"canonical\" href=\"https:\/\/www.dakarmania.cz\/index.php\/2018\/11\/16\/dakar-2019-macik-pripraven-bojovat-o-stupne-vitezu\/\" \/>\n<meta property=\"og:locale\" content=\"cs_CZ\" \/>\n<meta property=\"og:type\" content=\"article\" \/>\n<meta property=\"og:title\" content=\"Dakar 2019: Martin Mac\u00edk p\u0159ipraven bojovat o stupn\u011b v\u00edt\u011bz\u016f - DAKARMANIA.cz\" \/>\n<meta property=\"og:description\" content=\"Martin Mac\u00edk odstartuje do Rally Dakar u\u017e pop\u00e1t\u00e9 v roli \u0159idi\u010de sout\u011b\u017en\u00edho kamionu. Po p\u00e1t\u00e9m m\u00edst\u011b z roku 2018 chce tentokr\u00e1t \u00fato\u010dit na stupn\u011b v\u00edt\u011bz\u016f.\" \/>\n<meta property=\"og:url\" content=\"https:\/\/www.dakarmania.cz\/index.php\/2018\/11\/16\/dakar-2019-macik-pripraven-bojovat-o-stupne-vitezu\/\" \/>\n<meta property=\"og:site_name\" content=\"DAKARMANIA.cz\" \/>\n<meta property=\"article:publisher\" content=\"https:\/\/www.facebook.com\/dakarmania\/\" \/>\n<meta property=\"article:published_time\" content=\"2018-11-16T11:47:25+00:00\" \/>\n<meta property=\"article:modified_time\" content=\"2023-06-08T10:27:33+00:00\" \/>\n<meta property=\"og:image\" content=\"https:\/\/www.dakarmania.cz\/wp-content\/uploads\/2018\/12\/18-dakar-macik-01.jpg\" \/>\n\t<meta property=\"og:image:width\" content=\"1024\" \/>\n\t<meta property=\"og:image:height\" content=\"682\" \/>\n\t<meta property=\"og:image:type\" content=\"image\/jpeg\" \/>\n<meta name=\"author\" content=\"Zden\u011bk Zelenka\" \/>\n<meta name=\"twitter:card\" content=\"summary_large_image\" \/>\n<meta name=\"twitter:label1\" content=\"Napsal(a)\" \/>\n\t<meta name=\"twitter:data1\" content=\"Zden\u011bk Zelenka\" \/>\n\t<meta name=\"twitter:label2\" content=\"Odhadovan\u00e1 doba \u010dten\u00ed\" \/>\n\t<meta name=\"twitter:data2\" content=\"4 minuty\" \/>\n<script type=\"application\/ld+json\" class=\"yoast-schema-graph\">{\"@context\":\"https:\/\/schema.org\",\"@graph\":[{\"@type\":\"Article\",\"@id\":\"https:\/\/www.dakarmania.cz\/index.php\/2018\/11\/16\/dakar-2019-macik-pripraven-bojovat-o-stupne-vitezu\/#article\",\"isPartOf\":{\"@id\":\"https:\/\/www.dakarmania.cz\/index.php\/2018\/11\/16\/dakar-2019-macik-pripraven-bojovat-o-stupne-vitezu\/\"},\"author\":{\"name\":\"Zden\u011bk Zelenka\",\"@id\":\"https:\/\/www.dakarmania.cz\/#\/schema\/person\/04eb0e87a389631c2169c0dddae7ff1e\"},\"headline\":\"Dakar 2019: Martin Mac\u00edk p\u0159ipraven bojovat o stupn\u011b v\u00edt\u011bz\u016f\",\"datePublished\":\"2018-11-16T11:47:25+00:00\",\"dateModified\":\"2023-06-08T10:27:33+00:00\",\"mainEntityOfPage\":{\"@id\":\"https:\/\/www.dakarmania.cz\/index.php\/2018\/11\/16\/dakar-2019-macik-pripraven-bojovat-o-stupne-vitezu\/\"},\"wordCount\":715,\"publisher\":{\"@id\":\"https:\/\/www.dakarmania.cz\/#organization\"},\"image\":{\"@id\":\"https:\/\/www.dakarmania.cz\/index.php\/2018\/11\/16\/dakar-2019-macik-pripraven-bojovat-o-stupne-vitezu\/#primaryimage\"},\"thumbnailUrl\":\"https:\/\/www.dakarmania.cz\/wp-content\/uploads\/2018\/12\/18-dakar-macik-01.jpg\",\"keywords\":[\"Big Shock! Racing\",\"Dakar\",\"Dakar 2019\",\"Franti\u0161ek Tom\u00e1\u0161ek\",\"Liaz\",\"Luk\u00e1\u0161 Kalanka\",\"Martin Mac\u00edk ml.\",\"Martin Mac\u00edk st.\"],\"articleSection\":[\"Kamiony\",\"Rally Dakar\"],\"inLanguage\":\"cs\"},{\"@type\":\"WebPage\",\"@id\":\"https:\/\/www.dakarmania.cz\/index.php\/2018\/11\/16\/dakar-2019-macik-pripraven-bojovat-o-stupne-vitezu\/\",\"url\":\"https:\/\/www.dakarmania.cz\/index.php\/2018\/11\/16\/dakar-2019-macik-pripraven-bojovat-o-stupne-vitezu\/\",\"name\":\"Dakar 2019: Martin Mac\u00edk p\u0159ipraven bojovat o stupn\u011b v\u00edt\u011bz\u016f - DAKARMANIA.cz\",\"isPartOf\":{\"@id\":\"https:\/\/www.dakarmania.cz\/#website\"},\"primaryImageOfPage\":{\"@id\":\"https:\/\/www.dakarmania.cz\/index.php\/2018\/11\/16\/dakar-2019-macik-pripraven-bojovat-o-stupne-vitezu\/#primaryimage\"},\"image\":{\"@id\":\"https:\/\/www.dakarmania.cz\/index.php\/2018\/11\/16\/dakar-2019-macik-pripraven-bojovat-o-stupne-vitezu\/#primaryimage\"},\"thumbnailUrl\":\"https:\/\/www.dakarmania.cz\/wp-content\/uploads\/2018\/12\/18-dakar-macik-01.jpg\",\"datePublished\":\"2018-11-16T11:47:25+00:00\",\"dateModified\":\"2023-06-08T10:27:33+00:00\",\"description\":\"Martin Mac\u00edk odstartuje do Rally Dakar u\u017e pop\u00e1t\u00e9 v roli \u0159idi\u010de sout\u011b\u017en\u00edho kamionu. Po p\u00e1t\u00e9m m\u00edst\u011b z roku 2018 chce tentokr\u00e1t \u00fato\u010dit na stupn\u011b v\u00edt\u011bz\u016f.\",\"breadcrumb\":{\"@id\":\"https:\/\/www.dakarmania.cz\/index.php\/2018\/11\/16\/dakar-2019-macik-pripraven-bojovat-o-stupne-vitezu\/#breadcrumb\"},\"inLanguage\":\"cs\",\"potentialAction\":[{\"@type\":\"ReadAction\",\"target\":[\"https:\/\/www.dakarmania.cz\/index.php\/2018\/11\/16\/dakar-2019-macik-pripraven-bojovat-o-stupne-vitezu\/\"]}]},{\"@type\":\"ImageObject\",\"inLanguage\":\"cs\",\"@id\":\"https:\/\/www.dakarmania.cz\/index.php\/2018\/11\/16\/dakar-2019-macik-pripraven-bojovat-o-stupne-vitezu\/#primaryimage\",\"url\":\"https:\/\/www.dakarmania.cz\/wp-content\/uploads\/2018\/12\/18-dakar-macik-01.jpg\",\"contentUrl\":\"https:\/\/www.dakarmania.cz\/wp-content\/uploads\/2018\/12\/18-dakar-macik-01.jpg\",\"width\":1024,\"height\":682,\"caption\":\"M. Mac\u00edk \/ F. Tom\u00e1\u0161ek \/ M. Mrkva, Liaz 111.154, Big Shock Racing. Rally Dakar 2018. Foto: Big Shock Racing\"},{\"@type\":\"BreadcrumbList\",\"@id\":\"https:\/\/www.dakarmania.cz\/index.php\/2018\/11\/16\/dakar-2019-macik-pripraven-bojovat-o-stupne-vitezu\/#breadcrumb\",\"itemListElement\":[{\"@type\":\"ListItem\",\"position\":1,\"name\":\"Dom\u016f\",\"item\":\"https:\/\/www.dakarmania.cz\/\"},{\"@type\":\"ListItem\",\"position\":2,\"name\":\"Dakar 2019: Martin Mac\u00edk p\u0159ipraven bojovat o stupn\u011b v\u00edt\u011bz\u016f\"}]},{\"@type\":\"WebSite\",\"@id\":\"https:\/\/www.dakarmania.cz\/#website\",\"url\":\"https:\/\/www.dakarmania.cz\/\",\"name\":\"DAKARMANIA.cz\",\"description\":\"\u017dijeme Dakarem cel\u00fd rok\",\"publisher\":{\"@id\":\"https:\/\/www.dakarmania.cz\/#organization\"},\"potentialAction\":[{\"@type\":\"SearchAction\",\"target\":{\"@type\":\"EntryPoint\",\"urlTemplate\":\"https:\/\/www.dakarmania.cz\/?s={search_term_string}\"},\"query-input\":{\"@type\":\"PropertyValueSpecification\",\"valueRequired\":true,\"valueName\":\"search_term_string\"}}],\"inLanguage\":\"cs\"},{\"@type\":\"Organization\",\"@id\":\"https:\/\/www.dakarmania.cz\/#organization\",\"name\":\"DAKAR MANIA\",\"url\":\"https:\/\/www.dakarmania.cz\/\",\"logo\":{\"@type\":\"ImageObject\",\"inLanguage\":\"cs\",\"@id\":\"https:\/\/www.dakarmania.cz\/#\/schema\/logo\/image\/\",\"url\":\"https:\/\/www.dakarmania.cz\/wp-content\/uploads\/2018\/12\/Dakar-Mania-Logo-Square-Orange.png\",\"contentUrl\":\"https:\/\/www.dakarmania.cz\/wp-content\/uploads\/2018\/12\/Dakar-Mania-Logo-Square-Orange.png\",\"width\":992,\"height\":992,\"caption\":\"DAKAR MANIA\"},\"image\":{\"@id\":\"https:\/\/www.dakarmania.cz\/#\/schema\/logo\/image\/\"},\"sameAs\":[\"https:\/\/www.facebook.com\/dakarmania\/\"]},{\"@type\":\"Person\",\"@id\":\"https:\/\/www.dakarmania.cz\/#\/schema\/person\/04eb0e87a389631c2169c0dddae7ff1e\",\"name\":\"Zden\u011bk Zelenka\",\"image\":{\"@type\":\"ImageObject\",\"inLanguage\":\"cs\",\"@id\":\"https:\/\/www.dakarmania.cz\/#\/schema\/person\/image\/\",\"url\":\"https:\/\/secure.gravatar.com\/avatar\/2c80d5a4942fe0900b73cc7d3837a509d6ee0a276a2b76dac95c92bd0763a89b?s=96&d=mm&r=g\",\"contentUrl\":\"https:\/\/secure.gravatar.com\/avatar\/2c80d5a4942fe0900b73cc7d3837a509d6ee0a276a2b76dac95c92bd0763a89b?s=96&d=mm&r=g\",\"caption\":\"Zden\u011bk Zelenka\"},\"description\":\"Moji d\u011bt\u0161t\u00ed hrdinov\u00e9 se jmenovali Loprais, Moskal, Neveu, Vatanen, Rahier... A tihle borci, jejich n\u00e1sledovn\u00edci a jejich p\u0159\u00edb\u011bhy m\u011b nep\u0159estali fascinovat ani po letech, kdy jsem vyrostl a zam\u011bstn\u00e1valy m\u011b jin\u00e9 discipl\u00edny motorsportu. Proto se zrodila DAKARMANIA.\",\"url\":\"https:\/\/www.dakarmania.cz\/index.php\/author\/dakarmania\/\"}]}<\/script>\n<!-- \/ Yoast SEO plugin. -->","yoast_head_json":{"title":"Dakar 2019: Martin Mac\u00edk p\u0159ipraven bojovat o stupn\u011b v\u00edt\u011bz\u016f - DAKARMANIA.cz","description":"Martin Mac\u00edk odstartuje do Rally Dakar u\u017e pop\u00e1t\u00e9 v roli \u0159idi\u010de sout\u011b\u017en\u00edho kamionu. Po p\u00e1t\u00e9m m\u00edst\u011b z roku 2018 chce tentokr\u00e1t \u00fato\u010dit na stupn\u011b v\u00edt\u011bz\u016f.","robots":{"index":"index","follow":"follow","max-snippet":"max-snippet:-1","max-image-preview":"max-image-preview:large","max-video-preview":"max-video-preview:-1"},"canonical":"https:\/\/www.dakarmania.cz\/index.php\/2018\/11\/16\/dakar-2019-macik-pripraven-bojovat-o-stupne-vitezu\/","og_locale":"cs_CZ","og_type":"article","og_title":"Dakar 2019: Martin Mac\u00edk p\u0159ipraven bojovat o stupn\u011b v\u00edt\u011bz\u016f - DAKARMANIA.cz","og_description":"Martin Mac\u00edk odstartuje do Rally Dakar u\u017e pop\u00e1t\u00e9 v roli \u0159idi\u010de sout\u011b\u017en\u00edho kamionu. Po p\u00e1t\u00e9m m\u00edst\u011b z roku 2018 chce tentokr\u00e1t \u00fato\u010dit na stupn\u011b v\u00edt\u011bz\u016f.","og_url":"https:\/\/www.dakarmania.cz\/index.php\/2018\/11\/16\/dakar-2019-macik-pripraven-bojovat-o-stupne-vitezu\/","og_site_name":"DAKARMANIA.cz","article_publisher":"https:\/\/www.facebook.com\/dakarmania\/","article_published_time":"2018-11-16T11:47:25+00:00","article_modified_time":"2023-06-08T10:27:33+00:00","og_image":[{"width":1024,"height":682,"url":"https:\/\/www.dakarmania.cz\/wp-content\/uploads\/2018\/12\/18-dakar-macik-01.jpg","type":"image\/jpeg"}],"author":"Zden\u011bk Zelenka","twitter_card":"summary_large_image","twitter_misc":{"Napsal(a)":"Zden\u011bk Zelenka","Odhadovan\u00e1 doba \u010dten\u00ed":"4 minuty"},"schema":{"@context":"https:\/\/schema.org","@graph":[{"@type":"Article","@id":"https:\/\/www.dakarmania.cz\/index.php\/2018\/11\/16\/dakar-2019-macik-pripraven-bojovat-o-stupne-vitezu\/#article","isPartOf":{"@id":"https:\/\/www.dakarmania.cz\/index.php\/2018\/11\/16\/dakar-2019-macik-pripraven-bojovat-o-stupne-vitezu\/"},"author":{"name":"Zden\u011bk Zelenka","@id":"https:\/\/www.dakarmania.cz\/#\/schema\/person\/04eb0e87a389631c2169c0dddae7ff1e"},"headline":"Dakar 2019: Martin Mac\u00edk p\u0159ipraven bojovat o stupn\u011b v\u00edt\u011bz\u016f","datePublished":"2018-11-16T11:47:25+00:00","dateModified":"2023-06-08T10:27:33+00:00","mainEntityOfPage":{"@id":"https:\/\/www.dakarmania.cz\/index.php\/2018\/11\/16\/dakar-2019-macik-pripraven-bojovat-o-stupne-vitezu\/"},"wordCount":715,"publisher":{"@id":"https:\/\/www.dakarmania.cz\/#organization"},"image":{"@id":"https:\/\/www.dakarmania.cz\/index.php\/2018\/11\/16\/dakar-2019-macik-pripraven-bojovat-o-stupne-vitezu\/#primaryimage"},"thumbnailUrl":"https:\/\/www.dakarmania.cz\/wp-content\/uploads\/2018\/12\/18-dakar-macik-01.jpg","keywords":["Big Shock! Racing","Dakar","Dakar 2019","Franti\u0161ek Tom\u00e1\u0161ek","Liaz","Luk\u00e1\u0161 Kalanka","Martin Mac\u00edk ml.","Martin Mac\u00edk st."],"articleSection":["Kamiony","Rally Dakar"],"inLanguage":"cs"},{"@type":"WebPage","@id":"https:\/\/www.dakarmania.cz\/index.php\/2018\/11\/16\/dakar-2019-macik-pripraven-bojovat-o-stupne-vitezu\/","url":"https:\/\/www.dakarmania.cz\/index.php\/2018\/11\/16\/dakar-2019-macik-pripraven-bojovat-o-stupne-vitezu\/","name":"Dakar 2019: Martin Mac\u00edk p\u0159ipraven bojovat o stupn\u011b v\u00edt\u011bz\u016f - DAKARMANIA.cz","isPartOf":{"@id":"https:\/\/www.dakarmania.cz\/#website"},"primaryImageOfPage":{"@id":"https:\/\/www.dakarmania.cz\/index.php\/2018\/11\/16\/dakar-2019-macik-pripraven-bojovat-o-stupne-vitezu\/#primaryimage"},"image":{"@id":"https:\/\/www.dakarmania.cz\/index.php\/2018\/11\/16\/dakar-2019-macik-pripraven-bojovat-o-stupne-vitezu\/#primaryimage"},"thumbnailUrl":"https:\/\/www.dakarmania.cz\/wp-content\/uploads\/2018\/12\/18-dakar-macik-01.jpg","datePublished":"2018-11-16T11:47:25+00:00","dateModified":"2023-06-08T10:27:33+00:00","description":"Martin Mac\u00edk odstartuje do Rally Dakar u\u017e pop\u00e1t\u00e9 v roli \u0159idi\u010de sout\u011b\u017en\u00edho kamionu. Po p\u00e1t\u00e9m m\u00edst\u011b z roku 2018 chce tentokr\u00e1t \u00fato\u010dit na stupn\u011b v\u00edt\u011bz\u016f.","breadcrumb":{"@id":"https:\/\/www.dakarmania.cz\/index.php\/2018\/11\/16\/dakar-2019-macik-pripraven-bojovat-o-stupne-vitezu\/#breadcrumb"},"inLanguage":"cs","potentialAction":[{"@type":"ReadAction","target":["https:\/\/www.dakarmania.cz\/index.php\/2018\/11\/16\/dakar-2019-macik-pripraven-bojovat-o-stupne-vitezu\/"]}]},{"@type":"ImageObject","inLanguage":"cs","@id":"https:\/\/www.dakarmania.cz\/index.php\/2018\/11\/16\/dakar-2019-macik-pripraven-bojovat-o-stupne-vitezu\/#primaryimage","url":"https:\/\/www.dakarmania.cz\/wp-content\/uploads\/2018\/12\/18-dakar-macik-01.jpg","contentUrl":"https:\/\/www.dakarmania.cz\/wp-content\/uploads\/2018\/12\/18-dakar-macik-01.jpg","width":1024,"height":682,"caption":"M. Mac\u00edk \/ F. Tom\u00e1\u0161ek \/ M. Mrkva, Liaz 111.154, Big Shock Racing. Rally Dakar 2018. Foto: Big Shock Racing"},{"@type":"BreadcrumbList","@id":"https:\/\/www.dakarmania.cz\/index.php\/2018\/11\/16\/dakar-2019-macik-pripraven-bojovat-o-stupne-vitezu\/#breadcrumb","itemListElement":[{"@type":"ListItem","position":1,"name":"Dom\u016f","item":"https:\/\/www.dakarmania.cz\/"},{"@type":"ListItem","position":2,"name":"Dakar 2019: Martin Mac\u00edk p\u0159ipraven bojovat o stupn\u011b v\u00edt\u011bz\u016f"}]},{"@type":"WebSite","@id":"https:\/\/www.dakarmania.cz\/#website","url":"https:\/\/www.dakarmania.cz\/","name":"DAKARMANIA.cz","description":"\u017dijeme Dakarem cel\u00fd rok","publisher":{"@id":"https:\/\/www.dakarmania.cz\/#organization"},"potentialAction":[{"@type":"SearchAction","target":{"@type":"EntryPoint","urlTemplate":"https:\/\/www.dakarmania.cz\/?s={search_term_string}"},"query-input":{"@type":"PropertyValueSpecification","valueRequired":true,"valueName":"search_term_string"}}],"inLanguage":"cs"},{"@type":"Organization","@id":"https:\/\/www.dakarmania.cz\/#organization","name":"DAKAR MANIA","url":"https:\/\/www.dakarmania.cz\/","logo":{"@type":"ImageObject","inLanguage":"cs","@id":"https:\/\/www.dakarmania.cz\/#\/schema\/logo\/image\/","url":"https:\/\/www.dakarmania.cz\/wp-content\/uploads\/2018\/12\/Dakar-Mania-Logo-Square-Orange.png","contentUrl":"https:\/\/www.dakarmania.cz\/wp-content\/uploads\/2018\/12\/Dakar-Mania-Logo-Square-Orange.png","width":992,"height":992,"caption":"DAKAR MANIA"},"image":{"@id":"https:\/\/www.dakarmania.cz\/#\/schema\/logo\/image\/"},"sameAs":["https:\/\/www.facebook.com\/dakarmania\/"]},{"@type":"Person","@id":"https:\/\/www.dakarmania.cz\/#\/schema\/person\/04eb0e87a389631c2169c0dddae7ff1e","name":"Zden\u011bk Zelenka","image":{"@type":"ImageObject","inLanguage":"cs","@id":"https:\/\/www.dakarmania.cz\/#\/schema\/person\/image\/","url":"https:\/\/secure.gravatar.com\/avatar\/2c80d5a4942fe0900b73cc7d3837a509d6ee0a276a2b76dac95c92bd0763a89b?s=96&d=mm&r=g","contentUrl":"https:\/\/secure.gravatar.com\/avatar\/2c80d5a4942fe0900b73cc7d3837a509d6ee0a276a2b76dac95c92bd0763a89b?s=96&d=mm&r=g","caption":"Zden\u011bk Zelenka"},"description":"Moji d\u011bt\u0161t\u00ed hrdinov\u00e9 se jmenovali Loprais, Moskal, Neveu, Vatanen, Rahier... A tihle borci, jejich n\u00e1sledovn\u00edci a jejich p\u0159\u00edb\u011bhy m\u011b nep\u0159estali fascinovat ani po letech, kdy jsem vyrostl a zam\u011bstn\u00e1valy m\u011b jin\u00e9 discipl\u00edny motorsportu. Proto se zrodila DAKARMANIA.","url":"https:\/\/www.dakarmania.cz\/index.php\/author\/dakarmania\/"}]}},"amp_enabled":true,"_links":{"self":[{"href":"https:\/\/www.dakarmania.cz\/index.php\/wp-json\/wp\/v2\/posts\/958","targetHints":{"allow":["GET"]}}],"collection":[{"href":"https:\/\/www.dakarmania.cz\/index.php\/wp-json\/wp\/v2\/posts"}],"about":[{"href":"https:\/\/www.dakarmania.cz\/index.php\/wp-json\/wp\/v2\/types\/post"}],"author":[{"embeddable":true,"href":"https:\/\/www.dakarmania.cz\/index.php\/wp-json\/wp\/v2\/users\/1"}],"replies":[{"embeddable":true,"href":"https:\/\/www.dakarmania.cz\/index.php\/wp-json\/wp\/v2\/comments?post=958"}],"version-history":[{"count":6,"href":"https:\/\/www.dakarmania.cz\/index.php\/wp-json\/wp\/v2\/posts\/958\/revisions"}],"predecessor-version":[{"id":1190,"href":"https:\/\/www.dakarmania.cz\/index.php\/wp-json\/wp\/v2\/posts\/958\/revisions\/1190"}],"wp:featuredmedia":[{"embeddable":true,"href":"https:\/\/www.dakarmania.cz\/index.php\/wp-json\/wp\/v2\/media\/956"}],"wp:attachment":[{"href":"https:\/\/www.dakarmania.cz\/index.php\/wp-json\/wp\/v2\/media?parent=958"}],"wp:term":[{"taxonomy":"category","embeddable":true,"href":"https:\/\/www.dakarmania.cz\/index.php\/wp-json\/wp\/v2\/categories?post=958"},{"taxonomy":"post_tag","embeddable":true,"href":"https:\/\/www.dakarmania.cz\/index.php\/wp-json\/wp\/v2\/tags?post=958"}],"curies":[{"name":"wp","href":"https:\/\/api.w.org\/{rel}","templated":true}]}}