{"id":968,"date":"2018-11-23T15:45:34","date_gmt":"2018-11-23T15:45:34","guid":{"rendered":"http:\/\/www.dakarmania.cz\/?p=968"},"modified":"2018-12-19T12:21:43","modified_gmt":"2018-12-19T12:21:43","slug":"dakar-2019-novotnou-potrapila-zraneni-ale-je-pripravena","status":"publish","type":"post","link":"https:\/\/www.dakarmania.cz\/index.php\/2018\/11\/23\/dakar-2019-novotnou-potrapila-zraneni-ale-je-pripravena\/","title":{"rendered":"Dakar 2019: Gabrielu Novotnou potr\u00e1pila zran\u011bn\u00ed, ale je p\u0159ipravena"},"content":{"rendered":"\n<h4 class=\"wp-block-heading\">Gabriela Novotn\u00e1 se letos z\u00fa\u010dastnila Rally Dakar jako prvn\u00ed \u010ce\u0161ka v kategorii motocykl\u016f. V lednu se do Ji\u017en\u00ed Ameriky vr\u00e1t\u00ed podruh\u00e9 a r\u00e1da by se stala prvn\u00ed \u010deskou motocyklovou z\u00e1vodnic\u00ed, kter\u00e1 Dakar tak\u00e9 dokon\u010d\u00ed.<\/h4>\n\n\n\n<p>Dakarsk\u00e1 premi\u00e9ra chomutovsk\u00e9 roda\u010dky byla dlouho v\u00fdte\u010dn\u00fdm p\u0159edstaven\u00edm. Pak ale p\u0159i\u0161el osudov\u00fd p\u00e1d, p\u0159i kter\u00e9m si zlomila kl\u00ed\u010dn\u00ed kost. I kdy\u017e s bolestmi dok\u00e1zala dojet a\u017e do c\u00edle des\u00e1t\u00e9 etapy, d\u00e1l u\u017e pokra\u010dovat ne\u0161lo. Gabriela odstoupila z druh\u00e9ho m\u00edsta mezi \u017eenami a ze 73. m\u00edsta celkov\u011b.<\/p>\n\n\n\n<p>U\u017e v tu chv\u00edli ale v\u011bd\u011bla, \u017ee se na Dakar bude cht\u00edt vr\u00e1tit.<\/p>\n\n\n\n<p>Na ja\u0159e se ov\u0161em musela popasovat nejen s rekonvalescenc\u00ed po operaci kl\u00ed\u010dn\u00ed kosti, ale tak\u00e9 s probl\u00e9my s kolenem, kter\u00e9 se vyskytly po jin\u00e9m a p\u0159edem pl\u00e1novan\u00e9m z\u00e1kroku. Ani to v\u0161ak je\u0161t\u011b nebylo v\u0161e. Kdy\u017e v kv\u011btnu absolvovala v Polsku sv\u016fj prvn\u00ed leto\u0161n\u00ed z\u00e1vod, poranila si kl\u00ed\u010dn\u00ed kost znovu a musela na dal\u0161\u00ed operaci.<\/p>\n\n\n\n<p>V n\u00e1sleduj\u00edc\u00edch m\u011bs\u00edc\u00edch ov\u0161em dala 30let\u00e1 z\u00e1vodnice p\u0159\u00edprav\u011b maximum a 6. ledna odstartuje do dakarsk\u00e9 rally podruh\u00e9.<\/p>\n\n\n\n<p>K dispozici bude m\u00edt novou Husqvarnu FE 450, kterou pro ni p\u0159ipravil dal\u0161\u00ed \u00fa\u010dastn\u00edk Rally Dakar Jan Vesel\u00fd. Gabriela pojede se startovn\u00edm \u010d\u00edslem 57 v barv\u00e1ch vlastn\u00edho t\u00fdmu Indigo Racing a po technick\u00e9 str\u00e1nce bude znovu spolupracovat se st\u00e1j\u00ed <a href=\"http:\/\/www.dakarmania.cz\/index.php\/2018\/11\/15\/dakar-2019-klymciw-racing-predstavil-slozeni-tymu\/\">Klym\u010diw Racing<\/a>.<\/p>\n\n\n\n<p>V r\u00e1mci tr\u00e9ninku se Novotn\u00e1 zam\u011b\u0159ila nejen na fyzi\u010dku, ale i na zlep\u0161en\u00ed sv\u00fdch schopnost\u00ed p\u0159i ovl\u00e1d\u00e1n\u00ed motocyklu. Proto krom\u011b endurov\u00e9ho speci\u00e1lu jezdila tak\u00e9 na trialov\u00e9m stroji.<\/p>\n\n\n\n<figure class=\"wp-block-image\"><img loading=\"lazy\" decoding=\"async\" width=\"1024\" height=\"683\" src=\"http:\/\/www.dakarmania.cz\/wp-content\/uploads\/2018\/12\/18-dakar-novotna-02-1024x683.jpg\" alt=\"Novotna, Dakar 2018\" class=\"wp-image-967\" srcset=\"https:\/\/www.dakarmania.cz\/wp-content\/uploads\/2018\/12\/18-dakar-novotna-02.jpg 1024w, https:\/\/www.dakarmania.cz\/wp-content\/uploads\/2018\/12\/18-dakar-novotna-02-300x200.jpg 300w, https:\/\/www.dakarmania.cz\/wp-content\/uploads\/2018\/12\/18-dakar-novotna-02-768x512.jpg 768w, https:\/\/www.dakarmania.cz\/wp-content\/uploads\/2018\/12\/18-dakar-novotna-02-825x550.jpg 825w, https:\/\/www.dakarmania.cz\/wp-content\/uploads\/2018\/12\/18-dakar-novotna-02-447x298.jpg 447w, https:\/\/www.dakarmania.cz\/wp-content\/uploads\/2018\/12\/18-dakar-novotna-02-600x400.jpg 600w\" sizes=\"auto, (max-width: 1024px) 100vw, 1024px\" \/><figcaption>Gabriela Novotn\u00e1, Husqvarna FE 450, Indigo Racing\/Klim\u010diw Racing. Rally Dakar 2018. Foto: Indigo Racing<\/figcaption><\/figure>\n\n\n\n<hr class=\"wp-block-separator\"\/>\n\n\n\n<p>Krom\u011b ji\u017e zm\u00edn\u011bn\u00e9ho polsk\u00e9ho Rajdu Safari startovala na dal\u0161\u00edch t\u0159ech z\u00e1vodech. Na konci srpna vybojovala sedmn\u00e1ct\u00e9 m\u00edsto celkov\u011b a prvn\u00ed mezi \u017eenami p\u0159i n\u00e1ro\u010dn\u00e9 a kvalitn\u011b obsazen\u00e9 Serres Rally Greece. V pr\u016fb\u011bhu sedmidenn\u00ed \u0159eck\u00e9 sout\u011b\u017ee dokonce atakovala prvn\u00ed des\u00edtku absolutn\u00ed klasifikace, ale o lep\u0161\u00ed um\u00edst\u011bn\u00ed ji p\u0159ipravila naviga\u010dn\u00ed chyba v p\u0159edposledn\u00ed etap\u011b.<\/p>\n\n\n\n<p>Na podzim obsadila dvac\u00e1t\u00e9 m\u00edsto ve dvouhodinov\u00e9m endurov\u00e9m z\u00e1vod\u011b na litevsk\u00e9 trati Perk\u016bnas u Vilniusu, ale hlavn\u011b zam\u00ed\u0159ila do Afriky na tuniskou Sahara Rallye El Chott, kde poprv\u00e9 ve sv\u00e9 kari\u00e9\u0159e vedla pr\u016fb\u011b\u017en\u00e9 hodnocen\u00ed sout\u011b\u017ee a nav\u00edc rovnou v celkov\u00e9m po\u0159ad\u00ed nap\u0159\u00ed\u010d v\u0161emi kategoriemi. Ze sout\u011b\u017ee sice musela kv\u016fli zran\u011bn\u00ed odstoupit, p\u0159esto stihla d\u016fkladn\u011b otestovat sv\u016fj nov\u00fd stroj pro Dakar 2019 a p\u0159edev\u0161\u00edm z\u00edskala dal\u0161\u00ed cenn\u00e9 zku\u0161enosti s j\u00edzdou v m\u011bkk\u00e9m p\u00edsku, kter\u00e9 budou v lednu v peru\u00e1nsk\u00fdch dun\u00e1ch k nezaplacen\u00ed.<\/p>\n\n\n\n<p><em>\u201eJsem r\u00e1da, \u017ee se Dakar pojede v Peru, proto\u017ee tamn\u00ed p\u00edse\u010dn\u00e9 duny se mi v\u00e1\u017en\u011b l\u00edbily. Je pravda, \u017ee cel\u00e1 sout\u011b\u017e bude o n\u011bco m\u00e9n\u011b dobrodru\u017en\u00e1, proto\u017ee trasa nebude tak dlouh\u00e1 a nepovede p\u0159es r\u016fzn\u00e9 zem\u011b. P\u0159esto si mysl\u00edm, \u017ee to pro z\u00e1vodn\u00edky bude zaj\u00edmav\u00e9, proto\u017ee letos bylo Peru skv\u011bl\u00e9,\u201c<\/em> p\u0159ipom\u00edn\u00e1 <strong>Gabriela Novotn\u00e1<\/strong>. <em>\u201eJ\u00e1 sama budu pokra\u010dovat v tom, co jsem za\u010dala. Nemysl\u00edm si, \u017ee mohu zrychlit v rychl\u00fdch pas\u00e1\u017e\u00edch, ale mohu se zlep\u0161it v obt\u00ed\u017en\u00fdch \u00fasec\u00edch.\u201c<\/em><\/p>\n\n\n\n<p>41. ro\u010dn\u00edk Rally Dakar se poprv\u00e9 v historii sout\u011b\u017ee uskute\u010dn\u00ed v jedin\u00e9 zemi, konkr\u00e9tn\u011b v ji\u017en\u00ed \u010d\u00e1sti Peru. Na \u00fa\u010dastn\u00edky \u010dek\u00e1 <a href=\"http:\/\/www.dakarmania.cz\/index.php\/2018\/11\/27\/dakar-2019-5500-km-v-peruanskych-poustich\/\">deset n\u00e1ro\u010dn\u00fdch etap<\/a> p\u0159ev\u00e1\u017en\u011b v p\u00edse\u010dn\u00fdch dun\u00e1ch. Celkem trasa m\u011b\u0159\u00ed p\u0159es 5500 kilometr\u016f, z nich\u017e se t\u00e9m\u011b\u0159 3000 pojedou na \u010das. Sout\u011b\u017e odstartuje 6. ledna v Lim\u011b a 17. ledna v peru\u00e1nsk\u00e9m hlavn\u00edm m\u011bst\u011b tak\u00e9 skon\u010d\u00ed.<\/p>\n","protected":false},"excerpt":{"rendered":"<p>Preview Gabriely Novotn\u00e9 p\u0159ed Rally Dakar 2019<\/p>\n","protected":false},"author":1,"featured_media":966,"comment_status":"open","ping_status":"closed","sticky":false,"template":"","format":"standard","meta":{"footnotes":""},"categories":[15,2],"tags":[8,9,58,64,118],"class_list":["post-968","post","type-post","status-publish","format-standard","has-post-thumbnail","hentry","category-moto-quad","category-dakar","tag-dakar","tag-dakar-2019","tag-gabriela-novotna","tag-husqvarna","tag-indigo-racing"],"yoast_head":"<!-- This site is optimized with the Yoast SEO plugin v24.9 - https:\/\/yoast.com\/wordpress\/plugins\/seo\/ -->\n<title>Dakar 2019: Gabrielu Novotnou potr\u00e1pila zran\u011bn\u00ed, ale je p\u0159ipravena - DAKARMANIA.cz<\/title>\n<meta name=\"description\" content=\"Gabriela Novotn\u00e1 se letos z\u00fa\u010dastnila Rally Dakar jako prvn\u00ed \u010ce\u0161ka v kategorii motocykl\u016f. V lednu se do Ji\u017en\u00ed Ameriky vr\u00e1t\u00ed podruh\u00e9.\" \/>\n<meta name=\"robots\" content=\"index, follow, max-snippet:-1, max-image-preview:large, max-video-preview:-1\" \/>\n<link rel=\"canonical\" href=\"https:\/\/www.dakarmania.cz\/index.php\/2018\/11\/23\/dakar-2019-novotnou-potrapila-zraneni-ale-je-pripravena\/\" \/>\n<meta property=\"og:locale\" content=\"cs_CZ\" \/>\n<meta property=\"og:type\" content=\"article\" \/>\n<meta property=\"og:title\" content=\"Dakar 2019: Gabrielu Novotnou potr\u00e1pila zran\u011bn\u00ed, ale je p\u0159ipravena - DAKARMANIA.cz\" \/>\n<meta property=\"og:description\" content=\"Gabriela Novotn\u00e1 se letos z\u00fa\u010dastnila Rally Dakar jako prvn\u00ed \u010ce\u0161ka v kategorii motocykl\u016f. V lednu se do Ji\u017en\u00ed Ameriky vr\u00e1t\u00ed podruh\u00e9.\" \/>\n<meta property=\"og:url\" content=\"https:\/\/www.dakarmania.cz\/index.php\/2018\/11\/23\/dakar-2019-novotnou-potrapila-zraneni-ale-je-pripravena\/\" \/>\n<meta property=\"og:site_name\" content=\"DAKARMANIA.cz\" \/>\n<meta property=\"article:publisher\" content=\"https:\/\/www.facebook.com\/dakarmania\/\" \/>\n<meta property=\"article:published_time\" content=\"2018-11-23T15:45:34+00:00\" \/>\n<meta property=\"article:modified_time\" content=\"2018-12-19T12:21:43+00:00\" \/>\n<meta property=\"og:image\" content=\"https:\/\/www.dakarmania.cz\/wp-content\/uploads\/2018\/12\/18-dakar-novotna-01.jpg\" \/>\n\t<meta property=\"og:image:width\" content=\"1024\" \/>\n\t<meta property=\"og:image:height\" content=\"683\" \/>\n\t<meta property=\"og:image:type\" content=\"image\/jpeg\" \/>\n<meta name=\"author\" content=\"Zden\u011bk Zelenka\" \/>\n<meta name=\"twitter:card\" content=\"summary_large_image\" \/>\n<meta name=\"twitter:label1\" content=\"Napsal(a)\" \/>\n\t<meta name=\"twitter:data1\" content=\"Zden\u011bk Zelenka\" \/>\n\t<meta name=\"twitter:label2\" content=\"Odhadovan\u00e1 doba \u010dten\u00ed\" \/>\n\t<meta name=\"twitter:data2\" content=\"3 minuty\" \/>\n<script type=\"application\/ld+json\" class=\"yoast-schema-graph\">{\"@context\":\"https:\/\/schema.org\",\"@graph\":[{\"@type\":\"Article\",\"@id\":\"https:\/\/www.dakarmania.cz\/index.php\/2018\/11\/23\/dakar-2019-novotnou-potrapila-zraneni-ale-je-pripravena\/#article\",\"isPartOf\":{\"@id\":\"https:\/\/www.dakarmania.cz\/index.php\/2018\/11\/23\/dakar-2019-novotnou-potrapila-zraneni-ale-je-pripravena\/\"},\"author\":{\"name\":\"Zden\u011bk Zelenka\",\"@id\":\"https:\/\/www.dakarmania.cz\/#\/schema\/person\/04eb0e87a389631c2169c0dddae7ff1e\"},\"headline\":\"Dakar 2019: Gabrielu Novotnou potr\u00e1pila zran\u011bn\u00ed, ale je p\u0159ipravena\",\"datePublished\":\"2018-11-23T15:45:34+00:00\",\"dateModified\":\"2018-12-19T12:21:43+00:00\",\"mainEntityOfPage\":{\"@id\":\"https:\/\/www.dakarmania.cz\/index.php\/2018\/11\/23\/dakar-2019-novotnou-potrapila-zraneni-ale-je-pripravena\/\"},\"wordCount\":700,\"commentCount\":0,\"publisher\":{\"@id\":\"https:\/\/www.dakarmania.cz\/#organization\"},\"image\":{\"@id\":\"https:\/\/www.dakarmania.cz\/index.php\/2018\/11\/23\/dakar-2019-novotnou-potrapila-zraneni-ale-je-pripravena\/#primaryimage\"},\"thumbnailUrl\":\"https:\/\/www.dakarmania.cz\/wp-content\/uploads\/2018\/12\/18-dakar-novotna-01.jpg\",\"keywords\":[\"Dakar\",\"Dakar 2019\",\"Gabriela Novotn\u00e1\",\"Husqvarna\",\"Indigo Racing\"],\"articleSection\":[\"Moto\/Quad\",\"Rally Dakar\"],\"inLanguage\":\"cs\",\"potentialAction\":[{\"@type\":\"CommentAction\",\"name\":\"Comment\",\"target\":[\"https:\/\/www.dakarmania.cz\/index.php\/2018\/11\/23\/dakar-2019-novotnou-potrapila-zraneni-ale-je-pripravena\/#respond\"]}]},{\"@type\":\"WebPage\",\"@id\":\"https:\/\/www.dakarmania.cz\/index.php\/2018\/11\/23\/dakar-2019-novotnou-potrapila-zraneni-ale-je-pripravena\/\",\"url\":\"https:\/\/www.dakarmania.cz\/index.php\/2018\/11\/23\/dakar-2019-novotnou-potrapila-zraneni-ale-je-pripravena\/\",\"name\":\"Dakar 2019: Gabrielu Novotnou potr\u00e1pila zran\u011bn\u00ed, ale je p\u0159ipravena - DAKARMANIA.cz\",\"isPartOf\":{\"@id\":\"https:\/\/www.dakarmania.cz\/#website\"},\"primaryImageOfPage\":{\"@id\":\"https:\/\/www.dakarmania.cz\/index.php\/2018\/11\/23\/dakar-2019-novotnou-potrapila-zraneni-ale-je-pripravena\/#primaryimage\"},\"image\":{\"@id\":\"https:\/\/www.dakarmania.cz\/index.php\/2018\/11\/23\/dakar-2019-novotnou-potrapila-zraneni-ale-je-pripravena\/#primaryimage\"},\"thumbnailUrl\":\"https:\/\/www.dakarmania.cz\/wp-content\/uploads\/2018\/12\/18-dakar-novotna-01.jpg\",\"datePublished\":\"2018-11-23T15:45:34+00:00\",\"dateModified\":\"2018-12-19T12:21:43+00:00\",\"description\":\"Gabriela Novotn\u00e1 se letos z\u00fa\u010dastnila Rally Dakar jako prvn\u00ed \u010ce\u0161ka v kategorii motocykl\u016f. V lednu se do Ji\u017en\u00ed Ameriky vr\u00e1t\u00ed podruh\u00e9.\",\"breadcrumb\":{\"@id\":\"https:\/\/www.dakarmania.cz\/index.php\/2018\/11\/23\/dakar-2019-novotnou-potrapila-zraneni-ale-je-pripravena\/#breadcrumb\"},\"inLanguage\":\"cs\",\"potentialAction\":[{\"@type\":\"ReadAction\",\"target\":[\"https:\/\/www.dakarmania.cz\/index.php\/2018\/11\/23\/dakar-2019-novotnou-potrapila-zraneni-ale-je-pripravena\/\"]}]},{\"@type\":\"ImageObject\",\"inLanguage\":\"cs\",\"@id\":\"https:\/\/www.dakarmania.cz\/index.php\/2018\/11\/23\/dakar-2019-novotnou-potrapila-zraneni-ale-je-pripravena\/#primaryimage\",\"url\":\"https:\/\/www.dakarmania.cz\/wp-content\/uploads\/2018\/12\/18-dakar-novotna-01.jpg\",\"contentUrl\":\"https:\/\/www.dakarmania.cz\/wp-content\/uploads\/2018\/12\/18-dakar-novotna-01.jpg\",\"width\":1024,\"height\":683,\"caption\":\"Gabriela Novotn\u00e1, Husqvarna FE 450, Indigo Racing\/Klym\u010diw Racing. Rally Dakar 2018. Foto: Indigo Racing\"},{\"@type\":\"BreadcrumbList\",\"@id\":\"https:\/\/www.dakarmania.cz\/index.php\/2018\/11\/23\/dakar-2019-novotnou-potrapila-zraneni-ale-je-pripravena\/#breadcrumb\",\"itemListElement\":[{\"@type\":\"ListItem\",\"position\":1,\"name\":\"Dom\u016f\",\"item\":\"https:\/\/www.dakarmania.cz\/\"},{\"@type\":\"ListItem\",\"position\":2,\"name\":\"Dakar 2019: Gabrielu Novotnou potr\u00e1pila zran\u011bn\u00ed, ale je p\u0159ipravena\"}]},{\"@type\":\"WebSite\",\"@id\":\"https:\/\/www.dakarmania.cz\/#website\",\"url\":\"https:\/\/www.dakarmania.cz\/\",\"name\":\"DAKARMANIA.cz\",\"description\":\"\u017dijeme Dakarem cel\u00fd rok\",\"publisher\":{\"@id\":\"https:\/\/www.dakarmania.cz\/#organization\"},\"potentialAction\":[{\"@type\":\"SearchAction\",\"target\":{\"@type\":\"EntryPoint\",\"urlTemplate\":\"https:\/\/www.dakarmania.cz\/?s={search_term_string}\"},\"query-input\":{\"@type\":\"PropertyValueSpecification\",\"valueRequired\":true,\"valueName\":\"search_term_string\"}}],\"inLanguage\":\"cs\"},{\"@type\":\"Organization\",\"@id\":\"https:\/\/www.dakarmania.cz\/#organization\",\"name\":\"DAKAR MANIA\",\"url\":\"https:\/\/www.dakarmania.cz\/\",\"logo\":{\"@type\":\"ImageObject\",\"inLanguage\":\"cs\",\"@id\":\"https:\/\/www.dakarmania.cz\/#\/schema\/logo\/image\/\",\"url\":\"https:\/\/www.dakarmania.cz\/wp-content\/uploads\/2018\/12\/Dakar-Mania-Logo-Square-Orange.png\",\"contentUrl\":\"https:\/\/www.dakarmania.cz\/wp-content\/uploads\/2018\/12\/Dakar-Mania-Logo-Square-Orange.png\",\"width\":992,\"height\":992,\"caption\":\"DAKAR MANIA\"},\"image\":{\"@id\":\"https:\/\/www.dakarmania.cz\/#\/schema\/logo\/image\/\"},\"sameAs\":[\"https:\/\/www.facebook.com\/dakarmania\/\"]},{\"@type\":\"Person\",\"@id\":\"https:\/\/www.dakarmania.cz\/#\/schema\/person\/04eb0e87a389631c2169c0dddae7ff1e\",\"name\":\"Zden\u011bk Zelenka\",\"image\":{\"@type\":\"ImageObject\",\"inLanguage\":\"cs\",\"@id\":\"https:\/\/www.dakarmania.cz\/#\/schema\/person\/image\/\",\"url\":\"https:\/\/secure.gravatar.com\/avatar\/2c80d5a4942fe0900b73cc7d3837a509d6ee0a276a2b76dac95c92bd0763a89b?s=96&d=mm&r=g\",\"contentUrl\":\"https:\/\/secure.gravatar.com\/avatar\/2c80d5a4942fe0900b73cc7d3837a509d6ee0a276a2b76dac95c92bd0763a89b?s=96&d=mm&r=g\",\"caption\":\"Zden\u011bk Zelenka\"},\"description\":\"Moji d\u011bt\u0161t\u00ed hrdinov\u00e9 se jmenovali Loprais, Moskal, Neveu, Vatanen, Rahier... A tihle borci, jejich n\u00e1sledovn\u00edci a jejich p\u0159\u00edb\u011bhy m\u011b nep\u0159estali fascinovat ani po letech, kdy jsem vyrostl a zam\u011bstn\u00e1valy m\u011b jin\u00e9 discipl\u00edny motorsportu. Proto se zrodila DAKARMANIA.\",\"url\":\"https:\/\/www.dakarmania.cz\/index.php\/author\/dakarmania\/\"}]}<\/script>\n<!-- \/ Yoast SEO plugin. -->","yoast_head_json":{"title":"Dakar 2019: Gabrielu Novotnou potr\u00e1pila zran\u011bn\u00ed, ale je p\u0159ipravena - DAKARMANIA.cz","description":"Gabriela Novotn\u00e1 se letos z\u00fa\u010dastnila Rally Dakar jako prvn\u00ed \u010ce\u0161ka v kategorii motocykl\u016f. V lednu se do Ji\u017en\u00ed Ameriky vr\u00e1t\u00ed podruh\u00e9.","robots":{"index":"index","follow":"follow","max-snippet":"max-snippet:-1","max-image-preview":"max-image-preview:large","max-video-preview":"max-video-preview:-1"},"canonical":"https:\/\/www.dakarmania.cz\/index.php\/2018\/11\/23\/dakar-2019-novotnou-potrapila-zraneni-ale-je-pripravena\/","og_locale":"cs_CZ","og_type":"article","og_title":"Dakar 2019: Gabrielu Novotnou potr\u00e1pila zran\u011bn\u00ed, ale je p\u0159ipravena - DAKARMANIA.cz","og_description":"Gabriela Novotn\u00e1 se letos z\u00fa\u010dastnila Rally Dakar jako prvn\u00ed \u010ce\u0161ka v kategorii motocykl\u016f. V lednu se do Ji\u017en\u00ed Ameriky vr\u00e1t\u00ed podruh\u00e9.","og_url":"https:\/\/www.dakarmania.cz\/index.php\/2018\/11\/23\/dakar-2019-novotnou-potrapila-zraneni-ale-je-pripravena\/","og_site_name":"DAKARMANIA.cz","article_publisher":"https:\/\/www.facebook.com\/dakarmania\/","article_published_time":"2018-11-23T15:45:34+00:00","article_modified_time":"2018-12-19T12:21:43+00:00","og_image":[{"width":1024,"height":683,"url":"https:\/\/www.dakarmania.cz\/wp-content\/uploads\/2018\/12\/18-dakar-novotna-01.jpg","type":"image\/jpeg"}],"author":"Zden\u011bk Zelenka","twitter_card":"summary_large_image","twitter_misc":{"Napsal(a)":"Zden\u011bk Zelenka","Odhadovan\u00e1 doba \u010dten\u00ed":"3 minuty"},"schema":{"@context":"https:\/\/schema.org","@graph":[{"@type":"Article","@id":"https:\/\/www.dakarmania.cz\/index.php\/2018\/11\/23\/dakar-2019-novotnou-potrapila-zraneni-ale-je-pripravena\/#article","isPartOf":{"@id":"https:\/\/www.dakarmania.cz\/index.php\/2018\/11\/23\/dakar-2019-novotnou-potrapila-zraneni-ale-je-pripravena\/"},"author":{"name":"Zden\u011bk Zelenka","@id":"https:\/\/www.dakarmania.cz\/#\/schema\/person\/04eb0e87a389631c2169c0dddae7ff1e"},"headline":"Dakar 2019: Gabrielu Novotnou potr\u00e1pila zran\u011bn\u00ed, ale je p\u0159ipravena","datePublished":"2018-11-23T15:45:34+00:00","dateModified":"2018-12-19T12:21:43+00:00","mainEntityOfPage":{"@id":"https:\/\/www.dakarmania.cz\/index.php\/2018\/11\/23\/dakar-2019-novotnou-potrapila-zraneni-ale-je-pripravena\/"},"wordCount":700,"commentCount":0,"publisher":{"@id":"https:\/\/www.dakarmania.cz\/#organization"},"image":{"@id":"https:\/\/www.dakarmania.cz\/index.php\/2018\/11\/23\/dakar-2019-novotnou-potrapila-zraneni-ale-je-pripravena\/#primaryimage"},"thumbnailUrl":"https:\/\/www.dakarmania.cz\/wp-content\/uploads\/2018\/12\/18-dakar-novotna-01.jpg","keywords":["Dakar","Dakar 2019","Gabriela Novotn\u00e1","Husqvarna","Indigo Racing"],"articleSection":["Moto\/Quad","Rally Dakar"],"inLanguage":"cs","potentialAction":[{"@type":"CommentAction","name":"Comment","target":["https:\/\/www.dakarmania.cz\/index.php\/2018\/11\/23\/dakar-2019-novotnou-potrapila-zraneni-ale-je-pripravena\/#respond"]}]},{"@type":"WebPage","@id":"https:\/\/www.dakarmania.cz\/index.php\/2018\/11\/23\/dakar-2019-novotnou-potrapila-zraneni-ale-je-pripravena\/","url":"https:\/\/www.dakarmania.cz\/index.php\/2018\/11\/23\/dakar-2019-novotnou-potrapila-zraneni-ale-je-pripravena\/","name":"Dakar 2019: Gabrielu Novotnou potr\u00e1pila zran\u011bn\u00ed, ale je p\u0159ipravena - DAKARMANIA.cz","isPartOf":{"@id":"https:\/\/www.dakarmania.cz\/#website"},"primaryImageOfPage":{"@id":"https:\/\/www.dakarmania.cz\/index.php\/2018\/11\/23\/dakar-2019-novotnou-potrapila-zraneni-ale-je-pripravena\/#primaryimage"},"image":{"@id":"https:\/\/www.dakarmania.cz\/index.php\/2018\/11\/23\/dakar-2019-novotnou-potrapila-zraneni-ale-je-pripravena\/#primaryimage"},"thumbnailUrl":"https:\/\/www.dakarmania.cz\/wp-content\/uploads\/2018\/12\/18-dakar-novotna-01.jpg","datePublished":"2018-11-23T15:45:34+00:00","dateModified":"2018-12-19T12:21:43+00:00","description":"Gabriela Novotn\u00e1 se letos z\u00fa\u010dastnila Rally Dakar jako prvn\u00ed \u010ce\u0161ka v kategorii motocykl\u016f. V lednu se do Ji\u017en\u00ed Ameriky vr\u00e1t\u00ed podruh\u00e9.","breadcrumb":{"@id":"https:\/\/www.dakarmania.cz\/index.php\/2018\/11\/23\/dakar-2019-novotnou-potrapila-zraneni-ale-je-pripravena\/#breadcrumb"},"inLanguage":"cs","potentialAction":[{"@type":"ReadAction","target":["https:\/\/www.dakarmania.cz\/index.php\/2018\/11\/23\/dakar-2019-novotnou-potrapila-zraneni-ale-je-pripravena\/"]}]},{"@type":"ImageObject","inLanguage":"cs","@id":"https:\/\/www.dakarmania.cz\/index.php\/2018\/11\/23\/dakar-2019-novotnou-potrapila-zraneni-ale-je-pripravena\/#primaryimage","url":"https:\/\/www.dakarmania.cz\/wp-content\/uploads\/2018\/12\/18-dakar-novotna-01.jpg","contentUrl":"https:\/\/www.dakarmania.cz\/wp-content\/uploads\/2018\/12\/18-dakar-novotna-01.jpg","width":1024,"height":683,"caption":"Gabriela Novotn\u00e1, Husqvarna FE 450, Indigo Racing\/Klym\u010diw Racing. Rally Dakar 2018. Foto: Indigo Racing"},{"@type":"BreadcrumbList","@id":"https:\/\/www.dakarmania.cz\/index.php\/2018\/11\/23\/dakar-2019-novotnou-potrapila-zraneni-ale-je-pripravena\/#breadcrumb","itemListElement":[{"@type":"ListItem","position":1,"name":"Dom\u016f","item":"https:\/\/www.dakarmania.cz\/"},{"@type":"ListItem","position":2,"name":"Dakar 2019: Gabrielu Novotnou potr\u00e1pila zran\u011bn\u00ed, ale je p\u0159ipravena"}]},{"@type":"WebSite","@id":"https:\/\/www.dakarmania.cz\/#website","url":"https:\/\/www.dakarmania.cz\/","name":"DAKARMANIA.cz","description":"\u017dijeme Dakarem cel\u00fd rok","publisher":{"@id":"https:\/\/www.dakarmania.cz\/#organization"},"potentialAction":[{"@type":"SearchAction","target":{"@type":"EntryPoint","urlTemplate":"https:\/\/www.dakarmania.cz\/?s={search_term_string}"},"query-input":{"@type":"PropertyValueSpecification","valueRequired":true,"valueName":"search_term_string"}}],"inLanguage":"cs"},{"@type":"Organization","@id":"https:\/\/www.dakarmania.cz\/#organization","name":"DAKAR MANIA","url":"https:\/\/www.dakarmania.cz\/","logo":{"@type":"ImageObject","inLanguage":"cs","@id":"https:\/\/www.dakarmania.cz\/#\/schema\/logo\/image\/","url":"https:\/\/www.dakarmania.cz\/wp-content\/uploads\/2018\/12\/Dakar-Mania-Logo-Square-Orange.png","contentUrl":"https:\/\/www.dakarmania.cz\/wp-content\/uploads\/2018\/12\/Dakar-Mania-Logo-Square-Orange.png","width":992,"height":992,"caption":"DAKAR MANIA"},"image":{"@id":"https:\/\/www.dakarmania.cz\/#\/schema\/logo\/image\/"},"sameAs":["https:\/\/www.facebook.com\/dakarmania\/"]},{"@type":"Person","@id":"https:\/\/www.dakarmania.cz\/#\/schema\/person\/04eb0e87a389631c2169c0dddae7ff1e","name":"Zden\u011bk Zelenka","image":{"@type":"ImageObject","inLanguage":"cs","@id":"https:\/\/www.dakarmania.cz\/#\/schema\/person\/image\/","url":"https:\/\/secure.gravatar.com\/avatar\/2c80d5a4942fe0900b73cc7d3837a509d6ee0a276a2b76dac95c92bd0763a89b?s=96&d=mm&r=g","contentUrl":"https:\/\/secure.gravatar.com\/avatar\/2c80d5a4942fe0900b73cc7d3837a509d6ee0a276a2b76dac95c92bd0763a89b?s=96&d=mm&r=g","caption":"Zden\u011bk Zelenka"},"description":"Moji d\u011bt\u0161t\u00ed hrdinov\u00e9 se jmenovali Loprais, Moskal, Neveu, Vatanen, Rahier... A tihle borci, jejich n\u00e1sledovn\u00edci a jejich p\u0159\u00edb\u011bhy m\u011b nep\u0159estali fascinovat ani po letech, kdy jsem vyrostl a zam\u011bstn\u00e1valy m\u011b jin\u00e9 discipl\u00edny motorsportu. Proto se zrodila DAKARMANIA.","url":"https:\/\/www.dakarmania.cz\/index.php\/author\/dakarmania\/"}]}},"amp_enabled":true,"_links":{"self":[{"href":"https:\/\/www.dakarmania.cz\/index.php\/wp-json\/wp\/v2\/posts\/968","targetHints":{"allow":["GET"]}}],"collection":[{"href":"https:\/\/www.dakarmania.cz\/index.php\/wp-json\/wp\/v2\/posts"}],"about":[{"href":"https:\/\/www.dakarmania.cz\/index.php\/wp-json\/wp\/v2\/types\/post"}],"author":[{"embeddable":true,"href":"https:\/\/www.dakarmania.cz\/index.php\/wp-json\/wp\/v2\/users\/1"}],"replies":[{"embeddable":true,"href":"https:\/\/www.dakarmania.cz\/index.php\/wp-json\/wp\/v2\/comments?post=968"}],"version-history":[{"count":4,"href":"https:\/\/www.dakarmania.cz\/index.php\/wp-json\/wp\/v2\/posts\/968\/revisions"}],"predecessor-version":[{"id":1180,"href":"https:\/\/www.dakarmania.cz\/index.php\/wp-json\/wp\/v2\/posts\/968\/revisions\/1180"}],"wp:featuredmedia":[{"embeddable":true,"href":"https:\/\/www.dakarmania.cz\/index.php\/wp-json\/wp\/v2\/media\/966"}],"wp:attachment":[{"href":"https:\/\/www.dakarmania.cz\/index.php\/wp-json\/wp\/v2\/media?parent=968"}],"wp:term":[{"taxonomy":"category","embeddable":true,"href":"https:\/\/www.dakarmania.cz\/index.php\/wp-json\/wp\/v2\/categories?post=968"},{"taxonomy":"post_tag","embeddable":true,"href":"https:\/\/www.dakarmania.cz\/index.php\/wp-json\/wp\/v2\/tags?post=968"}],"curies":[{"name":"wp","href":"https:\/\/api.w.org\/{rel}","templated":true}]}}