{"id":992,"date":"2018-11-08T11:35:01","date_gmt":"2018-11-08T11:35:01","guid":{"rendered":"http:\/\/www.dakarmania.cz\/?p=992"},"modified":"2021-05-04T00:22:33","modified_gmt":"2021-05-03T22:22:33","slug":"africa-race-2019-inovovana-trat-spousta-pisku-a-tezsi-navigace","status":"publish","type":"post","link":"https:\/\/www.dakarmania.cz\/index.php\/2018\/11\/08\/africa-race-2019-inovovana-trat-spousta-pisku-a-tezsi-navigace\/","title":{"rendered":"Africa Race 2019: Inovovan\u00e1 tra\u0165, d\u016fraz na navigaci"},"content":{"rendered":"\r\n<h4 class=\"wp-block-heading\">Naviga\u010dn\u011b n\u00e1ro\u010dn\u00fd, s minimem spojovac\u00edch \u00fasek\u016f, pozm\u011bn\u011bnou trat\u00ed a maximem kilometr\u016f v p\u00edsku a dun\u00e1ch, takov\u00fd m\u00e1 b\u00fdt 11. ro\u010dn\u00edk Africa Eco Race, kter\u00fd nav\u00edc co do po\u010dtu etap a d\u00e9lky z\u00e1vodu tentokr\u00e1t p\u0159ekon\u00e1 i jihoamerick\u00fd Dakar.<\/h4>\r\n\r\n\r\n\r\n<p>Po\u0159adatel\u00e9 Africa Eco Race 2019 p\u0159ipravili dvan\u00e1ct etap o celkov\u00e9 d\u00e9lce p\u0159esahuj\u00edc\u00ed 6000 kilometr\u016f, z nich\u017e se v\u00edce ne\u017e 4000 pojedou v r\u00e1mci speci\u00e1ln\u00edch rychlostn\u00edch zkou\u0161ek na \u010das. V porovn\u00e1n\u00ed s Dakarem tak bude Africa Race del\u0161\u00ed o dv\u011b etapy i o v\u00edce ne\u017e 1000 kilometr\u016f, na nich\u017e budou \u00fa\u010dastn\u00edci bojovat s \u010dasem.<\/p>\r\n\r\n\r\n\r\n\r\n\r\n<p>Sout\u011b\u017e ofici\u00e1ln\u011b odstartuje u\u017e 30. prosince v Monaku a t\u00e9ho\u017e dne se cel\u00e1 karavana nalod\u00ed ve francouzsk\u00e9m S\u00e8te na trajekt do Nadoru. Naplno se za\u010dne z\u00e1vodit 1. ledna, kdy je na programu prvn\u00ed 90kilometrov\u00e1 speci\u00e1lka v Maroku.<\/p>\r\n\r\n\r\n\r\n<p>Marock\u00e1 pou\u0161\u0165 bude hlavn\u00edm kolbi\u0161t\u011bm a\u017e do \u0161est\u00e9 etapy, v jej\u00edm\u017e z\u00e1v\u011bru se rally na dal\u0161\u00edch p\u011bt dn\u00ed p\u0159esune do sousedn\u00ed Maurit\u00e1nie. V ned\u011bli 13. ledna je na programu posledn\u00ed etapa v Senegalu a dojezd na c\u00edlovou rampu situovanou na b\u0159ez\u00edch R\u016f\u017eov\u00e9ho jezera u senegalsk\u00e9ho Dakaru.<\/p>\r\n\r\n\r\n\r\n<p style=\"text-align: center;\"><strong>PROGRAM AFRICA ECO RACE 2019<\/strong><\/p>\r\n\r\n\r\n\r\n<table class=\"wp-block-table aligncenter is-style-regular\">\r\n<tbody>\r\n<tr>\r\n<td><strong>Datum<\/strong><\/td>\r\n<td>\u00a0<\/td>\r\n<td>\u00a0<\/td>\r\n<td><strong>Km (celkem\/RZ)<\/strong><\/td>\r\n<\/tr>\r\n<tr>\r\n<td>30\/12<\/td>\r\n<td>start<\/td>\r\n<td>Monako<\/td>\r\n<td>\u00a0<\/td>\r\n<\/tr>\r\n<tr>\r\n<td>01\/01<\/td>\r\n<td><strong>1. etapa<\/strong><\/td>\r\n<td><strong>Nador \u2013 La Momie<\/strong><\/td>\r\n<td>648\/90\u00a0<\/td>\r\n<\/tr>\r\n<tr>\r\n<td>02\/01<\/td>\r\n<td><strong>2. etapa<\/strong><\/td>\r\n<td><strong>La Momie \u2013 Agdal<\/strong><\/td>\r\n<td>434\/431<\/td>\r\n<\/tr>\r\n<tr>\r\n<td>03\/01<\/td>\r\n<td><strong>3. etapa<\/strong><\/td>\r\n<td><strong>Agdal \u2013 Assa<\/strong><\/td>\r\n<td>415\/401<\/td>\r\n<\/tr>\r\n<tr>\r\n<td>04\/01<\/td>\r\n<td><strong>4. etapa<\/strong><\/td>\r\n<td><strong>Oued Draa \u2013 Fort Chacal<\/strong><\/td>\r\n<td>495\/493<\/td>\r\n<\/tr>\r\n<tr>\r\n<td>05\/01<\/td>\r\n<td><strong>5. etapa<\/strong><\/td>\r\n<td><strong>Fort Chacal \u2013 Daklha<\/strong><\/td>\r\n<td>638\/420<\/td>\r\n<\/tr>\r\n<tr>\r\n<td>06\/01<\/td>\r\n<td>den odpo\u010dinku<\/td>\r\n<td>Daklha<\/td>\r\n<td>\u00a0<\/td>\r\n<\/tr>\r\n<tr>\r\n<td>07\/01<\/td>\r\n<td><strong>6. etapa<\/strong><\/td>\r\n<td><strong>Daklha \u2013 Chami<\/strong><\/td>\r\n<td>560\/177<\/td>\r\n<\/tr>\r\n<tr>\r\n<td>08\/01<\/td>\r\n<td><strong>7. etapa<\/strong><\/td>\r\n<td><strong>Chami \u2013 Chami<\/strong><\/td>\r\n<td>501\/481<\/td>\r\n<\/tr>\r\n<tr>\r\n<td>09\/01<\/td>\r\n<td><strong>8. etapa<\/strong><\/td>\r\n<td><strong>Chami \u2013 Amodjar<\/strong><\/td>\r\n<td>507\/445<\/td>\r\n<\/tr>\r\n<tr>\r\n<td>10\/01<\/td>\r\n<td><strong>9. etapa<\/strong><\/td>\r\n<td><strong>Amodjar \u2013 Amodjar<\/strong><\/td>\r\n<td>483\/374<\/td>\r\n<\/tr>\r\n<tr>\r\n<td>11\/01<\/td>\r\n<td><strong>10. etapa<\/strong><\/td>\r\n<td><strong>Amodjar \u2013 Akjoujt<\/strong><\/td>\r\n<td>520\/472<\/td>\r\n<\/tr>\r\n<tr>\r\n<td>12\/01<\/td>\r\n<td><strong>11. etapa<\/strong><\/td>\r\n<td><strong>Akjoujt \u2013 St Louis<\/strong><\/td>\r\n<td>556\/218<\/td>\r\n<\/tr>\r\n<tr>\r\n<td>13\/01<\/td>\r\n<td><strong>12. etapa<\/strong><\/td>\r\n<td><strong>St Louis \u2013 Dakar<\/strong><\/td>\r\n<td>292\/22<\/td>\r\n<\/tr>\r\n<\/tbody>\r\n<\/table>\r\n\r\n\r\n\r\n<p>Snaha zav\u00e9st \u00fa\u010dastn\u00edky do m\u00e9n\u011b zn\u00e1m\u00fdch m\u00edst hloub\u011bji v pou\u0161ti vedla organiz\u00e1tory k pom\u011brn\u011b rozs\u00e1hl\u00e9 inovaci trat\u011b.<\/p>\r\n\r\n\r\n\r\n<p><em>\u201eZm\u011bnili jsme v\u00edce ne\u017e t\u0159etinu trasy, proto\u017ee chceme kl\u00e1st je\u0161t\u011b v\u011bt\u0161\u00ed d\u016fraz na navigaci a offroadov\u00e9 z\u00e1vod\u011bn\u00ed,\u201c<\/em> vysv\u011btluje sportovn\u00ed \u0159editel z\u00e1vodu <strong>Ren\u00e9 Metge<\/strong>. <em>\u201eV Maroku jsme na\u0161li p\u00e1r nov\u00fdch trat\u00ed, kter\u00e9 budou pro na\u0161e sout\u011b\u017e\u00edc\u00ed docela n\u00e1ro\u010dn\u00e9. V Maurit\u00e1nii se pojede z v\u00edce ne\u017e 45 procent v ter\u00e9nu. Situaci nav\u00edc z\u00e1vodn\u00edk\u016fm zt\u00ed\u017eily i leto\u0161n\u00ed vydatn\u00e9 de\u0161t\u011b, kter\u00e9 zm\u011bnily podobu ji\u017e existuj\u00edc\u00edch dun a daly vzniknout nov\u00fdm p\u00edse\u010dn\u00fdm p\u0159esyp\u016fm. Nez\u016fstaly tam prakticky \u017e\u00e1dn\u00e9 z d\u0159\u00edv\u011bj\u0161\u00edch orienta\u010dn\u00edch bod\u016f.\u201c<\/em><\/p>\r\n\r\n\r\n\r\n<p>Tak\u00e9 tentokr\u00e1t na \u00fa\u010dastn\u00edky \u010dek\u00e1 etapa nazvan\u00e1 \u201e500 mil\u201c, kter\u00e1 se do programu dostala poprv\u00e9 letos jako sou\u010d\u00e1st oslav des\u00e1t\u00e9ho v\u00fdro\u010d\u00ed existence Africa Race. Po dojet\u00ed jedn\u00e9 z etap budou pos\u00e1dky izolov\u00e1ny v uzav\u0159en\u00e9m parkovi\u0161ti, z n\u011bho\u017e se dostanou a\u017e p\u0159ed startem do dal\u0161\u00edho sout\u011b\u017en\u00edho dne. V\u0161ichni \u00fa\u010dastn\u00edci budou nocovat spole\u010dn\u011b a nebudou moci vyu\u017e\u00edt pomoci sv\u00e9 asistence, co\u017e je dal\u0161\u00ed odkaz a hold atmosf\u00e9\u0159e p\u016fvodn\u00edho africk\u00e9ho Dakaru.<\/p>\r\n\r\n\r\n\r\n<figure class=\"wp-block-image\"><img loading=\"lazy\" decoding=\"async\" width=\"724\" height=\"1024\" class=\"wp-image-996\" src=\"http:\/\/www.dakarmania.cz\/wp-content\/uploads\/2018\/12\/19-africa-map-724x1024.jpg\" alt=\"Africa Race 2019, mapa\" srcset=\"https:\/\/www.dakarmania.cz\/wp-content\/uploads\/2018\/12\/19-africa-map-724x1024.jpg 724w, https:\/\/www.dakarmania.cz\/wp-content\/uploads\/2018\/12\/19-africa-map-212x300.jpg 212w, https:\/\/www.dakarmania.cz\/wp-content\/uploads\/2018\/12\/19-africa-map-768x1086.jpg 768w, https:\/\/www.dakarmania.cz\/wp-content\/uploads\/2018\/12\/19-africa-map-389x550.jpg 389w, https:\/\/www.dakarmania.cz\/wp-content\/uploads\/2018\/12\/19-africa-map-211x298.jpg 211w, https:\/\/www.dakarmania.cz\/wp-content\/uploads\/2018\/12\/19-africa-map-283x400.jpg 283w, https:\/\/www.dakarmania.cz\/wp-content\/uploads\/2018\/12\/19-africa-map.jpg 1024w\" sizes=\"auto, (max-width: 724px) 100vw, 724px\" \/>\r\n<figcaption>Mapa Africa Eco Race 2019<\/figcaption>\r\n<\/figure>\r\n","protected":false},"excerpt":{"rendered":"<p>Naviga\u010dn\u011b n\u00e1ro\u010dn\u00fd, s minimem spojovac\u00edch \u00fasek\u016f a maximem kilometr\u016f v p\u00edsku a dun\u00e1ch, takov\u00fd m\u00e1 b\u00fdt 11. ro\u010dn\u00edk Africa Eco Race.<\/p>\n","protected":false},"author":1,"featured_media":1021,"comment_status":"open","ping_status":"closed","sticky":false,"template":"","format":"standard","meta":{"footnotes":""},"categories":[119],"tags":[120,121,125],"class_list":["post-992","post","type-post","status-publish","format-standard","has-post-thumbnail","hentry","category-africa-eco-race","tag-aer","tag-aer-2019","tag-rene-metge"],"yoast_head":"<!-- This site is optimized with the Yoast SEO plugin v24.9 - https:\/\/yoast.com\/wordpress\/plugins\/seo\/ -->\n<title>Africa Race 2019: Inovovan\u00e1 tra\u0165, d\u016fraz na navigaci - DAKARMANIA.cz<\/title>\n<meta name=\"description\" content=\"Naviga\u010dn\u011b n\u00e1ro\u010dn\u00fd, s minimem spojovac\u00edch \u00fasek\u016f a maximem kilometr\u016f v p\u00edsku a dun\u00e1ch, takov\u00fd m\u00e1 b\u00fdt 11. ro\u010dn\u00edk Africa Eco Race.\" \/>\n<meta name=\"robots\" content=\"index, follow, max-snippet:-1, max-image-preview:large, max-video-preview:-1\" \/>\n<link rel=\"canonical\" href=\"https:\/\/www.dakarmania.cz\/index.php\/2018\/11\/08\/africa-race-2019-inovovana-trat-spousta-pisku-a-tezsi-navigace\/\" \/>\n<meta property=\"og:locale\" content=\"cs_CZ\" \/>\n<meta property=\"og:type\" content=\"article\" \/>\n<meta property=\"og:title\" content=\"Africa Race 2019: Inovovan\u00e1 tra\u0165, d\u016fraz na navigaci - DAKARMANIA.cz\" \/>\n<meta property=\"og:description\" content=\"Naviga\u010dn\u011b n\u00e1ro\u010dn\u00fd, s minimem spojovac\u00edch \u00fasek\u016f a maximem kilometr\u016f v p\u00edsku a dun\u00e1ch, takov\u00fd m\u00e1 b\u00fdt 11. ro\u010dn\u00edk Africa Eco Race.\" \/>\n<meta property=\"og:url\" content=\"https:\/\/www.dakarmania.cz\/index.php\/2018\/11\/08\/africa-race-2019-inovovana-trat-spousta-pisku-a-tezsi-navigace\/\" \/>\n<meta property=\"og:site_name\" content=\"DAKARMANIA.cz\" \/>\n<meta property=\"article:publisher\" content=\"https:\/\/www.facebook.com\/dakarmania\/\" \/>\n<meta property=\"article:published_time\" content=\"2018-11-08T11:35:01+00:00\" \/>\n<meta property=\"article:modified_time\" content=\"2021-05-03T22:22:33+00:00\" \/>\n<meta property=\"og:image\" content=\"https:\/\/www.dakarmania.cz\/wp-content\/uploads\/2018\/12\/18-africa-tomecek-01.jpg\" \/>\n\t<meta property=\"og:image:width\" content=\"1024\" \/>\n\t<meta property=\"og:image:height\" content=\"683\" \/>\n\t<meta property=\"og:image:type\" content=\"image\/jpeg\" \/>\n<meta name=\"author\" content=\"Zden\u011bk Zelenka\" \/>\n<meta name=\"twitter:card\" content=\"summary_large_image\" \/>\n<meta name=\"twitter:label1\" content=\"Napsal(a)\" \/>\n\t<meta name=\"twitter:data1\" content=\"Zden\u011bk Zelenka\" \/>\n\t<meta name=\"twitter:label2\" content=\"Odhadovan\u00e1 doba \u010dten\u00ed\" \/>\n\t<meta name=\"twitter:data2\" content=\"3 minuty\" \/>\n<script type=\"application\/ld+json\" class=\"yoast-schema-graph\">{\"@context\":\"https:\/\/schema.org\",\"@graph\":[{\"@type\":\"Article\",\"@id\":\"https:\/\/www.dakarmania.cz\/index.php\/2018\/11\/08\/africa-race-2019-inovovana-trat-spousta-pisku-a-tezsi-navigace\/#article\",\"isPartOf\":{\"@id\":\"https:\/\/www.dakarmania.cz\/index.php\/2018\/11\/08\/africa-race-2019-inovovana-trat-spousta-pisku-a-tezsi-navigace\/\"},\"author\":{\"name\":\"Zden\u011bk Zelenka\",\"@id\":\"https:\/\/www.dakarmania.cz\/#\/schema\/person\/04eb0e87a389631c2169c0dddae7ff1e\"},\"headline\":\"Africa Race 2019: Inovovan\u00e1 tra\u0165, d\u016fraz na navigaci\",\"datePublished\":\"2018-11-08T11:35:01+00:00\",\"dateModified\":\"2021-05-03T22:22:33+00:00\",\"mainEntityOfPage\":{\"@id\":\"https:\/\/www.dakarmania.cz\/index.php\/2018\/11\/08\/africa-race-2019-inovovana-trat-spousta-pisku-a-tezsi-navigace\/\"},\"wordCount\":528,\"commentCount\":0,\"publisher\":{\"@id\":\"https:\/\/www.dakarmania.cz\/#organization\"},\"image\":{\"@id\":\"https:\/\/www.dakarmania.cz\/index.php\/2018\/11\/08\/africa-race-2019-inovovana-trat-spousta-pisku-a-tezsi-navigace\/#primaryimage\"},\"thumbnailUrl\":\"https:\/\/www.dakarmania.cz\/wp-content\/uploads\/2018\/12\/18-africa-tomecek-01.jpg\",\"keywords\":[\"AER\",\"AER 2019\",\"Ren\u00e9 Metge\"],\"articleSection\":[\"Africa Eco Race\"],\"inLanguage\":\"cs\",\"potentialAction\":[{\"@type\":\"CommentAction\",\"name\":\"Comment\",\"target\":[\"https:\/\/www.dakarmania.cz\/index.php\/2018\/11\/08\/africa-race-2019-inovovana-trat-spousta-pisku-a-tezsi-navigace\/#respond\"]}]},{\"@type\":\"WebPage\",\"@id\":\"https:\/\/www.dakarmania.cz\/index.php\/2018\/11\/08\/africa-race-2019-inovovana-trat-spousta-pisku-a-tezsi-navigace\/\",\"url\":\"https:\/\/www.dakarmania.cz\/index.php\/2018\/11\/08\/africa-race-2019-inovovana-trat-spousta-pisku-a-tezsi-navigace\/\",\"name\":\"Africa Race 2019: Inovovan\u00e1 tra\u0165, d\u016fraz na navigaci - DAKARMANIA.cz\",\"isPartOf\":{\"@id\":\"https:\/\/www.dakarmania.cz\/#website\"},\"primaryImageOfPage\":{\"@id\":\"https:\/\/www.dakarmania.cz\/index.php\/2018\/11\/08\/africa-race-2019-inovovana-trat-spousta-pisku-a-tezsi-navigace\/#primaryimage\"},\"image\":{\"@id\":\"https:\/\/www.dakarmania.cz\/index.php\/2018\/11\/08\/africa-race-2019-inovovana-trat-spousta-pisku-a-tezsi-navigace\/#primaryimage\"},\"thumbnailUrl\":\"https:\/\/www.dakarmania.cz\/wp-content\/uploads\/2018\/12\/18-africa-tomecek-01.jpg\",\"datePublished\":\"2018-11-08T11:35:01+00:00\",\"dateModified\":\"2021-05-03T22:22:33+00:00\",\"description\":\"Naviga\u010dn\u011b n\u00e1ro\u010dn\u00fd, s minimem spojovac\u00edch \u00fasek\u016f a maximem kilometr\u016f v p\u00edsku a dun\u00e1ch, takov\u00fd m\u00e1 b\u00fdt 11. ro\u010dn\u00edk Africa Eco Race.\",\"breadcrumb\":{\"@id\":\"https:\/\/www.dakarmania.cz\/index.php\/2018\/11\/08\/africa-race-2019-inovovana-trat-spousta-pisku-a-tezsi-navigace\/#breadcrumb\"},\"inLanguage\":\"cs\",\"potentialAction\":[{\"@type\":\"ReadAction\",\"target\":[\"https:\/\/www.dakarmania.cz\/index.php\/2018\/11\/08\/africa-race-2019-inovovana-trat-spousta-pisku-a-tezsi-navigace\/\"]}]},{\"@type\":\"ImageObject\",\"inLanguage\":\"cs\",\"@id\":\"https:\/\/www.dakarmania.cz\/index.php\/2018\/11\/08\/africa-race-2019-inovovana-trat-spousta-pisku-a-tezsi-navigace\/#primaryimage\",\"url\":\"https:\/\/www.dakarmania.cz\/wp-content\/uploads\/2018\/12\/18-africa-tomecek-01.jpg\",\"contentUrl\":\"https:\/\/www.dakarmania.cz\/wp-content\/uploads\/2018\/12\/18-africa-tomecek-01.jpg\",\"width\":1024,\"height\":683,\"caption\":\"Tom\u00e1\u0161 Tome\u010dek, Tatra 815 Dakar 2T0R45, Tatra Tom Racing. Africa Eco Race 2018. Foto: Tatra Tom Racing\"},{\"@type\":\"BreadcrumbList\",\"@id\":\"https:\/\/www.dakarmania.cz\/index.php\/2018\/11\/08\/africa-race-2019-inovovana-trat-spousta-pisku-a-tezsi-navigace\/#breadcrumb\",\"itemListElement\":[{\"@type\":\"ListItem\",\"position\":1,\"name\":\"Dom\u016f\",\"item\":\"https:\/\/www.dakarmania.cz\/\"},{\"@type\":\"ListItem\",\"position\":2,\"name\":\"Africa Race 2019: Inovovan\u00e1 tra\u0165, d\u016fraz na navigaci\"}]},{\"@type\":\"WebSite\",\"@id\":\"https:\/\/www.dakarmania.cz\/#website\",\"url\":\"https:\/\/www.dakarmania.cz\/\",\"name\":\"DAKARMANIA.cz\",\"description\":\"\u017dijeme Dakarem cel\u00fd rok\",\"publisher\":{\"@id\":\"https:\/\/www.dakarmania.cz\/#organization\"},\"potentialAction\":[{\"@type\":\"SearchAction\",\"target\":{\"@type\":\"EntryPoint\",\"urlTemplate\":\"https:\/\/www.dakarmania.cz\/?s={search_term_string}\"},\"query-input\":{\"@type\":\"PropertyValueSpecification\",\"valueRequired\":true,\"valueName\":\"search_term_string\"}}],\"inLanguage\":\"cs\"},{\"@type\":\"Organization\",\"@id\":\"https:\/\/www.dakarmania.cz\/#organization\",\"name\":\"DAKAR MANIA\",\"url\":\"https:\/\/www.dakarmania.cz\/\",\"logo\":{\"@type\":\"ImageObject\",\"inLanguage\":\"cs\",\"@id\":\"https:\/\/www.dakarmania.cz\/#\/schema\/logo\/image\/\",\"url\":\"https:\/\/www.dakarmania.cz\/wp-content\/uploads\/2018\/12\/Dakar-Mania-Logo-Square-Orange.png\",\"contentUrl\":\"https:\/\/www.dakarmania.cz\/wp-content\/uploads\/2018\/12\/Dakar-Mania-Logo-Square-Orange.png\",\"width\":992,\"height\":992,\"caption\":\"DAKAR MANIA\"},\"image\":{\"@id\":\"https:\/\/www.dakarmania.cz\/#\/schema\/logo\/image\/\"},\"sameAs\":[\"https:\/\/www.facebook.com\/dakarmania\/\"]},{\"@type\":\"Person\",\"@id\":\"https:\/\/www.dakarmania.cz\/#\/schema\/person\/04eb0e87a389631c2169c0dddae7ff1e\",\"name\":\"Zden\u011bk Zelenka\",\"image\":{\"@type\":\"ImageObject\",\"inLanguage\":\"cs\",\"@id\":\"https:\/\/www.dakarmania.cz\/#\/schema\/person\/image\/\",\"url\":\"https:\/\/secure.gravatar.com\/avatar\/2c80d5a4942fe0900b73cc7d3837a509d6ee0a276a2b76dac95c92bd0763a89b?s=96&d=mm&r=g\",\"contentUrl\":\"https:\/\/secure.gravatar.com\/avatar\/2c80d5a4942fe0900b73cc7d3837a509d6ee0a276a2b76dac95c92bd0763a89b?s=96&d=mm&r=g\",\"caption\":\"Zden\u011bk Zelenka\"},\"description\":\"Moji d\u011bt\u0161t\u00ed hrdinov\u00e9 se jmenovali Loprais, Moskal, Neveu, Vatanen, Rahier... A tihle borci, jejich n\u00e1sledovn\u00edci a jejich p\u0159\u00edb\u011bhy m\u011b nep\u0159estali fascinovat ani po letech, kdy jsem vyrostl a zam\u011bstn\u00e1valy m\u011b jin\u00e9 discipl\u00edny motorsportu. Proto se zrodila DAKARMANIA.\",\"url\":\"https:\/\/www.dakarmania.cz\/index.php\/author\/dakarmania\/\"}]}<\/script>\n<!-- \/ Yoast SEO plugin. -->","yoast_head_json":{"title":"Africa Race 2019: Inovovan\u00e1 tra\u0165, d\u016fraz na navigaci - DAKARMANIA.cz","description":"Naviga\u010dn\u011b n\u00e1ro\u010dn\u00fd, s minimem spojovac\u00edch \u00fasek\u016f a maximem kilometr\u016f v p\u00edsku a dun\u00e1ch, takov\u00fd m\u00e1 b\u00fdt 11. ro\u010dn\u00edk Africa Eco Race.","robots":{"index":"index","follow":"follow","max-snippet":"max-snippet:-1","max-image-preview":"max-image-preview:large","max-video-preview":"max-video-preview:-1"},"canonical":"https:\/\/www.dakarmania.cz\/index.php\/2018\/11\/08\/africa-race-2019-inovovana-trat-spousta-pisku-a-tezsi-navigace\/","og_locale":"cs_CZ","og_type":"article","og_title":"Africa Race 2019: Inovovan\u00e1 tra\u0165, d\u016fraz na navigaci - DAKARMANIA.cz","og_description":"Naviga\u010dn\u011b n\u00e1ro\u010dn\u00fd, s minimem spojovac\u00edch \u00fasek\u016f a maximem kilometr\u016f v p\u00edsku a dun\u00e1ch, takov\u00fd m\u00e1 b\u00fdt 11. ro\u010dn\u00edk Africa Eco Race.","og_url":"https:\/\/www.dakarmania.cz\/index.php\/2018\/11\/08\/africa-race-2019-inovovana-trat-spousta-pisku-a-tezsi-navigace\/","og_site_name":"DAKARMANIA.cz","article_publisher":"https:\/\/www.facebook.com\/dakarmania\/","article_published_time":"2018-11-08T11:35:01+00:00","article_modified_time":"2021-05-03T22:22:33+00:00","og_image":[{"width":1024,"height":683,"url":"https:\/\/www.dakarmania.cz\/wp-content\/uploads\/2018\/12\/18-africa-tomecek-01.jpg","type":"image\/jpeg"}],"author":"Zden\u011bk Zelenka","twitter_card":"summary_large_image","twitter_misc":{"Napsal(a)":"Zden\u011bk Zelenka","Odhadovan\u00e1 doba \u010dten\u00ed":"3 minuty"},"schema":{"@context":"https:\/\/schema.org","@graph":[{"@type":"Article","@id":"https:\/\/www.dakarmania.cz\/index.php\/2018\/11\/08\/africa-race-2019-inovovana-trat-spousta-pisku-a-tezsi-navigace\/#article","isPartOf":{"@id":"https:\/\/www.dakarmania.cz\/index.php\/2018\/11\/08\/africa-race-2019-inovovana-trat-spousta-pisku-a-tezsi-navigace\/"},"author":{"name":"Zden\u011bk Zelenka","@id":"https:\/\/www.dakarmania.cz\/#\/schema\/person\/04eb0e87a389631c2169c0dddae7ff1e"},"headline":"Africa Race 2019: Inovovan\u00e1 tra\u0165, d\u016fraz na navigaci","datePublished":"2018-11-08T11:35:01+00:00","dateModified":"2021-05-03T22:22:33+00:00","mainEntityOfPage":{"@id":"https:\/\/www.dakarmania.cz\/index.php\/2018\/11\/08\/africa-race-2019-inovovana-trat-spousta-pisku-a-tezsi-navigace\/"},"wordCount":528,"commentCount":0,"publisher":{"@id":"https:\/\/www.dakarmania.cz\/#organization"},"image":{"@id":"https:\/\/www.dakarmania.cz\/index.php\/2018\/11\/08\/africa-race-2019-inovovana-trat-spousta-pisku-a-tezsi-navigace\/#primaryimage"},"thumbnailUrl":"https:\/\/www.dakarmania.cz\/wp-content\/uploads\/2018\/12\/18-africa-tomecek-01.jpg","keywords":["AER","AER 2019","Ren\u00e9 Metge"],"articleSection":["Africa Eco Race"],"inLanguage":"cs","potentialAction":[{"@type":"CommentAction","name":"Comment","target":["https:\/\/www.dakarmania.cz\/index.php\/2018\/11\/08\/africa-race-2019-inovovana-trat-spousta-pisku-a-tezsi-navigace\/#respond"]}]},{"@type":"WebPage","@id":"https:\/\/www.dakarmania.cz\/index.php\/2018\/11\/08\/africa-race-2019-inovovana-trat-spousta-pisku-a-tezsi-navigace\/","url":"https:\/\/www.dakarmania.cz\/index.php\/2018\/11\/08\/africa-race-2019-inovovana-trat-spousta-pisku-a-tezsi-navigace\/","name":"Africa Race 2019: Inovovan\u00e1 tra\u0165, d\u016fraz na navigaci - DAKARMANIA.cz","isPartOf":{"@id":"https:\/\/www.dakarmania.cz\/#website"},"primaryImageOfPage":{"@id":"https:\/\/www.dakarmania.cz\/index.php\/2018\/11\/08\/africa-race-2019-inovovana-trat-spousta-pisku-a-tezsi-navigace\/#primaryimage"},"image":{"@id":"https:\/\/www.dakarmania.cz\/index.php\/2018\/11\/08\/africa-race-2019-inovovana-trat-spousta-pisku-a-tezsi-navigace\/#primaryimage"},"thumbnailUrl":"https:\/\/www.dakarmania.cz\/wp-content\/uploads\/2018\/12\/18-africa-tomecek-01.jpg","datePublished":"2018-11-08T11:35:01+00:00","dateModified":"2021-05-03T22:22:33+00:00","description":"Naviga\u010dn\u011b n\u00e1ro\u010dn\u00fd, s minimem spojovac\u00edch \u00fasek\u016f a maximem kilometr\u016f v p\u00edsku a dun\u00e1ch, takov\u00fd m\u00e1 b\u00fdt 11. ro\u010dn\u00edk Africa Eco Race.","breadcrumb":{"@id":"https:\/\/www.dakarmania.cz\/index.php\/2018\/11\/08\/africa-race-2019-inovovana-trat-spousta-pisku-a-tezsi-navigace\/#breadcrumb"},"inLanguage":"cs","potentialAction":[{"@type":"ReadAction","target":["https:\/\/www.dakarmania.cz\/index.php\/2018\/11\/08\/africa-race-2019-inovovana-trat-spousta-pisku-a-tezsi-navigace\/"]}]},{"@type":"ImageObject","inLanguage":"cs","@id":"https:\/\/www.dakarmania.cz\/index.php\/2018\/11\/08\/africa-race-2019-inovovana-trat-spousta-pisku-a-tezsi-navigace\/#primaryimage","url":"https:\/\/www.dakarmania.cz\/wp-content\/uploads\/2018\/12\/18-africa-tomecek-01.jpg","contentUrl":"https:\/\/www.dakarmania.cz\/wp-content\/uploads\/2018\/12\/18-africa-tomecek-01.jpg","width":1024,"height":683,"caption":"Tom\u00e1\u0161 Tome\u010dek, Tatra 815 Dakar 2T0R45, Tatra Tom Racing. Africa Eco Race 2018. Foto: Tatra Tom Racing"},{"@type":"BreadcrumbList","@id":"https:\/\/www.dakarmania.cz\/index.php\/2018\/11\/08\/africa-race-2019-inovovana-trat-spousta-pisku-a-tezsi-navigace\/#breadcrumb","itemListElement":[{"@type":"ListItem","position":1,"name":"Dom\u016f","item":"https:\/\/www.dakarmania.cz\/"},{"@type":"ListItem","position":2,"name":"Africa Race 2019: Inovovan\u00e1 tra\u0165, d\u016fraz na navigaci"}]},{"@type":"WebSite","@id":"https:\/\/www.dakarmania.cz\/#website","url":"https:\/\/www.dakarmania.cz\/","name":"DAKARMANIA.cz","description":"\u017dijeme Dakarem cel\u00fd rok","publisher":{"@id":"https:\/\/www.dakarmania.cz\/#organization"},"potentialAction":[{"@type":"SearchAction","target":{"@type":"EntryPoint","urlTemplate":"https:\/\/www.dakarmania.cz\/?s={search_term_string}"},"query-input":{"@type":"PropertyValueSpecification","valueRequired":true,"valueName":"search_term_string"}}],"inLanguage":"cs"},{"@type":"Organization","@id":"https:\/\/www.dakarmania.cz\/#organization","name":"DAKAR MANIA","url":"https:\/\/www.dakarmania.cz\/","logo":{"@type":"ImageObject","inLanguage":"cs","@id":"https:\/\/www.dakarmania.cz\/#\/schema\/logo\/image\/","url":"https:\/\/www.dakarmania.cz\/wp-content\/uploads\/2018\/12\/Dakar-Mania-Logo-Square-Orange.png","contentUrl":"https:\/\/www.dakarmania.cz\/wp-content\/uploads\/2018\/12\/Dakar-Mania-Logo-Square-Orange.png","width":992,"height":992,"caption":"DAKAR MANIA"},"image":{"@id":"https:\/\/www.dakarmania.cz\/#\/schema\/logo\/image\/"},"sameAs":["https:\/\/www.facebook.com\/dakarmania\/"]},{"@type":"Person","@id":"https:\/\/www.dakarmania.cz\/#\/schema\/person\/04eb0e87a389631c2169c0dddae7ff1e","name":"Zden\u011bk Zelenka","image":{"@type":"ImageObject","inLanguage":"cs","@id":"https:\/\/www.dakarmania.cz\/#\/schema\/person\/image\/","url":"https:\/\/secure.gravatar.com\/avatar\/2c80d5a4942fe0900b73cc7d3837a509d6ee0a276a2b76dac95c92bd0763a89b?s=96&d=mm&r=g","contentUrl":"https:\/\/secure.gravatar.com\/avatar\/2c80d5a4942fe0900b73cc7d3837a509d6ee0a276a2b76dac95c92bd0763a89b?s=96&d=mm&r=g","caption":"Zden\u011bk Zelenka"},"description":"Moji d\u011bt\u0161t\u00ed hrdinov\u00e9 se jmenovali Loprais, Moskal, Neveu, Vatanen, Rahier... A tihle borci, jejich n\u00e1sledovn\u00edci a jejich p\u0159\u00edb\u011bhy m\u011b nep\u0159estali fascinovat ani po letech, kdy jsem vyrostl a zam\u011bstn\u00e1valy m\u011b jin\u00e9 discipl\u00edny motorsportu. Proto se zrodila DAKARMANIA.","url":"https:\/\/www.dakarmania.cz\/index.php\/author\/dakarmania\/"}]}},"amp_enabled":true,"_links":{"self":[{"href":"https:\/\/www.dakarmania.cz\/index.php\/wp-json\/wp\/v2\/posts\/992","targetHints":{"allow":["GET"]}}],"collection":[{"href":"https:\/\/www.dakarmania.cz\/index.php\/wp-json\/wp\/v2\/posts"}],"about":[{"href":"https:\/\/www.dakarmania.cz\/index.php\/wp-json\/wp\/v2\/types\/post"}],"author":[{"embeddable":true,"href":"https:\/\/www.dakarmania.cz\/index.php\/wp-json\/wp\/v2\/users\/1"}],"replies":[{"embeddable":true,"href":"https:\/\/www.dakarmania.cz\/index.php\/wp-json\/wp\/v2\/comments?post=992"}],"version-history":[{"count":24,"href":"https:\/\/www.dakarmania.cz\/index.php\/wp-json\/wp\/v2\/posts\/992\/revisions"}],"predecessor-version":[{"id":1276,"href":"https:\/\/www.dakarmania.cz\/index.php\/wp-json\/wp\/v2\/posts\/992\/revisions\/1276"}],"wp:featuredmedia":[{"embeddable":true,"href":"https:\/\/www.dakarmania.cz\/index.php\/wp-json\/wp\/v2\/media\/1021"}],"wp:attachment":[{"href":"https:\/\/www.dakarmania.cz\/index.php\/wp-json\/wp\/v2\/media?parent=992"}],"wp:term":[{"taxonomy":"category","embeddable":true,"href":"https:\/\/www.dakarmania.cz\/index.php\/wp-json\/wp\/v2\/categories?post=992"},{"taxonomy":"post_tag","embeddable":true,"href":"https:\/\/www.dakarmania.cz\/index.php\/wp-json\/wp\/v2\/tags?post=992"}],"curies":[{"name":"wp","href":"https:\/\/api.w.org\/{rel}","templated":true}]}}