{"id":9944,"date":"2019-08-10T12:05:42","date_gmt":"2019-08-10T10:05:42","guid":{"rendered":"https:\/\/www.dakarmania.cz\/?p=9944"},"modified":"2019-11-12T17:34:08","modified_gmt":"2019-11-12T16:34:08","slug":"hungarian-baja-etapa-2","status":"publish","type":"post","link":"https:\/\/www.dakarmania.cz\/index.php\/2019\/08\/10\/hungarian-baja-etapa-2\/","title":{"rendered":"Hungarian Baja: Vede Terranova, Prokop t\u011bsn\u011b druh\u00fd"},"content":{"rendered":"<p>[vc_row css_animation=&#8221;fadeIn&#8221;][vc_column][vc_column_text css_animation=&#8221;fadeIn&#8221;]<\/p>\n<h4>Orlando Terranova s\u00a0Mini vyhr\u00e1l druhou etapu ma\u010farsk\u00e9 baji a do z\u00e1v\u011bre\u010dn\u00e9ho dne sout\u011b\u017ee p\u016fjde z\u00a0prvn\u00ed pozice. D\u00edky v\u00edt\u011bzstv\u00ed Martina Prokopa na odpoledn\u00ed rychlostn\u00ed zkou\u0161ce je v\u0161ak Argentinc\u016fv n\u00e1skok pouze minim\u00e1ln\u00ed.<\/h4>\n<p>V sobotu se \u00fa\u010dastn\u00edci <a href=\"\/index.php\/souteze\/hungarian-baja-2019\/\">Hungarian Baja 2019<\/a> musely popasovat se dv\u011bma pr\u016fjezdy n\u00e1ro\u010dnou speci\u00e1lkou, jej\u00ed\u017e tra\u0165 vedla z velk\u00e9 \u010d\u00e1sti vojensk\u00fdm prostorem a m\u011b\u0159ila respekt bud\u00edc\u00edch 208 kilometr\u016f.[\/vc_column_text][\/vc_column][\/vc_row][vc_row css_animation=&#8221;fadeIn&#8221; css=&#8221;.vc_custom_1565431091328{background-color: #f2f2f2 !important;}&#8221;][vc_column css_animation=&#8221;fadeIn&#8221; width=&#8221;1\/2&#8243;][vc_column_text css_animation=&#8221;fadeIn&#8221; css=&#8221;.vc_custom_1565470771184{padding-top: 5px !important;padding-right: 5px !important;padding-bottom: 5px !important;padding-left: 5px !important;}&#8221;]<\/p>\n<h4>Terranova v \u010dele, ale pod tlakem<\/h4>\n<p><a href=\"\/index.php\/osobnosti\/orlando-terranova\/\">Orlando Terranova<\/a> v Ma\u010farsku potvrzuje sv\u00e9 ambice na zisk sv\u011btov\u00e9ho poh\u00e1ru v baj\u00e1ch. N\u00e1ro\u010dnou sobotn\u00ed etapu zvl\u00e1dl bez v\u00fdznamn\u011bj\u0161\u00edho zav\u00e1h\u00e1n\u00ed.<\/p>\n<p>Dopoledne za\u010dali Terranova a <a href=\"\/index.php\/osobnosti\/ronnie-graue\/\">Graue<\/a> ze v\u0161ech nejl\u00e9pe. S Mini t\u00fdmu X-raid zvl\u00e1dli prvn\u00ed pr\u016fjezd za dv\u011b hodiny a 28 minut.[\/vc_column_text][vc_single_image image=&#8221;9962&#8243; img_size=&#8221;large&#8221; alignment=&#8221;center&#8221; css_animation=&#8221;fadeIn&#8221; css=&#8221;.vc_custom_1565449793200{padding-top: 5px !important;padding-right: 5px !important;padding-bottom: 5px !important;padding-left: 5px !important;}&#8221;][\/vc_column][vc_column css_animation=&#8221;fadeIn&#8221; width=&#8221;1\/2&#8243;][vc_column_text css_animation=&#8221;fadeIn&#8221; css=&#8221;.vc_custom_1565470759739{padding-top: 5px !important;padding-right: 5px !important;padding-bottom: 5px !important;padding-left: 5px !important;}&#8221;]V\u00edt\u011bze <a href=\"\/index.php\/2019\/08\/09\/hungarian-baja-nejlepe-zacal-prokop-prolog-zastavila-nehoda\/\">p\u00e1te\u010dn\u00edho prologu<\/a> Prokopa (Ford) porazili o minutu a sedm sekund. D\u00edky tomu vyst\u0159\u00eddali jezdce t\u00fdmu MP-Sports na \u010dele pr\u016fb\u011b\u017en\u00e9 klasifikace, p\u0159esto\u017ee Terranova p\u0159edj\u00ed\u017ed\u011bl Vasiljeva (defekt) a na z\u00e1v\u011bre\u010dn\u00fdch 90 kilometrech tud\u00ed\u017e \u010distil tra\u0165.<\/p>\n<p><em>\u201eKv\u016fli vysok\u00e9 tr\u00e1v\u011b m\u00edsty nen\u00ed skoro vid\u011bt, kam m\u00e1me jet. P\u0159esto jsme jeli relativn\u011b rychle, jen v\u00a0jedn\u00e9 zat\u00e1\u010dce n\u00e1m to trochu uklouzlo,\u201c<\/em> komentoval <strong>Orlando Terranova<\/strong>.<\/p>\n<p>Odpoledne dok\u00e1zal Terranova je\u0161t\u011b o dv\u011b minuty zrychlit a udr\u017eel pr\u016fb\u011b\u017en\u00e9 veden\u00ed, a\u010dkoliv jeho n\u00e1skok se zten\u010dil.<\/p>\n<p><em>\u201eCelkov\u011b to byl t\u011b\u017ek\u00fd den, \u010delili jsme mnoha v\u00fdzv\u00e1m. Nap\u0159\u00edklad se n\u00e1m utrhl zved\u00e1k, tak\u017ee defekt by pro n\u00e1s m\u011bl fat\u00e1ln\u00ed d\u016fsledky,\u201c<\/em> upozornil Argentinec. <em>\u201eJet 208 kilometr\u016f odpoledn\u00ed erzety s t\u00edmto v\u011bdom\u00edm nebylo nic snadn\u00e9ho. Proto jsem byl v z\u00e1v\u011bru velmi unaven\u00fd. Nav\u00edc jsme str\u00e1vili p\u011bt hodin v tomhle vedru, co\u017e je tak\u00e9 vy\u010derp\u00e1vaj\u00edc\u00ed. Samotn\u00e1 erzeta se mi l\u00edbila, i kdy\u017e je velmi t\u011b\u017ek\u00e1 a nem\u016f\u017eete si na n\u00ed dovolit \u017e\u00e1dn\u00e9 rozpt\u00fdlen\u00ed.\u201c<\/em>[\/vc_column_text][\/vc_column][\/vc_row][vc_row css_animation=&#8221;fadeIn&#8221;][vc_column css_animation=&#8221;fadeIn&#8221; width=&#8221;1\/2&#8243;][vc_column_text css_animation=&#8221;fadeIn&#8221;]<\/p>\n<h4>Prokop se zapotil, p\u0159esto \u00fato\u010d\u00ed<\/h4>\n<p><a href=\"\/index.php\/osobnosti\/martin-prokop\/\">Martin Prokop<\/a> s <a href=\"\/index.php\/osobnosti\/jan-tomanek\/\">Janem Tom\u00e1nkem<\/a> ztr\u00e1celi po RZ2 na Terranovu rovnou minutu, ale s p\u0159ehledem kontrolovali druhou pozici.<\/p>\n<p><em>\u201eNeud\u011blali jsme \u017e\u00e1dnou chybu, na\u0161e tempo a v\u00fdsledek jsou dobr\u00e9, ale museli jsme se neuv\u011b\u0159iteln\u011b soust\u0159edit. Z rytmu n\u00e1s trochu rozhodila rozbit\u00e1 sekce. Museli jsme se p\u0159izp\u016fsobit neust\u00e1le se m\u011bn\u00edc\u00edm podm\u00ednk\u00e1m a nebylo snadn\u00e9 zvolit spr\u00e1vnou rychlost. Byla to z\u00e1ludn\u00e1 erzeta, ale na\u0161e auto na\u0161t\u011bst\u00ed fungovalo dob\u0159e. Jedeme s novou p\u0159evodovkou a nastaven\u00edm a oboj\u00ed se vyplatilo. Ale porouchala se n\u00e1m klimatizace a horko n\u00e1s p\u0159ipravilo o spoustu energie,\u201c<\/em> popsal <strong>Martin Prokop<\/strong> probl\u00e9m, kter\u00fd je p\u0159i v\u00edce ne\u017e t\u0159icetistup\u0148ov\u00fdch vedrech panuj\u00edc\u00edch v oblasti kon\u00e1n\u00ed sout\u011b\u017ee velmi nep\u0159\u00edjemn\u00fd.<\/p>\n<p>Ani to v\u0161ak nevyvedlo Prokopa z rovnov\u00e1hy. Na RZ3 p\u0159ed\u010dil Terranovu o 14 sekund, p\u0159esto\u017ee jel 70 kilometr\u016f v prachu za Vasiljevem, kter\u00e9ho dostihl.[\/vc_column_text][\/vc_column][vc_column css_animation=&#8221;fadeIn&#8221; width=&#8221;1\/2&#8243;][vc_single_image image=&#8221;10008&#8243; img_size=&#8221;large&#8221; alignment=&#8221;center&#8221; css_animation=&#8221;fadeIn&#8221; css=&#8221;.vc_custom_1565449814086{padding-top: 5px !important;padding-right: 5px !important;padding-bottom: 5px !important;padding-left: 5px !important;}&#8221;][vc_column_text css_animation=&#8221;fadeIn&#8221;]P\u0159ed z\u00e1v\u011bre\u010dnou etapou tak d\u011bl\u00ed vedouc\u00ed dvojici pouh\u00fdch 46 vte\u0159in.<\/p>\n<p>Souboj o v\u00edt\u011bzstv\u00ed z\u016fst\u00e1v\u00e1 naprosto otev\u0159en\u00fd. V ned\u011bli m\u00e1 sout\u011b\u017e na programu je\u0161t\u011b dv\u011b rychlostn\u00ed zkou\u0161ky, z nich\u017e ka\u017ed\u00e1 m\u011b\u0159\u00ed 82 kilometr\u016f. Jedn\u00e1 se o dva pr\u016fjezdy \u010d\u00e1st\u00ed sobotn\u00ed trati, jen v opa\u010dn\u00e9m sm\u011bru.[\/vc_column_text][\/vc_column][\/vc_row][vc_row css_animation=&#8221;fadeIn&#8221;][vc_column css_animation=&#8221;fadeIn&#8221; width=&#8221;1\/2&#8243;][vc_column_text css_animation=&#8221;fadeIn&#8221;]<\/p>\n<h4>Odpoledn\u00ed odm\u011bna po n\u00e1ro\u010dn\u00e9m r\u00e1nu<\/h4>\n<p>[\/vc_column_text][vc_single_image image=&#8221;10023&#8243; img_size=&#8221;large&#8221; alignment=&#8221;center&#8221; css_animation=&#8221;fadeIn&#8221; css=&#8221;.vc_custom_1565453841688{padding-top: 5px !important;padding-right: 5px !important;padding-bottom: 5px !important;padding-left: 5px !important;}&#8221;][vc_column_text css_animation=&#8221;fadeIn&#8221;]Veden\u00ed <a href=\"\/index.php\/osobnosti\/vladimir-vasiljev\/\">Vladimira Vasiljeva<\/a> v pr\u016fb\u011b\u017en\u00e9 klasifikaci <a href=\"\/index.php\/svetovy-pohar-fia-v-cross-country-bajach-2019\/\">Sv\u011btov\u00e9ho poh\u00e1ru FIA v cross-country baj\u00e1ch<\/a> je v ohro\u017een\u00ed. Rus a jeho Toyota nejsou v posledn\u00edch m\u011bs\u00edc\u00edch zdaleka v takov\u00e9 form\u011b jako Terranova, nav\u00edc dnes otev\u00edral na obou dlouh\u00fdch erzet\u00e1ch tra\u0165. S navig\u00e1torem <a href=\"\/index.php\/osobnosti\/konstantin-zilcov\/\">Konstantinem \u017dilcovem<\/a> ztratili hned dopoledne v\u00edce ne\u017e p\u011bt minut, kdy\u017e je p\u0159ibrzdil tak\u00e9 defekt.<\/p>\n<p><em>\u201eNa 120. kilometru jsme m\u011bli defekt lev\u00e9 zadn\u00ed pneumatiky. M\u011bnili jsme ji a mezi t\u00edm n\u00e1s p\u0159edjel Orly<\/em> [Terranova]<em>. Nechybovali jsme, ale jet prvn\u00ed je \u00fanavn\u00e9, proto\u017ee nevid\u00edte cestu p\u0159ed sebou. V takov\u00e9m p\u0159\u00edpad\u011b snadno proraz\u00edte gumu o k\u00e1men. Byla to vy\u010derp\u00e1vaj\u00edc\u00ed a dlouh\u00e1 speci\u00e1lka. Nev\u00edm, co m\u00e1m d\u011blat s pneumatikami. Podle pravidel jich sm\u00edme pou\u017e\u00edt jen osm, ale trat\u011b je doslova \u017eerou,\u201c<\/em> posteskl si <strong>Vladimir Vasiljev<\/strong>. <em>\u201eV\u0161ichni obuli na odpoledne nov\u00e9.\u201c<\/em><\/p>\n<p>D\u00edky t\u0159et\u00edmu \u010dasu na RZ3 a probl\u00e9m\u016fm Przygo\u0144sk\u00e9ho se Vasiljev odpoledne posunul na t\u0159et\u00ed p\u0159\u00ed\u010dku. Nicm\u00e9n\u011b ani ta by mu v p\u0159\u00edpad\u011b Terranovova v\u00edt\u011bzstv\u00ed k uh\u00e1jen\u00ed veden\u00ed v SP nesta\u010dila.[\/vc_column_text][\/vc_column][vc_column css_animation=&#8221;fadeIn&#8221; width=&#8221;1\/2&#8243; el_id=&#8221;przygonski&#8221;][vc_column_text css_animation=&#8221;fadeIn&#8221; css=&#8221;.vc_custom_1565467696367{padding-top: 5px !important;padding-right: 5px !important;padding-bottom: 5px !important;padding-left: 5px !important;}&#8221;]<\/p>\n<h4>Kolabuj\u00edc\u00ed brzdy i bolestiv\u00e9 zran\u011bn\u00ed<\/h4>\n<p>Terranov\u016fv a Prokop\u016fv n\u00e1stup r\u00e1no \u00fapln\u011b nezachytili <a href=\"\/index.php\/osobnosti\/kuba-przygonski\/\">Kuba Przygo\u0144ski<\/a> a <a href=\"\/index.php\/osobnosti\/timo-gottschalk\/\">Timo Gottschalk<\/a> s Mini. Pos\u00e1dka Orlen Teamu sice figurovala na t\u0159et\u00ed pozici, ov\u0161em od druh\u00e9ho Prokopa ji d\u011blily u\u017e v\u00edce ne\u017e dv\u011b a p\u016fl minuty. Na vin\u011b byly technick\u00e9 probl\u00e9my.<\/p>\n<p><em>\u201eP\u0159estaly n\u00e1m fungovat brzdy a v dopoledn\u00edm servisu jsme je museli m\u011bnit. Nestihli jsme to, ztratili jsme p\u016fl hodiny,\u201c<\/em> vysv\u011btlil <strong>Kuba Przygo\u0144ski<\/strong> p\u0159ed odpoledn\u00ed erzetou pozdn\u00ed p\u0159\u00edjezd do \u010dasov\u00e9 kontroly.<\/p>\n<p>V\u00edt\u011bz lo\u0148sk\u00e9ho Sv\u011btov\u00e9ho poh\u00e1ru FIA v cross-country rally inkasoval 27minutovou penalizaci, jen\u017ee odpoledne brzdy selhaly znovu. A dvan\u00e1ctiminutov\u00e1 ztr\u00e1ta nebyla na RZ3 t\u00edm nejbolestiv\u011bj\u0161\u00edm.<\/p>\n<p><em>\u201eTentokr\u00e1t n\u00e1m brzdov\u00fd syst\u00e9m ode\u0161el \u00fapln\u011b a brzdov\u00e1 kapalina mi natekla do boty. Po dvou hodin\u00e1ch j\u00edzdy v takov\u00fdch podm\u00ednk\u00e1ch m\u00e1m nohu \u00fapln\u011b sp\u00e1lenou. Ale to je motorsport,\u201c<\/em> konstatoval Przygo\u0144ski, kter\u00fd je po dvou etap\u00e1ch s t\u00e9m\u011b\u0159 t\u0159i\u010dtvrt\u011bhodinov\u00fdm odstupem p\u00e1t\u00fd.[\/vc_column_text][vc_single_image image=&#8221;9968&#8243; img_size=&#8221;large&#8221; alignment=&#8221;center&#8221; css_animation=&#8221;fadeIn&#8221; css=&#8221;.vc_custom_1565454095355{padding-top: 5px !important;padding-right: 5px !important;padding-bottom: 5px !important;padding-left: 5px !important;}&#8221;][\/vc_column][\/vc_row][vc_row css_animation=&#8221;fadeIn&#8221;][vc_column css_animation=&#8221;fadeIn&#8221; width=&#8221;1\/2&#8243;][vc_column_text css_animation=&#8221;fadeIn&#8221;]<\/p>\n<h4>Zapletal vypadl z top 5<\/h4>\n<p><a href=\"\/index.php\/osobnosti\/miroslav-zapletal\/\">Miroslav Zapletal<\/a> s <a href=\"\/index.php\/osobnosti\/marek-sykora\/\">Markem S\u00fdkorou<\/a> (Ford) byli po p\u00e1te\u010dn\u00edm prologu \u010dtvrt\u00ed, ale v sobotu pozici neudr\u017eeli. 25minutov\u00e1 ztr\u00e1ta z RZ2 a n\u00e1sledn\u00e1 26minutov\u00e1 penalizace za zdr\u017een\u00ed v dopoledn\u00edm servisu odsunuly pos\u00e1dku t\u00fdmu Offroadsport na sedmou p\u0159\u00ed\u010dku. Pozitivem dne je \u010dtvrt\u00fd \u010das z odpoledn\u00ed speci\u00e1lky.[\/vc_column_text][\/vc_column][vc_column css_animation=&#8221;fadeIn&#8221; width=&#8221;1\/2&#8243;][vc_single_image image=&#8221;10028&#8243; img_size=&#8221;large&#8221; alignment=&#8221;center&#8221; css_animation=&#8221;fadeIn&#8221; css=&#8221;.vc_custom_1565467940820{padding-top: 5px !important;padding-right: 5px !important;padding-bottom: 5px !important;padding-left: 5px !important;}&#8221;][\/vc_column][\/vc_row][vc_row css_animation=&#8221;fadeIn&#8221;][vc_column css_animation=&#8221;fadeIn&#8221; width=&#8221;1\/2&#8243;][vc_column_text css_animation=&#8221;fadeIn&#8221;]<\/p>\n<h4>Cinottovo veden\u00ed v SP ohro\u017eeno<\/h4>\n<p>Na sobotn\u00ed r\u00e1no na ma\u010farsk\u00fdch trat\u00edch nebude r\u00e1d vzpom\u00ednat Michele Cinotto (Polaris). Ital na RZ2 ztratil t\u00e9m\u011b\u0159 dv\u011b hodiny a n\u00e1sledn\u011b z etapy odstoupil. Jeho veden\u00ed v SP v <a href=\"\/index.php\/sampionaty\/svetovy-pohar-fia-v-cross-country-bajach-2019\/#2019-fia-baja-jezdci-t3\">kategorii T3<\/a> je tud\u00ed\u017e v\u00fdrazn\u011b ohro\u017eeno. Fjodor Vorobjov a Santiago Navarro (oba Can-Am) maj\u00ed p\u0159\u00edle\u017eitost smazat p\u011bti-, resp. \u010dty\u0159bodov\u00e9 manko. Rus vede s 21minutov\u00fdm n\u00e1skokem p\u0159ed \u0160pan\u011blem, t\u0159et\u00ed je Alexandr Dorossinskij (Can-Am, +59:34), kter\u00fd sice odpoledne vyhr\u00e1l, ale tak\u00e9 inkasoval v\u00edce ne\u017e p\u016flhodinovou penalizaci.[\/vc_column_text][vc_single_image image=&#8221;9977&#8243; img_size=&#8221;large&#8221; alignment=&#8221;center&#8221; css_animation=&#8221;fadeIn&#8221; css=&#8221;.vc_custom_1565449835785{padding-top: 5px !important;padding-right: 5px !important;padding-bottom: 5px !important;padding-left: 5px !important;}&#8221;][\/vc_column][vc_column css_animation=&#8221;fadeIn&#8221; width=&#8221;1\/2&#8243;][vc_column_text css_animation=&#8221;fadeIn&#8221;]<\/p>\n<h4>Rou\u010dkov\u00e1 hl\u00e1s\u00ed technick\u00e9 probl\u00e9my<\/h4>\n<p>\u010cesk\u00e1 pos\u00e1dka <a href=\"\/index.php\/osobnosti\/olga-rouckova\/\">Olga Rou\u010dkov\u00e1<\/a>, <a href=\"\/index.php\/osobnosti\/daniel-zelenka\/\">Daniel Zelenka<\/a> (Can-Am) se pot\u00fdkala s technikou. Na RZ2 musela n\u011bkolikr\u00e1t zastavovat, proto\u017ee se jej\u00ed Maverick neust\u00e1le p\u0159ep\u00ednal do nouzov\u00e9ho re\u017eimu. Optim\u00e1ln\u011b nefunguj\u00ed ani brzdy. V hodnocen\u00ed SxS v r\u00e1mci ma\u010farsk\u00e9ho \u0161ampion\u00e1tu (TROB) figuruje Rou\u010dkov\u00e1 po sobotn\u00ed etap\u011b s 50minutovou ztr\u00e1tou na 10. m\u00edst\u011b.<\/p>\n<p>\u00da\u010dastn\u00edci TROB nejely sobotn\u00ed erzety v pln\u00e9 d\u00e9lce. V obou pr\u016fjezdech pro n\u011b speci\u00e1lka kon\u010dila po 137 kilometrech.[\/vc_column_text][vc_column_text css_animation=&#8221;fadeIn&#8221;]<\/p>\n<h4><strong>Ou\u0159edn\u00ed\u010dek nejrychlej\u0161\u00ed<\/strong><\/h4>\n<p>Ze t\u0159\u00ed pos\u00e1dek, kter\u00e9 se ma\u010farsk\u00e9 baji \u00fa\u010dastn\u00ed v kategorii TH (v r\u00e1mci TROB), byli na obou sobotn\u00edch testech nejrychlej\u0161\u00ed <a href=\"\/index.php\/osobnosti\/tomas-ourednicek\/\">Tom\u00e1\u0161 Ou\u0159edn\u00ed\u010dek<\/a> s <a href=\"\/index.php\/osobnosti\/david-kripal\/\">Davidem K\u0159\u00edpalem<\/a> (Hummer). Druh\u00fd Belgi\u010dan Dave Berghmans (Landrover) zaostal o 41 minut. Ma\u010far Horv\u00e1th (Nissan) odstoupil po RZ2.[\/vc_column_text][\/vc_column][\/vc_row][vc_row css_animation=&#8221;fadeIn&#8221;][vc_column][vc_column_text css_animation=&#8221;fadeIn&#8221;]<\/p>\n<table style=\"width: 97.7654%;\" rules=\"rows\" cellpadding=\"4px\">\n<tbody>\n<tr style=\"background-color: #9e9d9d; color: white;\">\n<td style=\"text-align: center;\" colspan=\"4\"><span style=\"font-size: 10pt;\"><strong>Hungarian Baja 2019<br \/>\nAUTOMOBILY<br \/>\npo\u0159ad\u00ed po 2. etap\u011b RZ3<\/strong><\/span><\/td>\n<\/tr>\n<tr style=\"background-color: #dbd9d9;\">\n<td>1.<\/td>\n<td>Terranova \/ Graue<\/td>\n<td>Mini JCW Rally<\/td>\n<td style=\"text-align: right;\">5:00:04<\/td>\n<\/tr>\n<tr style=\"background-color: #f2f2f2;\">\n<td>2.<\/td>\n<td>Prokop \/ Tom\u00e1nek<\/td>\n<td>Ford Raptor RS<\/td>\n<td style=\"text-align: right;\">+0:46<\/td>\n<\/tr>\n<tr style=\"background-color: #dbd9d9;\">\n<td>3.<\/td>\n<td>Vasiljev \/ \u017dilcov<\/td>\n<td>Toyota Hilux<\/td>\n<td style=\"text-align: right;\">+7:27<\/td>\n<\/tr>\n<tr style=\"background-color: #f2f2f2;\">\n<td>4.<\/td>\n<td>L\u00f3nyai \/ Horn<\/td>\n<td>LPR Porsche Macan<\/td>\n<td style=\"text-align: right;\">+32:43<\/td>\n<\/tr>\n<tr style=\"background-color: #dbd9d9;\">\n<td>5.<\/td>\n<td>Przygo\u0144ski \/ Gottschalk<\/td>\n<td>Mini JCW Rally<\/td>\n<td style=\"text-align: right;\">+42:36<\/td>\n<\/tr>\n<tr style=\"background-color: #f2f2f2;\">\n<td>6.<\/td>\n<td>Vorobjov \/ \u0160ubin<\/td>\n<td>Can-Am Maverick X3<\/td>\n<td style=\"text-align: right;\">+51:18<\/td>\n<\/tr>\n<tr style=\"background-color: #dbd9d9;\">\n<td>7.<\/td>\n<td>Zapletal \/ S\u00fdkora<\/td>\n<td>Ford F-150 Evo<\/td>\n<td style=\"text-align: right;\">+1:01:18<\/td>\n<\/tr>\n<tr style=\"background-color: #f2f2f2;\">\n<td>8.<\/td>\n<td>Navarro \/ Oliveras<\/td>\n<td>Can-Am Maverick X3<\/td>\n<td style=\"text-align: right;\">+1:12:20<\/td>\n<\/tr>\n<\/tbody>\n<\/table>\n<p>[\/vc_column_text][\/vc_column][\/vc_row]<\/p>\n","protected":false},"excerpt":{"rendered":"<p>Argentinsk\u00fd jezdec Orlando Terranova s\u00a0Mini vyhr\u00e1l druhou etapu ma\u010farsk\u00e9 baji a do z\u00e1v\u011bre\u010dn\u00e9ho dne sout\u011b\u017ee p\u016fjde z\u00a0prvn\u00ed pozice.<\/p>\n","protected":false},"author":1,"featured_media":10038,"comment_status":"open","ping_status":"closed","sticky":false,"template":"","format":"standard","meta":{"footnotes":""},"categories":[3,98,1410],"tags":[425,1217,1429,95,94,1427,10,460,11,258,1411,1245,6,306,288,1428,261,5,316,219,303,4,182,93,1165,291,572,1205,1215,106,445,290,7,201,305,220],"class_list":["post-9944","post","type-post","status-publish","format-standard","has-post-thumbnail","hentry","category-auto","category-fia-baja","category-hungarian-baja-rally","tag-425","tag-alexandr-dorossinskij","tag-bela-horvath","tag-can-am","tag-daniel-zelenka","tag-dave-berghmans","tag-david-kripal","tag-fjodor-vorobjov","tag-ford","tag-hummer","tag-hungarian-baja","tag-hungarian-baja-2019","tag-jan-tomanek","tag-konstantin-zilcov","tag-kuba-przygonski","tag-land-rover","tag-marek-sykora","tag-martin-prokop","tag-michele-cinotto","tag-mini","tag-miroslav-zapletal","tag-mp-sports","tag-nissan","tag-olga-rouckova","tag-orlando-terranova","tag-orlen-team","tag-polaris","tag-ronnie-graue","tag-santiago-navarro","tag-sp-fia-baja","tag-sp-fia-baja-2019","tag-timo-gottschalk","tag-tomas-ourednicek","tag-toyota","tag-vladimir-vasiljev","tag-x-raid"],"yoast_head":"<!-- This site is optimized with the Yoast SEO plugin v24.9 - https:\/\/yoast.com\/wordpress\/plugins\/seo\/ -->\n<title>Hungarian Baja: Vede Terranova, Prokop t\u011bsn\u011b druh\u00fd - DAKARMANIA.cz<\/title>\n<meta name=\"description\" content=\"Argentinsk\u00fd jezdec Orlando Terranova s\u00a0Mini vyhr\u00e1l druhou etapu ma\u010farsk\u00e9 baji a do z\u00e1v\u011bre\u010dn\u00e9ho dne sout\u011b\u017ee p\u016fjde z\u00a0prvn\u00ed pozice.\" \/>\n<meta name=\"robots\" content=\"index, follow, max-snippet:-1, max-image-preview:large, max-video-preview:-1\" \/>\n<link rel=\"canonical\" href=\"https:\/\/www.dakarmania.cz\/index.php\/2019\/08\/10\/hungarian-baja-etapa-2\/\" \/>\n<meta property=\"og:locale\" content=\"cs_CZ\" \/>\n<meta property=\"og:type\" content=\"article\" \/>\n<meta property=\"og:title\" content=\"Hungarian Baja: Vede Terranova, Prokop t\u011bsn\u011b druh\u00fd - DAKARMANIA.cz\" \/>\n<meta property=\"og:description\" content=\"Argentinsk\u00fd jezdec Orlando Terranova s\u00a0Mini vyhr\u00e1l druhou etapu ma\u010farsk\u00e9 baji a do z\u00e1v\u011bre\u010dn\u00e9ho dne sout\u011b\u017ee p\u016fjde z\u00a0prvn\u00ed pozice.\" \/>\n<meta property=\"og:url\" content=\"https:\/\/www.dakarmania.cz\/index.php\/2019\/08\/10\/hungarian-baja-etapa-2\/\" \/>\n<meta property=\"og:site_name\" content=\"DAKARMANIA.cz\" \/>\n<meta property=\"article:publisher\" content=\"https:\/\/www.facebook.com\/dakarmania\/\" \/>\n<meta property=\"article:published_time\" content=\"2019-08-10T10:05:42+00:00\" \/>\n<meta property=\"article:modified_time\" content=\"2019-11-12T16:34:08+00:00\" \/>\n<meta property=\"og:image\" content=\"https:\/\/www.dakarmania.cz\/wp-content\/uploads\/2019\/08\/19-hungarian-baja-prokop-header-03.jpg\" \/>\n\t<meta property=\"og:image:width\" content=\"1600\" \/>\n\t<meta property=\"og:image:height\" content=\"900\" \/>\n\t<meta property=\"og:image:type\" content=\"image\/jpeg\" \/>\n<meta name=\"author\" content=\"Zden\u011bk Zelenka\" \/>\n<meta name=\"twitter:card\" content=\"summary_large_image\" \/>\n<meta name=\"twitter:label1\" content=\"Napsal(a)\" \/>\n\t<meta name=\"twitter:data1\" content=\"Zden\u011bk Zelenka\" \/>\n\t<meta name=\"twitter:label2\" content=\"Odhadovan\u00e1 doba \u010dten\u00ed\" \/>\n\t<meta name=\"twitter:data2\" content=\"9 minut\" \/>\n<script type=\"application\/ld+json\" class=\"yoast-schema-graph\">{\"@context\":\"https:\/\/schema.org\",\"@graph\":[{\"@type\":\"Article\",\"@id\":\"https:\/\/www.dakarmania.cz\/index.php\/2019\/08\/10\/hungarian-baja-etapa-2\/#article\",\"isPartOf\":{\"@id\":\"https:\/\/www.dakarmania.cz\/index.php\/2019\/08\/10\/hungarian-baja-etapa-2\/\"},\"author\":{\"name\":\"Zden\u011bk Zelenka\",\"@id\":\"https:\/\/www.dakarmania.cz\/#\/schema\/person\/04eb0e87a389631c2169c0dddae7ff1e\"},\"headline\":\"Hungarian Baja: Vede Terranova, Prokop t\u011bsn\u011b druh\u00fd\",\"datePublished\":\"2019-08-10T10:05:42+00:00\",\"dateModified\":\"2019-11-12T16:34:08+00:00\",\"mainEntityOfPage\":{\"@id\":\"https:\/\/www.dakarmania.cz\/index.php\/2019\/08\/10\/hungarian-baja-etapa-2\/\"},\"wordCount\":1855,\"commentCount\":0,\"publisher\":{\"@id\":\"https:\/\/www.dakarmania.cz\/#organization\"},\"image\":{\"@id\":\"https:\/\/www.dakarmania.cz\/index.php\/2019\/08\/10\/hungarian-baja-etapa-2\/#primaryimage\"},\"thumbnailUrl\":\"https:\/\/www.dakarmania.cz\/wp-content\/uploads\/2019\/08\/19-hungarian-baja-prokop-header-03.jpg\",\"keywords\":[\"2019\",\"Alexandr Dorossinskij\",\"B\u00e9la Horv\u00e1th\",\"Can-Am\",\"Daniel Zelenka\",\"Dave Berghmans\",\"David K\u0159\u00edpal\",\"Fjodor Vorobjov\",\"Ford\",\"Hummer\",\"Hungarian Baja\",\"Hungarian Baja 2019\",\"Jan Tom\u00e1nek\",\"Konstantin \u017dilcov\",\"Kuba Przygo\u0144ski\",\"Land Rover\",\"Marek S\u00fdkora\",\"Martin Prokop\",\"Michele Cinotto\",\"Mini\",\"Miroslav Zapletal\",\"MP-Sports\",\"Nissan\",\"Olga Rou\u010dkov\u00e1\",\"Orlando Terranova\",\"Orlen Team\",\"Polaris\",\"Ronnie Graue\",\"Santiago Navarro\",\"SP FIA baja\",\"SP FIA baja 2019\",\"Timo Gottschalk\",\"Tom\u00e1\u0161 Ou\u0159edn\u00ed\u010dek\",\"Toyota\",\"Vladimir Vasiljev\",\"X-raid\"],\"articleSection\":[\"Auto\",\"FIA SP baja\",\"Hungarian Baja\"],\"inLanguage\":\"cs\",\"potentialAction\":[{\"@type\":\"CommentAction\",\"name\":\"Comment\",\"target\":[\"https:\/\/www.dakarmania.cz\/index.php\/2019\/08\/10\/hungarian-baja-etapa-2\/#respond\"]}]},{\"@type\":\"WebPage\",\"@id\":\"https:\/\/www.dakarmania.cz\/index.php\/2019\/08\/10\/hungarian-baja-etapa-2\/\",\"url\":\"https:\/\/www.dakarmania.cz\/index.php\/2019\/08\/10\/hungarian-baja-etapa-2\/\",\"name\":\"Hungarian Baja: Vede Terranova, Prokop t\u011bsn\u011b druh\u00fd - DAKARMANIA.cz\",\"isPartOf\":{\"@id\":\"https:\/\/www.dakarmania.cz\/#website\"},\"primaryImageOfPage\":{\"@id\":\"https:\/\/www.dakarmania.cz\/index.php\/2019\/08\/10\/hungarian-baja-etapa-2\/#primaryimage\"},\"image\":{\"@id\":\"https:\/\/www.dakarmania.cz\/index.php\/2019\/08\/10\/hungarian-baja-etapa-2\/#primaryimage\"},\"thumbnailUrl\":\"https:\/\/www.dakarmania.cz\/wp-content\/uploads\/2019\/08\/19-hungarian-baja-prokop-header-03.jpg\",\"datePublished\":\"2019-08-10T10:05:42+00:00\",\"dateModified\":\"2019-11-12T16:34:08+00:00\",\"description\":\"Argentinsk\u00fd jezdec Orlando Terranova s\u00a0Mini vyhr\u00e1l druhou etapu ma\u010farsk\u00e9 baji a do z\u00e1v\u011bre\u010dn\u00e9ho dne sout\u011b\u017ee p\u016fjde z\u00a0prvn\u00ed pozice.\",\"breadcrumb\":{\"@id\":\"https:\/\/www.dakarmania.cz\/index.php\/2019\/08\/10\/hungarian-baja-etapa-2\/#breadcrumb\"},\"inLanguage\":\"cs\",\"potentialAction\":[{\"@type\":\"ReadAction\",\"target\":[\"https:\/\/www.dakarmania.cz\/index.php\/2019\/08\/10\/hungarian-baja-etapa-2\/\"]}]},{\"@type\":\"ImageObject\",\"inLanguage\":\"cs\",\"@id\":\"https:\/\/www.dakarmania.cz\/index.php\/2019\/08\/10\/hungarian-baja-etapa-2\/#primaryimage\",\"url\":\"https:\/\/www.dakarmania.cz\/wp-content\/uploads\/2019\/08\/19-hungarian-baja-prokop-header-03.jpg\",\"contentUrl\":\"https:\/\/www.dakarmania.cz\/wp-content\/uploads\/2019\/08\/19-hungarian-baja-prokop-header-03.jpg\",\"width\":1600,\"height\":900,\"caption\":\"Martin Prokop\/Jan Tom\u00e1nek, Ford Raptor RS Cross-Country, MP-Sports. Hungarian Baja 2019. \u00a9 MP-Sports\"},{\"@type\":\"BreadcrumbList\",\"@id\":\"https:\/\/www.dakarmania.cz\/index.php\/2019\/08\/10\/hungarian-baja-etapa-2\/#breadcrumb\",\"itemListElement\":[{\"@type\":\"ListItem\",\"position\":1,\"name\":\"Dom\u016f\",\"item\":\"https:\/\/www.dakarmania.cz\/\"},{\"@type\":\"ListItem\",\"position\":2,\"name\":\"Hungarian Baja: Vede Terranova, Prokop t\u011bsn\u011b druh\u00fd\"}]},{\"@type\":\"WebSite\",\"@id\":\"https:\/\/www.dakarmania.cz\/#website\",\"url\":\"https:\/\/www.dakarmania.cz\/\",\"name\":\"DAKARMANIA.cz\",\"description\":\"\u017dijeme Dakarem cel\u00fd rok\",\"publisher\":{\"@id\":\"https:\/\/www.dakarmania.cz\/#organization\"},\"potentialAction\":[{\"@type\":\"SearchAction\",\"target\":{\"@type\":\"EntryPoint\",\"urlTemplate\":\"https:\/\/www.dakarmania.cz\/?s={search_term_string}\"},\"query-input\":{\"@type\":\"PropertyValueSpecification\",\"valueRequired\":true,\"valueName\":\"search_term_string\"}}],\"inLanguage\":\"cs\"},{\"@type\":\"Organization\",\"@id\":\"https:\/\/www.dakarmania.cz\/#organization\",\"name\":\"DAKAR MANIA\",\"url\":\"https:\/\/www.dakarmania.cz\/\",\"logo\":{\"@type\":\"ImageObject\",\"inLanguage\":\"cs\",\"@id\":\"https:\/\/www.dakarmania.cz\/#\/schema\/logo\/image\/\",\"url\":\"https:\/\/www.dakarmania.cz\/wp-content\/uploads\/2018\/12\/Dakar-Mania-Logo-Square-Orange.png\",\"contentUrl\":\"https:\/\/www.dakarmania.cz\/wp-content\/uploads\/2018\/12\/Dakar-Mania-Logo-Square-Orange.png\",\"width\":992,\"height\":992,\"caption\":\"DAKAR MANIA\"},\"image\":{\"@id\":\"https:\/\/www.dakarmania.cz\/#\/schema\/logo\/image\/\"},\"sameAs\":[\"https:\/\/www.facebook.com\/dakarmania\/\"]},{\"@type\":\"Person\",\"@id\":\"https:\/\/www.dakarmania.cz\/#\/schema\/person\/04eb0e87a389631c2169c0dddae7ff1e\",\"name\":\"Zden\u011bk Zelenka\",\"image\":{\"@type\":\"ImageObject\",\"inLanguage\":\"cs\",\"@id\":\"https:\/\/www.dakarmania.cz\/#\/schema\/person\/image\/\",\"url\":\"https:\/\/secure.gravatar.com\/avatar\/2c80d5a4942fe0900b73cc7d3837a509d6ee0a276a2b76dac95c92bd0763a89b?s=96&d=mm&r=g\",\"contentUrl\":\"https:\/\/secure.gravatar.com\/avatar\/2c80d5a4942fe0900b73cc7d3837a509d6ee0a276a2b76dac95c92bd0763a89b?s=96&d=mm&r=g\",\"caption\":\"Zden\u011bk Zelenka\"},\"description\":\"Moji d\u011bt\u0161t\u00ed hrdinov\u00e9 se jmenovali Loprais, Moskal, Neveu, Vatanen, Rahier... A tihle borci, jejich n\u00e1sledovn\u00edci a jejich p\u0159\u00edb\u011bhy m\u011b nep\u0159estali fascinovat ani po letech, kdy jsem vyrostl a zam\u011bstn\u00e1valy m\u011b jin\u00e9 discipl\u00edny motorsportu. Proto se zrodila DAKARMANIA.\",\"url\":\"https:\/\/www.dakarmania.cz\/index.php\/author\/dakarmania\/\"}]}<\/script>\n<!-- \/ Yoast SEO plugin. -->","yoast_head_json":{"title":"Hungarian Baja: Vede Terranova, Prokop t\u011bsn\u011b druh\u00fd - DAKARMANIA.cz","description":"Argentinsk\u00fd jezdec Orlando Terranova s\u00a0Mini vyhr\u00e1l druhou etapu ma\u010farsk\u00e9 baji a do z\u00e1v\u011bre\u010dn\u00e9ho dne sout\u011b\u017ee p\u016fjde z\u00a0prvn\u00ed pozice.","robots":{"index":"index","follow":"follow","max-snippet":"max-snippet:-1","max-image-preview":"max-image-preview:large","max-video-preview":"max-video-preview:-1"},"canonical":"https:\/\/www.dakarmania.cz\/index.php\/2019\/08\/10\/hungarian-baja-etapa-2\/","og_locale":"cs_CZ","og_type":"article","og_title":"Hungarian Baja: Vede Terranova, Prokop t\u011bsn\u011b druh\u00fd - DAKARMANIA.cz","og_description":"Argentinsk\u00fd jezdec Orlando Terranova s\u00a0Mini vyhr\u00e1l druhou etapu ma\u010farsk\u00e9 baji a do z\u00e1v\u011bre\u010dn\u00e9ho dne sout\u011b\u017ee p\u016fjde z\u00a0prvn\u00ed pozice.","og_url":"https:\/\/www.dakarmania.cz\/index.php\/2019\/08\/10\/hungarian-baja-etapa-2\/","og_site_name":"DAKARMANIA.cz","article_publisher":"https:\/\/www.facebook.com\/dakarmania\/","article_published_time":"2019-08-10T10:05:42+00:00","article_modified_time":"2019-11-12T16:34:08+00:00","og_image":[{"width":1600,"height":900,"url":"https:\/\/www.dakarmania.cz\/wp-content\/uploads\/2019\/08\/19-hungarian-baja-prokop-header-03.jpg","type":"image\/jpeg"}],"author":"Zden\u011bk Zelenka","twitter_card":"summary_large_image","twitter_misc":{"Napsal(a)":"Zden\u011bk Zelenka","Odhadovan\u00e1 doba \u010dten\u00ed":"9 minut"},"schema":{"@context":"https:\/\/schema.org","@graph":[{"@type":"Article","@id":"https:\/\/www.dakarmania.cz\/index.php\/2019\/08\/10\/hungarian-baja-etapa-2\/#article","isPartOf":{"@id":"https:\/\/www.dakarmania.cz\/index.php\/2019\/08\/10\/hungarian-baja-etapa-2\/"},"author":{"name":"Zden\u011bk Zelenka","@id":"https:\/\/www.dakarmania.cz\/#\/schema\/person\/04eb0e87a389631c2169c0dddae7ff1e"},"headline":"Hungarian Baja: Vede Terranova, Prokop t\u011bsn\u011b druh\u00fd","datePublished":"2019-08-10T10:05:42+00:00","dateModified":"2019-11-12T16:34:08+00:00","mainEntityOfPage":{"@id":"https:\/\/www.dakarmania.cz\/index.php\/2019\/08\/10\/hungarian-baja-etapa-2\/"},"wordCount":1855,"commentCount":0,"publisher":{"@id":"https:\/\/www.dakarmania.cz\/#organization"},"image":{"@id":"https:\/\/www.dakarmania.cz\/index.php\/2019\/08\/10\/hungarian-baja-etapa-2\/#primaryimage"},"thumbnailUrl":"https:\/\/www.dakarmania.cz\/wp-content\/uploads\/2019\/08\/19-hungarian-baja-prokop-header-03.jpg","keywords":["2019","Alexandr Dorossinskij","B\u00e9la Horv\u00e1th","Can-Am","Daniel Zelenka","Dave Berghmans","David K\u0159\u00edpal","Fjodor Vorobjov","Ford","Hummer","Hungarian Baja","Hungarian Baja 2019","Jan Tom\u00e1nek","Konstantin \u017dilcov","Kuba Przygo\u0144ski","Land Rover","Marek S\u00fdkora","Martin Prokop","Michele Cinotto","Mini","Miroslav Zapletal","MP-Sports","Nissan","Olga Rou\u010dkov\u00e1","Orlando Terranova","Orlen Team","Polaris","Ronnie Graue","Santiago Navarro","SP FIA baja","SP FIA baja 2019","Timo Gottschalk","Tom\u00e1\u0161 Ou\u0159edn\u00ed\u010dek","Toyota","Vladimir Vasiljev","X-raid"],"articleSection":["Auto","FIA SP baja","Hungarian Baja"],"inLanguage":"cs","potentialAction":[{"@type":"CommentAction","name":"Comment","target":["https:\/\/www.dakarmania.cz\/index.php\/2019\/08\/10\/hungarian-baja-etapa-2\/#respond"]}]},{"@type":"WebPage","@id":"https:\/\/www.dakarmania.cz\/index.php\/2019\/08\/10\/hungarian-baja-etapa-2\/","url":"https:\/\/www.dakarmania.cz\/index.php\/2019\/08\/10\/hungarian-baja-etapa-2\/","name":"Hungarian Baja: Vede Terranova, Prokop t\u011bsn\u011b druh\u00fd - DAKARMANIA.cz","isPartOf":{"@id":"https:\/\/www.dakarmania.cz\/#website"},"primaryImageOfPage":{"@id":"https:\/\/www.dakarmania.cz\/index.php\/2019\/08\/10\/hungarian-baja-etapa-2\/#primaryimage"},"image":{"@id":"https:\/\/www.dakarmania.cz\/index.php\/2019\/08\/10\/hungarian-baja-etapa-2\/#primaryimage"},"thumbnailUrl":"https:\/\/www.dakarmania.cz\/wp-content\/uploads\/2019\/08\/19-hungarian-baja-prokop-header-03.jpg","datePublished":"2019-08-10T10:05:42+00:00","dateModified":"2019-11-12T16:34:08+00:00","description":"Argentinsk\u00fd jezdec Orlando Terranova s\u00a0Mini vyhr\u00e1l druhou etapu ma\u010farsk\u00e9 baji a do z\u00e1v\u011bre\u010dn\u00e9ho dne sout\u011b\u017ee p\u016fjde z\u00a0prvn\u00ed pozice.","breadcrumb":{"@id":"https:\/\/www.dakarmania.cz\/index.php\/2019\/08\/10\/hungarian-baja-etapa-2\/#breadcrumb"},"inLanguage":"cs","potentialAction":[{"@type":"ReadAction","target":["https:\/\/www.dakarmania.cz\/index.php\/2019\/08\/10\/hungarian-baja-etapa-2\/"]}]},{"@type":"ImageObject","inLanguage":"cs","@id":"https:\/\/www.dakarmania.cz\/index.php\/2019\/08\/10\/hungarian-baja-etapa-2\/#primaryimage","url":"https:\/\/www.dakarmania.cz\/wp-content\/uploads\/2019\/08\/19-hungarian-baja-prokop-header-03.jpg","contentUrl":"https:\/\/www.dakarmania.cz\/wp-content\/uploads\/2019\/08\/19-hungarian-baja-prokop-header-03.jpg","width":1600,"height":900,"caption":"Martin Prokop\/Jan Tom\u00e1nek, Ford Raptor RS Cross-Country, MP-Sports. Hungarian Baja 2019. \u00a9 MP-Sports"},{"@type":"BreadcrumbList","@id":"https:\/\/www.dakarmania.cz\/index.php\/2019\/08\/10\/hungarian-baja-etapa-2\/#breadcrumb","itemListElement":[{"@type":"ListItem","position":1,"name":"Dom\u016f","item":"https:\/\/www.dakarmania.cz\/"},{"@type":"ListItem","position":2,"name":"Hungarian Baja: Vede Terranova, Prokop t\u011bsn\u011b druh\u00fd"}]},{"@type":"WebSite","@id":"https:\/\/www.dakarmania.cz\/#website","url":"https:\/\/www.dakarmania.cz\/","name":"DAKARMANIA.cz","description":"\u017dijeme Dakarem cel\u00fd rok","publisher":{"@id":"https:\/\/www.dakarmania.cz\/#organization"},"potentialAction":[{"@type":"SearchAction","target":{"@type":"EntryPoint","urlTemplate":"https:\/\/www.dakarmania.cz\/?s={search_term_string}"},"query-input":{"@type":"PropertyValueSpecification","valueRequired":true,"valueName":"search_term_string"}}],"inLanguage":"cs"},{"@type":"Organization","@id":"https:\/\/www.dakarmania.cz\/#organization","name":"DAKAR MANIA","url":"https:\/\/www.dakarmania.cz\/","logo":{"@type":"ImageObject","inLanguage":"cs","@id":"https:\/\/www.dakarmania.cz\/#\/schema\/logo\/image\/","url":"https:\/\/www.dakarmania.cz\/wp-content\/uploads\/2018\/12\/Dakar-Mania-Logo-Square-Orange.png","contentUrl":"https:\/\/www.dakarmania.cz\/wp-content\/uploads\/2018\/12\/Dakar-Mania-Logo-Square-Orange.png","width":992,"height":992,"caption":"DAKAR MANIA"},"image":{"@id":"https:\/\/www.dakarmania.cz\/#\/schema\/logo\/image\/"},"sameAs":["https:\/\/www.facebook.com\/dakarmania\/"]},{"@type":"Person","@id":"https:\/\/www.dakarmania.cz\/#\/schema\/person\/04eb0e87a389631c2169c0dddae7ff1e","name":"Zden\u011bk Zelenka","image":{"@type":"ImageObject","inLanguage":"cs","@id":"https:\/\/www.dakarmania.cz\/#\/schema\/person\/image\/","url":"https:\/\/secure.gravatar.com\/avatar\/2c80d5a4942fe0900b73cc7d3837a509d6ee0a276a2b76dac95c92bd0763a89b?s=96&d=mm&r=g","contentUrl":"https:\/\/secure.gravatar.com\/avatar\/2c80d5a4942fe0900b73cc7d3837a509d6ee0a276a2b76dac95c92bd0763a89b?s=96&d=mm&r=g","caption":"Zden\u011bk Zelenka"},"description":"Moji d\u011bt\u0161t\u00ed hrdinov\u00e9 se jmenovali Loprais, Moskal, Neveu, Vatanen, Rahier... A tihle borci, jejich n\u00e1sledovn\u00edci a jejich p\u0159\u00edb\u011bhy m\u011b nep\u0159estali fascinovat ani po letech, kdy jsem vyrostl a zam\u011bstn\u00e1valy m\u011b jin\u00e9 discipl\u00edny motorsportu. Proto se zrodila DAKARMANIA.","url":"https:\/\/www.dakarmania.cz\/index.php\/author\/dakarmania\/"}]}},"amp_enabled":true,"_links":{"self":[{"href":"https:\/\/www.dakarmania.cz\/index.php\/wp-json\/wp\/v2\/posts\/9944","targetHints":{"allow":["GET"]}}],"collection":[{"href":"https:\/\/www.dakarmania.cz\/index.php\/wp-json\/wp\/v2\/posts"}],"about":[{"href":"https:\/\/www.dakarmania.cz\/index.php\/wp-json\/wp\/v2\/types\/post"}],"author":[{"embeddable":true,"href":"https:\/\/www.dakarmania.cz\/index.php\/wp-json\/wp\/v2\/users\/1"}],"replies":[{"embeddable":true,"href":"https:\/\/www.dakarmania.cz\/index.php\/wp-json\/wp\/v2\/comments?post=9944"}],"version-history":[{"count":76,"href":"https:\/\/www.dakarmania.cz\/index.php\/wp-json\/wp\/v2\/posts\/9944\/revisions"}],"predecessor-version":[{"id":13269,"href":"https:\/\/www.dakarmania.cz\/index.php\/wp-json\/wp\/v2\/posts\/9944\/revisions\/13269"}],"wp:featuredmedia":[{"embeddable":true,"href":"https:\/\/www.dakarmania.cz\/index.php\/wp-json\/wp\/v2\/media\/10038"}],"wp:attachment":[{"href":"https:\/\/www.dakarmania.cz\/index.php\/wp-json\/wp\/v2\/media?parent=9944"}],"wp:term":[{"taxonomy":"category","embeddable":true,"href":"https:\/\/www.dakarmania.cz\/index.php\/wp-json\/wp\/v2\/categories?post=9944"},{"taxonomy":"post_tag","embeddable":true,"href":"https:\/\/www.dakarmania.cz\/index.php\/wp-json\/wp\/v2\/tags?post=9944"}],"curies":[{"name":"wp","href":"https:\/\/api.w.org\/{rel}","templated":true}]}}