{"id":5,"name":"Martin Bla\u017eek","url":"","description":"Ve 14 letech jsem za\u010dal fotit r\u016fzn\u011b p\u0159\u00edrodu. Po dvou letech m\u011b napadlo za\u017e\u00e1dat o akreditaci na Dakar setk\u00e1n\u00ed 2017 v Sosnov\u00e9. Vy\u0161lo to! No a od t\u00e9 doby fot\u00edm v\u00edce a v\u00edce akc\u00ed spojen\u00e9 s motorsportem. Fotky jsem p\u0159id\u00e1val jen na svoji str\u00e1nku na Facebooku, tak pro\u010d nespolupracovat na projektu DAKAR MANIA.","link":"https:\/\/www.dakarmania.cz\/index.php\/author\/mblazek\/","slug":"mblazek","avatar_urls":{"24":"https:\/\/secure.gravatar.com\/avatar\/b29a76006271cd6279c5abed26d87ed499e6e05513b8a216432867e71241706c?s=24&d=mm&r=g","48":"https:\/\/secure.gravatar.com\/avatar\/b29a76006271cd6279c5abed26d87ed499e6e05513b8a216432867e71241706c?s=48&d=mm&r=g","96":"https:\/\/secure.gravatar.com\/avatar\/b29a76006271cd6279c5abed26d87ed499e6e05513b8a216432867e71241706c?s=96&d=mm&r=g"},"meta":[],"yoast_head":"<!-- This site is optimized with the Yoast SEO plugin v24.9 - https:\/\/yoast.com\/wordpress\/plugins\/seo\/ -->\n<title>Martin Bla\u017eek, Author at DAKARMANIA.cz<\/title>\n<meta name=\"robots\" content=\"index, follow, max-snippet:-1, max-image-preview:large, max-video-preview:-1\" \/>\n<link rel=\"canonical\" href=\"https:\/\/www.dakarmania.cz\/index.php\/author\/mblazek\/\" \/>\n<meta property=\"og:locale\" content=\"cs_CZ\" \/>\n<meta property=\"og:type\" content=\"profile\" \/>\n<meta property=\"og:title\" content=\"Martin Bla\u017eek, Author at DAKARMANIA.cz\" \/>\n<meta property=\"og:url\" content=\"https:\/\/www.dakarmania.cz\/index.php\/author\/mblazek\/\" \/>\n<meta property=\"og:site_name\" content=\"DAKARMANIA.cz\" \/>\n<meta property=\"og:image\" content=\"https:\/\/secure.gravatar.com\/avatar\/bb7edec0cc173a84b2c9cb3f02e16d8e?s=500&d=mm&r=g\" \/>\n<meta name=\"twitter:card\" content=\"summary_large_image\" \/>\n<script type=\"application\/ld+json\" class=\"yoast-schema-graph\">{\"@context\":\"https:\/\/schema.org\",\"@graph\":[{\"@type\":\"ProfilePage\",\"@id\":\"https:\/\/www.dakarmania.cz\/index.php\/author\/mblazek\/\",\"url\":\"https:\/\/www.dakarmania.cz\/index.php\/author\/mblazek\/\",\"name\":\"Martin Bla\u017eek, Author at DAKARMANIA.cz\",\"isPartOf\":{\"@id\":\"https:\/\/www.dakarmania.cz\/#website\"},\"breadcrumb\":{\"@id\":\"https:\/\/www.dakarmania.cz\/index.php\/author\/mblazek\/#breadcrumb\"},\"inLanguage\":\"cs\",\"potentialAction\":[{\"@type\":\"ReadAction\",\"target\":[\"https:\/\/www.dakarmania.cz\/index.php\/author\/mblazek\/\"]}]},{\"@type\":\"BreadcrumbList\",\"@id\":\"https:\/\/www.dakarmania.cz\/index.php\/author\/mblazek\/#breadcrumb\",\"itemListElement\":[{\"@type\":\"ListItem\",\"position\":1,\"name\":\"Dom\u016f\",\"item\":\"https:\/\/www.dakarmania.cz\/\"},{\"@type\":\"ListItem\",\"position\":2,\"name\":\"Archivy pro Martin Bla\u017eek\"}]},{\"@type\":\"WebSite\",\"@id\":\"https:\/\/www.dakarmania.cz\/#website\",\"url\":\"https:\/\/www.dakarmania.cz\/\",\"name\":\"DAKARMANIA.cz\",\"description\":\"\u017dijeme Dakarem cel\u00fd rok\",\"publisher\":{\"@id\":\"https:\/\/www.dakarmania.cz\/#organization\"},\"potentialAction\":[{\"@type\":\"SearchAction\",\"target\":{\"@type\":\"EntryPoint\",\"urlTemplate\":\"https:\/\/www.dakarmania.cz\/?s={search_term_string}\"},\"query-input\":{\"@type\":\"PropertyValueSpecification\",\"valueRequired\":true,\"valueName\":\"search_term_string\"}}],\"inLanguage\":\"cs\"},{\"@type\":\"Organization\",\"@id\":\"https:\/\/www.dakarmania.cz\/#organization\",\"name\":\"DAKAR MANIA\",\"url\":\"https:\/\/www.dakarmania.cz\/\",\"logo\":{\"@type\":\"ImageObject\",\"inLanguage\":\"cs\",\"@id\":\"https:\/\/www.dakarmania.cz\/#\/schema\/logo\/image\/\",\"url\":\"https:\/\/www.dakarmania.cz\/wp-content\/uploads\/2018\/12\/Dakar-Mania-Logo-Square-Orange.png\",\"contentUrl\":\"https:\/\/www.dakarmania.cz\/wp-content\/uploads\/2018\/12\/Dakar-Mania-Logo-Square-Orange.png\",\"width\":992,\"height\":992,\"caption\":\"DAKAR MANIA\"},\"image\":{\"@id\":\"https:\/\/www.dakarmania.cz\/#\/schema\/logo\/image\/\"},\"sameAs\":[\"https:\/\/www.facebook.com\/dakarmania\/\"]},{\"@type\":\"Person\",\"@id\":\"https:\/\/www.dakarmania.cz\/#\/schema\/person\/390fc5c33caa9446f6bb0e31e14ddc67\",\"name\":\"Martin Bla\u017eek\",\"image\":{\"@type\":\"ImageObject\",\"inLanguage\":\"cs\",\"@id\":\"https:\/\/www.dakarmania.cz\/#\/schema\/person\/image\/\",\"url\":\"https:\/\/secure.gravatar.com\/avatar\/b29a76006271cd6279c5abed26d87ed499e6e05513b8a216432867e71241706c?s=96&d=mm&r=g\",\"contentUrl\":\"https:\/\/secure.gravatar.com\/avatar\/b29a76006271cd6279c5abed26d87ed499e6e05513b8a216432867e71241706c?s=96&d=mm&r=g\",\"caption\":\"Martin Bla\u017eek\"},\"description\":\"Ve 14 letech jsem za\u010dal fotit r\u016fzn\u011b p\u0159\u00edrodu. Po dvou letech m\u011b napadlo za\u017e\u00e1dat o akreditaci na Dakar setk\u00e1n\u00ed 2017 v Sosnov\u00e9. Vy\u0161lo to! No a od t\u00e9 doby fot\u00edm v\u00edce a v\u00edce akc\u00ed spojen\u00e9 s motorsportem. Fotky jsem p\u0159id\u00e1val jen na svoji str\u00e1nku na Facebooku, tak pro\u010d nespolupracovat na projektu DAKAR MANIA.\",\"sameAs\":[\"www.facebook.com\/foto.MBlazek\",\"http:\/\/www.instagram.com\/foto.mblazek\"],\"mainEntityOfPage\":{\"@id\":\"https:\/\/www.dakarmania.cz\/index.php\/author\/mblazek\/\"}}]}<\/script>\n<!-- \/ Yoast SEO plugin. -->","yoast_head_json":{"title":"Martin Bla\u017eek, Author at DAKARMANIA.cz","robots":{"index":"index","follow":"follow","max-snippet":"max-snippet:-1","max-image-preview":"max-image-preview:large","max-video-preview":"max-video-preview:-1"},"canonical":"https:\/\/www.dakarmania.cz\/index.php\/author\/mblazek\/","og_locale":"cs_CZ","og_type":"profile","og_title":"Martin Bla\u017eek, Author at DAKARMANIA.cz","og_url":"https:\/\/www.dakarmania.cz\/index.php\/author\/mblazek\/","og_site_name":"DAKARMANIA.cz","og_image":[{"url":"https:\/\/secure.gravatar.com\/avatar\/bb7edec0cc173a84b2c9cb3f02e16d8e?s=500&d=mm&r=g","type":"","width":"","height":""}],"twitter_card":"summary_large_image","schema":{"@context":"https:\/\/schema.org","@graph":[{"@type":"ProfilePage","@id":"https:\/\/www.dakarmania.cz\/index.php\/author\/mblazek\/","url":"https:\/\/www.dakarmania.cz\/index.php\/author\/mblazek\/","name":"Martin Bla\u017eek, Author at DAKARMANIA.cz","isPartOf":{"@id":"https:\/\/www.dakarmania.cz\/#website"},"breadcrumb":{"@id":"https:\/\/www.dakarmania.cz\/index.php\/author\/mblazek\/#breadcrumb"},"inLanguage":"cs","potentialAction":[{"@type":"ReadAction","target":["https:\/\/www.dakarmania.cz\/index.php\/author\/mblazek\/"]}]},{"@type":"BreadcrumbList","@id":"https:\/\/www.dakarmania.cz\/index.php\/author\/mblazek\/#breadcrumb","itemListElement":[{"@type":"ListItem","position":1,"name":"Dom\u016f","item":"https:\/\/www.dakarmania.cz\/"},{"@type":"ListItem","position":2,"name":"Archivy pro Martin Bla\u017eek"}]},{"@type":"WebSite","@id":"https:\/\/www.dakarmania.cz\/#website","url":"https:\/\/www.dakarmania.cz\/","name":"DAKARMANIA.cz","description":"\u017dijeme Dakarem cel\u00fd rok","publisher":{"@id":"https:\/\/www.dakarmania.cz\/#organization"},"potentialAction":[{"@type":"SearchAction","target":{"@type":"EntryPoint","urlTemplate":"https:\/\/www.dakarmania.cz\/?s={search_term_string}"},"query-input":{"@type":"PropertyValueSpecification","valueRequired":true,"valueName":"search_term_string"}}],"inLanguage":"cs"},{"@type":"Organization","@id":"https:\/\/www.dakarmania.cz\/#organization","name":"DAKAR MANIA","url":"https:\/\/www.dakarmania.cz\/","logo":{"@type":"ImageObject","inLanguage":"cs","@id":"https:\/\/www.dakarmania.cz\/#\/schema\/logo\/image\/","url":"https:\/\/www.dakarmania.cz\/wp-content\/uploads\/2018\/12\/Dakar-Mania-Logo-Square-Orange.png","contentUrl":"https:\/\/www.dakarmania.cz\/wp-content\/uploads\/2018\/12\/Dakar-Mania-Logo-Square-Orange.png","width":992,"height":992,"caption":"DAKAR MANIA"},"image":{"@id":"https:\/\/www.dakarmania.cz\/#\/schema\/logo\/image\/"},"sameAs":["https:\/\/www.facebook.com\/dakarmania\/"]},{"@type":"Person","@id":"https:\/\/www.dakarmania.cz\/#\/schema\/person\/390fc5c33caa9446f6bb0e31e14ddc67","name":"Martin Bla\u017eek","image":{"@type":"ImageObject","inLanguage":"cs","@id":"https:\/\/www.dakarmania.cz\/#\/schema\/person\/image\/","url":"https:\/\/secure.gravatar.com\/avatar\/b29a76006271cd6279c5abed26d87ed499e6e05513b8a216432867e71241706c?s=96&d=mm&r=g","contentUrl":"https:\/\/secure.gravatar.com\/avatar\/b29a76006271cd6279c5abed26d87ed499e6e05513b8a216432867e71241706c?s=96&d=mm&r=g","caption":"Martin Bla\u017eek"},"description":"Ve 14 letech jsem za\u010dal fotit r\u016fzn\u011b p\u0159\u00edrodu. Po dvou letech m\u011b napadlo za\u017e\u00e1dat o akreditaci na Dakar setk\u00e1n\u00ed 2017 v Sosnov\u00e9. Vy\u0161lo to! No a od t\u00e9 doby fot\u00edm v\u00edce a v\u00edce akc\u00ed spojen\u00e9 s motorsportem. Fotky jsem p\u0159id\u00e1val jen na svoji str\u00e1nku na Facebooku, tak pro\u010d nespolupracovat na projektu DAKAR MANIA.","sameAs":["www.facebook.com\/foto.MBlazek","http:\/\/www.instagram.com\/foto.mblazek"],"mainEntityOfPage":{"@id":"https:\/\/www.dakarmania.cz\/index.php\/author\/mblazek\/"}}]}},"amp_review_panel_dismissed_for_template_mode":"","amp_dev_tools_enabled":false,"_links":{"self":[{"href":"https:\/\/www.dakarmania.cz\/index.php\/wp-json\/wp\/v2\/users\/5","targetHints":{"allow":["GET"]}}],"collection":[{"href":"https:\/\/www.dakarmania.cz\/index.php\/wp-json\/wp\/v2\/users"}]}}